{"id":11812,"date":"2018-08-10T14:28:02","date_gmt":"2018-08-10T17:28:02","guid":{"rendered":"https:\/\/blogs.correiobraziliense.com.br\/aricunha\/?p=11812"},"modified":"2018-08-10T14:28:02","modified_gmt":"2018-08-10T17:28:02","slug":"luos-necessita-da-aprovacao-tacita-de-todos-os-brasilienses","status":"publish","type":"post","link":"https:\/\/blogs.correiobraziliense.com.br\/aricunha\/luos-necessita-da-aprovacao-tacita-de-todos-os-brasilienses\/","title":{"rendered":"LUOS necessita da aprova\u00e7\u00e3o t\u00e1cita de todos os brasilienses"},"content":{"rendered":"<p style=\"text-align: justify\">ARI CUNHA<\/p>\n<p style=\"text-align: justify\">Visto, lido e ouvido<\/p>\n<p style=\"text-align: justify\">Desde 1960<\/p>\n<p style=\"text-align: justify\">com Circe Cunha e Mamfil;<\/p>\n<p style=\"text-align: justify\">colunadoaricunha@gmail.com;<\/p>\n<figure id=\"attachment_11814\" aria-describedby=\"caption-attachment-11814\" style=\"width: 611px\" class=\"wp-caption aligncenter\"><img loading=\"lazy\" decoding=\"async\" class=\" wp-image-11814\" src=\"https:\/\/blogs.correiobraziliense.com.br\/aricunha\/wp-content\/uploads\/sites\/13\/2018\/08\/luos.jpg\" alt=\"Imagem: lagosul.com.br\" width=\"611\" height=\"375\" srcset=\"https:\/\/blogs.correiobraziliense.com.br\/aricunha\/wp-content\/uploads\/sites\/13\/2018\/08\/luos.jpg 600w, https:\/\/blogs.correiobraziliense.com.br\/aricunha\/wp-content\/uploads\/sites\/13\/2018\/08\/luos-300x184.jpg 300w, https:\/\/blogs.correiobraziliense.com.br\/aricunha\/wp-content\/uploads\/sites\/13\/2018\/08\/luos-350x215.jpg 350w, https:\/\/blogs.correiobraziliense.com.br\/aricunha\/wp-content\/uploads\/sites\/13\/2018\/08\/luos-550x337.jpg 550w, https:\/\/blogs.correiobraziliense.com.br\/aricunha\/wp-content\/uploads\/sites\/13\/2018\/08\/luos-230x141.jpg 230w\" sizes=\"auto, (max-width: 611px) 100vw, 611px\" \/><figcaption id=\"caption-attachment-11814\" class=\"wp-caption-text\">Imagem: lagosul.com.br<\/figcaption><\/figure>\n<p style=\"text-align: justify\">\u00a0 \u00a0 \u00a0 \u00a0Todo o cuidado \u00e9 pouco com a vota\u00e7\u00e3o da Lei de Uso e Ocupa\u00e7\u00e3o do Solo (LUOS) que agora retorna para uma aprecia\u00e7\u00e3o de afogadilho na C\u00e2mara Legislativa. Interesses espec\u00edficos de pol\u00edticos e empres\u00e1rios na aprova\u00e7\u00e3o dessa Lei, h\u00e1 pouco menos de dois meses para as elei\u00e7\u00f5es, inspiram cuidados, e principalmente, em meio ao andamento das investiga\u00e7\u00f5es do Minist\u00e9rio P\u00fablico e da Pol\u00edcia Civil na \u201cOpera\u00e7\u00e3o 12:26\u201d.<\/p>\n<p style=\"text-align: justify\">\u00a0\u00a0\u00a0\u00a0\u00a0\u00a0\u00a0\u00a0 Leis com essa abrang\u00eancia, capazes de modificar e deturpar o desenho urbano da capital e das \u00e1reas adjacentes, n\u00e3o podem, de modo algum, ficar ao arb\u00edtrio de press\u00f5es de qualquer tipo, muito menos de pol\u00edticos astutos e de empres\u00e1rios gananciosos, que n\u00e3o medem esfor\u00e7os para expandir seus neg\u00f3cios, sob o falso pretexto de engessamento da cidade. Nesse sentido, n\u00e3o causa nenhuma estranheza que, \u00e0 frente desse movimento pela aprova\u00e7\u00e3o ligeira da LUOS, esteja a presidente da Comiss\u00e3o de Assuntos Fundi\u00e1rios da C\u00e2mara Legislativa (CAF), tornada r\u00e9 junto ao Minist\u00e9rio P\u00fablico no \u00e2mbito da Opera\u00e7\u00e3o Trick, deflagrada em abril de 2015, que investiga os crimes de falsifica\u00e7\u00e3o de documentos e fraudes em institui\u00e7\u00f5es banc\u00e1rias. Al\u00e9m desse processo a presidente do CAF, responde tamb\u00e9m, na primeira inst\u00e2ncia, a crimes de grilagem de terras e corrup\u00e7\u00e3o. H\u00e1 muito tempo essa coluna vem alertando para as suspeit\u00edssimas rela\u00e7\u00f5es envolvendo membros da C\u00e2mara Legislativa e conhecidos empres\u00e1rios, muitos deles tamb\u00e9m respondendo inqu\u00e9ritos policiais e sempre de olho grande nas proje\u00e7\u00f5es e outras \u00e1reas espalhadas pela cidade e pelo entorno.<\/p>\n<p style=\"text-align: justify\">\u00a0\u00a0\u00a0\u00a0\u00a0\u00a0\u00a0\u00a0 H\u00e1 dois meses das elei\u00e7\u00f5es, \u00e9poca em que comumente os pol\u00edticos buscam patroc\u00ednio e todo o tipo de apoio para suas campanhas, aumentam muito os movimentos de aproxima\u00e7\u00e3o entre pol\u00edticos e empres\u00e1rios, cada um com sua respectiva moeda de troca. Movimentos dessa natureza, por sua repeti\u00e7\u00e3o, j\u00e1 se transformaram em algo comum ou mesmo numa tradi\u00e7\u00e3o corrente. Ocorre que esse tipo de associa\u00e7\u00e3o \u00e9 sempre feito contra os interesses soberanos da popula\u00e7\u00e3o, que s\u00f3 toma conhecimento dos resultados dessa uni\u00e3o quando ela \u00e9 levada \u00e0s barras do tribunal ou quando a imprensa publica.<\/p>\n<p style=\"text-align: justify\">\u00a0 \u00a0 \u00a0 \u00a0A import\u00e2ncia do LUOS para o futuro da cidade e dos seus cidad\u00e3os n\u00e3o pode, pois, ser deixada ao alvitre de meia d\u00fazia de personagens, principalmente quando eles se tornam suspeitos de estarem confeccionando um projeto que vai atender objetivamente aos seus interesses particulares. O uso pol\u00edtico de projetos dessa magnitude, por si s\u00f3, j\u00e1 induz e torna necess\u00e1rio sua imediata paralisa\u00e7\u00e3o at\u00e9 que sejam esgotadas, exaustivamente, todas as discuss\u00f5es em torno dessa proposta e at\u00e9 que sejam pesadas e medidas, com rigor, todas as consequ\u00eancias que poder\u00e3o advir para as pr\u00f3ximas gera\u00e7\u00f5es de brasilienses, mantendo a capital como eterno patrim\u00f4nio cultural da humanidade, com suas \u00e1reas verdes e espa\u00e7os abertos, conforme proposta revolucion\u00e1ria e sempre atual de seu idealizador.<\/p>\n<p style=\"text-align: justify\"><strong>A frase que foi pronunciada:<\/strong><\/p>\n<p style=\"text-align: justify\"><em>\u201cArquitetura \u00e9 antes de mais nada constru\u00e7\u00e3o, mas constru\u00e7\u00e3o concebida com o prop\u00f3sito primordial de ordenar e organizar o espa\u00e7o para determinada finalidade e visando a determinada inten\u00e7\u00e3o.\u201d<\/em><\/p>\n<p style=\"text-align: justify\">L\u00facio Costa<\/p>\n<figure id=\"attachment_11815\" aria-describedby=\"caption-attachment-11815\" style=\"width: 575px\" class=\"wp-caption aligncenter\"><img loading=\"lazy\" decoding=\"async\" class=\"wp-image-11815\" src=\"https:\/\/blogs.correiobraziliense.com.br\/aricunha\/wp-content\/uploads\/sites\/13\/2018\/08\/LucioOscar.jpg\" alt=\"\" width=\"575\" height=\"439\" srcset=\"https:\/\/blogs.correiobraziliense.com.br\/aricunha\/wp-content\/uploads\/sites\/13\/2018\/08\/LucioOscar.jpg 400w, https:\/\/blogs.correiobraziliense.com.br\/aricunha\/wp-content\/uploads\/sites\/13\/2018\/08\/LucioOscar-300x229.jpg 300w, https:\/\/blogs.correiobraziliense.com.br\/aricunha\/wp-content\/uploads\/sites\/13\/2018\/08\/LucioOscar-350x267.jpg 350w, https:\/\/blogs.correiobraziliense.com.br\/aricunha\/wp-content\/uploads\/sites\/13\/2018\/08\/LucioOscar-230x175.jpg 230w\" sizes=\"auto, (max-width: 575px) 100vw, 575px\" \/><figcaption id=\"caption-attachment-11815\" class=\"wp-caption-text\">Sob a batuta de L\u00facio Costa, Oscar se diverte grafite e aquarela, 29x21cm, 2010. (evblogaleria.blogspot.com)<\/figcaption><\/figure>\n<p style=\"text-align: justify\"><strong>Urnas<\/strong><\/p>\n<p style=\"text-align: justify\">Gra\u00e7as \u00e0s execu\u00e7\u00f5es fiscais aplicadas por ju\u00edzes, a Justi\u00e7a eleitoral teria a chance de promover uma democracia palp\u00e1vel nessas elei\u00e7\u00f5es, adaptando as urnas ao voto impresso.<\/p>\n<figure id=\"attachment_11817\" aria-describedby=\"caption-attachment-11817\" style=\"width: 571px\" class=\"wp-caption aligncenter\"><img loading=\"lazy\" decoding=\"async\" class=\" wp-image-11817\" src=\"https:\/\/blogs.correiobraziliense.com.br\/aricunha\/wp-content\/uploads\/sites\/13\/2018\/08\/charge-bello.jpg\" alt=\"Charge do Bello\" width=\"571\" height=\"368\" srcset=\"https:\/\/blogs.correiobraziliense.com.br\/aricunha\/wp-content\/uploads\/sites\/13\/2018\/08\/charge-bello.jpg 400w, https:\/\/blogs.correiobraziliense.com.br\/aricunha\/wp-content\/uploads\/sites\/13\/2018\/08\/charge-bello-300x194.jpg 300w, https:\/\/blogs.correiobraziliense.com.br\/aricunha\/wp-content\/uploads\/sites\/13\/2018\/08\/charge-bello-350x226.jpg 350w, https:\/\/blogs.correiobraziliense.com.br\/aricunha\/wp-content\/uploads\/sites\/13\/2018\/08\/charge-bello-230x148.jpg 230w\" sizes=\"auto, (max-width: 571px) 100vw, 571px\" \/><figcaption id=\"caption-attachment-11817\" class=\"wp-caption-text\">Charge do Bello<\/figcaption><\/figure>\n<p style=\"text-align: justify\"><strong>TRE<\/strong><\/p>\n<p style=\"text-align: justify\">Por falar em elei\u00e7\u00e3o, no site do TRE-DF, h\u00e1 um pedido aos mes\u00e1rios para que fiquem atentos \u00e0 correspond\u00eancia porque o processo de convoca\u00e7\u00e3o para as elei\u00e7\u00f5es de 2018 j\u00e1 foi iniciado. Houve erros na confec\u00e7\u00e3o dos documentos enviados pelos Correios. Para quem for receber a convoca\u00e7\u00e3o por e-mail, o TER-DF pede que sempre olhe a caixa de spam. Mais de 31 mil eleitores est\u00e3o sendo intimados para trabalhar nas elei\u00e7\u00f5es. Desses, 78% s\u00e3o volunt\u00e1rios.<\/p>\n<figure id=\"attachment_11818\" aria-describedby=\"caption-attachment-11818\" style=\"width: 569px\" class=\"wp-caption aligncenter\"><img loading=\"lazy\" decoding=\"async\" class=\" wp-image-11818\" src=\"https:\/\/blogs.correiobraziliense.com.br\/aricunha\/wp-content\/uploads\/sites\/13\/2018\/08\/3238c370-1b9c-4625-b8e4-1810e944b9fb.jpeg\" alt=\"Imagem: tre-df.jus.br\" width=\"569\" height=\"290\" srcset=\"https:\/\/blogs.correiobraziliense.com.br\/aricunha\/wp-content\/uploads\/sites\/13\/2018\/08\/3238c370-1b9c-4625-b8e4-1810e944b9fb.jpeg 431w, https:\/\/blogs.correiobraziliense.com.br\/aricunha\/wp-content\/uploads\/sites\/13\/2018\/08\/3238c370-1b9c-4625-b8e4-1810e944b9fb-300x153.jpeg 300w, https:\/\/blogs.correiobraziliense.com.br\/aricunha\/wp-content\/uploads\/sites\/13\/2018\/08\/3238c370-1b9c-4625-b8e4-1810e944b9fb-350x179.jpeg 350w, https:\/\/blogs.correiobraziliense.com.br\/aricunha\/wp-content\/uploads\/sites\/13\/2018\/08\/3238c370-1b9c-4625-b8e4-1810e944b9fb-230x117.jpeg 230w\" sizes=\"auto, (max-width: 569px) 100vw, 569px\" \/><figcaption id=\"caption-attachment-11818\" class=\"wp-caption-text\">Imagem: tre-df.jus.br<\/figcaption><\/figure>\n<p style=\"text-align: justify\"><strong>Obedi\u00eancia \u00e0 lei<\/strong><\/p>\n<p style=\"text-align: justify\">A Coordena\u00e7\u00e3o do Movimento Cidad\u00e3o entregou \u00e0 Associa\u00e7\u00e3o Comunit\u00e1ria do Park Way uma missiva que vale a pena registrar. Em rela\u00e7\u00e3o \u00e0 ocupa\u00e7\u00e3o da \u00e1rea p\u00fablica, na quadra 14 do Park Way, a manifesta\u00e7\u00e3o de Maria Luiza Nogueira e Maristella Tokarski foi veementemente contra. \u201cA condescend\u00eancia na flexibiliza\u00e7\u00e3o da legisla\u00e7\u00e3o s\u00f3 traz desordem e anos \u00e0 popula\u00e7\u00e3o e, certamente, a conta chegar\u00e1 aos respons\u00e1veis\u201d, termina a correspond\u00eancia.<\/p>\n<p style=\"text-align: justify\"><strong>HIST\u00d3RIA DE BRAS\u00cdLIA<\/strong><\/p>\n<p style=\"text-align: justify\">Abandono, no Palace Hotel. A grama fronteira ao bar da piscina, para o lado da resid\u00eancia dos empregados, est\u00e1 coberta de mato e pap\u00e9is sujos. Desola\u00e7\u00e3o e falta de cuidado. <strong>(Publicado em 27.10.1961)<\/strong><\/p>\n","protected":false},"excerpt":{"rendered":"<p>ARI CUNHA Visto, lido e ouvido Desde 1960 com Circe Cunha e Mamfil; colunadoaricunha@gmail.com; \u00a0 \u00a0 \u00a0 \u00a0Todo o cuidado \u00e9 pouco com a vota\u00e7\u00e3o da Lei de Uso e Ocupa\u00e7\u00e3o do Solo (LUOS) que agora retorna para uma aprecia\u00e7\u00e3o de afogadilho na C\u00e2mara Legislativa. Interesses espec\u00edficos de pol\u00edticos e empres\u00e1rios na aprova\u00e7\u00e3o dessa Lei, h\u00e1 pouco menos de dois [&hellip;]<\/p>\n","protected":false},"author":34,"featured_media":11814,"comment_status":"open","ping_status":"open","sticky":false,"template":"","format":"standard","meta":{"footnotes":""},"categories":[23],"tags":[678,676,675,680,127,114,674,207,677,574,679,366,68,2,69,16],"class_list":["post-11812","post","type-post","status-publish","format-standard","has-post-thumbnail","hentry","category-integra","tag-brasiliapatrimonioculturaldahumanidade","tag-caf-cldf","tag-comissaodeassuntosfundiariosdacamaralegislativa","tag-coordenacaodemovimentocidadao-parkway","tag-eleicoes2018","tag-historiadebrasilia","tag-leideusoeocupacaodosolo","tag-luosdf","tag-operacao1226","tag-urnaeletronica","tag-voluntariostre-df","tag-votoimpresso","tag-aricunha","tag-brasilia","tag-circecunha","tag-mamfil"],"_links":{"self":[{"href":"https:\/\/blogs.correiobraziliense.com.br\/aricunha\/wp-json\/wp\/v2\/posts\/11812","targetHints":{"allow":["GET"]}}],"collection":[{"href":"https:\/\/blogs.correiobraziliense.com.br\/aricunha\/wp-json\/wp\/v2\/posts"}],"about":[{"href":"https:\/\/blogs.correiobraziliense.com.br\/aricunha\/wp-json\/wp\/v2\/types\/post"}],"author":[{"embeddable":true,"href":"https:\/\/blogs.correiobraziliense.com.br\/aricunha\/wp-json\/wp\/v2\/users\/34"}],"replies":[{"embeddable":true,"href":"https:\/\/blogs.correiobraziliense.com.br\/aricunha\/wp-json\/wp\/v2\/comments?post=11812"}],"version-history":[{"count":4,"href":"https:\/\/blogs.correiobraziliense.com.br\/aricunha\/wp-json\/wp\/v2\/posts\/11812\/revisions"}],"predecessor-version":[{"id":11820,"href":"https:\/\/blogs.correiobraziliense.com.br\/aricunha\/wp-json\/wp\/v2\/posts\/11812\/revisions\/11820"}],"wp:featuredmedia":[{"embeddable":true,"href":"https:\/\/blogs.correiobraziliense.com.br\/aricunha\/wp-json\/wp\/v2\/media\/11814"}],"wp:attachment":[{"href":"https:\/\/blogs.correiobraziliense.com.br\/aricunha\/wp-json\/wp\/v2\/media?parent=11812"}],"wp:term":[{"taxonomy":"category","embeddable":true,"href":"https:\/\/blogs.correiobraziliense.com.br\/aricunha\/wp-json\/wp\/v2\/categories?post=11812"},{"taxonomy":"post_tag","embeddable":true,"href":"https:\/\/blogs.correiobraziliense.com.br\/aricunha\/wp-json\/wp\/v2\/tags?post=11812"}],"curies":[{"name":"wp","href":"https:\/\/api.w.org\/{rel}","templated":true}]}}