{"id":11653,"date":"2018-07-30T12:44:18","date_gmt":"2018-07-30T15:44:18","guid":{"rendered":"https:\/\/blogs.correiobraziliense.com.br\/aricunha\/?p=11653"},"modified":"2018-07-30T12:44:18","modified_gmt":"2018-07-30T15:44:18","slug":"candidato-ao-gdf-de-brasilia-para-brasilia","status":"publish","type":"post","link":"https:\/\/blogs.correiobraziliense.com.br\/aricunha\/candidato-ao-gdf-de-brasilia-para-brasilia\/","title":{"rendered":"Candidato ao GDF: De Bras\u00edlia para Bras\u00edlia."},"content":{"rendered":"<p>ARI CUNHA<\/p>\n<p>Visto, lido e ouvido<\/p>\n<p>Desde 1960<\/p>\n<p>com Circe Cunha e Mamfil;<\/p>\n<p>colunadoaricunha@gmail.com;<\/p>\n<p><iframe loading=\"lazy\" title=\"Falando umas verdades sobre o DF\" width=\"1440\" height=\"810\" src=\"https:\/\/www.youtube.com\/embed\/_pdA2iLZIqQ?feature=oembed\" frameborder=\"0\" allow=\"accelerometer; autoplay; clipboard-write; encrypted-media; gyroscope; picture-in-picture; web-share\" referrerpolicy=\"strict-origin-when-cross-origin\" allowfullscreen><\/iframe><\/p>\n<p style=\"text-align: justify\">\u00a0 \u00a0 \u00a0 O Partido NOVO \u00e9 contra&#8230; e, por isso, n\u00e3o usa o Fundo Partid\u00e1rio.\u00a0 \u00c9 contra&#8230; e, por isso, n\u00e3o usa o Fundo eleitoral! A verba para nossa campanha \u00e9 muito pouca (&#8230;como deveria ser para todos!). \u00c9 um absurdo que os partidos recebam quase 2 bilh\u00f5es de reais para promoverem-se!!! O NOVO usa apenas recursos pr\u00f3prios, dos filiados e dos simpatizantes&#8230; Ent\u00e3o&#8230; contamos apenas com a colabora\u00e7\u00e3o das pessoas que realmente acreditam que esse movimento \u00e9 um movimento do BEM. \u00c9 uma semente para florescer &#8220;A&#8221; transforma\u00e7\u00e3o!<\/p>\n<p style=\"text-align: justify\">\u00a0 \u00a0 \u00a0 \u00a0 A transforma\u00e7\u00e3o na FORMA DE FAZER POLITICA!<\/p>\n<p style=\"text-align: justify\">\u00a0 \u00a0 \u00a0 \u00a0 Os vereadores eleitos do NOVO j\u00e1 est\u00e3o fazendo diferen\u00e7a. J\u00e1 reduziram os gastos dos pr\u00f3prios gabinetes e est\u00e3o apresentando propostas para o fim de privil\u00e9gios e para a redu\u00e7\u00e3o dos gastos p\u00fablicos desnecess\u00e1rios.<\/p>\n<p style=\"text-align: justify\">\u00a0 Conhe\u00e7am mais as propostas do NOVO, entrando no Facebook de Alexandre Guerra, no site <a href=\"http:\/\/alexandreguerradf.com.br\">alexandreguerradf.com.br<\/a>, e no site do: <a href=\"http:\/\/novo.org.br\">novo.org.br<\/a>.<\/p>\n<p style=\"text-align: justify;padding-left: 210px\"><img loading=\"lazy\" decoding=\"async\" class=\"wp-image-11655 alignleft\" src=\"https:\/\/blogs.correiobraziliense.com.br\/aricunha\/wp-content\/uploads\/sites\/13\/2018\/07\/Banner-Site-Final_0003_Mapa-1.jpg\" alt=\"\" width=\"221\" height=\"201\" srcset=\"https:\/\/blogs.correiobraziliense.com.br\/aricunha\/wp-content\/uploads\/sites\/13\/2018\/07\/Banner-Site-Final_0003_Mapa-1.jpg 726w, https:\/\/blogs.correiobraziliense.com.br\/aricunha\/wp-content\/uploads\/sites\/13\/2018\/07\/Banner-Site-Final_0003_Mapa-1-300x273.jpg 300w, https:\/\/blogs.correiobraziliense.com.br\/aricunha\/wp-content\/uploads\/sites\/13\/2018\/07\/Banner-Site-Final_0003_Mapa-1-350x318.jpg 350w, https:\/\/blogs.correiobraziliense.com.br\/aricunha\/wp-content\/uploads\/sites\/13\/2018\/07\/Banner-Site-Final_0003_Mapa-1-550x500.jpg 550w, https:\/\/blogs.correiobraziliense.com.br\/aricunha\/wp-content\/uploads\/sites\/13\/2018\/07\/Banner-Site-Final_0003_Mapa-1-230x209.jpg 230w\" sizes=\"auto, (max-width: 221px) 100vw, 221px\" \/><\/p>\n<p style=\"text-align: justify;padding-left: 150px\">\n<p style=\"text-align: justify;padding-left: 150px\"><em>* O Blog do Ari Cunha reserva, nas segundas-feiras, um espa\u00e7o para os pr\u00e9-candidatos que enviarem material de campanha para divulga\u00e7\u00e3o. O conte\u00fado \u00e9 de inteira responsabilidade dos pr\u00e9-candidatos. A equipe Ari Cunha apenas contribui com a sua publica\u00e7\u00e3o.<\/em><\/p>\n","protected":false},"excerpt":{"rendered":"<p>ARI CUNHA Visto, lido e ouvido Desde 1960 com Circe Cunha e Mamfil; colunadoaricunha@gmail.com; \u00a0 \u00a0 \u00a0 O Partido NOVO \u00e9 contra&#8230; e, por isso, n\u00e3o usa o Fundo Partid\u00e1rio.\u00a0 \u00c9 contra&#8230; e, por isso, n\u00e3o usa o Fundo eleitoral! A verba para nossa campanha \u00e9 muito pouca (&#8230;como deveria ser para todos!). \u00c9 um absurdo que os partidos recebam [&hellip;]<\/p>\n","protected":false},"author":34,"featured_media":11655,"comment_status":"open","ping_status":"open","sticky":false,"template":"","format":"standard","meta":{"footnotes":""},"categories":[23],"tags":[595,597,127,114,596,68,2,69,16],"class_list":["post-11653","post","type-post","status-publish","format-standard","has-post-thumbnail","hentry","category-integra","tag-alexandreguerra","tag-candidatosgdf","tag-eleicoes2018","tag-historiadebrasilia","tag-novo","tag-aricunha","tag-brasilia","tag-circecunha","tag-mamfil"],"_links":{"self":[{"href":"https:\/\/blogs.correiobraziliense.com.br\/aricunha\/wp-json\/wp\/v2\/posts\/11653","targetHints":{"allow":["GET"]}}],"collection":[{"href":"https:\/\/blogs.correiobraziliense.com.br\/aricunha\/wp-json\/wp\/v2\/posts"}],"about":[{"href":"https:\/\/blogs.correiobraziliense.com.br\/aricunha\/wp-json\/wp\/v2\/types\/post"}],"author":[{"embeddable":true,"href":"https:\/\/blogs.correiobraziliense.com.br\/aricunha\/wp-json\/wp\/v2\/users\/34"}],"replies":[{"embeddable":true,"href":"https:\/\/blogs.correiobraziliense.com.br\/aricunha\/wp-json\/wp\/v2\/comments?post=11653"}],"version-history":[{"count":3,"href":"https:\/\/blogs.correiobraziliense.com.br\/aricunha\/wp-json\/wp\/v2\/posts\/11653\/revisions"}],"predecessor-version":[{"id":11657,"href":"https:\/\/blogs.correiobraziliense.com.br\/aricunha\/wp-json\/wp\/v2\/posts\/11653\/revisions\/11657"}],"wp:featuredmedia":[{"embeddable":true,"href":"https:\/\/blogs.correiobraziliense.com.br\/aricunha\/wp-json\/wp\/v2\/media\/11655"}],"wp:attachment":[{"href":"https:\/\/blogs.correiobraziliense.com.br\/aricunha\/wp-json\/wp\/v2\/media?parent=11653"}],"wp:term":[{"taxonomy":"category","embeddable":true,"href":"https:\/\/blogs.correiobraziliense.com.br\/aricunha\/wp-json\/wp\/v2\/categories?post=11653"},{"taxonomy":"post_tag","embeddable":true,"href":"https:\/\/blogs.correiobraziliense.com.br\/aricunha\/wp-json\/wp\/v2\/tags?post=11653"}],"curies":[{"name":"wp","href":"https:\/\/api.w.org\/{rel}","templated":true}]}}