{"id":11613,"date":"2018-07-25T20:15:21","date_gmt":"2018-07-25T23:15:21","guid":{"rendered":"https:\/\/blogs.correiobraziliense.com.br\/aricunha\/?p=11613"},"modified":"2018-07-25T20:15:22","modified_gmt":"2018-07-25T23:15:22","slug":"sistema-carcerario-e-hoje-o-maior-problema-de-seguranca-publica-do-pais","status":"publish","type":"post","link":"https:\/\/blogs.correiobraziliense.com.br\/aricunha\/sistema-carcerario-e-hoje-o-maior-problema-de-seguranca-publica-do-pais\/","title":{"rendered":"Sistema carcer\u00e1rio \u00e9 hoje o maior problema de seguran\u00e7a p\u00fablica do pa\u00eds"},"content":{"rendered":"<p style=\"text-align: justify\">ARI CUNHA<\/p>\n<p style=\"text-align: justify\">Visto, lido e ouvido<\/p>\n<p style=\"text-align: justify\">Desde 1960<\/p>\n<p style=\"text-align: justify\">com Circe Cunha e Mamfil;<\/p>\n<p style=\"text-align: justify\">colunadoaricunha@gmail.com;<\/p>\n<figure id=\"attachment_11616\" aria-describedby=\"caption-attachment-11616\" style=\"width: 670px\" class=\"wp-caption aligncenter\"><img loading=\"lazy\" decoding=\"async\" class=\" wp-image-11616\" src=\"https:\/\/blogs.correiobraziliense.com.br\/aricunha\/wp-content\/uploads\/sites\/13\/2018\/07\/chargesite.jpg\" alt=\"Charge: NEF. (jornaldebrasilia.com.br)\" width=\"670\" height=\"457\" srcset=\"https:\/\/blogs.correiobraziliense.com.br\/aricunha\/wp-content\/uploads\/sites\/13\/2018\/07\/chargesite.jpg 736w, https:\/\/blogs.correiobraziliense.com.br\/aricunha\/wp-content\/uploads\/sites\/13\/2018\/07\/chargesite-300x205.jpg 300w, https:\/\/blogs.correiobraziliense.com.br\/aricunha\/wp-content\/uploads\/sites\/13\/2018\/07\/chargesite-350x239.jpg 350w, https:\/\/blogs.correiobraziliense.com.br\/aricunha\/wp-content\/uploads\/sites\/13\/2018\/07\/chargesite-550x375.jpg 550w, https:\/\/blogs.correiobraziliense.com.br\/aricunha\/wp-content\/uploads\/sites\/13\/2018\/07\/chargesite-230x157.jpg 230w\" sizes=\"auto, (max-width: 670px) 100vw, 670px\" \/><figcaption id=\"caption-attachment-11616\" class=\"wp-caption-text\">Charge: NEF. (jornaldebrasilia.com.br)<\/figcaption><\/figure>\n<p style=\"text-align: justify\">\u00a0\u00a0\u00a0\u00a0\u00a0\u00a0\u00a0\u00a0 \u201cDada a gravidade do problema, \u00e9 necess\u00e1rio que as institui\u00e7\u00f5es respons\u00e1veis pela execu\u00e7\u00e3o penal trabalhem em conjunto e encontrem solu\u00e7\u00f5es j\u00e1 a curto prazo, pois n\u00e3o h\u00e1 mais tempo para esperar por respostas de m\u00e9dio e longo prazo.\u201d A afirma\u00e7\u00e3o foi feita pela procuradora-geral da Rep\u00fablica, Raquel Dodge, durante a realiza\u00e7\u00e3o do Semin\u00e1rio Internacional de Execu\u00e7\u00e3o Penal, ocorrido recentemente.<\/p>\n<p style=\"text-align: justify\">\u00a0 \u00a0 \u00a0 \u00a0 \u00a0 A avalia\u00e7\u00e3o est\u00e1 longe de ser alarmista, visto que o pa\u00eds hoje possui a terceira maior popula\u00e7\u00e3o carcer\u00e1ria do planeta, podendo chegar, j\u00e1 ao final desse ano, com 841,8 mil detentos, sendo que, em 2019, ir\u00e1 atingir a cifra de 1,47 milh\u00e3o de encarcerados, ficando atr\u00e1s apenas da China e dos Estados Unidos.<\/p>\n<p style=\"text-align: justify\">\u00a0\u00a0\u00a0\u00a0\u00a0\u00a0\u00a0\u00a0 Em nosso caso, a situa\u00e7\u00e3o \u00e9 ainda pior, j\u00e1 que s\u00e3o aproximadamente 600 mil mandados de pris\u00e3o ainda n\u00e3o cumpridos. Especialistas nesse assunto s\u00e3o un\u00e2nimes em reconhecer que hoje essa massa carcer\u00e1ria j\u00e1 n\u00e3o \u00e9 mais sustent\u00e1vel, quer por problemas or\u00e7ament\u00e1rios, quer por quest\u00f5es f\u00edsicas, administrativas ou mesmo de controle, o que transforma essa quest\u00e3o no principal problema de seguran\u00e7a p\u00fablica do pa\u00eds.<\/p>\n<p style=\"text-align: justify\">\u00a0 \u00a0 \u00a0 \u00a0 \u00a0\u201cSe n\u00e3o enfrentarmos esse problema, diz o ministro extraordin\u00e1rio da Seguran\u00e7a P\u00fablica, Raul Jungmann, o Brasil caminha para se tornar, literalmente, prisioneiro e ref\u00e9m do seu pr\u00f3prio sistema prisional.\u201d Se em \u00e2mbito nacional a situa\u00e7\u00e3o \u00e9 de calamidade, o mesmo ocorre com o sistema prisional aqui no Distrito Federal.<\/p>\n<p style=\"text-align: justify\">\u00a0 \u00a0 \u00a0 \u00a0Com quase 16 mil pessoas cumprindo pena em regime fechado atualmente, dados t\u00eam mostrado que essa popula\u00e7\u00e3o dobra de tamanho a cada d\u00e9cada, complicando uma situa\u00e7\u00e3o que j\u00e1 \u00e9 grave em si. Para tornar essa quest\u00e3o ainda mais perigosa, o governo local admite n\u00e3o possuir estudos e planejamento para os pr\u00f3ximos anos, o que poder\u00e1 levar o sistema ao colapso total.<\/p>\n<p style=\"text-align: justify\">\u00a0 \u00a0 \u00a0 \u00a0 Sem estudos, admitem aqueles que entendem do problema, n\u00e3o se pode fazer pol\u00edticas p\u00fablicas adequadas. Especialistas em Direito Penal concordam que a situa\u00e7\u00e3o que levou a superpopula\u00e7\u00e3o prisional decorre basicamente do fato de as autoridades n\u00e3o tomarem como priorit\u00e1ria a gest\u00e3o prisional, adotando tamb\u00e9m uma cultura que chamam de punitiva, na qual o simples encarceramento \u00e9 a op\u00e7\u00e3o mais r\u00e1pida e eficaz de condena\u00e7\u00e3o.<\/p>\n<p style=\"text-align: justify\">\u00a0 \u00a0 \u00a0 \u00a0 \u00a0Outro aspecto levantado pelos especialistas \u00e9 quanto a atua\u00e7\u00e3o das pol\u00edcias que investem pouco em a\u00e7\u00f5es de preven\u00e7\u00e3o e de intelig\u00eancia, o que, por sua vez, \u00e9 agravado pelo corte de investimentos no setor.<\/p>\n<p style=\"text-align: justify\">\u00a0 \u00a0 \u00a0 \u00a0 \u00a0 \u00a0Para se ter uma ideia, a cada 24 horas, em m\u00e9dia, aproximadamente 30 pessoas s\u00e3o presas no Distrito Federal. Se todas essas pessoas permanecerem encarceradas, ao final de um m\u00eas ser\u00e3o cerca de 900 novos presos ou o dobro do que comporta hoje um pavilh\u00e3o do Pres\u00eddio da Papuda.<\/p>\n<p style=\"text-align: justify\"><strong>A frase que foi pronunciada:<\/strong><\/p>\n<p style=\"text-align: justify\"><em>\u201cAchei que me convinha mais, correr perigo com o que era justo, que, por medo da morte e do c\u00e1rcere, concordar com o injusto.\u201d<\/em><\/p>\n<p style=\"text-align: justify\">S\u00f3crates<\/p>\n<figure id=\"attachment_11617\" aria-describedby=\"caption-attachment-11617\" style=\"width: 590px\" class=\"wp-caption aligncenter\"><img loading=\"lazy\" decoding=\"async\" class=\" wp-image-11617\" src=\"https:\/\/blogs.correiobraziliense.com.br\/aricunha\/wp-content\/uploads\/sites\/13\/2018\/07\/Charge2015-deficiencias_sistema_prisional.jpg\" alt=\"Charge: Ivan Cabral\" width=\"590\" height=\"443\" srcset=\"https:\/\/blogs.correiobraziliense.com.br\/aricunha\/wp-content\/uploads\/sites\/13\/2018\/07\/Charge2015-deficiencias_sistema_prisional.jpg 480w, https:\/\/blogs.correiobraziliense.com.br\/aricunha\/wp-content\/uploads\/sites\/13\/2018\/07\/Charge2015-deficiencias_sistema_prisional-300x225.jpg 300w, https:\/\/blogs.correiobraziliense.com.br\/aricunha\/wp-content\/uploads\/sites\/13\/2018\/07\/Charge2015-deficiencias_sistema_prisional-350x263.jpg 350w, https:\/\/blogs.correiobraziliense.com.br\/aricunha\/wp-content\/uploads\/sites\/13\/2018\/07\/Charge2015-deficiencias_sistema_prisional-230x173.jpg 230w\" sizes=\"auto, (max-width: 590px) 100vw, 590px\" \/><figcaption id=\"caption-attachment-11617\" class=\"wp-caption-text\">Charge: Ivan Cabral<\/figcaption><\/figure>\n<p style=\"text-align: justify\"><strong>Mais respeito<\/strong><\/p>\n<p style=\"text-align: justify\">Pessoas que visitam o Congresso saem muito bem impressionadas. A experi\u00eancia de conhecer institui\u00e7\u00f5es p\u00fablicas \u00e9 uma forma de o cidad\u00e3o valorizar o que tamb\u00e9m \u00e9 dele. Na C\u00e2mara e Senado, h\u00e1 recep\u00e7\u00e3o para portadores de necessidades especiais, turistas estrangeiros e grupos de diversas origens. Basta acessar a p\u00e1gina do Senado ou C\u00e2mara e agendar a visita guiada.<\/p>\n<figure id=\"attachment_11623\" aria-describedby=\"caption-attachment-11623\" style=\"width: 589px\" class=\"wp-caption aligncenter\"><img loading=\"lazy\" decoding=\"async\" class=\" wp-image-11623\" src=\"https:\/\/blogs.correiobraziliense.com.br\/aricunha\/wp-content\/uploads\/sites\/13\/2018\/07\/image_large.jpg\" alt=\"Link: www2.congressonacional.leg.br\/visite\" width=\"589\" height=\"391\" srcset=\"https:\/\/blogs.correiobraziliense.com.br\/aricunha\/wp-content\/uploads\/sites\/13\/2018\/07\/image_large.jpg 570w, https:\/\/blogs.correiobraziliense.com.br\/aricunha\/wp-content\/uploads\/sites\/13\/2018\/07\/image_large-300x199.jpg 300w, https:\/\/blogs.correiobraziliense.com.br\/aricunha\/wp-content\/uploads\/sites\/13\/2018\/07\/image_large-350x233.jpg 350w, https:\/\/blogs.correiobraziliense.com.br\/aricunha\/wp-content\/uploads\/sites\/13\/2018\/07\/image_large-550x366.jpg 550w, https:\/\/blogs.correiobraziliense.com.br\/aricunha\/wp-content\/uploads\/sites\/13\/2018\/07\/image_large-230x153.jpg 230w\" sizes=\"auto, (max-width: 589px) 100vw, 589px\" \/><figcaption id=\"caption-attachment-11623\" class=\"wp-caption-text\">Link: <a href=\"http:\/\/www2.congressonacional.leg.br\/visite\">www2.congressonacional.leg.br\/visite<\/a><\/figcaption><\/figure>\n<p style=\"text-align: justify\"><strong>Urnas<\/strong><\/p>\n<p style=\"text-align: justify\">Os n\u00fameros n\u00e3o escondem a verdade sobre a cota para mulheres nas elei\u00e7\u00f5es passadas. 14.417 candidatas n\u00e3o receberam um voto sequer. Em contrapartida, 1.714 homens tamb\u00e9m n\u00e3o. Al\u00e9m da cota, outro problema com os sem votos. V\u00e1rios deles postaram protestos dizendo que pelo menos o voto dele pr\u00f3prio deveria ter sido registrado. O protesto ficou por isso mesmo.<\/p>\n<p style=\"text-align: justify\"><strong>Novidade<\/strong><\/p>\n<p style=\"text-align: justify\">Aprendam esse nome: Saeed Rahiminejad. Trata-se de um designer industrial, de 26 anos, que mora em Teer\u00e3. O rapaz trouxe a solu\u00e7\u00e3o para o fim de lou\u00e7as na pia. Criou o aparelho que transforma alimentos em pratos, talheres e copos comest\u00edveis. O equipamento se chama Bake.A.Dish (asse a lou\u00e7a). A ideia revolucion\u00e1ria agradou fam\u00edlias e certamente ter\u00e1 impacto positivo no meio ambiente. Um prato descart\u00e1vel que levaria 500 anos para desaparecer, come\u00e7a a dar lugar ao prato comest\u00edvel que, se for descartado, desaparece em, no m\u00e1ximo, 30 dias. D\u00ea uma espiada nas imagens no blog do Ari Cunha.<\/p>\n<figure id=\"attachment_11620\" aria-describedby=\"caption-attachment-11620\" style=\"width: 590px\" class=\"wp-caption aligncenter\"><img loading=\"lazy\" decoding=\"async\" class=\"size-full wp-image-11620\" src=\"https:\/\/blogs.correiobraziliense.com.br\/aricunha\/wp-content\/uploads\/sites\/13\/2018\/07\/size_590_bake-a-dish-1.jpg\" alt=\"Foto: queminova.catracalivre.com.br\" width=\"590\" height=\"442\" srcset=\"https:\/\/blogs.correiobraziliense.com.br\/aricunha\/wp-content\/uploads\/sites\/13\/2018\/07\/size_590_bake-a-dish-1.jpg 590w, https:\/\/blogs.correiobraziliense.com.br\/aricunha\/wp-content\/uploads\/sites\/13\/2018\/07\/size_590_bake-a-dish-1-300x225.jpg 300w, https:\/\/blogs.correiobraziliense.com.br\/aricunha\/wp-content\/uploads\/sites\/13\/2018\/07\/size_590_bake-a-dish-1-350x262.jpg 350w, https:\/\/blogs.correiobraziliense.com.br\/aricunha\/wp-content\/uploads\/sites\/13\/2018\/07\/size_590_bake-a-dish-1-550x412.jpg 550w, https:\/\/blogs.correiobraziliense.com.br\/aricunha\/wp-content\/uploads\/sites\/13\/2018\/07\/size_590_bake-a-dish-1-230x172.jpg 230w\" sizes=\"auto, (max-width: 590px) 100vw, 590px\" \/><figcaption id=\"caption-attachment-11620\" class=\"wp-caption-text\">Fotos: Bake.A.Dish\/BNPS (queminova.catracalivre.com.br)<\/figcaption><\/figure>\n<p><img loading=\"lazy\" decoding=\"async\" class=\"wp-image-11619 aligncenter\" src=\"https:\/\/blogs.correiobraziliense.com.br\/aricunha\/wp-content\/uploads\/sites\/13\/2018\/07\/53fcac87376628.00541095.jpg\" alt=\"Foto: queminova.catracalivre.com.br\" width=\"590\" height=\"404\" srcset=\"https:\/\/blogs.correiobraziliense.com.br\/aricunha\/wp-content\/uploads\/sites\/13\/2018\/07\/53fcac87376628.00541095.jpg 634w, https:\/\/blogs.correiobraziliense.com.br\/aricunha\/wp-content\/uploads\/sites\/13\/2018\/07\/53fcac87376628.00541095-300x205.jpg 300w, https:\/\/blogs.correiobraziliense.com.br\/aricunha\/wp-content\/uploads\/sites\/13\/2018\/07\/53fcac87376628.00541095-350x240.jpg 350w, https:\/\/blogs.correiobraziliense.com.br\/aricunha\/wp-content\/uploads\/sites\/13\/2018\/07\/53fcac87376628.00541095-550x376.jpg 550w, https:\/\/blogs.correiobraziliense.com.br\/aricunha\/wp-content\/uploads\/sites\/13\/2018\/07\/53fcac87376628.00541095-230x157.jpg 230w\" sizes=\"auto, (max-width: 590px) 100vw, 590px\" \/><\/p>\n<p><img loading=\"lazy\" decoding=\"async\" class=\"wp-image-11618 aligncenter\" src=\"https:\/\/blogs.correiobraziliense.com.br\/aricunha\/wp-content\/uploads\/sites\/13\/2018\/07\/53fcac6be6fd55.22408701.jpg\" alt=\"Foto: queminova.catracalivre.com.br\" width=\"591\" height=\"279\" srcset=\"https:\/\/blogs.correiobraziliense.com.br\/aricunha\/wp-content\/uploads\/sites\/13\/2018\/07\/53fcac6be6fd55.22408701.jpg 634w, https:\/\/blogs.correiobraziliense.com.br\/aricunha\/wp-content\/uploads\/sites\/13\/2018\/07\/53fcac6be6fd55.22408701-300x141.jpg 300w, https:\/\/blogs.correiobraziliense.com.br\/aricunha\/wp-content\/uploads\/sites\/13\/2018\/07\/53fcac6be6fd55.22408701-350x165.jpg 350w, https:\/\/blogs.correiobraziliense.com.br\/aricunha\/wp-content\/uploads\/sites\/13\/2018\/07\/53fcac6be6fd55.22408701-550x259.jpg 550w, https:\/\/blogs.correiobraziliense.com.br\/aricunha\/wp-content\/uploads\/sites\/13\/2018\/07\/53fcac6be6fd55.22408701-230x108.jpg 230w\" sizes=\"auto, (max-width: 591px) 100vw, 591px\" \/><\/p>\n<p style=\"text-align: justify\"><strong>Boa ideia para BSB<\/strong><\/p>\n<p style=\"text-align: justify\">Izid\u00f3rio Campos \u00e9 o diretor do Programa Feira Verde, de Ponta Grossa, no Paran\u00e1. A prefeitura estimula que os moradores juntem 20kg de pneus ou materiais recicl\u00e1veis para trocar por frutas, legumes verduras, ovos e mel produzidos na regi\u00e3o. Assim, ganham as associa\u00e7\u00f5es que reciclam, a popula\u00e7\u00e3o que consome produtos saud\u00e1veis, o meio ambiente e a prefeitura, pela iniciativa.<\/p>\n<figure id=\"attachment_11621\" aria-describedby=\"caption-attachment-11621\" style=\"width: 595px\" class=\"wp-caption aligncenter\"><img loading=\"lazy\" decoding=\"async\" class=\" wp-image-11621\" src=\"https:\/\/blogs.correiobraziliense.com.br\/aricunha\/wp-content\/uploads\/sites\/13\/2018\/07\/no-parana-cidadaos-podem-trocar-reciclaveis-pneus-usados-frutas-verduras-legumes-frescos.jpg\" alt=\"Foto: thegreenestpost.com\" width=\"595\" height=\"387\" srcset=\"https:\/\/blogs.correiobraziliense.com.br\/aricunha\/wp-content\/uploads\/sites\/13\/2018\/07\/no-parana-cidadaos-podem-trocar-reciclaveis-pneus-usados-frutas-verduras-legumes-frescos.jpg 800w, https:\/\/blogs.correiobraziliense.com.br\/aricunha\/wp-content\/uploads\/sites\/13\/2018\/07\/no-parana-cidadaos-podem-trocar-reciclaveis-pneus-usados-frutas-verduras-legumes-frescos-300x195.jpg 300w, https:\/\/blogs.correiobraziliense.com.br\/aricunha\/wp-content\/uploads\/sites\/13\/2018\/07\/no-parana-cidadaos-podem-trocar-reciclaveis-pneus-usados-frutas-verduras-legumes-frescos-768x499.jpg 768w, https:\/\/blogs.correiobraziliense.com.br\/aricunha\/wp-content\/uploads\/sites\/13\/2018\/07\/no-parana-cidadaos-podem-trocar-reciclaveis-pneus-usados-frutas-verduras-legumes-frescos-350x228.jpg 350w, https:\/\/blogs.correiobraziliense.com.br\/aricunha\/wp-content\/uploads\/sites\/13\/2018\/07\/no-parana-cidadaos-podem-trocar-reciclaveis-pneus-usados-frutas-verduras-legumes-frescos-550x358.jpg 550w, https:\/\/blogs.correiobraziliense.com.br\/aricunha\/wp-content\/uploads\/sites\/13\/2018\/07\/no-parana-cidadaos-podem-trocar-reciclaveis-pneus-usados-frutas-verduras-legumes-frescos-230x150.jpg 230w\" sizes=\"auto, (max-width: 595px) 100vw, 595px\" \/><figcaption id=\"caption-attachment-11621\" class=\"wp-caption-text\">Foto: thegreenestpost.com<\/figcaption><\/figure>\n<p style=\"text-align: justify\"><strong>HIST\u00d3RIA DE BRAS\u00cdLIA<\/strong><\/p>\n<p style=\"text-align: justify\">Com rela\u00e7\u00e3o ao futebol, est\u00e1 acontecendo isto no Rio: as esta\u00e7\u00f5es de TV est\u00e3o gravando em v\u00eddeo tape os jogos, e s\u00f3 podem transmiti-los \u00e0 noite, depois do jogo. <strong>(Publicado em 26.10.1961)<\/strong><\/p>\n","protected":false},"excerpt":{"rendered":"<p>ARI CUNHA Visto, lido e ouvido Desde 1960 com Circe Cunha e Mamfil; colunadoaricunha@gmail.com; \u00a0\u00a0\u00a0\u00a0\u00a0\u00a0\u00a0\u00a0 \u201cDada a gravidade do problema, \u00e9 necess\u00e1rio que as institui\u00e7\u00f5es respons\u00e1veis pela execu\u00e7\u00e3o penal trabalhem em conjunto e encontrem solu\u00e7\u00f5es j\u00e1 a curto prazo, pois n\u00e3o h\u00e1 mais tempo para esperar por respostas de m\u00e9dio e longo prazo.\u201d A afirma\u00e7\u00e3o foi feita pela procuradora-geral da [&hellip;]<\/p>\n","protected":false},"author":34,"featured_media":11616,"comment_status":"open","ping_status":"open","sticky":false,"template":"","format":"standard","meta":{"footnotes":""},"categories":[23],"tags":[568,114,566,565,569,564,570,563,567,68,2,69,16],"class_list":["post-11613","post","type-post","status-publish","format-standard","has-post-thumbnail","hentry","category-integra","tag-candidatossemvoto","tag-historiadebrasilia","tag-lotacaonospresidios","tag-popupalcaocarcerarea","tag-pratosdescartaveis","tag-presidiosnobrasil","tag-programafeiraverdenoparana","tag-sistemacarcerariobrasileiro","tag-visitaguiadaaocongressonacional","tag-aricunha","tag-brasilia","tag-circecunha","tag-mamfil"],"_links":{"self":[{"href":"https:\/\/blogs.correiobraziliense.com.br\/aricunha\/wp-json\/wp\/v2\/posts\/11613","targetHints":{"allow":["GET"]}}],"collection":[{"href":"https:\/\/blogs.correiobraziliense.com.br\/aricunha\/wp-json\/wp\/v2\/posts"}],"about":[{"href":"https:\/\/blogs.correiobraziliense.com.br\/aricunha\/wp-json\/wp\/v2\/types\/post"}],"author":[{"embeddable":true,"href":"https:\/\/blogs.correiobraziliense.com.br\/aricunha\/wp-json\/wp\/v2\/users\/34"}],"replies":[{"embeddable":true,"href":"https:\/\/blogs.correiobraziliense.com.br\/aricunha\/wp-json\/wp\/v2\/comments?post=11613"}],"version-history":[{"count":4,"href":"https:\/\/blogs.correiobraziliense.com.br\/aricunha\/wp-json\/wp\/v2\/posts\/11613\/revisions"}],"predecessor-version":[{"id":11624,"href":"https:\/\/blogs.correiobraziliense.com.br\/aricunha\/wp-json\/wp\/v2\/posts\/11613\/revisions\/11624"}],"wp:featuredmedia":[{"embeddable":true,"href":"https:\/\/blogs.correiobraziliense.com.br\/aricunha\/wp-json\/wp\/v2\/media\/11616"}],"wp:attachment":[{"href":"https:\/\/blogs.correiobraziliense.com.br\/aricunha\/wp-json\/wp\/v2\/media?parent=11613"}],"wp:term":[{"taxonomy":"category","embeddable":true,"href":"https:\/\/blogs.correiobraziliense.com.br\/aricunha\/wp-json\/wp\/v2\/categories?post=11613"},{"taxonomy":"post_tag","embeddable":true,"href":"https:\/\/blogs.correiobraziliense.com.br\/aricunha\/wp-json\/wp\/v2\/tags?post=11613"}],"curies":[{"name":"wp","href":"https:\/\/api.w.org\/{rel}","templated":true}]}}