{"id":11557,"date":"2018-07-20T17:51:25","date_gmt":"2018-07-20T20:51:25","guid":{"rendered":"https:\/\/blogs.correiobraziliense.com.br\/aricunha\/?p=11557"},"modified":"2018-07-23T18:37:29","modified_gmt":"2018-07-23T21:37:29","slug":"quando-os-gatos-saem-os-ratos-fazem-festa","status":"publish","type":"post","link":"https:\/\/blogs.correiobraziliense.com.br\/aricunha\/quando-os-gatos-saem-os-ratos-fazem-festa\/","title":{"rendered":"Quando os gatos saem, os ratos fazem a festa."},"content":{"rendered":"<p style=\"text-align: justify\">ARI CUNHA<\/p>\n<p style=\"text-align: justify\">Visto, lido e ouvido<\/p>\n<p style=\"text-align: justify\">Desde 1960<\/p>\n<p style=\"text-align: justify\">com Circe Cunha e Mamfil;<\/p>\n<p style=\"text-align: justify\">colunadoaricunha@gmail.com;<\/p>\n<figure id=\"attachment_11572\" aria-describedby=\"caption-attachment-11572\" style=\"width: 647px\" class=\"wp-caption aligncenter\"><img loading=\"lazy\" decoding=\"async\" class=\" wp-image-11572\" src=\"https:\/\/blogs.correiobraziliense.com.br\/aricunha\/wp-content\/uploads\/sites\/13\/2018\/07\/20150506233024409374u.jpg\" alt=\"Foto: Show em protesto ao fechamento do Balaio Caf\u00e9 na 202 Norte (Daniel Ferreira\/CB\/D.A Press )\" width=\"647\" height=\"430\" srcset=\"https:\/\/blogs.correiobraziliense.com.br\/aricunha\/wp-content\/uploads\/sites\/13\/2018\/07\/20150506233024409374u.jpg 820w, https:\/\/blogs.correiobraziliense.com.br\/aricunha\/wp-content\/uploads\/sites\/13\/2018\/07\/20150506233024409374u-300x199.jpg 300w, https:\/\/blogs.correiobraziliense.com.br\/aricunha\/wp-content\/uploads\/sites\/13\/2018\/07\/20150506233024409374u-768x510.jpg 768w, https:\/\/blogs.correiobraziliense.com.br\/aricunha\/wp-content\/uploads\/sites\/13\/2018\/07\/20150506233024409374u-350x233.jpg 350w, https:\/\/blogs.correiobraziliense.com.br\/aricunha\/wp-content\/uploads\/sites\/13\/2018\/07\/20150506233024409374u-550x366.jpg 550w, https:\/\/blogs.correiobraziliense.com.br\/aricunha\/wp-content\/uploads\/sites\/13\/2018\/07\/20150506233024409374u-230x153.jpg 230w\" sizes=\"auto, (max-width: 647px) 100vw, 647px\" \/><figcaption id=\"caption-attachment-11572\" class=\"wp-caption-text\">Show em protesto ao fechamento do Balaio Caf\u00e9 na 202 Norte (Foto: Daniel Ferreira\/CB\/D.A Press)<\/figcaption><\/figure>\n<p style=\"text-align: justify\">\u00a0 \u00a0 \u00a0 \u00a0Nos per\u00edodos eleitorais, principalmente quando o modelo adotado permite o estatuto da reelei\u00e7\u00e3o do mandat\u00e1rio, \u00e9 comum verificar, durante o afastamento antecipado do chefe do Executivo e de sua equipe para se submeter ao longo processo de campanha, que o governo, como um todo, adentre numa esp\u00e9cie de v\u00e1cuo, deixando uma sensa\u00e7\u00e3o geral na popula\u00e7\u00e3o de apag\u00e3o, onde nada mais passa a acontecer.<\/p>\n<p style=\"text-align: justify\">\u00a0 \u00a0 \u00a0 \u00a0 \u00a0 \u00c9 justamente nesse per\u00edodo de paralisa\u00e7\u00e3o das atividades do Poder Executivo, com o desmonte tempor\u00e1rio das estruturas de fiscaliza\u00e7\u00e3o e controle, que as maiores irregularidades passam a acontecer, quer pela inoper\u00e2ncia dos \u00f3rg\u00e3os de governo, quer pelo incentivo dos pr\u00f3prios candidatos, de olho nos votos que o apoio \u00e0 essas irregularidades podem render.<\/p>\n<p style=\"text-align: justify\">\u00a0 \u00a0 \u00a0 \u00a0Assim, \u00e9 que \u00e9 nesses per\u00edodos de vazio do poder, que os grileiros passam a agir com maior desenvoltura, invadindo e parcelando terras p\u00fablicas e alheias, vendendo e negociando livremente at\u00e9 condom\u00ednios inteiros sob as barbas dos candidatos oficiais, num claro acinte \u00e0 toda a sociedade.<\/p>\n<p style=\"text-align: justify\">\u00a0 \u00a0 \u00a0 \u00a0 \u00a0Certos da impunidade e do descaso da justi\u00e7a, a cidade fica entregue a a\u00e7\u00e3o desses malfeitores disfar\u00e7ados de empres\u00e1rios. Por todo o canto, \u00e9 poss\u00edvel verificar que \u00e9 a falta de fiscaliza\u00e7\u00e3o e da puni\u00e7\u00e3o que acaba servindo como incentivo para espertalh\u00f5es de todo o tipo. O pior \u00e9 que as autoridades conhecem esse fato e os delinquentes mais ainda.<\/p>\n<p style=\"text-align: justify\">\u00a0 \u00a0 \u00a0 \u00a0 \u00a0Para a popula\u00e7\u00e3o, s\u00f3 resta assistir inerte as estripulias que v\u00e3o ocorrendo por toda a cidade. Empres\u00e1rios dos com\u00e9rcios locais aproveitam a oportunidade quando a mar\u00e9 est\u00e1 baixa para espraiar seus neg\u00f3cios, invadindo \u00e1reas verdes e outros espa\u00e7os p\u00fablicos como cal\u00e7adas e at\u00e9 estacionamentos, colocando mais mesas, improvisando toldos e cercadinhos. Alguns armam churrasqueiras modernas, em plena passagem de pedestre, onde passam a dourar carnes e embutidos de origem desconhecida e totalmente sem controle das ag\u00eancias sanit\u00e1rias.<\/p>\n<p style=\"text-align: justify\">\u00a0 \u00a0 \u00a0 \u00a0 \u00a0 Nestes estabelecimentos inchados, quem produz os quitutes n\u00e3o conhece a qualidade do que est\u00e1 oferecendo; muito menos os consumidores. Aos poucos, sob o olhar adormecido do GDF, a cidade vai sendo invadida, \u00e1reas p\u00fablicas v\u00e3o sendo aviltadas, tudo sob o argumento do lucro, que, segundo reclamam, anda baixo. Infelizmente, as invas\u00f5es o os abusos ao sossego dos moradores n\u00e3o se fazem apenas atrav\u00e9s das invas\u00f5es f\u00edsicas dos espa\u00e7os, mas do pr\u00f3prio ar na forma de intensa polui\u00e7\u00e3o sonora, que passou a ser a marca registrada da cidade, sempre que os fins de semana se aproximam.<\/p>\n<p style=\"text-align: justify\">\u00a0 \u00a0 \u00a0 \u00a0 \u00a0 \u00a0O antigo sil\u00eancio \u00e9 hoje coisa de conservadores e daqueles candangos cansados da labuta. Menos buzinas de dia e liberdade total nos decib\u00e9is madrugada adentro. Quando sexta-feira se anuncia, a cidade vira uma grande e ruidosa feira, onde se vende de tudo. Os festejos, regados a muita bebida e a outras subst\u00e2ncias, acontecem a c\u00e9u aberto, para quem quiser ver. Andar pelas ruas, quando a noite cai, sob as sombras das \u00e1rvores, virou rotina perigosa. Incrivelmente, o que os moradores das quadras mais tradicionais do Plano Piloto desejam quando o fim de semana chega \u00e9 que ele acabe o mais r\u00e1pido poss\u00edvel, de prefer\u00eancia sem acidentes e outras viol\u00eancias j\u00e1 tornadas comuns.<\/p>\n<p style=\"text-align: justify\"><strong>A frase que n\u00e3o foi pronunciada:<\/strong><\/p>\n<p style=\"text-align: justify\"><em>\u201cO Brasil que eu quero \u00e9 com eleitores que tenham orgulho dos pol\u00edticos que enviarem para Bras\u00edlia. Eles chegaram aqui pelo seu voto!\u201d<\/em><\/p>\n<p style=\"text-align: justify\">Candango saturado de ouvir maus eleitores xingarem Bras\u00edlia<\/p>\n<figure id=\"attachment_11570\" aria-describedby=\"caption-attachment-11570\" style=\"width: 609px\" class=\"wp-caption aligncenter\"><img loading=\"lazy\" decoding=\"async\" class=\" wp-image-11570\" src=\"https:\/\/blogs.correiobraziliense.com.br\/aricunha\/wp-content\/uploads\/sites\/13\/2018\/07\/blog28.jpg\" alt=\"Charge: Amarildo\" width=\"609\" height=\"434\" srcset=\"https:\/\/blogs.correiobraziliense.com.br\/aricunha\/wp-content\/uploads\/sites\/13\/2018\/07\/blog28.jpg 640w, https:\/\/blogs.correiobraziliense.com.br\/aricunha\/wp-content\/uploads\/sites\/13\/2018\/07\/blog28-300x214.jpg 300w, https:\/\/blogs.correiobraziliense.com.br\/aricunha\/wp-content\/uploads\/sites\/13\/2018\/07\/blog28-350x249.jpg 350w, https:\/\/blogs.correiobraziliense.com.br\/aricunha\/wp-content\/uploads\/sites\/13\/2018\/07\/blog28-550x392.jpg 550w, https:\/\/blogs.correiobraziliense.com.br\/aricunha\/wp-content\/uploads\/sites\/13\/2018\/07\/blog28-230x164.jpg 230w\" sizes=\"auto, (max-width: 609px) 100vw, 609px\" \/><figcaption id=\"caption-attachment-11570\" class=\"wp-caption-text\">Charge: Amarildo<\/figcaption><\/figure>\n<p style=\"text-align: justify\"><strong>Aborrecimentos<\/strong><\/p>\n<p style=\"text-align: justify\">Novamente, passageiros do aeroporto de Bras\u00edlia ficaram em polvorosa. Por muito tempo sem informa\u00e7\u00e3o, os \u00e2nimos se acirraram. Mais de 10 voos atrasaram. Soube-se depois que foi problema no radar do aeroporto de S\u00e3o Paulo.<\/p>\n<p style=\"text-align: justify\"><strong>Meu Eix\u00e3o<\/strong><\/p>\n<p style=\"text-align: justify\">Movimento grande ter\u00e1 o encontro no dia 22. Quase 2 mil pessoas j\u00e1 confirmaram presen\u00e7a no evento que come\u00e7a \u00e0s 10h, na 108 Sul. Dan\u00e7a, fotos de lambe-lambe, gastronomia. A manh\u00e3 do domingo promete!<\/p>\n<figure id=\"attachment_11569\" aria-describedby=\"caption-attachment-11569\" style=\"width: 609px\" class=\"wp-caption aligncenter\"><img loading=\"lazy\" decoding=\"async\" class=\" wp-image-11569\" src=\"https:\/\/blogs.correiobraziliense.com.br\/aricunha\/wp-content\/uploads\/sites\/13\/2018\/07\/36351999_448194538985334_1501087870201364480_n.jpg\" alt=\"Imagem: facebook.com\/events\" width=\"609\" height=\"320\" srcset=\"https:\/\/blogs.correiobraziliense.com.br\/aricunha\/wp-content\/uploads\/sites\/13\/2018\/07\/36351999_448194538985334_1501087870201364480_n.jpg 960w, https:\/\/blogs.correiobraziliense.com.br\/aricunha\/wp-content\/uploads\/sites\/13\/2018\/07\/36351999_448194538985334_1501087870201364480_n-300x158.jpg 300w, https:\/\/blogs.correiobraziliense.com.br\/aricunha\/wp-content\/uploads\/sites\/13\/2018\/07\/36351999_448194538985334_1501087870201364480_n-768x403.jpg 768w, https:\/\/blogs.correiobraziliense.com.br\/aricunha\/wp-content\/uploads\/sites\/13\/2018\/07\/36351999_448194538985334_1501087870201364480_n-350x184.jpg 350w, https:\/\/blogs.correiobraziliense.com.br\/aricunha\/wp-content\/uploads\/sites\/13\/2018\/07\/36351999_448194538985334_1501087870201364480_n-550x289.jpg 550w, https:\/\/blogs.correiobraziliense.com.br\/aricunha\/wp-content\/uploads\/sites\/13\/2018\/07\/36351999_448194538985334_1501087870201364480_n-230x121.jpg 230w\" sizes=\"auto, (max-width: 609px) 100vw, 609px\" \/><figcaption id=\"caption-attachment-11569\" class=\"wp-caption-text\">Imagem: facebook.com\/events<\/figcaption><\/figure>\n<p style=\"text-align: justify\"><strong>Orienta\u00e7\u00e3o<\/strong><\/p>\n<p style=\"text-align: justify\">Com atendimento gratuito, o Centro de Valoriza\u00e7\u00e3o da Vida funciona desde o in\u00edcio do m\u00eas atendendo em todo territ\u00f3rio nacional pelo 188, pessoalmente ou pelo portal, pelo Skype ou ainda por e-mail. \u00c9 conhecido e respeitado n\u00e3o s\u00f3 para atender pessoas que querem conversar, mas principalmente aqueles que pensam em suic\u00eddio.<\/p>\n<figure id=\"attachment_11568\" aria-describedby=\"caption-attachment-11568\" style=\"width: 602px\" class=\"wp-caption aligncenter\"><img loading=\"lazy\" decoding=\"async\" class=\" wp-image-11568\" src=\"https:\/\/blogs.correiobraziliense.com.br\/aricunha\/wp-content\/uploads\/sites\/13\/2018\/07\/36512476_1814353682005276_2427393976714657792_n.jpg\" alt=\"Imagem: facebook.com\/dce.unb\" width=\"602\" height=\"602\" srcset=\"https:\/\/blogs.correiobraziliense.com.br\/aricunha\/wp-content\/uploads\/sites\/13\/2018\/07\/36512476_1814353682005276_2427393976714657792_n.jpg 800w, https:\/\/blogs.correiobraziliense.com.br\/aricunha\/wp-content\/uploads\/sites\/13\/2018\/07\/36512476_1814353682005276_2427393976714657792_n-150x150.jpg 150w, https:\/\/blogs.correiobraziliense.com.br\/aricunha\/wp-content\/uploads\/sites\/13\/2018\/07\/36512476_1814353682005276_2427393976714657792_n-300x300.jpg 300w, https:\/\/blogs.correiobraziliense.com.br\/aricunha\/wp-content\/uploads\/sites\/13\/2018\/07\/36512476_1814353682005276_2427393976714657792_n-768x768.jpg 768w, https:\/\/blogs.correiobraziliense.com.br\/aricunha\/wp-content\/uploads\/sites\/13\/2018\/07\/36512476_1814353682005276_2427393976714657792_n-350x350.jpg 350w, https:\/\/blogs.correiobraziliense.com.br\/aricunha\/wp-content\/uploads\/sites\/13\/2018\/07\/36512476_1814353682005276_2427393976714657792_n-550x550.jpg 550w, https:\/\/blogs.correiobraziliense.com.br\/aricunha\/wp-content\/uploads\/sites\/13\/2018\/07\/36512476_1814353682005276_2427393976714657792_n-230x230.jpg 230w\" sizes=\"auto, (max-width: 602px) 100vw, 602px\" \/><figcaption id=\"caption-attachment-11568\" class=\"wp-caption-text\">Imagem: facebook.com\/dce.unb<\/figcaption><\/figure>\n<p style=\"text-align: justify\"><strong>Enap<\/strong><\/p>\n<p style=\"text-align: justify\">Publicado na revista do Servi\u00e7o P\u00fablico o artigo de Bruna Ribeiro sobre Gerenciamento de crises no setor p\u00fablico e suas influ\u00eancias sobre a administra\u00e7\u00e3o: o caso da Opera\u00e7\u00e3o Voucher no Minist\u00e9rio do Turismo. Teve como objetivo analisar a crise ocorrida em 2011, bem como os impactos positivos e negativos decorrentes sobre a gest\u00e3o do \u00f3rg\u00e3o.<\/p>\n<p style=\"text-align: justify\">Link para o PDF:\u00a0<a href=\"https:\/\/revista.enap.gov.br\/index.php\/RSP\/article\/view\/1825\/1955\">Enap lan\u00e7a segundo n\u00famero da RSP 2018 &#8211; Artigo Gerenciamento de Crises no Setor P\u00fablico<\/a><\/p>\n<figure id=\"attachment_11561\" aria-describedby=\"caption-attachment-11561\" style=\"width: 607px\" class=\"wp-caption aligncenter\"><img loading=\"lazy\" decoding=\"async\" class=\" wp-image-11561\" src=\"https:\/\/blogs.correiobraziliense.com.br\/aricunha\/wp-content\/uploads\/sites\/13\/2018\/07\/1-Destaque_RSP.png\" alt=\"Imagem: enap.gov.br\" width=\"607\" height=\"318\" srcset=\"https:\/\/blogs.correiobraziliense.com.br\/aricunha\/wp-content\/uploads\/sites\/13\/2018\/07\/1-Destaque_RSP.png 763w, https:\/\/blogs.correiobraziliense.com.br\/aricunha\/wp-content\/uploads\/sites\/13\/2018\/07\/1-Destaque_RSP-300x157.png 300w, https:\/\/blogs.correiobraziliense.com.br\/aricunha\/wp-content\/uploads\/sites\/13\/2018\/07\/1-Destaque_RSP-350x183.png 350w, https:\/\/blogs.correiobraziliense.com.br\/aricunha\/wp-content\/uploads\/sites\/13\/2018\/07\/1-Destaque_RSP-550x288.png 550w, https:\/\/blogs.correiobraziliense.com.br\/aricunha\/wp-content\/uploads\/sites\/13\/2018\/07\/1-Destaque_RSP-230x121.png 230w\" sizes=\"auto, (max-width: 607px) 100vw, 607px\" \/><figcaption id=\"caption-attachment-11561\" class=\"wp-caption-text\">Imagem: enap.gov.br<\/figcaption><\/figure>\n<p style=\"text-align: justify\"><strong>Motocicletas<\/strong><\/p>\n<p style=\"text-align: justify\">O Bras\u00edlia Capital Moto Week espera receber mais de 680 mil pessoas. Bem organizado, o evento re\u00fane uma das classes mais amigas da popula\u00e7\u00e3o brasileira: os motoqueiros. Eles viajam e participam de v\u00e1rias iniciativas importantes. Prestam solidariedade e mant\u00e9m contato em todo o pa\u00eds. O evento \u00e9 uma pequena amostra dessa uni\u00e3o. Vale a visita! Veja algumas fotos no blog do Ari Cunha que tiramos quando estivemos l\u00e1.<\/p>\n<p style=\"text-align: justify\"><img loading=\"lazy\" decoding=\"async\" class=\"wp-image-11563 aligncenter\" src=\"https:\/\/blogs.correiobraziliense.com.br\/aricunha\/wp-content\/uploads\/sites\/13\/2018\/07\/1-1.jpg\" alt=\"1 (1)\" width=\"606\" height=\"606\" srcset=\"https:\/\/blogs.correiobraziliense.com.br\/aricunha\/wp-content\/uploads\/sites\/13\/2018\/07\/1-1.jpg 1080w, https:\/\/blogs.correiobraziliense.com.br\/aricunha\/wp-content\/uploads\/sites\/13\/2018\/07\/1-1-150x150.jpg 150w, https:\/\/blogs.correiobraziliense.com.br\/aricunha\/wp-content\/uploads\/sites\/13\/2018\/07\/1-1-300x300.jpg 300w, https:\/\/blogs.correiobraziliense.com.br\/aricunha\/wp-content\/uploads\/sites\/13\/2018\/07\/1-1-768x768.jpg 768w, https:\/\/blogs.correiobraziliense.com.br\/aricunha\/wp-content\/uploads\/sites\/13\/2018\/07\/1-1-1024x1024.jpg 1024w, https:\/\/blogs.correiobraziliense.com.br\/aricunha\/wp-content\/uploads\/sites\/13\/2018\/07\/1-1-350x350.jpg 350w, https:\/\/blogs.correiobraziliense.com.br\/aricunha\/wp-content\/uploads\/sites\/13\/2018\/07\/1-1-550x550.jpg 550w, https:\/\/blogs.correiobraziliense.com.br\/aricunha\/wp-content\/uploads\/sites\/13\/2018\/07\/1-1-230x230.jpg 230w\" sizes=\"auto, (max-width: 606px) 100vw, 606px\" \/><\/p>\n<p style=\"text-align: justify\"><img loading=\"lazy\" decoding=\"async\" class=\"wp-image-11564 aligncenter\" src=\"https:\/\/blogs.correiobraziliense.com.br\/aricunha\/wp-content\/uploads\/sites\/13\/2018\/07\/2-1.jpg\" alt=\"2 (1)\" width=\"607\" height=\"607\" srcset=\"https:\/\/blogs.correiobraziliense.com.br\/aricunha\/wp-content\/uploads\/sites\/13\/2018\/07\/2-1.jpg 1080w, https:\/\/blogs.correiobraziliense.com.br\/aricunha\/wp-content\/uploads\/sites\/13\/2018\/07\/2-1-150x150.jpg 150w, https:\/\/blogs.correiobraziliense.com.br\/aricunha\/wp-content\/uploads\/sites\/13\/2018\/07\/2-1-300x300.jpg 300w, https:\/\/blogs.correiobraziliense.com.br\/aricunha\/wp-content\/uploads\/sites\/13\/2018\/07\/2-1-768x768.jpg 768w, https:\/\/blogs.correiobraziliense.com.br\/aricunha\/wp-content\/uploads\/sites\/13\/2018\/07\/2-1-1024x1024.jpg 1024w, https:\/\/blogs.correiobraziliense.com.br\/aricunha\/wp-content\/uploads\/sites\/13\/2018\/07\/2-1-350x350.jpg 350w, https:\/\/blogs.correiobraziliense.com.br\/aricunha\/wp-content\/uploads\/sites\/13\/2018\/07\/2-1-550x550.jpg 550w, https:\/\/blogs.correiobraziliense.com.br\/aricunha\/wp-content\/uploads\/sites\/13\/2018\/07\/2-1-230x230.jpg 230w\" sizes=\"auto, (max-width: 607px) 100vw, 607px\" \/><\/p>\n<p style=\"text-align: justify\"><img loading=\"lazy\" decoding=\"async\" class=\"wp-image-11567 aligncenter\" src=\"https:\/\/blogs.correiobraziliense.com.br\/aricunha\/wp-content\/uploads\/sites\/13\/2018\/07\/3-1.jpg\" alt=\"3 (1)\" width=\"607\" height=\"607\" srcset=\"https:\/\/blogs.correiobraziliense.com.br\/aricunha\/wp-content\/uploads\/sites\/13\/2018\/07\/3-1.jpg 1080w, https:\/\/blogs.correiobraziliense.com.br\/aricunha\/wp-content\/uploads\/sites\/13\/2018\/07\/3-1-150x150.jpg 150w, https:\/\/blogs.correiobraziliense.com.br\/aricunha\/wp-content\/uploads\/sites\/13\/2018\/07\/3-1-300x300.jpg 300w, https:\/\/blogs.correiobraziliense.com.br\/aricunha\/wp-content\/uploads\/sites\/13\/2018\/07\/3-1-768x768.jpg 768w, https:\/\/blogs.correiobraziliense.com.br\/aricunha\/wp-content\/uploads\/sites\/13\/2018\/07\/3-1-1024x1024.jpg 1024w, https:\/\/blogs.correiobraziliense.com.br\/aricunha\/wp-content\/uploads\/sites\/13\/2018\/07\/3-1-350x350.jpg 350w, https:\/\/blogs.correiobraziliense.com.br\/aricunha\/wp-content\/uploads\/sites\/13\/2018\/07\/3-1-550x550.jpg 550w, https:\/\/blogs.correiobraziliense.com.br\/aricunha\/wp-content\/uploads\/sites\/13\/2018\/07\/3-1-230x230.jpg 230w\" sizes=\"auto, (max-width: 607px) 100vw, 607px\" \/><\/p>\n<p style=\"text-align: justify\"><strong>HIST\u00d3RIA DE BRAS\u00cdLIA<\/strong><\/p>\n<p style=\"text-align: justify\">Est\u00e1, igualmente, o sr. Oliveira Brito, reestruturando as diversas reparti\u00e7\u00f5es de seu minist\u00e9rio, para maior rendimento do trabalho. <strong>(Publicado em 26.10.1961)<\/strong><\/p>\n","protected":false},"excerpt":{"rendered":"<p>ARI CUNHA Visto, lido e ouvido Desde 1960 com Circe Cunha e Mamfil; colunadoaricunha@gmail.com; \u00a0 \u00a0 \u00a0 \u00a0Nos per\u00edodos eleitorais, principalmente quando o modelo adotado permite o estatuto da reelei\u00e7\u00e3o do mandat\u00e1rio, \u00e9 comum verificar, durante o afastamento antecipado do chefe do Executivo e de sua equipe para se submeter ao longo processo de campanha, que o governo, como um [&hellip;]<\/p>\n","protected":false},"author":34,"featured_media":11572,"comment_status":"open","ping_status":"open","sticky":false,"template":"","format":"standard","meta":{"footnotes":""},"categories":[23],"tags":[537,534,533,495,536,127,82,532,114,535,531,288,68,2,69,16],"class_list":["post-11557","post","type-post","status-publish","format-standard","has-post-thumbnail","hentry","category-integra","tag-artigogerenciamentodecrisesnosetorpublico","tag-atrasodevoosnoaeroportodebrasilia","tag-barulhonasquadrasresidenciais","tag-brasiliacapitalmotoweek","tag-centrodevalorizacaodavida","tag-eleicoes2018","tag-enap","tag-grileirosnodf","tag-historiadebrasilia","tag-meueixao","tag-noitenodf","tag-politicosnobrasil","tag-aricunha","tag-brasilia","tag-circecunha","tag-mamfil"],"_links":{"self":[{"href":"https:\/\/blogs.correiobraziliense.com.br\/aricunha\/wp-json\/wp\/v2\/posts\/11557","targetHints":{"allow":["GET"]}}],"collection":[{"href":"https:\/\/blogs.correiobraziliense.com.br\/aricunha\/wp-json\/wp\/v2\/posts"}],"about":[{"href":"https:\/\/blogs.correiobraziliense.com.br\/aricunha\/wp-json\/wp\/v2\/types\/post"}],"author":[{"embeddable":true,"href":"https:\/\/blogs.correiobraziliense.com.br\/aricunha\/wp-json\/wp\/v2\/users\/34"}],"replies":[{"embeddable":true,"href":"https:\/\/blogs.correiobraziliense.com.br\/aricunha\/wp-json\/wp\/v2\/comments?post=11557"}],"version-history":[{"count":9,"href":"https:\/\/blogs.correiobraziliense.com.br\/aricunha\/wp-json\/wp\/v2\/posts\/11557\/revisions"}],"predecessor-version":[{"id":11586,"href":"https:\/\/blogs.correiobraziliense.com.br\/aricunha\/wp-json\/wp\/v2\/posts\/11557\/revisions\/11586"}],"wp:featuredmedia":[{"embeddable":true,"href":"https:\/\/blogs.correiobraziliense.com.br\/aricunha\/wp-json\/wp\/v2\/media\/11572"}],"wp:attachment":[{"href":"https:\/\/blogs.correiobraziliense.com.br\/aricunha\/wp-json\/wp\/v2\/media?parent=11557"}],"wp:term":[{"taxonomy":"category","embeddable":true,"href":"https:\/\/blogs.correiobraziliense.com.br\/aricunha\/wp-json\/wp\/v2\/categories?post=11557"},{"taxonomy":"post_tag","embeddable":true,"href":"https:\/\/blogs.correiobraziliense.com.br\/aricunha\/wp-json\/wp\/v2\/tags?post=11557"}],"curies":[{"name":"wp","href":"https:\/\/api.w.org\/{rel}","templated":true}]}}