{"id":11517,"date":"2018-07-18T15:32:26","date_gmt":"2018-07-18T18:32:26","guid":{"rendered":"https:\/\/blogs.correiobraziliense.com.br\/aricunha\/?p=11517"},"modified":"2018-07-18T21:15:00","modified_gmt":"2018-07-19T00:15:00","slug":"precariedade-dos-transportes-publicos-esconde-o-principal","status":"publish","type":"post","link":"https:\/\/blogs.correiobraziliense.com.br\/aricunha\/precariedade-dos-transportes-publicos-esconde-o-principal\/","title":{"rendered":"Precariedade dos transportes p\u00fablicos esconde o principal"},"content":{"rendered":"<p style=\"text-align: justify\">ARI CUNHA<\/p>\n<p style=\"text-align: justify\">Visto, lido e ouvido<\/p>\n<p style=\"text-align: justify\">Desde 1960<\/p>\n<p style=\"text-align: justify\">com Circe Cunha e Mamfil;<\/p>\n<p style=\"text-align: justify\">colunadoaricunha@gmail.com;<\/p>\n<figure id=\"attachment_11521\" aria-describedby=\"caption-attachment-11521\" style=\"width: 606px\" class=\"wp-caption aligncenter\"><img loading=\"lazy\" decoding=\"async\" class=\" wp-image-11521\" src=\"https:\/\/blogs.correiobraziliense.com.br\/aricunha\/wp-content\/uploads\/sites\/13\/2018\/07\/transporte-publico-680x454-1-1-1.jpg\" alt=\"Foto: iolando.com\" width=\"606\" height=\"405\" srcset=\"https:\/\/blogs.correiobraziliense.com.br\/aricunha\/wp-content\/uploads\/sites\/13\/2018\/07\/transporte-publico-680x454-1-1-1.jpg 680w, https:\/\/blogs.correiobraziliense.com.br\/aricunha\/wp-content\/uploads\/sites\/13\/2018\/07\/transporte-publico-680x454-1-1-1-300x200.jpg 300w, https:\/\/blogs.correiobraziliense.com.br\/aricunha\/wp-content\/uploads\/sites\/13\/2018\/07\/transporte-publico-680x454-1-1-1-350x234.jpg 350w, https:\/\/blogs.correiobraziliense.com.br\/aricunha\/wp-content\/uploads\/sites\/13\/2018\/07\/transporte-publico-680x454-1-1-1-550x367.jpg 550w, https:\/\/blogs.correiobraziliense.com.br\/aricunha\/wp-content\/uploads\/sites\/13\/2018\/07\/transporte-publico-680x454-1-1-1-230x154.jpg 230w\" sizes=\"auto, (max-width: 606px) 100vw, 606px\" \/><figcaption id=\"caption-attachment-11521\" class=\"wp-caption-text\">Foto: iolando.com<\/figcaption><\/figure>\n<p style=\"text-align: justify\">\u00a0\u00a0\u00a0\u00a0\u00a0\u00a0\u00a0\u00a0\u00a0 Mesmo que haja alguns exageros ou m\u00e1 vontade por parte dos pesquisadores americanos da Expert Market, uma empresa de an\u00e1lise situada nos Estados Unidos, que, em levantamento feito em 74 dos principais centros urbanos do mundo, apontou Bras\u00edlia como um dos 10 piores sistemas de transportes p\u00fablico do mundo, ainda assim, o estudo deve ser levado a s\u00e9rio pelas autoridades e merecer uma revis\u00e3o detalhada desse importante servi\u00e7o.<\/p>\n<p style=\"text-align: justify\">\u00a0 \u00a0 \u00a0 Se for levada em conta apenas a opini\u00e3o dos usu\u00e1rios, sem d\u00favida, o sistema p\u00fablico de transporte ser\u00e1 alvo de in\u00fameras cr\u00edticas, talvez at\u00e9 mais \u00e1cidas do que as apresentadas pelos pesquisadores norte americanos. Excetuando os pr\u00f3prios usu\u00e1rios di\u00e1rios do sistema, a Secretaria de Transportes conhece bem os principais problemas que tornaram a capital deficit\u00e1ria no transporte de massa.<\/p>\n<p style=\"text-align: justify\">\u00a0 \u00a0 \u00a0 \u00a0 De fato, o que os pesquisadores n\u00e3o levaram em considera\u00e7\u00e3o, at\u00e9 por desinforma\u00e7\u00e3o, e que \u00e9 uma das principais causas que conduziram o sistema \u00e0 exaust\u00e3o, \u00e9 justamente a quest\u00e3o do incha\u00e7o populacional sem precedentes que a capital passou a experimentar. O aumento no n\u00famero de habitantes, decorrente direto da emancipa\u00e7\u00e3o pol\u00edtica feita \u00e0 toque de caixa para beneficiar grupos poderosos da capital, provocou um colapso n\u00e3o s\u00f3 nos sistemas de transporte, mas em todos os servi\u00e7os p\u00fablicos, como sa\u00fade, educa\u00e7\u00e3o, seguran\u00e7a, moradia, falta de infraestrutura, congestionando a circula\u00e7\u00e3o vi\u00e1ria e exigindo, da noite para o dia, que o GDF tomasse medidas urgentes para contornar a crise provocada pela explos\u00e3o demogr\u00e1fica desordenada.<\/p>\n<p style=\"text-align: justify\">\u00a0 \u00a0 \u00a0Dessa forma, enquanto n\u00e3o forem devidamente resolvidos o problema do incha\u00e7o populacional, toda e qualquer medida visando \u00e0 melhora nos servi\u00e7os p\u00fablicos, sejam quais forem, a demanda, exacerbada e sem previs\u00e3o, tornar\u00e1 in\u00f3cua qualquer reforma ou melhoria nos sistemas.<\/p>\n<p style=\"text-align: justify\">\u00a0 \u00a0 \u00a0 \u00a0 O pior \u00e9 que essa situa\u00e7\u00e3o de degrada\u00e7\u00e3o nos servi\u00e7os p\u00fablicos foi alertada por v\u00e1rios urbanistas e pessoas respons\u00e1veis e que conhecem a fundo a capital desde seu nascimento.<\/p>\n<p style=\"text-align: justify\">\u00a0 \u00a0 \u00a0 \u00a0Mas a insensibilidade dos pol\u00edticos locais, movidos, como sempre, a interesses particulares e a ganhos imediatos, acabou por conduzir a moderna capital do Brasil \u00e0 mesma situa\u00e7\u00e3o que aflige hoje todas as grandes cidades brasileiras. Com certeza, se for analisada a presta\u00e7\u00e3o de outros servi\u00e7os p\u00fablicos, pela lupa da Expert Market, sem d\u00favida alguma os setores da sa\u00fade, da educa\u00e7\u00e3o e da seguran\u00e7a, para ficar apenas nessas \u00e1reas, merecer\u00e3o reprova\u00e7\u00e3o, sendo, sem susto, colocados nos \u00faltimos lugares nos rankings mundiais.<\/p>\n<p style=\"text-align: justify\">\u00a0 \u00a0 \u00a0 \u00a0O que se constata e que salta aos olhos \u00e9 que o problema n\u00e3o est\u00e1 \u00a0precisamente na presta\u00e7\u00e3o dos servi\u00e7os p\u00fablicos, que outrora eram excelentes na capital, mas na maneira como ainda deixamos nossa cidade entregue \u00e0queles que n\u00e3o t\u00eam amor e compromisso s\u00e9rio com essa terra e sua gente.<\/p>\n<p style=\"text-align: justify\"><strong>A frase que foi pronunciada:<\/strong><\/p>\n<p style=\"text-align: justify\"><em>\u201cV\u00e1rios parlamentares em Bras\u00edlia est\u00e3o usando ternos car\u00edssimos, feitos sob medida&#8230; provis\u00f3ria.\u201d<\/em><\/p>\n<p style=\"text-align: justify\">Jos\u00e9 Coutinho, na Internet.<\/p>\n<figure id=\"attachment_11522\" aria-describedby=\"caption-attachment-11522\" style=\"width: 607px\" class=\"wp-caption aligncenter\"><img loading=\"lazy\" decoding=\"async\" class=\" wp-image-11522\" src=\"https:\/\/blogs.correiobraziliense.com.br\/aricunha\/wp-content\/uploads\/sites\/13\/2018\/07\/14_05_2011_auxilio_paleto_para_promotores.jpg\" alt=\"Charge: Jota.A.\" width=\"607\" height=\"433\" srcset=\"https:\/\/blogs.correiobraziliense.com.br\/aricunha\/wp-content\/uploads\/sites\/13\/2018\/07\/14_05_2011_auxilio_paleto_para_promotores.jpg 1024w, https:\/\/blogs.correiobraziliense.com.br\/aricunha\/wp-content\/uploads\/sites\/13\/2018\/07\/14_05_2011_auxilio_paleto_para_promotores-300x214.jpg 300w, https:\/\/blogs.correiobraziliense.com.br\/aricunha\/wp-content\/uploads\/sites\/13\/2018\/07\/14_05_2011_auxilio_paleto_para_promotores-768x548.jpg 768w, https:\/\/blogs.correiobraziliense.com.br\/aricunha\/wp-content\/uploads\/sites\/13\/2018\/07\/14_05_2011_auxilio_paleto_para_promotores-350x250.jpg 350w, https:\/\/blogs.correiobraziliense.com.br\/aricunha\/wp-content\/uploads\/sites\/13\/2018\/07\/14_05_2011_auxilio_paleto_para_promotores-550x393.jpg 550w, https:\/\/blogs.correiobraziliense.com.br\/aricunha\/wp-content\/uploads\/sites\/13\/2018\/07\/14_05_2011_auxilio_paleto_para_promotores-230x164.jpg 230w\" sizes=\"auto, (max-width: 607px) 100vw, 607px\" \/><figcaption id=\"caption-attachment-11522\" class=\"wp-caption-text\">Charge: Jota.A.<\/figcaption><\/figure>\n<p style=\"text-align: justify\"><strong>Arte<\/strong><\/p>\n<p style=\"text-align: justify\">Um sucesso a mostra\u00a0<strong><em>Esfero-Gr\u00e1fica de Julien Gorovitz,\u00a0<\/em><\/strong>um g\u00eanio que ainda n\u00e3o deixou Bras\u00edlia. Veja os detalhes no blog do Ari Cunha.<\/p>\n<p style=\"text-align: justify\"><img loading=\"lazy\" decoding=\"async\" class=\"wp-image-11526 aligncenter\" src=\"https:\/\/blogs.correiobraziliense.com.br\/aricunha\/wp-content\/uploads\/sites\/13\/2018\/07\/IMG-20180718-WA0009.jpg\" alt=\"IMG-20180718-WA0009\" width=\"610\" height=\"458\" srcset=\"https:\/\/blogs.correiobraziliense.com.br\/aricunha\/wp-content\/uploads\/sites\/13\/2018\/07\/IMG-20180718-WA0009.jpg 960w, https:\/\/blogs.correiobraziliense.com.br\/aricunha\/wp-content\/uploads\/sites\/13\/2018\/07\/IMG-20180718-WA0009-300x225.jpg 300w, https:\/\/blogs.correiobraziliense.com.br\/aricunha\/wp-content\/uploads\/sites\/13\/2018\/07\/IMG-20180718-WA0009-768x576.jpg 768w, https:\/\/blogs.correiobraziliense.com.br\/aricunha\/wp-content\/uploads\/sites\/13\/2018\/07\/IMG-20180718-WA0009-350x263.jpg 350w, https:\/\/blogs.correiobraziliense.com.br\/aricunha\/wp-content\/uploads\/sites\/13\/2018\/07\/IMG-20180718-WA0009-550x413.jpg 550w, https:\/\/blogs.correiobraziliense.com.br\/aricunha\/wp-content\/uploads\/sites\/13\/2018\/07\/IMG-20180718-WA0009-230x173.jpg 230w\" sizes=\"auto, (max-width: 610px) 100vw, 610px\" \/><\/p>\n<p style=\"text-align: justify\"><img loading=\"lazy\" decoding=\"async\" class=\"wp-image-11525 aligncenter\" src=\"https:\/\/blogs.correiobraziliense.com.br\/aricunha\/wp-content\/uploads\/sites\/13\/2018\/07\/IMG-20180718-WA0008.jpg\" alt=\"IMG-20180718-WA0008\" width=\"613\" height=\"460\" srcset=\"https:\/\/blogs.correiobraziliense.com.br\/aricunha\/wp-content\/uploads\/sites\/13\/2018\/07\/IMG-20180718-WA0008.jpg 960w, https:\/\/blogs.correiobraziliense.com.br\/aricunha\/wp-content\/uploads\/sites\/13\/2018\/07\/IMG-20180718-WA0008-300x225.jpg 300w, https:\/\/blogs.correiobraziliense.com.br\/aricunha\/wp-content\/uploads\/sites\/13\/2018\/07\/IMG-20180718-WA0008-768x576.jpg 768w, https:\/\/blogs.correiobraziliense.com.br\/aricunha\/wp-content\/uploads\/sites\/13\/2018\/07\/IMG-20180718-WA0008-350x263.jpg 350w, https:\/\/blogs.correiobraziliense.com.br\/aricunha\/wp-content\/uploads\/sites\/13\/2018\/07\/IMG-20180718-WA0008-550x413.jpg 550w, https:\/\/blogs.correiobraziliense.com.br\/aricunha\/wp-content\/uploads\/sites\/13\/2018\/07\/IMG-20180718-WA0008-230x173.jpg 230w\" sizes=\"auto, (max-width: 613px) 100vw, 613px\" \/><\/p>\n<p style=\"text-align: justify\"><img loading=\"lazy\" decoding=\"async\" class=\"wp-image-11524 aligncenter\" src=\"https:\/\/blogs.correiobraziliense.com.br\/aricunha\/wp-content\/uploads\/sites\/13\/2018\/07\/IMG-20180718-WA0007.jpg\" alt=\"IMG-20180718-WA0007\" width=\"615\" height=\"461\" srcset=\"https:\/\/blogs.correiobraziliense.com.br\/aricunha\/wp-content\/uploads\/sites\/13\/2018\/07\/IMG-20180718-WA0007.jpg 960w, https:\/\/blogs.correiobraziliense.com.br\/aricunha\/wp-content\/uploads\/sites\/13\/2018\/07\/IMG-20180718-WA0007-300x225.jpg 300w, https:\/\/blogs.correiobraziliense.com.br\/aricunha\/wp-content\/uploads\/sites\/13\/2018\/07\/IMG-20180718-WA0007-768x576.jpg 768w, https:\/\/blogs.correiobraziliense.com.br\/aricunha\/wp-content\/uploads\/sites\/13\/2018\/07\/IMG-20180718-WA0007-350x263.jpg 350w, https:\/\/blogs.correiobraziliense.com.br\/aricunha\/wp-content\/uploads\/sites\/13\/2018\/07\/IMG-20180718-WA0007-550x413.jpg 550w, https:\/\/blogs.correiobraziliense.com.br\/aricunha\/wp-content\/uploads\/sites\/13\/2018\/07\/IMG-20180718-WA0007-230x173.jpg 230w\" sizes=\"auto, (max-width: 615px) 100vw, 615px\" \/><\/p>\n<p><iframe loading=\"lazy\" title=\"Mostra Esfero-Gr\u00e1fica de Julien Gorovitz\" width=\"1440\" height=\"810\" src=\"https:\/\/www.youtube.com\/embed\/MR3lHg_5L7s?feature=oembed\" frameborder=\"0\" allow=\"accelerometer; autoplay; clipboard-write; encrypted-media; gyroscope; picture-in-picture; web-share\" referrerpolicy=\"strict-origin-when-cross-origin\" allowfullscreen><\/iframe><\/p>\n<p style=\"text-align: justify\"><img loading=\"lazy\" decoding=\"async\" class=\"size-full wp-image-11523 alignnone\" src=\"https:\/\/blogs.correiobraziliense.com.br\/aricunha\/wp-content\/uploads\/sites\/13\/2018\/07\/IMG-20180718-WA0006.jpg\" alt=\"IMG-20180718-WA0006\" width=\"960\" height=\"852\" srcset=\"https:\/\/blogs.correiobraziliense.com.br\/aricunha\/wp-content\/uploads\/sites\/13\/2018\/07\/IMG-20180718-WA0006.jpg 960w, https:\/\/blogs.correiobraziliense.com.br\/aricunha\/wp-content\/uploads\/sites\/13\/2018\/07\/IMG-20180718-WA0006-300x266.jpg 300w, https:\/\/blogs.correiobraziliense.com.br\/aricunha\/wp-content\/uploads\/sites\/13\/2018\/07\/IMG-20180718-WA0006-768x682.jpg 768w, https:\/\/blogs.correiobraziliense.com.br\/aricunha\/wp-content\/uploads\/sites\/13\/2018\/07\/IMG-20180718-WA0006-350x311.jpg 350w, https:\/\/blogs.correiobraziliense.com.br\/aricunha\/wp-content\/uploads\/sites\/13\/2018\/07\/IMG-20180718-WA0006-550x488.jpg 550w, https:\/\/blogs.correiobraziliense.com.br\/aricunha\/wp-content\/uploads\/sites\/13\/2018\/07\/IMG-20180718-WA0006-230x204.jpg 230w\" sizes=\"auto, (max-width: 960px) 100vw, 960px\" \/><\/p>\n<p style=\"text-align: justify\"><strong>PT<\/strong><\/p>\n<p style=\"text-align: justify\">Quem est\u00e1 vibrando com a candidatura da filha \u00e9 o jornalista Nonato Freitas: Rebeca, que acaba de alcan\u00e7ar a maioridade.\u00a0Rebeca Gomes \u00e9 a pr\u00e9-candidata a deputada federal mais nova do Brasil. Estudante do curso de Hist\u00f3ria, na UnB, onde lidera um movimento em defesa do empoderamento da mulher no cen\u00e1rio pol\u00edtico e cultural do pa\u00eds, ela participa neste s\u00e1bado, no Rio de Janeiro, do projeto Elas por Elas, evento que reunir\u00e1, em dois dias de debates, todas as candidatas negras do Partido dos Trabalhadores. &#8220;Eu ainda acredito que a pol\u00edtica \u00e9 o espa\u00e7o que o povo possui para ser representado&#8221;, diz Rebeca, cheia de esperan\u00e7a no futuro pol\u00edtico do pa\u00eds.<\/p>\n<figure id=\"attachment_11528\" aria-describedby=\"caption-attachment-11528\" style=\"width: 592px\" class=\"wp-caption aligncenter\"><img loading=\"lazy\" decoding=\"async\" class=\" wp-image-11528\" src=\"https:\/\/blogs.correiobraziliense.com.br\/aricunha\/wp-content\/uploads\/sites\/13\/2018\/07\/elas-por-elas.jpg\" alt=\"Foto: PT apresenta pr\u00e9-candidaturas de mulheres e projeto Elas Por Elas no DF (pt.org.br).\" width=\"592\" height=\"394\" srcset=\"https:\/\/blogs.correiobraziliense.com.br\/aricunha\/wp-content\/uploads\/sites\/13\/2018\/07\/elas-por-elas.jpg 1280w, https:\/\/blogs.correiobraziliense.com.br\/aricunha\/wp-content\/uploads\/sites\/13\/2018\/07\/elas-por-elas-300x200.jpg 300w, https:\/\/blogs.correiobraziliense.com.br\/aricunha\/wp-content\/uploads\/sites\/13\/2018\/07\/elas-por-elas-768x512.jpg 768w, https:\/\/blogs.correiobraziliense.com.br\/aricunha\/wp-content\/uploads\/sites\/13\/2018\/07\/elas-por-elas-1024x682.jpg 1024w, https:\/\/blogs.correiobraziliense.com.br\/aricunha\/wp-content\/uploads\/sites\/13\/2018\/07\/elas-por-elas-350x233.jpg 350w, https:\/\/blogs.correiobraziliense.com.br\/aricunha\/wp-content\/uploads\/sites\/13\/2018\/07\/elas-por-elas-550x367.jpg 550w, https:\/\/blogs.correiobraziliense.com.br\/aricunha\/wp-content\/uploads\/sites\/13\/2018\/07\/elas-por-elas-230x153.jpg 230w\" sizes=\"auto, (max-width: 592px) 100vw, 592px\" \/><figcaption id=\"caption-attachment-11528\" class=\"wp-caption-text\">Foto: PT apresenta pr\u00e9-candidaturas de mulheres e projeto Elas Por Elas no DF (pt.org.br).<\/figcaption><\/figure>\n<p style=\"text-align: justify\"><strong>Fim do m\u00eas<\/strong><\/p>\n<p style=\"text-align: justify\">Por falar em petista, um grupo de militantes promete que far\u00e1 greve de fome, no fim do m\u00eas, em protesto contra a pris\u00e3o de Lula. Os manifestantes acampar\u00e3o em Bras\u00edlia e tentar\u00e3o sensibilizar o Supremo Tribunal Federal.<\/p>\n<figure id=\"attachment_11530\" aria-describedby=\"caption-attachment-11530\" style=\"width: 599px\" class=\"wp-caption aligncenter\"><img loading=\"lazy\" decoding=\"async\" class=\" wp-image-11530\" src=\"https:\/\/blogs.correiobraziliense.com.br\/aricunha\/wp-content\/uploads\/sites\/13\/2018\/07\/820x615x1939-820x615.jpg.pagespeed.ic_.glQXeEzrZz.jpg\" alt=\"Charge: Cazo (tribunadainternet.com.br).\" width=\"599\" height=\"449\" srcset=\"https:\/\/blogs.correiobraziliense.com.br\/aricunha\/wp-content\/uploads\/sites\/13\/2018\/07\/820x615x1939-820x615.jpg.pagespeed.ic_.glQXeEzrZz.jpg 820w, https:\/\/blogs.correiobraziliense.com.br\/aricunha\/wp-content\/uploads\/sites\/13\/2018\/07\/820x615x1939-820x615.jpg.pagespeed.ic_.glQXeEzrZz-300x225.jpg 300w, https:\/\/blogs.correiobraziliense.com.br\/aricunha\/wp-content\/uploads\/sites\/13\/2018\/07\/820x615x1939-820x615.jpg.pagespeed.ic_.glQXeEzrZz-768x576.jpg 768w, https:\/\/blogs.correiobraziliense.com.br\/aricunha\/wp-content\/uploads\/sites\/13\/2018\/07\/820x615x1939-820x615.jpg.pagespeed.ic_.glQXeEzrZz-350x263.jpg 350w, https:\/\/blogs.correiobraziliense.com.br\/aricunha\/wp-content\/uploads\/sites\/13\/2018\/07\/820x615x1939-820x615.jpg.pagespeed.ic_.glQXeEzrZz-550x413.jpg 550w, https:\/\/blogs.correiobraziliense.com.br\/aricunha\/wp-content\/uploads\/sites\/13\/2018\/07\/820x615x1939-820x615.jpg.pagespeed.ic_.glQXeEzrZz-230x173.jpg 230w\" sizes=\"auto, (max-width: 599px) 100vw, 599px\" \/><figcaption id=\"caption-attachment-11530\" class=\"wp-caption-text\">Charge: Cazo (tribunadainternet.com.br).<\/figcaption><\/figure>\n<p style=\"text-align: justify\"><strong>Nome<\/strong><\/p>\n<p style=\"text-align: justify\">Fica a cargo de Mauro Benevides Filho, a formula\u00e7\u00e3o do programa de governo do candidato Ciro Gomes na \u00e1rea econ\u00f4mica.<\/p>\n<p style=\"text-align: justify\"><strong>Na rede<\/strong><\/p>\n<p style=\"text-align: justify\">No Maranh\u00e3o, a PF descobriu que uma lan house era utilizada para a pr\u00e1tica das fraudes em celulares de autoridades e familiares. O incr\u00edvel nessa hist\u00f3ria \u00e9 que h\u00e1 contas banc\u00e1rias para o dep\u00f3sito com todo tipo de identifica\u00e7\u00e3o dos donos.<\/p>\n<p style=\"text-align: justify\"><strong>HIST\u00d3RIA DE BRAS\u00cdLIA <\/strong><\/p>\n<p style=\"text-align: justify\">O Colegiado deve tomar conhecimento deste fato, para evitar que persegui\u00e7\u00f5es a funcion\u00e1rios venham prejudicar o desenvolvimento do trabalho. <strong>(Publicado em 25.10.1961)<\/strong><\/p>\n","protected":false},"excerpt":{"rendered":"<p>ARI CUNHA Visto, lido e ouvido Desde 1960 com Circe Cunha e Mamfil; colunadoaricunha@gmail.com; \u00a0\u00a0\u00a0\u00a0\u00a0\u00a0\u00a0\u00a0\u00a0 Mesmo que haja alguns exageros ou m\u00e1 vontade por parte dos pesquisadores americanos da Expert Market, uma empresa de an\u00e1lise situada nos Estados Unidos, que, em levantamento feito em 74 dos principais centros urbanos do mundo, apontou Bras\u00edlia como um dos 10 piores sistemas de [&hellip;]<\/p>\n","protected":false},"author":34,"featured_media":11521,"comment_status":"open","ping_status":"open","sticky":false,"template":"","format":"standard","meta":{"footnotes":""},"categories":[23],"tags":[520,277,519,114,517,516,261,515,518,119,514,246,68,2,69,16],"class_list":["post-11517","post","type-post","status-publish","format-standard","has-post-thumbnail","hentry","category-integra","tag-expertmarket","tag-gdf","tag-grevedefomeparalula","tag-historiadebrasilia","tag-jornalistanonatofreitas","tag-mostraesfero-graficadejuliengorovitz","tag-politicanobrasil","tag-politicosembrasilia","tag-pre-candidataadeputadafederalrebecagomes","tag-pt","tag-servicospublicosnacapital","tag-transportepubliconodf","tag-aricunha","tag-brasilia","tag-circecunha","tag-mamfil"],"_links":{"self":[{"href":"https:\/\/blogs.correiobraziliense.com.br\/aricunha\/wp-json\/wp\/v2\/posts\/11517","targetHints":{"allow":["GET"]}}],"collection":[{"href":"https:\/\/blogs.correiobraziliense.com.br\/aricunha\/wp-json\/wp\/v2\/posts"}],"about":[{"href":"https:\/\/blogs.correiobraziliense.com.br\/aricunha\/wp-json\/wp\/v2\/types\/post"}],"author":[{"embeddable":true,"href":"https:\/\/blogs.correiobraziliense.com.br\/aricunha\/wp-json\/wp\/v2\/users\/34"}],"replies":[{"embeddable":true,"href":"https:\/\/blogs.correiobraziliense.com.br\/aricunha\/wp-json\/wp\/v2\/comments?post=11517"}],"version-history":[{"count":9,"href":"https:\/\/blogs.correiobraziliense.com.br\/aricunha\/wp-json\/wp\/v2\/posts\/11517\/revisions"}],"predecessor-version":[{"id":11544,"href":"https:\/\/blogs.correiobraziliense.com.br\/aricunha\/wp-json\/wp\/v2\/posts\/11517\/revisions\/11544"}],"wp:featuredmedia":[{"embeddable":true,"href":"https:\/\/blogs.correiobraziliense.com.br\/aricunha\/wp-json\/wp\/v2\/media\/11521"}],"wp:attachment":[{"href":"https:\/\/blogs.correiobraziliense.com.br\/aricunha\/wp-json\/wp\/v2\/media?parent=11517"}],"wp:term":[{"taxonomy":"category","embeddable":true,"href":"https:\/\/blogs.correiobraziliense.com.br\/aricunha\/wp-json\/wp\/v2\/categories?post=11517"},{"taxonomy":"post_tag","embeddable":true,"href":"https:\/\/blogs.correiobraziliense.com.br\/aricunha\/wp-json\/wp\/v2\/tags?post=11517"}],"curies":[{"name":"wp","href":"https:\/\/api.w.org\/{rel}","templated":true}]}}