{"id":11480,"date":"2018-07-14T00:08:54","date_gmt":"2018-07-14T03:08:54","guid":{"rendered":"https:\/\/blogs.correiobraziliense.com.br\/aricunha\/?p=11480"},"modified":"2018-07-14T15:54:27","modified_gmt":"2018-07-14T18:54:27","slug":"novo-presidente-encontrara-um-pais-economicamente-falido","status":"publish","type":"post","link":"https:\/\/blogs.correiobraziliense.com.br\/aricunha\/novo-presidente-encontrara-um-pais-economicamente-falido\/","title":{"rendered":"Novo presidente encontrar\u00e1 um pa\u00eds economicamente falido"},"content":{"rendered":"<p style=\"text-align: justify\">ARI CUNHA<\/p>\n<p style=\"text-align: justify\">Visto, lido e ouvido<\/p>\n<p style=\"text-align: justify\">Desde 1960<\/p>\n<p style=\"text-align: justify\">com Circe Cunha e Mamfil<\/p>\n<p style=\"text-align: justify\">colunadoaricunha@gmail.com;<\/p>\n<figure id=\"attachment_11487\" aria-describedby=\"caption-attachment-11487\" style=\"width: 542px\" class=\"wp-caption aligncenter\"><img loading=\"lazy\" decoding=\"async\" class=\" wp-image-11487\" src=\"https:\/\/blogs.correiobraziliense.com.br\/aricunha\/wp-content\/uploads\/sites\/13\/2018\/07\/charge-pib-encolhido-1024x684-1-1.png\" alt=\"Charge: psdb.org.br\" width=\"542\" height=\"362\" srcset=\"https:\/\/blogs.correiobraziliense.com.br\/aricunha\/wp-content\/uploads\/sites\/13\/2018\/07\/charge-pib-encolhido-1024x684-1-1.png 1024w, https:\/\/blogs.correiobraziliense.com.br\/aricunha\/wp-content\/uploads\/sites\/13\/2018\/07\/charge-pib-encolhido-1024x684-1-1-300x200.png 300w, https:\/\/blogs.correiobraziliense.com.br\/aricunha\/wp-content\/uploads\/sites\/13\/2018\/07\/charge-pib-encolhido-1024x684-1-1-768x513.png 768w, https:\/\/blogs.correiobraziliense.com.br\/aricunha\/wp-content\/uploads\/sites\/13\/2018\/07\/charge-pib-encolhido-1024x684-1-1-350x234.png 350w, https:\/\/blogs.correiobraziliense.com.br\/aricunha\/wp-content\/uploads\/sites\/13\/2018\/07\/charge-pib-encolhido-1024x684-1-1-550x367.png 550w, https:\/\/blogs.correiobraziliense.com.br\/aricunha\/wp-content\/uploads\/sites\/13\/2018\/07\/charge-pib-encolhido-1024x684-1-1-230x154.png 230w\" sizes=\"auto, (max-width: 542px) 100vw, 542px\" \/><figcaption id=\"caption-attachment-11487\" class=\"wp-caption-text\">Charge: psdb.org.br<\/figcaption><\/figure>\n<p style=\"text-align: justify\">\u00a0 \u00a0 \u00a0 \u00a0 Soubessem os candidatos \u00e0 presid\u00eancia da Rep\u00fablica o tamanho das adversidades que ter\u00e3o pela frente ao herdar um pa\u00eds, literalmente falido, talvez pensariam duas vezes antes de se lan\u00e7ar em campanha. 2019 ser\u00e1, na previs\u00e3o de todos os economistas, um ano ainda mais complicado para as finan\u00e7as p\u00fablicas.\u00a0 Mesmo a tradicional boa vontade com que a popula\u00e7\u00e3o, normalmente, recebe os rec\u00e9m-chegados ao poder, poder\u00e1 sofrer um rev\u00e9s. Problemas represados, e que tomaram volume surpreendente no governo anterior de Dilma\/Temer, amea\u00e7am romper em avalanche, tornando nebulosas todas e quaisquer previs\u00f5es para a economia do pa\u00eds, n\u00e3o apenas no pr\u00f3ximo ano, mas ao longo de todo o mandato do pr\u00f3ximo chefe do Executivo, seja ele quem for.<\/p>\n<p style=\"text-align: justify\">\u00a0 \u00a0 \u00a0 \u00a0 \u00a0Para piorar uma situa\u00e7\u00e3o que em si j\u00e1 ser\u00e1 ruim, os impactos profundos deixados pela greve dos caminhoneiros n\u00e3o est\u00e3o, nem de longe, amainadas, quer pelas concess\u00f5es feitas pelo governo para a categoria, que muitos consideram absurdas, quer pelos preju\u00edzos imensos que essa paralisa\u00e7\u00e3o causou para a economia do pa\u00eds e que ainda n\u00e3o foram devidamente contabilizadas. Surpreende que, diante de um cen\u00e1rio de crise dessa magnitude, os parlamentares, de olho apenas no horizonte das pr\u00f3ximas elei\u00e7\u00f5es, tenham ainda aprovado, em toque de caixa, uma s\u00e9rie de projetos (pauta bomba) que aumentar\u00e3o significativamente as despesas do Tesouro em 2019.<\/p>\n<p style=\"text-align: justify\">\u00a0\u00a0\u00a0\u00a0\u00a0\u00a0\u00a0\u00a0 Est\u00e3o formadas, portanto, todas as condi\u00e7\u00f5es necess\u00e1rias para o desabamento da tempestade perfeita no pr\u00f3ximo ano, isso, apenas com rela\u00e7\u00e3o ao cen\u00e1rio econ\u00f4mico. Pela proje\u00e7\u00e3o do pr\u00f3prio Tesouro, o buraco estimado para o pr\u00f3ximo ano ser\u00e1 de R$ 260 bilh\u00f5es. O problema com n\u00fameros e porcentuais \u00e9 que eles, quando verbalizados pela boca dos pol\u00edticos, adquirem uma roupagem que conseguem esconder a realidade dos fatos e passam a ser apresentados como heran\u00e7as do passado que ser\u00e3o, milagrosamente, resolvidas no porvir, quer pelo voluntarismo, quer por medidas irrealistas que acabar\u00e3o resultando em novos e incontorn\u00e1veis problemas.<\/p>\n<p style=\"text-align: justify\">\u00a0\u00a0\u00a0\u00a0\u00a0\u00a0\u00a0\u00a0 Ajudaria muito se o Congresso, mesmo mantendo sua autonomia, atuasse em fina sintonia com o Executivo, principalmente com rela\u00e7\u00e3o \u00e0 severidade e a conten\u00e7\u00e3o de despesas. Mas no imenso balc\u00e3o de neg\u00f3cios em que se transformou o Legislativo, desde a retomada da democracia, esperar por medidas desse tipo \u00e9 uma aposta v\u00e3.<\/p>\n<p style=\"text-align: justify\">\u00a0\u00a0\u00a0\u00a0\u00a0\u00a0\u00a0\u00a0 A quest\u00e3o se torna ainda mais preocupante quando se observa que, de todos os candidatos que est\u00e3o a\u00ed em disputa, o ex-governador de S\u00e3o Paulo, Geraldo Alckmin, parece ser o \u00fanico que conhece a fundo a realidade dos n\u00fameros e, portanto, possui posi\u00e7\u00e3o consciente sobre a situa\u00e7\u00e3o do pa\u00eds, e talvez por isso mesmo continue patinando nas pesquisas de inten\u00e7\u00e3o de voto.<\/p>\n<p style=\"text-align: justify\">\u00a0\u00a0\u00a0\u00a0\u00a0\u00a0\u00a0\u00a0\u00a0 \u00c9 como se o eleitor evitasse o choque de realidade que ter\u00e1 que acontecer, depois de tantos anos saboreando ilus\u00f5es. Mas a\u00ed \u00e9 outra hist\u00f3ria. De toda a forma caber\u00e1 aos eleitores decidir que futuro querem para o pa\u00eds.<\/p>\n<p style=\"text-align: justify\"><strong>A frase que foi pronunciada:<\/strong><\/p>\n<p style=\"text-align: justify\"><em>\u201c\u00c9 disso que os chilenos s\u00e3o feitos: for\u00e7a, amor, solidariedade; e haver\u00e1 alguns casos que n\u00e3o s\u00e3o assim, mas estou convencida e tenho visto isso todos esses dias e, durante toda a minha vida, sei do que os chilenos s\u00e3o feitos.&#8221;<\/em><\/p>\n<p style=\"text-align: justify\">Michelle Bachelet<\/p>\n<p style=\"text-align: justify\"><strong>Granja do Torto<\/strong><\/p>\n<p style=\"text-align: justify\">Come\u00e7a na pr\u00f3xima semana a 15\u00aa edi\u00e7\u00e3o do Bras\u00edlia Capital Moto Week. Do dia 19 ao dia 28, a cidade visitar\u00e1 a Granja do Torto para saborear comidas t\u00edpicas e diversas atra\u00e7\u00f5es musicais. Dessa vez, a\u00e7\u00f5es de sustentabilidade e a presen\u00e7a feminina ser\u00e3o destaque. Nesta edi\u00e7\u00e3o s\u00e3o esperadas 680 mil pessoas, 300 mil motos e 1.704 moto clubes do Brasil e de pa\u00edses como Estados Unidos, Canad\u00e1, M\u00e9xico, Espanha e Irlanda.<\/p>\n<p>https:\/\/www.facebook.com\/brasiliacapitalmotoweek\/videos\/1819313051478658\/<\/p>\n<p style=\"text-align: justify\">\n<p style=\"text-align: justify\"><strong>Droga<\/strong><\/p>\n<p style=\"text-align: justify\">Um consumidor desconfiado ligou para a pol\u00edcia civil sobre a venda de rem\u00e9dios para emagrecimento. A droga era acrescida de subst\u00e2ncia psicotr\u00f3pica, causando depend\u00eancia e depress\u00e3o. A Opera\u00e7\u00e3o Termog\u00eanico apreendeu 210 frascos de clobenzorex e 106 de anabolizantes. O valor vendido por cada produto \u00e9 equivalente \u00e0 R$ 180.<\/p>\n<p style=\"text-align: justify\"><strong>\u00a0<\/strong><\/p>\n<p style=\"text-align: justify\"><strong>Atendimento<\/strong><\/p>\n<p style=\"text-align: justify\">Tem muita gente satisfeita com o Programa Sa\u00fade da Fam\u00edlia. O secret\u00e1rio-adjunto de Assist\u00eancia \u00e0 Sa\u00fade da Secretaria de Sa\u00fade do Distrito Federal, Daniel Seabra, diz que o programa n\u00e3o est\u00e1 restrito \u00e0s \u00e1reas rurais. Qualquer pessoa pode ter acesso ao servi\u00e7o que est\u00e1 dispon\u00edvel em hospitais p\u00fablicos e postos de sa\u00fade em todo Brasil.<\/p>\n<figure id=\"attachment_11485\" aria-describedby=\"caption-attachment-11485\" style=\"width: 470px\" class=\"wp-caption aligncenter\"><img loading=\"lazy\" decoding=\"async\" class=\" wp-image-11485\" src=\"https:\/\/blogs.correiobraziliense.com.br\/aricunha\/wp-content\/uploads\/sites\/13\/2018\/07\/Sa\u00fade-da-Familia.jpg\" alt=\"Imagem: cosemssp.org.b\" width=\"470\" height=\"322\" srcset=\"https:\/\/blogs.correiobraziliense.com.br\/aricunha\/wp-content\/uploads\/sites\/13\/2018\/07\/Sa\u00fade-da-Familia.jpg 400w, https:\/\/blogs.correiobraziliense.com.br\/aricunha\/wp-content\/uploads\/sites\/13\/2018\/07\/Sa\u00fade-da-Familia-300x206.jpg 300w, https:\/\/blogs.correiobraziliense.com.br\/aricunha\/wp-content\/uploads\/sites\/13\/2018\/07\/Sa\u00fade-da-Familia-350x240.jpg 350w, https:\/\/blogs.correiobraziliense.com.br\/aricunha\/wp-content\/uploads\/sites\/13\/2018\/07\/Sa\u00fade-da-Familia-230x158.jpg 230w\" sizes=\"auto, (max-width: 470px) 100vw, 470px\" \/><figcaption id=\"caption-attachment-11485\" class=\"wp-caption-text\">Imagem: cosemssp.org.b<\/figcaption><\/figure>\n<p style=\"text-align: justify\"><strong>\u00a0<\/strong><\/p>\n<p style=\"text-align: justify\"><strong>Festival de M\u00fasica<\/strong><\/p>\n<p style=\"text-align: justify\">Um grande concurso, com pouca publicidade, traz novas can\u00e7\u00f5es para o gosto popular. Festival de M\u00fasica R\u00e1dio MEC tem investido na proposta que j\u00e1 tem ganhadores aguardando a vota\u00e7\u00e3o, por um m\u00eas, pela Internet, a partir de 24 de agosto. Os tr\u00eas primeiros lugares: Amor sem fim, de Rodrigo Moreno \/ Douglas Malharo canta Disseram\/ e Deborah Levy, Sacha Leite e Vidal Assis cantam Lua e Sol.<\/p>\n<p style=\"text-align: justify\"><strong>Absurdo<\/strong><\/p>\n<p style=\"text-align: justify\">Depois de receber a orienta\u00e7\u00e3o da ouvidoria do DFTrans (30420419), a passageira foi at\u00e9 a Rodovi\u00e1ria, entrou na longa fila para fazer o Bilhete \u00danico para a m\u00e3e. As informa\u00e7\u00f5es dadas conferem com o que diz o portal. Como n\u00e3o h\u00e1 identifica\u00e7\u00e3o alguma no cart\u00e3o, bastava levar a identidade, CPF e R$10 para colocar o primeiro valor. Ao chegar no guich\u00ea 3, a informa\u00e7\u00e3o dada pela Loyane foi diferente. N\u00e3o era poss\u00edvel fazer o cart\u00e3o do Bilhete \u00danico para terceiros. Nenhum supervisor para esclarecer o desencontro de informa\u00e7\u00f5es. Falta de respeito total ao cidad\u00e3o.<\/p>\n<figure id=\"attachment_11483\" aria-describedby=\"caption-attachment-11483\" style=\"width: 392px\" class=\"wp-caption aligncenter\"><img loading=\"lazy\" decoding=\"async\" class=\" wp-image-11483\" src=\"https:\/\/blogs.correiobraziliense.com.br\/aricunha\/wp-content\/uploads\/sites\/13\/2018\/07\/cid-frente-300x193.jpg\" alt=\"Imagem: bilheteunicodebrasilia.df.gov.br\" width=\"392\" height=\"252\" srcset=\"https:\/\/blogs.correiobraziliense.com.br\/aricunha\/wp-content\/uploads\/sites\/13\/2018\/07\/cid-frente-300x193.jpg 300w, https:\/\/blogs.correiobraziliense.com.br\/aricunha\/wp-content\/uploads\/sites\/13\/2018\/07\/cid-frente-300x193-230x148.jpg 230w\" sizes=\"auto, (max-width: 392px) 100vw, 392px\" \/><figcaption id=\"caption-attachment-11483\" class=\"wp-caption-text\">Imagem: bilheteunicodebrasilia.df.gov.br<\/figcaption><\/figure>\n<p>&nbsp;<\/p>\n<figure id=\"attachment_11484\" aria-describedby=\"caption-attachment-11484\" style=\"width: 646px\" class=\"wp-caption aligncenter\"><img loading=\"lazy\" decoding=\"async\" class=\" wp-image-11484\" src=\"https:\/\/blogs.correiobraziliense.com.br\/aricunha\/wp-content\/uploads\/sites\/13\/2018\/07\/Capturar-2.jpg\" alt=\"Imagem: dftrans.df.gov.br (captura de tela)\" width=\"646\" height=\"460\" srcset=\"https:\/\/blogs.correiobraziliense.com.br\/aricunha\/wp-content\/uploads\/sites\/13\/2018\/07\/Capturar-2.jpg 910w, https:\/\/blogs.correiobraziliense.com.br\/aricunha\/wp-content\/uploads\/sites\/13\/2018\/07\/Capturar-2-300x214.jpg 300w, https:\/\/blogs.correiobraziliense.com.br\/aricunha\/wp-content\/uploads\/sites\/13\/2018\/07\/Capturar-2-768x547.jpg 768w, https:\/\/blogs.correiobraziliense.com.br\/aricunha\/wp-content\/uploads\/sites\/13\/2018\/07\/Capturar-2-350x249.jpg 350w, https:\/\/blogs.correiobraziliense.com.br\/aricunha\/wp-content\/uploads\/sites\/13\/2018\/07\/Capturar-2-550x392.jpg 550w, https:\/\/blogs.correiobraziliense.com.br\/aricunha\/wp-content\/uploads\/sites\/13\/2018\/07\/Capturar-2-230x164.jpg 230w\" sizes=\"auto, (max-width: 646px) 100vw, 646px\" \/><figcaption id=\"caption-attachment-11484\" class=\"wp-caption-text\">Imagem: dftrans.df.gov.br (captura de tela)<\/figcaption><\/figure>\n<p style=\"text-align: justify\"><strong>Sem sentido<\/strong><\/p>\n<p style=\"text-align: justify\">Na Plataforma Superior da Rodovi\u00e1ria do Plano Piloto \u00e9 uma verdadeira aventura pegar \u00f4nibus. A total falta de informa\u00e7\u00f5es deixa os passageiros correndo de uma parada para outra. N\u00e3o h\u00e1 l\u00f3gica! \u00d4nibus de diferentes destinos param em pontos distintos mesmo passando por todas as paradas.<\/p>\n<figure id=\"attachment_11482\" aria-describedby=\"caption-attachment-11482\" style=\"width: 601px\" class=\"wp-caption aligncenter\"><img loading=\"lazy\" decoding=\"async\" class=\" wp-image-11482\" src=\"https:\/\/blogs.correiobraziliense.com.br\/aricunha\/wp-content\/uploads\/sites\/13\/2018\/07\/Rodovi\u00e1ria_do_Plano_Piloto-1-1.jpg\" alt=\"Foto: Wikip\u00e9dia.org\" width=\"601\" height=\"400\" srcset=\"https:\/\/blogs.correiobraziliense.com.br\/aricunha\/wp-content\/uploads\/sites\/13\/2018\/07\/Rodovi\u00e1ria_do_Plano_Piloto-1-1.jpg 1530w, https:\/\/blogs.correiobraziliense.com.br\/aricunha\/wp-content\/uploads\/sites\/13\/2018\/07\/Rodovi\u00e1ria_do_Plano_Piloto-1-1-300x200.jpg 300w, https:\/\/blogs.correiobraziliense.com.br\/aricunha\/wp-content\/uploads\/sites\/13\/2018\/07\/Rodovi\u00e1ria_do_Plano_Piloto-1-1-768x512.jpg 768w, https:\/\/blogs.correiobraziliense.com.br\/aricunha\/wp-content\/uploads\/sites\/13\/2018\/07\/Rodovi\u00e1ria_do_Plano_Piloto-1-1-1024x683.jpg 1024w, https:\/\/blogs.correiobraziliense.com.br\/aricunha\/wp-content\/uploads\/sites\/13\/2018\/07\/Rodovi\u00e1ria_do_Plano_Piloto-1-1-350x233.jpg 350w, https:\/\/blogs.correiobraziliense.com.br\/aricunha\/wp-content\/uploads\/sites\/13\/2018\/07\/Rodovi\u00e1ria_do_Plano_Piloto-1-1-1440x960.jpg 1440w, https:\/\/blogs.correiobraziliense.com.br\/aricunha\/wp-content\/uploads\/sites\/13\/2018\/07\/Rodovi\u00e1ria_do_Plano_Piloto-1-1-550x367.jpg 550w, https:\/\/blogs.correiobraziliense.com.br\/aricunha\/wp-content\/uploads\/sites\/13\/2018\/07\/Rodovi\u00e1ria_do_Plano_Piloto-1-1-230x153.jpg 230w\" sizes=\"auto, (max-width: 601px) 100vw, 601px\" \/><figcaption id=\"caption-attachment-11482\" class=\"wp-caption-text\">Foto: Wikip\u00e9dia.org<\/figcaption><\/figure>\n<p style=\"text-align: justify\"><strong>HIST\u00d3RIA DE BRAS\u00cdLIA<\/strong><\/p>\n<p style=\"text-align: justify\">Est\u00e1 havendo moraliza\u00e7\u00e3o, mesmo, na quest\u00e3o do uso de apartamentos. As autoridades est\u00e3o encontrando irregularidades tremendas, inclusive de funcion\u00e1rios vivendo \u00e0 custa de alugu\u00e9is alt\u00edssimos. <strong>(Publicado em 25.10.1961)<\/strong><\/p>\n","protected":false},"excerpt":{"rendered":"<p>ARI CUNHA Visto, lido e ouvido Desde 1960 com Circe Cunha e Mamfil colunadoaricunha@gmail.com; \u00a0 \u00a0 \u00a0 \u00a0 Soubessem os candidatos \u00e0 presid\u00eancia da Rep\u00fablica o tamanho das adversidades que ter\u00e3o pela frente ao herdar um pa\u00eds, literalmente falido, talvez pensariam duas vezes antes de se lan\u00e7ar em campanha. 2019 ser\u00e1, na previs\u00e3o de todos os economistas, um ano ainda [&hellip;]<\/p>\n","protected":false},"author":34,"featured_media":11487,"comment_status":"open","ping_status":"open","sticky":false,"template":"","format":"standard","meta":{"footnotes":""},"categories":[23],"tags":[495,492,494,493,127,498,316,114,496,261,497,68,2,69,16],"class_list":["post-11480","post","type-post","status-publish","format-standard","has-post-thumbnail","hentry","category-integra","tag-brasiliacapitalmotoweek","tag-candidatosapresiidenciadarepublica","tag-criseeconomica","tag-economiabrasileira","tag-eleicoes2018","tag-festivaldemusicaradiomec","tag-governonobrasil","tag-historiadebrasilia","tag-operacaotermogenico","tag-politicanobrasil","tag-programasaudefamilia","tag-aricunha","tag-brasilia","tag-circecunha","tag-mamfil"],"_links":{"self":[{"href":"https:\/\/blogs.correiobraziliense.com.br\/aricunha\/wp-json\/wp\/v2\/posts\/11480","targetHints":{"allow":["GET"]}}],"collection":[{"href":"https:\/\/blogs.correiobraziliense.com.br\/aricunha\/wp-json\/wp\/v2\/posts"}],"about":[{"href":"https:\/\/blogs.correiobraziliense.com.br\/aricunha\/wp-json\/wp\/v2\/types\/post"}],"author":[{"embeddable":true,"href":"https:\/\/blogs.correiobraziliense.com.br\/aricunha\/wp-json\/wp\/v2\/users\/34"}],"replies":[{"embeddable":true,"href":"https:\/\/blogs.correiobraziliense.com.br\/aricunha\/wp-json\/wp\/v2\/comments?post=11480"}],"version-history":[{"count":5,"href":"https:\/\/blogs.correiobraziliense.com.br\/aricunha\/wp-json\/wp\/v2\/posts\/11480\/revisions"}],"predecessor-version":[{"id":11490,"href":"https:\/\/blogs.correiobraziliense.com.br\/aricunha\/wp-json\/wp\/v2\/posts\/11480\/revisions\/11490"}],"wp:featuredmedia":[{"embeddable":true,"href":"https:\/\/blogs.correiobraziliense.com.br\/aricunha\/wp-json\/wp\/v2\/media\/11487"}],"wp:attachment":[{"href":"https:\/\/blogs.correiobraziliense.com.br\/aricunha\/wp-json\/wp\/v2\/media?parent=11480"}],"wp:term":[{"taxonomy":"category","embeddable":true,"href":"https:\/\/blogs.correiobraziliense.com.br\/aricunha\/wp-json\/wp\/v2\/categories?post=11480"},{"taxonomy":"post_tag","embeddable":true,"href":"https:\/\/blogs.correiobraziliense.com.br\/aricunha\/wp-json\/wp\/v2\/tags?post=11480"}],"curies":[{"name":"wp","href":"https:\/\/api.w.org\/{rel}","templated":true}]}}