{"id":11386,"date":"2018-07-04T17:37:47","date_gmt":"2018-07-04T20:37:47","guid":{"rendered":"https:\/\/blogs.correiobraziliense.com.br\/aricunha\/?p=11386"},"modified":"2018-07-04T17:37:47","modified_gmt":"2018-07-04T20:37:47","slug":"cobranca-de-royalties-sobre-sementes-compromete-soberania-de-nossa-agricultura","status":"publish","type":"post","link":"https:\/\/blogs.correiobraziliense.com.br\/aricunha\/cobranca-de-royalties-sobre-sementes-compromete-soberania-de-nossa-agricultura\/","title":{"rendered":"Cobran\u00e7a de royalties sobre sementes  compromete soberania de nossa agricultura"},"content":{"rendered":"<p style=\"text-align: justify\">ARI CUNHA<\/p>\n<p style=\"text-align: justify\">Visto, lido e ouvido<\/p>\n<p style=\"text-align: justify\">Desde 1960<\/p>\n<p style=\"text-align: justify\">com Circe Cunha e Mamfil<\/p>\n<p style=\"text-align: justify\">colunadoaricunha@gmail.com;<\/p>\n<figure id=\"attachment_11398\" aria-describedby=\"caption-attachment-11398\" style=\"width: 688px\" class=\"wp-caption aligncenter\"><img loading=\"lazy\" decoding=\"async\" class=\"size-full wp-image-11398\" src=\"https:\/\/blogs.correiobraziliense.com.br\/aricunha\/wp-content\/uploads\/sites\/13\/2018\/07\/ChargeBessinha_BancadaruralistaCongresso.jpg\" alt=\"Charge: marcelodamico.com\" width=\"688\" height=\"299\" srcset=\"https:\/\/blogs.correiobraziliense.com.br\/aricunha\/wp-content\/uploads\/sites\/13\/2018\/07\/ChargeBessinha_BancadaruralistaCongresso.jpg 688w, https:\/\/blogs.correiobraziliense.com.br\/aricunha\/wp-content\/uploads\/sites\/13\/2018\/07\/ChargeBessinha_BancadaruralistaCongresso-300x130.jpg 300w, https:\/\/blogs.correiobraziliense.com.br\/aricunha\/wp-content\/uploads\/sites\/13\/2018\/07\/ChargeBessinha_BancadaruralistaCongresso-350x152.jpg 350w, https:\/\/blogs.correiobraziliense.com.br\/aricunha\/wp-content\/uploads\/sites\/13\/2018\/07\/ChargeBessinha_BancadaruralistaCongresso-550x239.jpg 550w, https:\/\/blogs.correiobraziliense.com.br\/aricunha\/wp-content\/uploads\/sites\/13\/2018\/07\/ChargeBessinha_BancadaruralistaCongresso-230x100.jpg 230w\" sizes=\"auto, (max-width: 688px) 100vw, 688px\" \/><figcaption id=\"caption-attachment-11398\" class=\"wp-caption-text\">Charge: Bessinha (marcelodamico.com)<\/figcaption><\/figure>\n<p style=\"text-align: justify\">\u00a0 \u00a0 \u00a0 \u00a0 \u00a0Karl Kraus, considerado um dos maiores escritores sat\u00edricos da l\u00edngua alem\u00e3 no s\u00e9culo XX, costumava dizer que o progresso t\u00e9cnico deixaria apenas um problema: a fragilidade da natureza humana. \u00c9 dele tamb\u00e9m outra frase que traduz a natureza amb\u00edgua do desenvolvimento humano: o progresso \u00e9 o avan\u00e7o inevit\u00e1vel da poeira.<\/p>\n<p style=\"text-align: justify\">\u00a0\u00a0\u00a0\u00a0\u00a0\u00a0\u00a0\u00a0 No caso espec\u00edfico dos progressos t\u00e9cnicos obtidos por nossa agricultura e a consequente transforma\u00e7\u00e3o do pa\u00eds num dos maiores produtores agr\u00edcolas do planeta, o que se pode aferir dessa revolu\u00e7\u00e3o, at\u00e9 o momento, \u00e9 que esses avan\u00e7os, ao mesmo tempo em que t\u00eam gerado grandes fortunas para os propriet\u00e1rios desses latif\u00fandios de monocultura, t\u00eam produzido, como subproduto direto, a destrui\u00e7\u00e3o da cobertura natural de milh\u00f5es de hectares, o assoreamento de rios, a contamina\u00e7\u00e3o e o esgotamento do solo, al\u00e9m, \u00e9 claro, do envenenamento progressivo dos consumidores.<\/p>\n<p style=\"text-align: justify\">\u00a0 \u00a0 \u00a0 \u00a0 \u00a0O pre\u00e7o a ser pago pela gera\u00e7\u00e3o instant\u00e2nea de grandes capitais \u00e9 infinitamente maior do que quaisquer lucros imediatos, sendo que os juros dessa d\u00edvida imensa ser\u00e3o cobrados, de forma cruel, de gera\u00e7\u00f5es futuras.<\/p>\n<p style=\"text-align: justify\">\u00a0 \u00a0 \u00a0 \u00a0Depois da aprova\u00e7\u00e3o do pacote do veneno e da proibi\u00e7\u00e3o da venda de produtos org\u00e2nicos em supermercado, como forma de restringir e encarecer esse tipo de produto, tornando a concorr\u00eancia com os produtos oriundos do agroneg\u00f3cio imposs\u00edvel, as investidas desse poderoso setor, apoiado pela bancada ruralista, prosseguem de forma sistem\u00e1tica.<\/p>\n<figure id=\"attachment_11399\" aria-describedby=\"caption-attachment-11399\" style=\"width: 280px\" class=\"wp-caption alignleft\"><img loading=\"lazy\" decoding=\"async\" class=\"size-full wp-image-11399\" src=\"https:\/\/blogs.correiobraziliense.com.br\/aricunha\/wp-content\/uploads\/sites\/13\/2018\/07\/charge_ruralista.jpeg\" alt=\"Charge: asabrasil.org.br\" width=\"280\" height=\"212\" srcset=\"https:\/\/blogs.correiobraziliense.com.br\/aricunha\/wp-content\/uploads\/sites\/13\/2018\/07\/charge_ruralista.jpeg 280w, https:\/\/blogs.correiobraziliense.com.br\/aricunha\/wp-content\/uploads\/sites\/13\/2018\/07\/charge_ruralista-230x174.jpeg 230w\" sizes=\"auto, (max-width: 280px) 100vw, 280px\" \/><figcaption id=\"caption-attachment-11399\" class=\"wp-caption-text\">Charge: asabrasil.org.br<\/figcaption><\/figure>\n<p style=\"text-align: justify\">\u00a0 \u00a0 \u00a0 \u00a0 Trata-se de parte de uma grande estrat\u00e9gia que vem sendo meticulosamente montada pelas grandes corpora\u00e7\u00f5es transnacionais que operam no setor e que enxergam, em nosso pa\u00eds, possibilidades de lucros extremamente maiores do que os obtidos pelos grandes produtores nacionais.<\/p>\n<p style=\"text-align: justify\">\u00a0 \u00a0 \u00a0 Nessa nova investida, o alvo seria, segundo quem acompanha o assunto de perto, a Empresa Brasileira de Agropecu\u00e1ria (Embrapa), por meio do Projeto de Lei 5.243\/2016, criando a EmbrapaTec, que abriria \u00e0 iniciativa desses grandes aglomerados o patrim\u00f4nio gen\u00e9tico desenvolvido por essa empresa ao longo de mais de quatro d\u00e9cadas de pesquisa.<\/p>\n<p style=\"text-align: justify\">\u00a0 \u00a0 \u00a0 \u00a0Ao mesmo tempo em que se assiste a essa tomada de controle de nossa agricultura por poderosas empresas multinacionais em conluio com a bancada do agroneg\u00f3cio, outros projetos, feitos sob medida para esse intento, v\u00e3o sendo costurados um a um, visando transformar radicalmente a agricultura brasileira numa esp\u00e9cie de col\u00f4nia baseada no sistema de plantation.<\/p>\n<p style=\"text-align: justify\">\u00a0 \u00a0 \u00a0 \u00a0Merece destaque aqui tamb\u00e9m o, que obriga o pagamento de royalties aos propriet\u00e1rios intelectuais das sementes denominadas cultivares, passando para as grandes empresas o controle sobre o uso de sementes, plantas e mudas modificadas, obrigando o agricultor tradicional a utilizar tamb\u00e9m os agrot\u00f3xicos produzidos por esses grandes conglomerados. Para os especialistas ouvidos sobre o assunto, a proposta representa uma amea\u00e7a n\u00e3o s\u00f3 a seguran\u00e7a alimentar, mas a seguran\u00e7a e soberania nacional do pa\u00eds, ampliando o controle e o dom\u00ednio delas na pr\u00f3pria pol\u00edtica da agricultura brasileira.<\/p>\n<p style=\"text-align: justify\">\u00a0 \u00a0 \u00a0 \u00a0 Depois de epis\u00f3dios como o mensal\u00e3o, que comprovou a venda de apoio para as propostas de governo, chega a vez da venda tamb\u00e9m dos direitos que os brasileiros possuem sobre o p\u00e3o de cada dia.<\/p>\n<p style=\"text-align: justify\"><strong>A frase que foi pronunciada:<\/strong><\/p>\n<p style=\"text-align: justify\"><em>\u201cN\u00f3s n\u00e3o herdamos a Terra de nossos antecessores, n\u00f3s a pegamos emprestada de nossas crian\u00e7as.\u201d<\/em><\/p>\n<p style=\"text-align: justify\">Prov\u00e9rbio \u00cdndio Americano<\/p>\n<figure id=\"attachment_11396\" aria-describedby=\"caption-attachment-11396\" style=\"width: 499px\" class=\"wp-caption aligncenter\"><img loading=\"lazy\" decoding=\"async\" class=\" wp-image-11396\" src=\"https:\/\/blogs.correiobraziliense.com.br\/aricunha\/wp-content\/uploads\/sites\/13\/2018\/07\/image002.gif\" alt=\"Charge: geolibertaria2.blogspot.com\" width=\"499\" height=\"304\" \/><figcaption id=\"caption-attachment-11396\" class=\"wp-caption-text\">Charge: geolibertaria2.blogspot.com<\/figcaption><\/figure>\n<p style=\"text-align: justify\"><strong>D\u00edvida<\/strong><\/p>\n<p style=\"text-align: justify\">Quem nos envia o convite \u00e9 Maria Lucia Fattorelli. Est\u00e1 pronta a programa\u00e7\u00e3o do 1\u00ba Encontro Mineiro sobre D\u00edvida Ecol\u00f3gica. Ser\u00e1 no dia 19 desse m\u00eas, das 8h \u00e0s 17h, no audit\u00f3rio da AFFEMG, na Savassi, em Belo Horizonte. Mais informa\u00e7\u00f5es no blog do Ari Cunha.<br \/>\n<img loading=\"lazy\" decoding=\"async\" class=\"alignnone size-full wp-image-11390 aligncenter\" src=\"https:\/\/blogs.correiobraziliense.com.br\/aricunha\/wp-content\/uploads\/sites\/13\/2018\/07\/WhatsApp-Image-2018-07-04-at-15.12.47.jpeg\" alt=\"WhatsApp Image 2018-07-04 at 15.12.47\" width=\"540\" height=\"360\" srcset=\"https:\/\/blogs.correiobraziliense.com.br\/aricunha\/wp-content\/uploads\/sites\/13\/2018\/07\/WhatsApp-Image-2018-07-04-at-15.12.47.jpeg 540w, https:\/\/blogs.correiobraziliense.com.br\/aricunha\/wp-content\/uploads\/sites\/13\/2018\/07\/WhatsApp-Image-2018-07-04-at-15.12.47-300x200.jpeg 300w, https:\/\/blogs.correiobraziliense.com.br\/aricunha\/wp-content\/uploads\/sites\/13\/2018\/07\/WhatsApp-Image-2018-07-04-at-15.12.47-350x233.jpeg 350w, https:\/\/blogs.correiobraziliense.com.br\/aricunha\/wp-content\/uploads\/sites\/13\/2018\/07\/WhatsApp-Image-2018-07-04-at-15.12.47-230x153.jpeg 230w\" sizes=\"auto, (max-width: 540px) 100vw, 540px\" \/><\/p>\n<p style=\"text-align: justify\"><img loading=\"lazy\" decoding=\"async\" class=\"alignnone size-full wp-image-11389 aligncenter\" src=\"https:\/\/blogs.correiobraziliense.com.br\/aricunha\/wp-content\/uploads\/sites\/13\/2018\/07\/WhatsApp-Image-2018-07-04-at-15.12.47-1.jpeg\" alt=\"WhatsApp Image 2018-07-04 at 15.12.47 (1)\" width=\"540\" height=\"360\" srcset=\"https:\/\/blogs.correiobraziliense.com.br\/aricunha\/wp-content\/uploads\/sites\/13\/2018\/07\/WhatsApp-Image-2018-07-04-at-15.12.47-1.jpeg 540w, https:\/\/blogs.correiobraziliense.com.br\/aricunha\/wp-content\/uploads\/sites\/13\/2018\/07\/WhatsApp-Image-2018-07-04-at-15.12.47-1-300x200.jpeg 300w, https:\/\/blogs.correiobraziliense.com.br\/aricunha\/wp-content\/uploads\/sites\/13\/2018\/07\/WhatsApp-Image-2018-07-04-at-15.12.47-1-350x233.jpeg 350w, https:\/\/blogs.correiobraziliense.com.br\/aricunha\/wp-content\/uploads\/sites\/13\/2018\/07\/WhatsApp-Image-2018-07-04-at-15.12.47-1-230x153.jpeg 230w\" sizes=\"auto, (max-width: 540px) 100vw, 540px\" \/><\/p>\n<p style=\"text-align: justify\"><strong>Assistam<\/strong><\/p>\n<p style=\"text-align: justify\">\u00c9 poss\u00edvel pedir na TV C\u00e2mara o debate sobre o Pacote do Veneno, com Rog\u00e9rio Dias, ex-coordenador de Agroecologia do Minist\u00e9rio da Agricultura.<\/p>\n<p><iframe loading=\"lazy\" title=\"Mudan\u00e7a na lei dos agrot\u00f3xicos divide opini\u00f5es na C\u00e2mara | 14\/05\/2018\" width=\"1440\" height=\"810\" src=\"https:\/\/www.youtube.com\/embed\/MCrQ7kDwZt0?feature=oembed\" frameborder=\"0\" allow=\"accelerometer; autoplay; clipboard-write; encrypted-media; gyroscope; picture-in-picture; web-share\" referrerpolicy=\"strict-origin-when-cross-origin\" allowfullscreen><\/iframe><\/p>\n<p style=\"text-align: justify\"><strong>UnB<\/strong><\/p>\n<p style=\"text-align: justify\">Depois de tanta discuss\u00e3o, foi decidido pelo Conselho de Administra\u00e7\u00e3o da UnB: a pol\u00edtica de subs\u00eddios ao Restaurante Universit\u00e1rio manter\u00e1 a gratuidade, em todas as refei\u00e7\u00f5es, para estudantes com renda familiar per capita de at\u00e9 um sal\u00e1rio m\u00ednimo e meio.<\/p>\n<figure id=\"attachment_11392\" aria-describedby=\"caption-attachment-11392\" style=\"width: 557px\" class=\"wp-caption aligncenter\"><img loading=\"lazy\" decoding=\"async\" class=\" wp-image-11392\" src=\"https:\/\/blogs.correiobraziliense.com.br\/aricunha\/wp-content\/uploads\/sites\/13\/2018\/07\/36604935_1818535304920447_5539615828736999424_n.jpg\" alt=\"Foto: facebook.com\/dce.unb\" width=\"557\" height=\"467\" srcset=\"https:\/\/blogs.correiobraziliense.com.br\/aricunha\/wp-content\/uploads\/sites\/13\/2018\/07\/36604935_1818535304920447_5539615828736999424_n.jpg 940w, https:\/\/blogs.correiobraziliense.com.br\/aricunha\/wp-content\/uploads\/sites\/13\/2018\/07\/36604935_1818535304920447_5539615828736999424_n-300x251.jpg 300w, https:\/\/blogs.correiobraziliense.com.br\/aricunha\/wp-content\/uploads\/sites\/13\/2018\/07\/36604935_1818535304920447_5539615828736999424_n-768x644.jpg 768w, https:\/\/blogs.correiobraziliense.com.br\/aricunha\/wp-content\/uploads\/sites\/13\/2018\/07\/36604935_1818535304920447_5539615828736999424_n-350x293.jpg 350w, https:\/\/blogs.correiobraziliense.com.br\/aricunha\/wp-content\/uploads\/sites\/13\/2018\/07\/36604935_1818535304920447_5539615828736999424_n-550x461.jpg 550w, https:\/\/blogs.correiobraziliense.com.br\/aricunha\/wp-content\/uploads\/sites\/13\/2018\/07\/36604935_1818535304920447_5539615828736999424_n-230x193.jpg 230w\" sizes=\"auto, (max-width: 557px) 100vw, 557px\" \/><figcaption id=\"caption-attachment-11392\" class=\"wp-caption-text\">Foto: facebook.com\/dce.unb<\/figcaption><\/figure>\n<p style=\"text-align: justify\"><strong>Aten\u00e7\u00e3o<\/strong><\/p>\n<p style=\"text-align: justify\">S\u00f3 at\u00e9 amanh\u00e3 as inscri\u00e7\u00f5es para o Programa Bras\u00edlia + Jovem Candango poder\u00e3o ser feitas. S\u00e3o 750 vagas. Quem tiver de 14 a 18 anos poder\u00e1 cursar o ensino fundamental ou m\u00e9dio na rede p\u00fablica ou ainda receber bolsa de estudos para a rede particular de ensino.<\/p>\n<figure id=\"attachment_11391\" aria-describedby=\"caption-attachment-11391\" style=\"width: 343px\" class=\"wp-caption aligncenter\"><img loading=\"lazy\" decoding=\"async\" class=\"size-full wp-image-11391\" src=\"https:\/\/blogs.correiobraziliense.com.br\/aricunha\/wp-content\/uploads\/sites\/13\/2018\/07\/o-programa.png\" alt=\"Foto: jovemcandango.org.br\" width=\"343\" height=\"343\" srcset=\"https:\/\/blogs.correiobraziliense.com.br\/aricunha\/wp-content\/uploads\/sites\/13\/2018\/07\/o-programa.png 343w, https:\/\/blogs.correiobraziliense.com.br\/aricunha\/wp-content\/uploads\/sites\/13\/2018\/07\/o-programa-150x150.png 150w, https:\/\/blogs.correiobraziliense.com.br\/aricunha\/wp-content\/uploads\/sites\/13\/2018\/07\/o-programa-300x300.png 300w, https:\/\/blogs.correiobraziliense.com.br\/aricunha\/wp-content\/uploads\/sites\/13\/2018\/07\/o-programa-230x230.png 230w\" sizes=\"auto, (max-width: 343px) 100vw, 343px\" \/><figcaption id=\"caption-attachment-11391\" class=\"wp-caption-text\">Foto: jovemcandango.org.br<\/figcaption><\/figure>\n<p style=\"text-align: justify\"><strong>CNB<\/strong><\/p>\n<p style=\"text-align: justify\">O primeiro shopping da cidade, que fica perto da Rodovi\u00e1ria, tem um sistema sensacional para os motoristas que preferirem proteger o carro. H\u00e1 um dispositivo mostrando o n\u00famero de vagas desocupadas, uma luz verde apontando para a vaga dispon\u00edvel, al\u00e9m de uma marca no ch\u00e3o estabelecendo o local onde apenas pedestres podem transitar. Em rela\u00e7\u00e3o aos outros shoppings, o pre\u00e7o \u00e9 bem mais em conta.<\/p>\n<figure id=\"attachment_11336\" aria-describedby=\"caption-attachment-11336\" style=\"width: 438px\" class=\"wp-caption aligncenter\"><img loading=\"lazy\" decoding=\"async\" class=\"size-full wp-image-11336\" src=\"https:\/\/blogs.correiobraziliense.com.br\/aricunha\/wp-content\/uploads\/sites\/13\/2018\/06\/Capturar-3.jpg\" alt=\"Foto: conjuntonacional.com.br\" width=\"438\" height=\"653\" srcset=\"https:\/\/blogs.correiobraziliense.com.br\/aricunha\/wp-content\/uploads\/sites\/13\/2018\/06\/Capturar-3.jpg 438w, https:\/\/blogs.correiobraziliense.com.br\/aricunha\/wp-content\/uploads\/sites\/13\/2018\/06\/Capturar-3-201x300.jpg 201w, https:\/\/blogs.correiobraziliense.com.br\/aricunha\/wp-content\/uploads\/sites\/13\/2018\/06\/Capturar-3-235x350.jpg 235w, https:\/\/blogs.correiobraziliense.com.br\/aricunha\/wp-content\/uploads\/sites\/13\/2018\/06\/Capturar-3-230x343.jpg 230w\" sizes=\"auto, (max-width: 438px) 100vw, 438px\" \/><figcaption id=\"caption-attachment-11336\" class=\"wp-caption-text\">Foto: conjuntonacional.com.br<\/figcaption><\/figure>\n<p style=\"text-align: justify\"><strong>HIST\u00d3RIA DE BRAS\u00cdLIA<\/strong><\/p>\n<p style=\"text-align: justify\">A oficina da Disbrave est\u00e1 situada no Setor Comercial Residencial, de maneira impr\u00f3pria. O servi\u00e7o de lanternagem \u00e9 feito no meio da rua, e, em muitos casos, o tr\u00e2nsito na W2 fica interrompido. <strong>(Publicado em 25.10.1961)<\/strong><\/p>\n","protected":false},"excerpt":{"rendered":"<p>ARI CUNHA Visto, lido e ouvido Desde 1960 com Circe Cunha e Mamfil colunadoaricunha@gmail.com; \u00a0 \u00a0 \u00a0 \u00a0 \u00a0Karl Kraus, considerado um dos maiores escritores sat\u00edricos da l\u00edngua alem\u00e3 no s\u00e9culo XX, costumava dizer que o progresso t\u00e9cnico deixaria apenas um problema: a fragilidade da natureza humana. \u00c9 dele tamb\u00e9m outra frase que traduz a natureza amb\u00edgua do desenvolvimento humano: [&hellip;]<\/p>\n","protected":false},"author":34,"featured_media":11398,"comment_status":"open","ping_status":"open","sticky":false,"template":"","format":"standard","meta":{"footnotes":""},"categories":[23],"tags":[435,441,354,430,434,114,426,437,440,439,432,436,438,68,2,69,16],"class_list":["post-11386","post","type-post","status-publish","format-standard","has-post-thumbnail","hentry","category-integra","tag-1oencontromineirosobredividaecologica","tag-agronegocionobrasil","tag-bancadaruralista","tag-embrapa","tag-embrapatec","tag-historiadebrasilia","tag-pacotedoveneno","tag-programabrasiliajovemcandango","tag-projetodelei5-2432016","tag-projetodelei8272015","tag-royaltiessobresementes","tag-ruunb","tag-shoppingconjuntonacional","tag-aricunha","tag-brasilia","tag-circecunha","tag-mamfil"],"_links":{"self":[{"href":"https:\/\/blogs.correiobraziliense.com.br\/aricunha\/wp-json\/wp\/v2\/posts\/11386","targetHints":{"allow":["GET"]}}],"collection":[{"href":"https:\/\/blogs.correiobraziliense.com.br\/aricunha\/wp-json\/wp\/v2\/posts"}],"about":[{"href":"https:\/\/blogs.correiobraziliense.com.br\/aricunha\/wp-json\/wp\/v2\/types\/post"}],"author":[{"embeddable":true,"href":"https:\/\/blogs.correiobraziliense.com.br\/aricunha\/wp-json\/wp\/v2\/users\/34"}],"replies":[{"embeddable":true,"href":"https:\/\/blogs.correiobraziliense.com.br\/aricunha\/wp-json\/wp\/v2\/comments?post=11386"}],"version-history":[{"count":7,"href":"https:\/\/blogs.correiobraziliense.com.br\/aricunha\/wp-json\/wp\/v2\/posts\/11386\/revisions"}],"predecessor-version":[{"id":11400,"href":"https:\/\/blogs.correiobraziliense.com.br\/aricunha\/wp-json\/wp\/v2\/posts\/11386\/revisions\/11400"}],"wp:featuredmedia":[{"embeddable":true,"href":"https:\/\/blogs.correiobraziliense.com.br\/aricunha\/wp-json\/wp\/v2\/media\/11398"}],"wp:attachment":[{"href":"https:\/\/blogs.correiobraziliense.com.br\/aricunha\/wp-json\/wp\/v2\/media?parent=11386"}],"wp:term":[{"taxonomy":"category","embeddable":true,"href":"https:\/\/blogs.correiobraziliense.com.br\/aricunha\/wp-json\/wp\/v2\/categories?post=11386"},{"taxonomy":"post_tag","embeddable":true,"href":"https:\/\/blogs.correiobraziliense.com.br\/aricunha\/wp-json\/wp\/v2\/tags?post=11386"}],"curies":[{"name":"wp","href":"https:\/\/api.w.org\/{rel}","templated":true}]}}