{"id":11355,"date":"2018-07-01T05:00:40","date_gmt":"2018-07-01T08:00:40","guid":{"rendered":"https:\/\/blogs.correiobraziliense.com.br\/aricunha\/?p=11355"},"modified":"2018-07-18T21:11:08","modified_gmt":"2018-07-19T00:11:08","slug":"cerrado-sem-o-c-de-conservacao-todo-o-resto-ira-dar-errado","status":"publish","type":"post","link":"https:\/\/blogs.correiobraziliense.com.br\/aricunha\/cerrado-sem-o-c-de-conservacao-todo-o-resto-ira-dar-errado\/","title":{"rendered":"Cerrado: Sem o C, de conserva\u00e7\u00e3o, todo o resto ir\u00e1 dar errado"},"content":{"rendered":"<p style=\"text-align: justify\">ARI CUNHA<\/p>\n<p style=\"text-align: justify\">Visto, lido e ouvido<\/p>\n<p style=\"text-align: justify\">Desde 1960<\/p>\n<p style=\"text-align: justify\">com Circe Cunha e Mamfil<\/p>\n<p style=\"text-align: justify\">colunadoaricunha@gmail.com;<\/p>\n<figure id=\"attachment_11368\" aria-describedby=\"caption-attachment-11368\" style=\"width: 657px\" class=\"wp-caption aligncenter\"><img loading=\"lazy\" decoding=\"async\" class=\" wp-image-11368\" src=\"https:\/\/blogs.correiobraziliense.com.br\/aricunha\/wp-content\/uploads\/sites\/13\/2018\/07\/20080080382_701fd5e421_z-1-1-1-1-1-1.jpg\" alt=\"Foto: df.gov.br\" width=\"657\" height=\"436\" srcset=\"https:\/\/blogs.correiobraziliense.com.br\/aricunha\/wp-content\/uploads\/sites\/13\/2018\/07\/20080080382_701fd5e421_z-1-1-1-1-1-1.jpg 640w, https:\/\/blogs.correiobraziliense.com.br\/aricunha\/wp-content\/uploads\/sites\/13\/2018\/07\/20080080382_701fd5e421_z-1-1-1-1-1-1-300x199.jpg 300w, https:\/\/blogs.correiobraziliense.com.br\/aricunha\/wp-content\/uploads\/sites\/13\/2018\/07\/20080080382_701fd5e421_z-1-1-1-1-1-1-350x232.jpg 350w, https:\/\/blogs.correiobraziliense.com.br\/aricunha\/wp-content\/uploads\/sites\/13\/2018\/07\/20080080382_701fd5e421_z-1-1-1-1-1-1-550x365.jpg 550w, https:\/\/blogs.correiobraziliense.com.br\/aricunha\/wp-content\/uploads\/sites\/13\/2018\/07\/20080080382_701fd5e421_z-1-1-1-1-1-1-230x153.jpg 230w\" sizes=\"auto, (max-width: 657px) 100vw, 657px\" \/><figcaption id=\"caption-attachment-11368\" class=\"wp-caption-text\">Foto: df.gov.br<\/figcaption><\/figure>\n<p style=\"text-align: justify\">\u00a0 \u00a0 \u00a0 \u00a0Transferir a capital de um pa\u00eds continental, deslocando a sede administrativa da rep\u00fablica de uma cidade j\u00e1 consolidada e internacionalmente conhecida, para uma \u00e1rea de Cerrado, distante mais de mil quil\u00f4metros para o interior, completamente desprovida de infraestrutura, foi de uma ousadia tamanha que dificilmente seria feita nos dias de hoje.<\/p>\n<p style=\"text-align: justify\">\u00a0\u00a0\u00a0\u00a0\u00a0\u00a0\u00a0\u00a0 At\u00e9 o mundo se espantou com nossa coragem, mandando seus rep\u00f3rteres para testemunhar aquela aventura louca e sem precedentes no mundo moderno e que tinha tudo para dar errado. Naquela ocasi\u00e3o, os motivos relevantes evocados para esse deslocamento de sede foi o da seguran\u00e7a nacional, que s\u00f3 seriam alcan\u00e7ados, de fato, com a integra\u00e7\u00e3o regional do Brasil e com a descentraliza\u00e7\u00e3o pol\u00edtica e administrativa do pa\u00eds.<\/p>\n<p style=\"text-align: justify\">\u00a0\u00a0\u00a0 \u00a0\u00a0\u00a0\u00a0\u00a0Para tanto, a sede do governo federal deveria estar situada num ponto equidistante geograficamente, tornando as decis\u00f5es de governo mais equilibradas, ao mesmo tempo em que se promovia o desenvolvimento da regi\u00e3o central do pa\u00eds, deixada \u00e0 pr\u00f3pria sorte desde o descobrimento.<\/p>\n<p style=\"text-align: justify\">\u00a0\u00a0\u00a0\u00a0\u00a0\u00a0\u00a0\u00a0 Vencida essa etapa preliminar, depois de superar cr\u00edticas e sabotagens vindas de todo o lado por aqueles que eram contr\u00e1rios \u00e0 ideia de transfer\u00eancia da capital, Bras\u00edlia foi consolidada, se firmando como a moderna capital de todos os brasileiros.<\/p>\n<p style=\"text-align: justify\">\u00a0 \u00a0 \u00a0 Passado mais de meio s\u00e9culo dessa epopeia, que repetia, na era moderna, o gesto de interioriza\u00e7\u00e3o dos Bandeirantes, permanece ainda aceso o alerta sobre a quest\u00e3o da seguran\u00e7a da capital, agora n\u00e3o mais por motivos de invas\u00e3o por tropas estrangeiras e outras raz\u00f5es de estrat\u00e9gias b\u00e9licas. A seguran\u00e7a hoje da capital, sua manuten\u00e7\u00e3o como sede do Poder central, encontra-se amea\u00e7ada por motivos internos e ainda muito mais graves do que aqueles imaginados no passado, quando o inimigo e suas inten\u00e7\u00f5es eram bem conhecidos.<\/p>\n<p style=\"text-align: justify\">\u00a0\u00a0\u00a0\u00a0\u00a0\u00a0\u00a0\u00a0 Hoje, o que amea\u00e7a a exist\u00eancia da capital \u00e9 um poderoso ex\u00e9rcito formado por enormes m\u00e1quinas agr\u00edcolas que j\u00e1 reduziu a poeira e cinzas nada menos do que metade do bioma do cerrado, transformados em imensos latif\u00fandios para o pastoreio e para o plantio de monoculturas para a exporta\u00e7\u00e3o. Os primeiros sinais dessa razia no campo cerrado j\u00e1 surgiram na forma de severa crise h\u00eddrica, que, por mais de um n\u00e3o, obrigou os moradores da capital a um inusitado racionamento no fornecimento de \u00e1gua tratada, fazendo com que o governo local buscasse alternativas emergenciais como o da capta\u00e7\u00e3o de \u00e1gua do Lago Parano\u00e1.<\/p>\n<p style=\"text-align: justify\">\u00a0 \u00a0 \u00a0 \u00a0 A destrui\u00e7\u00e3o cont\u00ednua de matas ciliares com suas nascentes, a retirada da cobertura natural j\u00e1 dizimaram metade do Cerrado, principalmente das \u00e1reas no entorno da capital. Dentro do quadril\u00e1tero, desenhado ainda no s\u00e9culo XIX pela Miss\u00e3o Cruls, a situa\u00e7\u00e3o tamb\u00e9m se repete. Naquela ocasi\u00e3o, j\u00e1 destacava o geodesista belga em seu relat\u00f3rio, depois de 13 meses de explora\u00e7\u00e3o dessa regi\u00e3o: \u201c\u00c9 exuberante a fertilidade do solo; a salubridade, proverbial; grande abund\u00e2ncia de excelente \u00e1gua pot\u00e1vel; rios naveg\u00e1veis, extensos planos sem interrup\u00e7\u00f5es importantes; soberbas madeiras de constru\u00e7\u00e3o de suas grandes florestas; tudo, enfim, que tem as mais estreitas rela\u00e7\u00f5es com os progressos materiais de uma grande cidade e com o bem-estar de seus habitantes. \u201d<\/p>\n<p style=\"text-align: justify\">\u00a0 \u00a0 \u00a0 \u00a0 \u00a0Pudesse verificar, depois de 125 anos dessa miss\u00e3o, o que restou daquele para\u00edso natural, com certeza o grande sertanista teria se arrependido de ter aberto o caminho para a transfer\u00eancia da capital. De fato, a destrui\u00e7\u00e3o de todas as \u00e1reas naturais do entorno da capital e sua substitui\u00e7\u00e3o por lavouras ex\u00f3ticas, dentro do esp\u00edrito de lucro m\u00e1ximo do agroneg\u00f3cio, j\u00e1 abriu o caminho para a inviabiliza\u00e7\u00e3o da pr\u00f3pria capital, j\u00e1 que a redu\u00e7\u00e3o dos recursos h\u00eddricos naturais tornar\u00e1 insustent\u00e1veis, a m\u00e9dio prazo, a manuten\u00e7\u00e3o de uma popula\u00e7\u00e3o de mais 3 milh\u00f5es de habitantes.<\/p>\n<p style=\"text-align: justify\">\u00a0 \u00a0 \u00a0 \u00a0 \u00a0 Se fora do quadril\u00e1tero a destrui\u00e7\u00e3o do Cerrado para instala\u00e7\u00e3o de lavouras j\u00e1 \u00e9 um fato consumado, dentro dos limites desse ret\u00e2ngulo a coisa n\u00e3o \u00e9 diferente. O desmatamento de imensas \u00e1reas para nela plantarem invas\u00f5es desordenadas, assentadas inclusive em \u00e1reas de prote\u00e7\u00e3o ambiental, \u00e9 tamb\u00e9m uma realidade que infelizmente vem se expandindo velozmente desde a emancipa\u00e7\u00e3o pol\u00edtica da capital, criando n\u00e3o s\u00f3 problemas ambientais, como sociais e econ\u00f4micos incontorn\u00e1veis.<\/p>\n<p style=\"text-align: justify\">\u00a0 \u00a0 \u00a0 \u00a0 \u00a0O problema com quest\u00f5es futuras, mesmo aquelas vitais para todo o mundo, \u00e9 que n\u00e3o h\u00e1 lugar na preocupa\u00e7\u00e3o da maioria dos pol\u00edticos nacionais, obcecados apenas, com as pr\u00f3ximas elei\u00e7\u00f5es.<\/p>\n<p style=\"text-align: justify\"><strong>\u00a0<\/strong><\/p>\n<p style=\"text-align: justify\"><strong>A frase que foi pronunciada:<\/strong><\/p>\n<p style=\"text-align: justify\"><em>\u201cToda riqueza existente\/Vegetal ou mineral\/N\u00e3o \u00e9 moeda corrente\/\u00c9 tesouro ambiental.\/N\u00e3o pertence a qualquer gente\/Mas com o uso racional\/E explora\u00e7\u00e3o consciente\/Todos ganham por igual.\/\u201d<\/em><\/p>\n<p style=\"text-align: justify\">Autoria de Geovane Alves de Andrade, no livro Embrapa Poesias elaborado no IX Simp\u00f3sio Nacional Cerrado<\/p>\n<figure id=\"attachment_11366\" aria-describedby=\"caption-attachment-11366\" style=\"width: 565px\" class=\"wp-caption aligncenter\"><img loading=\"lazy\" decoding=\"async\" class=\" wp-image-11366\" src=\"https:\/\/blogs.correiobraziliense.com.br\/aricunha\/wp-content\/uploads\/sites\/13\/2018\/07\/cerrado2-alves.-jpg-1-1-1-1-1-1-1-1-1.jpg\" alt=\"Tirinha: capimdouradissimo.blogspot.com\/\" width=\"565\" height=\"753\" srcset=\"https:\/\/blogs.correiobraziliense.com.br\/aricunha\/wp-content\/uploads\/sites\/13\/2018\/07\/cerrado2-alves.-jpg-1-1-1-1-1-1-1-1-1.jpg 480w, https:\/\/blogs.correiobraziliense.com.br\/aricunha\/wp-content\/uploads\/sites\/13\/2018\/07\/cerrado2-alves.-jpg-1-1-1-1-1-1-1-1-1-225x300.jpg 225w, https:\/\/blogs.correiobraziliense.com.br\/aricunha\/wp-content\/uploads\/sites\/13\/2018\/07\/cerrado2-alves.-jpg-1-1-1-1-1-1-1-1-1-263x350.jpg 263w, https:\/\/blogs.correiobraziliense.com.br\/aricunha\/wp-content\/uploads\/sites\/13\/2018\/07\/cerrado2-alves.-jpg-1-1-1-1-1-1-1-1-1-230x307.jpg 230w\" sizes=\"auto, (max-width: 565px) 100vw, 565px\" \/><figcaption id=\"caption-attachment-11366\" class=\"wp-caption-text\">Tirinha: capimdouradissimo.blogspot.com\/<\/figcaption><\/figure>\n<p style=\"text-align: justify\"><strong>Des\u00e1gua<\/strong><\/p>\n<p style=\"text-align: justify\">De madrugada, na ponte JK, sentido Plano Piloto, jorravam litros e litros d\u2019\u00e1gua, enquanto a Caesb dormia. Veja no blog do Ari Cunha.<\/p>\n<p><iframe loading=\"lazy\" title=\"Desperd\u00edcio de \u00e1gua na Ponte JK (madrugada do dia 29\/06\/2018)\" width=\"1440\" height=\"810\" src=\"https:\/\/www.youtube.com\/embed\/O63EFvhptfc?feature=oembed\" frameborder=\"0\" allow=\"accelerometer; autoplay; clipboard-write; encrypted-media; gyroscope; picture-in-picture; web-share\" referrerpolicy=\"strict-origin-when-cross-origin\" allowfullscreen><\/iframe><\/p>\n<p style=\"text-align: justify\"><strong>Culpa consciente<\/strong><\/p>\n<p style=\"text-align: justify\">Volta e meia, a DF 005 \u00e9 palco de motos de alta velocidade que colocam em risco a vida do motociclista e dos motoristas que por ali trafegam. A falta de policiamento \u00e9 o que estimula o gosto pela velocidade e pelo perigo.<\/p>\n<p style=\"text-align: justify\"><strong>Lewandowsky<\/strong><\/p>\n<p style=\"text-align: justify\">Comentaristas esportivos disseram que ele n\u00e3o fez nada que prestasse nessa Copa.<\/p>\n<p style=\"text-align: justify\"><strong>Boca mi\u00fada<\/strong><\/p>\n<p style=\"text-align: justify\">Por falar em jogo, o coment\u00e1rio no cafezinho da C\u00e2mara era o seguinte: voto impresso deveria ser exig\u00eancia n\u00e3o s\u00f3 da popula\u00e7\u00e3o, mas principalmente dos candidatos, que curiosamente permanecem silentes diante da amea\u00e7a \u00e0 democracia.<\/p>\n<p>https:\/\/www.facebook.com\/circe.cunha\/videos\/1830034100390191\/<\/p>\n<p style=\"text-align: justify\"><strong>HIST\u00d3RIA DE BRAS\u00cdLIA<\/strong><\/p>\n<p style=\"text-align: justify\">Com o aumento do sal\u00e1rio m\u00ednimo, as utilidades que est\u00e3o chegando para a venda ao p\u00fablico est\u00e3o num pre\u00e7o absurdo. Absurdo, mesmo. O governo, que tem falado muito em defesa do povo, precisa agir, tamb\u00e9m. <strong>(Publicado em 25.10.1961)<\/strong><\/p>\n","protected":false},"excerpt":{"rendered":"<p>ARI CUNHA Visto, lido e ouvido Desde 1960 com Circe Cunha e Mamfil colunadoaricunha@gmail.com; \u00a0 \u00a0 \u00a0 \u00a0Transferir a capital de um pa\u00eds continental, deslocando a sede administrativa da rep\u00fablica de uma cidade j\u00e1 consolidada e internacionalmente conhecida, para uma \u00e1rea de Cerrado, distante mais de mil quil\u00f4metros para o interior, completamente desprovida de infraestrutura, foi de uma ousadia tamanha [&hellip;]<\/p>\n","protected":false},"author":34,"featured_media":11368,"comment_status":"open","ping_status":"open","sticky":false,"template":"","format":"standard","meta":{"footnotes":""},"categories":[23],"tags":[243,413,409,414,415,114,416,410,412,411,366,68,2,69,16],"class_list":["post-11355","post","type-post","status-publish","format-standard","has-post-thumbnail","hentry","category-integra","tag-caesb","tag-conservacaodocerrado","tag-desmatamentodocerrado","tag-desperdiciodeagua","tag-df005","tag-historiadebrasilia","tag-lewandowsky","tag-meioambiente","tag-missaocruls","tag-transferenciadacapital","tag-votoimpresso","tag-aricunha","tag-brasilia","tag-circecunha","tag-mamfil"],"_links":{"self":[{"href":"https:\/\/blogs.correiobraziliense.com.br\/aricunha\/wp-json\/wp\/v2\/posts\/11355","targetHints":{"allow":["GET"]}}],"collection":[{"href":"https:\/\/blogs.correiobraziliense.com.br\/aricunha\/wp-json\/wp\/v2\/posts"}],"about":[{"href":"https:\/\/blogs.correiobraziliense.com.br\/aricunha\/wp-json\/wp\/v2\/types\/post"}],"author":[{"embeddable":true,"href":"https:\/\/blogs.correiobraziliense.com.br\/aricunha\/wp-json\/wp\/v2\/users\/34"}],"replies":[{"embeddable":true,"href":"https:\/\/blogs.correiobraziliense.com.br\/aricunha\/wp-json\/wp\/v2\/comments?post=11355"}],"version-history":[{"count":9,"href":"https:\/\/blogs.correiobraziliense.com.br\/aricunha\/wp-json\/wp\/v2\/posts\/11355\/revisions"}],"predecessor-version":[{"id":11542,"href":"https:\/\/blogs.correiobraziliense.com.br\/aricunha\/wp-json\/wp\/v2\/posts\/11355\/revisions\/11542"}],"wp:featuredmedia":[{"embeddable":true,"href":"https:\/\/blogs.correiobraziliense.com.br\/aricunha\/wp-json\/wp\/v2\/media\/11368"}],"wp:attachment":[{"href":"https:\/\/blogs.correiobraziliense.com.br\/aricunha\/wp-json\/wp\/v2\/media?parent=11355"}],"wp:term":[{"taxonomy":"category","embeddable":true,"href":"https:\/\/blogs.correiobraziliense.com.br\/aricunha\/wp-json\/wp\/v2\/categories?post=11355"},{"taxonomy":"post_tag","embeddable":true,"href":"https:\/\/blogs.correiobraziliense.com.br\/aricunha\/wp-json\/wp\/v2\/tags?post=11355"}],"curies":[{"name":"wp","href":"https:\/\/api.w.org\/{rel}","templated":true}]}}