{"id":11257,"date":"2018-06-19T19:23:39","date_gmt":"2018-06-19T22:23:39","guid":{"rendered":"https:\/\/blogs.correiobraziliense.com.br\/aricunha\/?p=11257"},"modified":"2018-06-20T12:59:02","modified_gmt":"2018-06-20T15:59:02","slug":"%d0%b8%d0%b7%d0%b2%d0%b8%d0%bd%d0%b8%d1%82%d0%b5-%d0%b7%d0%b0-%d0%bf%d0%bb%d0%be%d1%85%d0%b8%d0%b5-%d0%bc%d0%b0%d0%bd%d0%b5%d1%80%d1%8b-desculpem-pela-ma-educacao","status":"publish","type":"post","link":"https:\/\/blogs.correiobraziliense.com.br\/aricunha\/%d0%b8%d0%b7%d0%b2%d0%b8%d0%bd%d0%b8%d1%82%d0%b5-%d0%b7%d0%b0-%d0%bf%d0%bb%d0%be%d1%85%d0%b8%d0%b5-%d0%bc%d0%b0%d0%bd%d0%b5%d1%80%d1%8b-desculpem-pela-ma-educacao\/","title":{"rendered":"\u0418\u0437\u0432\u0438\u043d\u0438\u0442\u0435 \u0437\u0430 \u043f\u043b\u043e\u0445\u0438\u0435 \u043c\u0430\u043d\u0435\u0440\u044b (Desculpem pela m\u00e1 educa\u00e7\u00e3o)"},"content":{"rendered":"<p style=\"text-align: justify\">ARI CUNHA<\/p>\n<p style=\"text-align: justify\">Visto, lido e ouvido<\/p>\n<p style=\"text-align: justify\">Desde 1960<\/p>\n<p style=\"text-align: justify\">com Circe Cunha e Mamfil<\/p>\n<p style=\"text-align: justify\">colunadoaricunha@gmail.com;<\/p>\n<figure id=\"attachment_11263\" aria-describedby=\"caption-attachment-11263\" style=\"width: 699px\" class=\"wp-caption aligncenter\"><img loading=\"lazy\" decoding=\"async\" class=\"size-full wp-image-11263\" src=\"https:\/\/blogs.correiobraziliense.com.br\/aricunha\/wp-content\/uploads\/sites\/13\/2018\/06\/xbrasileiros-assedio.jpg.pagespeed.ic_.9eqFrig9FF.jpg\" alt=\"Foto: oglobo.globo.com\" width=\"699\" height=\"420\" srcset=\"https:\/\/blogs.correiobraziliense.com.br\/aricunha\/wp-content\/uploads\/sites\/13\/2018\/06\/xbrasileiros-assedio.jpg.pagespeed.ic_.9eqFrig9FF.jpg 699w, https:\/\/blogs.correiobraziliense.com.br\/aricunha\/wp-content\/uploads\/sites\/13\/2018\/06\/xbrasileiros-assedio.jpg.pagespeed.ic_.9eqFrig9FF-300x180.jpg 300w, https:\/\/blogs.correiobraziliense.com.br\/aricunha\/wp-content\/uploads\/sites\/13\/2018\/06\/xbrasileiros-assedio.jpg.pagespeed.ic_.9eqFrig9FF-350x210.jpg 350w, https:\/\/blogs.correiobraziliense.com.br\/aricunha\/wp-content\/uploads\/sites\/13\/2018\/06\/xbrasileiros-assedio.jpg.pagespeed.ic_.9eqFrig9FF-550x330.jpg 550w, https:\/\/blogs.correiobraziliense.com.br\/aricunha\/wp-content\/uploads\/sites\/13\/2018\/06\/xbrasileiros-assedio.jpg.pagespeed.ic_.9eqFrig9FF-230x138.jpg 230w\" sizes=\"auto, (max-width: 699px) 100vw, 699px\" \/><figcaption id=\"caption-attachment-11263\" class=\"wp-caption-text\">Foto: oglobo.globo.com<\/figcaption><\/figure>\n<p style=\"text-align: justify\">\u00a0 \u00a0 \u00a0 \u00a0 \u00a0 \u00a0 \u00a0 \u00a0 Educa\u00e7\u00e3o de casa se leva \u00e0 pra\u00e7a, j\u00e1 dizia o fil\u00f3sofo de Mondubim. Na Copa da R\u00fassia, um pa\u00eds a 14. 400 Km distante daqui, n\u00e3o foi diferente. Nesse pa\u00eds, que foi o pioneiro da explora\u00e7\u00e3o espacial e que se situa como um dos melhores lugares em qualidade da educa\u00e7\u00e3o, uma turma de brasileiros, vestindo a camisa amarela da sele\u00e7\u00e3o, que identifica a origem, mostrou do que somos capazes em mat\u00e9ria de grosseria, de desrespeito e de primitivismo. Comemorando um futebol xoxo, em que a principal estrela do time se sobressaiu apenas pelo corte ex\u00f3tico do cabelo, estilo miojo, esse bando de selvagens cercou uma jovem russa e com ofensas e express\u00f5es de baixo cal\u00e3o, entoaram uma m\u00fasica cuja a letra fazia uma refer\u00eancia expl\u00edcita ao \u00f3rg\u00e3o genital da mo\u00e7a, como se fosse a coisa mais natural do mundo.<\/p>\n<p style=\"text-align: justify\">\u00a0 \u00a0 \u00a0 \u00a0 \u00a0 \u00a0 \u00a0O v\u00eddeo, que somente os idiotas s\u00e3o capazes de registrar, ganhou as redes sociais e viralizou em todo o mundo. N\u00e3o ser\u00e1 surpresa se as autoridades locais, depois de tomarem conhecimento desse material, processarem, punirem e posteriormente expulsarem esses b\u00e1rbaros daquele pa\u00eds.<\/p>\n<p style=\"text-align: justify\">\u00a0 \u00a0 \u00a0 \u00a0 \u00a0 \u00a0No Brasil, campe\u00e3o mundial de casos de agress\u00e3o \u00e0 mulher, a repercuss\u00e3o deve ficar restrita apenas \u00e0s milhares de manifesta\u00e7\u00f5es de rep\u00fadio feitas nas redes sociais. Tivessem um pingo de bom senso esses insolentes saberiam que ofensas, principalmente de baixo cal\u00e3o, dirigidas as mulheres russas, s\u00e3o intoleradas naquela sociedade, ainda mais proferidas por estrangeiros.<\/p>\n<p style=\"text-align: justify\">\u00a0 \u00a0 \u00a0 \u00a0 \u00a0Na realidade, esses desordeiros escaparam de serem linchados em pra\u00e7a p\u00fablica, caso o epis\u00f3dio fosse percebido naquele instante. Escaparam ilesos gra\u00e7as a dificuldade da l\u00edngua.<\/p>\n<p style=\"text-align: justify\">\u00a0 \u00a0 \u00a0 \u00a0 \u00a0 \u00a0 \u00a0 Esse epis\u00f3dio lament\u00e1vel, e que agora corre nos expondo ao mundo, s\u00f3 vem acrescentar mais um cap\u00edtulo \u00e0 triste figura que fazemos perante o planeta de uma sociedade dist\u00f3pica, em que menores se drogam, s\u00e3o presos pela justi\u00e7a e soltos pelas leis, bandidos exibem abertamente armas de guerra e em que as elites dirigentes est\u00e3o entre as mais corruptas, indiferentes, e onde deputados presos continuam a legislar.<\/p>\n<p style=\"text-align: justify\">\u00a0 \u00a0 \u00a0 \u00a0 \u00a0 \u00a0 \u00a0Faria muito bem, e serviria de exemplo, se as autoridades confiscassem os passaportes desses arruaceiros, impedindo-os de voltar a viajar novamente e de envergonhar os brasileiros de bem. Estragos diplom\u00e1ticos como esse, pela sua repercuss\u00e3o e pelo grau de desrespeito ao ser humano, s\u00e3o capazes de provocar rea\u00e7\u00f5es imprevis\u00edveis, contaminando outras \u00e1reas.<\/p>\n<p style=\"text-align: justify\">\u00a0 \u00a0 \u00a0 \u00a0 \u00a0 \u00a0 \u00a0O que esse bando e outros brasileiros que possuem condi\u00e7\u00f5es financeiras para bancar viagens caras como essa n\u00e3o puderam perceber ainda \u00e9 que cada um de n\u00f3s, em visita a outro pa\u00eds, representamos um microcosmo de toda a na\u00e7\u00e3o. Quer queiramos ou n\u00e3o, quem ofendeu aquela mo\u00e7a russa, com modos b\u00e1rbaros, fomos todos n\u00f3s, indistintamente. Fatos como esse mereciam at\u00e9 um pedido de desculpas oficiais, feito em nome de todos os brasileiros.<\/p>\n<p style=\"text-align: justify\"><strong>A frase que foi pronunciada:<\/strong><\/p>\n<p style=\"text-align: justify\"><em>\u201cNenhum ind\u00edcio melhor se pode ter a respeito de um homem do que a companhia que frequenta: o que tem companheiros decentes e honestos adquire, merecidamente, bom nome, porque \u00e9 imposs\u00edvel que n\u00e3o tenha alguma semelhan\u00e7a com eles.&#8221;<\/em><\/p>\n<p style=\"text-align: justify\">Nicolau Maquiavel<\/p>\n<p style=\"text-align: justify\"><strong>Mobilidade<\/strong><\/p>\n<p style=\"text-align: justify\">Recebemos um rico material do Colaborador do Mobilize Brasil e do blog Bras\u00edlia para Pessoas, Uir\u00e1 Louren\u00e7o. Nessa semana foi feito um protesto contra as obras de imobilidade no final da Asa Norte. Diz o documento: \u201cLamentavelmente, a capital federal incentiva o transporte automotivo, n\u00e3o prioriza o transporte coletivo e abandona pedestre e ciclistas. Passar a p\u00e9 e de bicicleta no final da Asa Norte est\u00e1 ainda mais desafiador. Os \u00f4nibus continuam superlotados e sem faixas exclusivas.\u201d Vejam as imagens no blog do Ari Cunha.<\/p>\n<p style=\"text-align: justify\"><img loading=\"lazy\" decoding=\"async\" class=\"wp-image-11259 aligncenter\" src=\"https:\/\/blogs.correiobraziliense.com.br\/aricunha\/wp-content\/uploads\/sites\/13\/2018\/06\/DSCN9320_18-06-2018_TTN_Eixao_Carros_Onibus-lotado_Bem-Vindo_edit3-1-1-1-1.jpg\" alt=\"DSCN9320_18-06-2018_TTN_Eixao_Carros_Onibus lotado_Bem Vindo_edit3 (1) (1) (1) (1)\" width=\"586\" height=\"440\" srcset=\"https:\/\/blogs.correiobraziliense.com.br\/aricunha\/wp-content\/uploads\/sites\/13\/2018\/06\/DSCN9320_18-06-2018_TTN_Eixao_Carros_Onibus-lotado_Bem-Vindo_edit3-1-1-1-1.jpg 1024w, https:\/\/blogs.correiobraziliense.com.br\/aricunha\/wp-content\/uploads\/sites\/13\/2018\/06\/DSCN9320_18-06-2018_TTN_Eixao_Carros_Onibus-lotado_Bem-Vindo_edit3-1-1-1-1-300x225.jpg 300w, https:\/\/blogs.correiobraziliense.com.br\/aricunha\/wp-content\/uploads\/sites\/13\/2018\/06\/DSCN9320_18-06-2018_TTN_Eixao_Carros_Onibus-lotado_Bem-Vindo_edit3-1-1-1-1-768x576.jpg 768w, https:\/\/blogs.correiobraziliense.com.br\/aricunha\/wp-content\/uploads\/sites\/13\/2018\/06\/DSCN9320_18-06-2018_TTN_Eixao_Carros_Onibus-lotado_Bem-Vindo_edit3-1-1-1-1-350x263.jpg 350w, https:\/\/blogs.correiobraziliense.com.br\/aricunha\/wp-content\/uploads\/sites\/13\/2018\/06\/DSCN9320_18-06-2018_TTN_Eixao_Carros_Onibus-lotado_Bem-Vindo_edit3-1-1-1-1-550x413.jpg 550w, https:\/\/blogs.correiobraziliense.com.br\/aricunha\/wp-content\/uploads\/sites\/13\/2018\/06\/DSCN9320_18-06-2018_TTN_Eixao_Carros_Onibus-lotado_Bem-Vindo_edit3-1-1-1-1-230x173.jpg 230w\" sizes=\"auto, (max-width: 586px) 100vw, 586px\" \/><\/p>\n<p style=\"text-align: justify\"><img loading=\"lazy\" decoding=\"async\" class=\"wp-image-11260 aligncenter\" src=\"https:\/\/blogs.correiobraziliense.com.br\/aricunha\/wp-content\/uploads\/sites\/13\/2018\/06\/DSCN9453_18-06-2018_TTN_Eixao_Carros_Bicicleta_edit3-1-1-1-1.jpg\" alt=\"DSCN9453_18-06-2018_TTN_Eixao_Carros_Bicicleta_edit3 (1) (1) (1) (1)\" width=\"587\" height=\"440\" srcset=\"https:\/\/blogs.correiobraziliense.com.br\/aricunha\/wp-content\/uploads\/sites\/13\/2018\/06\/DSCN9453_18-06-2018_TTN_Eixao_Carros_Bicicleta_edit3-1-1-1-1.jpg 1024w, https:\/\/blogs.correiobraziliense.com.br\/aricunha\/wp-content\/uploads\/sites\/13\/2018\/06\/DSCN9453_18-06-2018_TTN_Eixao_Carros_Bicicleta_edit3-1-1-1-1-300x225.jpg 300w, https:\/\/blogs.correiobraziliense.com.br\/aricunha\/wp-content\/uploads\/sites\/13\/2018\/06\/DSCN9453_18-06-2018_TTN_Eixao_Carros_Bicicleta_edit3-1-1-1-1-768x576.jpg 768w, https:\/\/blogs.correiobraziliense.com.br\/aricunha\/wp-content\/uploads\/sites\/13\/2018\/06\/DSCN9453_18-06-2018_TTN_Eixao_Carros_Bicicleta_edit3-1-1-1-1-350x263.jpg 350w, https:\/\/blogs.correiobraziliense.com.br\/aricunha\/wp-content\/uploads\/sites\/13\/2018\/06\/DSCN9453_18-06-2018_TTN_Eixao_Carros_Bicicleta_edit3-1-1-1-1-550x413.jpg 550w, https:\/\/blogs.correiobraziliense.com.br\/aricunha\/wp-content\/uploads\/sites\/13\/2018\/06\/DSCN9453_18-06-2018_TTN_Eixao_Carros_Bicicleta_edit3-1-1-1-1-230x173.jpg 230w\" sizes=\"auto, (max-width: 587px) 100vw, 587px\" \/><\/p>\n<p style=\"text-align: justify\"><img loading=\"lazy\" decoding=\"async\" class=\"wp-image-11261 aligncenter\" src=\"https:\/\/blogs.correiobraziliense.com.br\/aricunha\/wp-content\/uploads\/sites\/13\/2018\/06\/DSCN9540_18-06-2018_TTN_Eixao_Faixa_edit3-1-1-1-1.jpg\" alt=\"DSCN9540_18-06-2018_TTN_Eixao_Faixa_edit3 (1) (1) (1) (1)\" width=\"587\" height=\"376\" srcset=\"https:\/\/blogs.correiobraziliense.com.br\/aricunha\/wp-content\/uploads\/sites\/13\/2018\/06\/DSCN9540_18-06-2018_TTN_Eixao_Faixa_edit3-1-1-1-1.jpg 1024w, https:\/\/blogs.correiobraziliense.com.br\/aricunha\/wp-content\/uploads\/sites\/13\/2018\/06\/DSCN9540_18-06-2018_TTN_Eixao_Faixa_edit3-1-1-1-1-300x192.jpg 300w, https:\/\/blogs.correiobraziliense.com.br\/aricunha\/wp-content\/uploads\/sites\/13\/2018\/06\/DSCN9540_18-06-2018_TTN_Eixao_Faixa_edit3-1-1-1-1-768x492.jpg 768w, https:\/\/blogs.correiobraziliense.com.br\/aricunha\/wp-content\/uploads\/sites\/13\/2018\/06\/DSCN9540_18-06-2018_TTN_Eixao_Faixa_edit3-1-1-1-1-350x224.jpg 350w, https:\/\/blogs.correiobraziliense.com.br\/aricunha\/wp-content\/uploads\/sites\/13\/2018\/06\/DSCN9540_18-06-2018_TTN_Eixao_Faixa_edit3-1-1-1-1-550x352.jpg 550w, https:\/\/blogs.correiobraziliense.com.br\/aricunha\/wp-content\/uploads\/sites\/13\/2018\/06\/DSCN9540_18-06-2018_TTN_Eixao_Faixa_edit3-1-1-1-1-230x147.jpg 230w\" sizes=\"auto, (max-width: 587px) 100vw, 587px\" \/><\/p>\n<p style=\"text-align: justify\"><strong>Esclarecimentos<\/strong><\/p>\n<p style=\"text-align: justify\">Estiveram ontem no Senado a Presidente do Instituto Brasileiro do Meio Ambiente e dos Recursos Naturais Renov\u00e1veis, Suely Mara Vaz Guimar\u00e3es de Ara\u00fajo, Halpher Luiggi M\u00f4nico Rosa, que \u00e9 Diretor Geral do Departamento Nacional de Infraestrutura de Transportes, e Wallace Moreira Bastos, Presidente da Funda\u00e7\u00e3o Nacional do \u00cdndio. O objetivo foi esclarecer pontos sobre a BR-319, que liga Manaus a Porto Velho.<\/p>\n<p style=\"text-align: justify\"><strong>Consome dor<\/strong><\/p>\n<p style=\"text-align: justify\">Caminhoneiros protestam contra os cidad\u00e3os que se submeteram ao alto pre\u00e7o da gasolina imposto nos postos. O que aconteceu foi uma promessa solta ao vento de que os postos que abusassem do pre\u00e7o seriam multados. Nada disso aconteceu, o valor subiu e de brinde n\u00e3o h\u00e1 boj\u00e3o de g\u00e1s \u00e0 venda.<\/p>\n<figure id=\"attachment_11266\" aria-describedby=\"caption-attachment-11266\" style=\"width: 580px\" class=\"wp-caption aligncenter\"><img loading=\"lazy\" decoding=\"async\" class=\" wp-image-11266\" src=\"https:\/\/blogs.correiobraziliense.com.br\/aricunha\/wp-content\/uploads\/sites\/13\/2018\/06\/CRISE-ABASTECIMENTO-8-1-1-1-1.jpg\" alt=\"Foto: jornaldebrasilia.com.br\" width=\"580\" height=\"385\" srcset=\"https:\/\/blogs.correiobraziliense.com.br\/aricunha\/wp-content\/uploads\/sites\/13\/2018\/06\/CRISE-ABASTECIMENTO-8-1-1-1-1.jpg 4288w, https:\/\/blogs.correiobraziliense.com.br\/aricunha\/wp-content\/uploads\/sites\/13\/2018\/06\/CRISE-ABASTECIMENTO-8-1-1-1-1-300x199.jpg 300w, https:\/\/blogs.correiobraziliense.com.br\/aricunha\/wp-content\/uploads\/sites\/13\/2018\/06\/CRISE-ABASTECIMENTO-8-1-1-1-1-768x510.jpg 768w, https:\/\/blogs.correiobraziliense.com.br\/aricunha\/wp-content\/uploads\/sites\/13\/2018\/06\/CRISE-ABASTECIMENTO-8-1-1-1-1-1024x680.jpg 1024w, https:\/\/blogs.correiobraziliense.com.br\/aricunha\/wp-content\/uploads\/sites\/13\/2018\/06\/CRISE-ABASTECIMENTO-8-1-1-1-1-350x232.jpg 350w, https:\/\/blogs.correiobraziliense.com.br\/aricunha\/wp-content\/uploads\/sites\/13\/2018\/06\/CRISE-ABASTECIMENTO-8-1-1-1-1-1440x956.jpg 1440w, https:\/\/blogs.correiobraziliense.com.br\/aricunha\/wp-content\/uploads\/sites\/13\/2018\/06\/CRISE-ABASTECIMENTO-8-1-1-1-1-550x365.jpg 550w, https:\/\/blogs.correiobraziliense.com.br\/aricunha\/wp-content\/uploads\/sites\/13\/2018\/06\/CRISE-ABASTECIMENTO-8-1-1-1-1-230x153.jpg 230w\" sizes=\"auto, (max-width: 580px) 100vw, 580px\" \/><figcaption id=\"caption-attachment-11266\" class=\"wp-caption-text\">Foto: jornaldebrasilia.com.br<\/figcaption><\/figure>\n<p style=\"text-align: justify\"><strong>Novidade<\/strong><\/p>\n<p style=\"text-align: justify\">A Secretaria de Administra\u00e7\u00e3o do GDF est\u00e1 convocando os fantasmas que est\u00e3o em lugar incerto e n\u00e3o sabido, que recebem sal\u00e1rio sem trabalhar, para acompanhar o Processo Disciplinar. No caso dos professores, a presen\u00e7a \u00e9 solicitada pela Corregedoria de Educa\u00e7\u00e3o, que fica no Edif\u00edcio Sede da Secretaria de Estado de Educa\u00e7\u00e3o, Unidade II, SGAN 607, salas 101\/105.<\/p>\n<figure id=\"attachment_11268\" aria-describedby=\"caption-attachment-11268\" style=\"width: 581px\" class=\"wp-caption aligncenter\"><img loading=\"lazy\" decoding=\"async\" class=\" wp-image-11268\" src=\"https:\/\/blogs.correiobraziliense.com.br\/aricunha\/wp-content\/uploads\/sites\/13\/2018\/06\/charge-sobre-educacao.jpg\" alt=\"Charge: arteemanhasdalingua.blogspot.com\" width=\"581\" height=\"464\" srcset=\"https:\/\/blogs.correiobraziliense.com.br\/aricunha\/wp-content\/uploads\/sites\/13\/2018\/06\/charge-sobre-educacao.jpg 400w, https:\/\/blogs.correiobraziliense.com.br\/aricunha\/wp-content\/uploads\/sites\/13\/2018\/06\/charge-sobre-educacao-300x240.jpg 300w, https:\/\/blogs.correiobraziliense.com.br\/aricunha\/wp-content\/uploads\/sites\/13\/2018\/06\/charge-sobre-educacao-350x280.jpg 350w, https:\/\/blogs.correiobraziliense.com.br\/aricunha\/wp-content\/uploads\/sites\/13\/2018\/06\/charge-sobre-educacao-230x184.jpg 230w\" sizes=\"auto, (max-width: 581px) 100vw, 581px\" \/><figcaption id=\"caption-attachment-11268\" class=\"wp-caption-text\">Charge: arteemanhasdalingua.blogspot.com<\/figcaption><\/figure>\n<p style=\"text-align: justify\"><strong>HIST\u00d3RIA DE BRAS\u00cdLIA<\/strong><\/p>\n<p style=\"text-align: justify\">Devido \u00e0 paralisa\u00e7\u00e3o completa do servi\u00e7o de desapropria\u00e7\u00e3o das terras de Bras\u00edlia, que vinha sendo levado a efeito pelo Estado de Goi\u00e1s, antes da mudan\u00e7a, os neg\u00f3cios imobili\u00e1rios irregulares est\u00e3o se desenvolvendo assustadoramente, com s\u00e9rios preju\u00edzos para a Novacap. <strong>(Publicado em 24.10.1961)<\/strong><\/p>\n","protected":false},"excerpt":{"rendered":"<p>ARI CUNHA Visto, lido e ouvido Desde 1960 com Circe Cunha e Mamfil colunadoaricunha@gmail.com; \u00a0 \u00a0 \u00a0 \u00a0 \u00a0 \u00a0 \u00a0 \u00a0 Educa\u00e7\u00e3o de casa se leva \u00e0 pra\u00e7a, j\u00e1 dizia o fil\u00f3sofo de Mondubim. Na Copa da R\u00fassia, um pa\u00eds a 14. 400 Km distante daqui, n\u00e3o foi diferente. Nesse pa\u00eds, que foi o pioneiro da explora\u00e7\u00e3o espacial e [&hellip;]<\/p>\n","protected":false},"author":34,"featured_media":11263,"comment_status":"open","ping_status":"open","sticky":false,"template":"","format":"standard","meta":{"footnotes":""},"categories":[23],"tags":[325,328,324,331,175,326,330,114,174,329,332,327,68,2,69,16],"class_list":["post-11257","post","type-post","status-publish","format-standard","has-post-thumbnail","hentry","category-integra","tag-assedionacopa","tag-br-319","tag-brasileirosnarussia","tag-caminhoneiros","tag-copadomundo2018","tag-faltadeeducacaodebrasileiros","tag-faltadegas","tag-historiadebrasilia","tag-mobilidadeembrasilia","tag-precodoscombustiveis","tag-processodisciplinarnogdf","tag-trevodaasanorte","tag-aricunha","tag-brasilia","tag-circecunha","tag-mamfil"],"_links":{"self":[{"href":"https:\/\/blogs.correiobraziliense.com.br\/aricunha\/wp-json\/wp\/v2\/posts\/11257","targetHints":{"allow":["GET"]}}],"collection":[{"href":"https:\/\/blogs.correiobraziliense.com.br\/aricunha\/wp-json\/wp\/v2\/posts"}],"about":[{"href":"https:\/\/blogs.correiobraziliense.com.br\/aricunha\/wp-json\/wp\/v2\/types\/post"}],"author":[{"embeddable":true,"href":"https:\/\/blogs.correiobraziliense.com.br\/aricunha\/wp-json\/wp\/v2\/users\/34"}],"replies":[{"embeddable":true,"href":"https:\/\/blogs.correiobraziliense.com.br\/aricunha\/wp-json\/wp\/v2\/comments?post=11257"}],"version-history":[{"count":6,"href":"https:\/\/blogs.correiobraziliense.com.br\/aricunha\/wp-json\/wp\/v2\/posts\/11257\/revisions"}],"predecessor-version":[{"id":11271,"href":"https:\/\/blogs.correiobraziliense.com.br\/aricunha\/wp-json\/wp\/v2\/posts\/11257\/revisions\/11271"}],"wp:featuredmedia":[{"embeddable":true,"href":"https:\/\/blogs.correiobraziliense.com.br\/aricunha\/wp-json\/wp\/v2\/media\/11263"}],"wp:attachment":[{"href":"https:\/\/blogs.correiobraziliense.com.br\/aricunha\/wp-json\/wp\/v2\/media?parent=11257"}],"wp:term":[{"taxonomy":"category","embeddable":true,"href":"https:\/\/blogs.correiobraziliense.com.br\/aricunha\/wp-json\/wp\/v2\/categories?post=11257"},{"taxonomy":"post_tag","embeddable":true,"href":"https:\/\/blogs.correiobraziliense.com.br\/aricunha\/wp-json\/wp\/v2\/tags?post=11257"}],"curies":[{"name":"wp","href":"https:\/\/api.w.org\/{rel}","templated":true}]}}