{"id":11250,"date":"2018-06-18T19:36:54","date_gmt":"2018-06-18T22:36:54","guid":{"rendered":"https:\/\/blogs.correiobraziliense.com.br\/aricunha\/?p=11250"},"modified":"2018-06-18T19:36:54","modified_gmt":"2018-06-18T22:36:54","slug":"paternalismo-do-governo-baba-ou-mestre-que-estimula-autonomia","status":"publish","type":"post","link":"https:\/\/blogs.correiobraziliense.com.br\/aricunha\/paternalismo-do-governo-baba-ou-mestre-que-estimula-autonomia\/","title":{"rendered":"Paternalismo do governo: bab\u00e1 ou mestre que estimula a autonomia?"},"content":{"rendered":"<p style=\"text-align: justify\">ARI CUNHA<\/p>\n<p style=\"text-align: justify\">Visto, lido e ouvido<\/p>\n<p style=\"text-align: justify\">Desde 1960<\/p>\n<p style=\"text-align: justify\">com Circe Cunha e Mamfil<\/p>\n<p style=\"text-align: justify\">colunadoaricunha@gmail.com;<\/p>\n<figure id=\"attachment_11254\" aria-describedby=\"caption-attachment-11254\" style=\"width: 403px\" class=\"wp-caption alignleft\"><img loading=\"lazy\" decoding=\"async\" class=\" wp-image-11254\" src=\"https:\/\/blogs.correiobraziliense.com.br\/aricunha\/wp-content\/uploads\/sites\/13\/2018\/06\/f2a31b1452b6787b02fa601be4d16578.jpg\" alt=\"Charge: pinterest.pt\" width=\"403\" height=\"293\" srcset=\"https:\/\/blogs.correiobraziliense.com.br\/aricunha\/wp-content\/uploads\/sites\/13\/2018\/06\/f2a31b1452b6787b02fa601be4d16578.jpg 413w, https:\/\/blogs.correiobraziliense.com.br\/aricunha\/wp-content\/uploads\/sites\/13\/2018\/06\/f2a31b1452b6787b02fa601be4d16578-300x218.jpg 300w, https:\/\/blogs.correiobraziliense.com.br\/aricunha\/wp-content\/uploads\/sites\/13\/2018\/06\/f2a31b1452b6787b02fa601be4d16578-350x254.jpg 350w, https:\/\/blogs.correiobraziliense.com.br\/aricunha\/wp-content\/uploads\/sites\/13\/2018\/06\/f2a31b1452b6787b02fa601be4d16578-230x167.jpg 230w\" sizes=\"auto, (max-width: 403px) 100vw, 403px\" \/><figcaption id=\"caption-attachment-11254\" class=\"wp-caption-text\">Charge: pinterest.pt<\/figcaption><\/figure>\n<p style=\"text-align: justify\">\u00a0 \u00a0 \u00a0 \u00a0 \u00a0 \u00a0 Com a aproxima\u00e7\u00e3o das elei\u00e7\u00f5es, os principais candidatos que ir\u00e3o participar da corrida presidencial fogem de assuntos pol\u00eamicos. Fazer cara de paisagem a esses temas \u00e9 mais do que uma simples estrat\u00e9gia de marketing eleitoral recomendada pela maioria dos experts em propaganda pol\u00edtica. N\u00e3o falar em assuntos delicados, centrando o discurso em velhos chav\u00f5es e promessas de um futuro cor de rosa que vir\u00e1, \u00e9 a escolha dos candidatos.<\/p>\n<p style=\"text-align: justify\">\u00a0 \u00a0 \u00a0 \u00a0 \u00a0 Expor a realidade com franqueza, apresentando a verdade nua e crua, diz a experi\u00eancia, n\u00e3o rende votos e ainda por cima espanta o eleitor j\u00e1 cansado de m\u00e1s not\u00edcias. Dessa forma, quest\u00f5es como a reforma da Previd\u00eancia, que, segundo os especialistas, necessita muito mais do que um simples ajuste, n\u00e3o \u00e9 mencionada em sua forma correta. Nessa quest\u00e3o, dizer franca e abertamente que o modelo atual necessita ser totalmente reconstru\u00eddo, de cima a baixo, com a cria\u00e7\u00e3o de uma nova estrutura previdenci\u00e1ria, diversa da atual, ainda \u00e9 tabu para a maioria dos postulantes.<\/p>\n<p style=\"text-align: justify\">\u00a0 \u00a0 \u00a0 \u00a0 \u00a0Outro vespeiro, que afasta os candidatos do debate, \u00e9 em rela\u00e7\u00e3o ao prosseguimento do programa Bolsa-Fam\u00edlia. Esse tema ent\u00e3o, \u00e9 ainda mais delicado, havendo candidatos que, alheios \u00e0 realidade, prometem ampliar o atual modelo. Esse \u00e9 o maior programa de assistencialismo do planeta, elogiado, inclusive por muitos pa\u00edses, pelo poder que possui de transfer\u00eancia de renda para fam\u00edlias que nada possuem. O problema aqui \u00e9 que, pela grandeza dos n\u00fameros e pelas implica\u00e7\u00f5es pol\u00edticas e mesmo estrat\u00e9gicas, o Bolsa-Fam\u00edlia parece ter adquirido vida pr\u00f3pria, constituindo hoje um programa social que possui tanto aspectos positivos como negativos e que necessitam ser readequados aos novos tempos. O grande mal foi ter come\u00e7ado sem contrapartida.<\/p>\n<figure id=\"attachment_11255\" aria-describedby=\"caption-attachment-11255\" style=\"width: 369px\" class=\"wp-caption alignright\"><img loading=\"lazy\" decoding=\"async\" class=\" wp-image-11255\" src=\"https:\/\/blogs.correiobraziliense.com.br\/aricunha\/wp-content\/uploads\/sites\/13\/2018\/06\/bolsa_familia_charge.jpg\" alt=\"Charge: pontodevistaeletronico.blogspot.com\" width=\"369\" height=\"284\" srcset=\"https:\/\/blogs.correiobraziliense.com.br\/aricunha\/wp-content\/uploads\/sites\/13\/2018\/06\/bolsa_familia_charge.jpg 335w, https:\/\/blogs.correiobraziliense.com.br\/aricunha\/wp-content\/uploads\/sites\/13\/2018\/06\/bolsa_familia_charge-300x231.jpg 300w, https:\/\/blogs.correiobraziliense.com.br\/aricunha\/wp-content\/uploads\/sites\/13\/2018\/06\/bolsa_familia_charge-230x177.jpg 230w\" sizes=\"auto, (max-width: 369px) 100vw, 369px\" \/><figcaption id=\"caption-attachment-11255\" class=\"wp-caption-text\">Charge: pontodevistaeletronico.blogspot.com<\/figcaption><\/figure>\n<p style=\"text-align: justify\">\u00a0 \u00a0 \u00a0 \u00a0 \u00a0 \u00a0 Uma radiografia atual do programa mostra que hoje um em cada quatro brasileiros est\u00e1 inserido dentro do Bolsa-Fam\u00edlia. S\u00e3o aproximadamente 46 milh\u00f5es de pessoas, a maioria na regi\u00e3o Nordeste. A partir de primeiro de junho desse m\u00eas, o Programa foi reajustado em 5,67%, com o valor m\u00e9dio passando dos atuais R$ 177,71 para R$187,79, um aumento que custar\u00e1 R$ 684 milh\u00f5es esse ano, mas que ir\u00e1 beneficiar aproximadamente 14 milh\u00f5es de fam\u00edlias em situa\u00e7\u00e3o de pobreza e de extrema pobreza.<\/p>\n<p style=\"text-align: justify\">\u00a0 \u00a0 \u00a0 \u00a0 \u00a0 \u00a0 \u00a0A um custo de cerca de R$ 30 bilh\u00f5es ao ano, o Bolsa-Fam\u00edlia \u00e9, na avalia\u00e7\u00e3o de especialistas da Organiza\u00e7\u00e3o para a Coopera\u00e7\u00e3o e Desenvolvimento Econ\u00f4mico (OCDE), o \u00fanico gasto p\u00fablico que realmente chega aos pobres. O Programa gasta 0,5% do Produto Interno Bruto (PIB) e alcan\u00e7a 40% da parcela mais pobre do pa\u00eds. O Conselho Nacional de Seguran\u00e7a Alimentar (Consea), que cuida do Bolsa-Fam\u00edlia, lembrando que o Programa produz um al\u00edvio imediato de melhoria alimentar, ressalta que BF tem reflexos diretos na perman\u00eancia dos alunos de baixa renda nas salas de aula.<\/p>\n<p style=\"text-align: justify\">\u00a0 \u00a0 \u00a0 \u00a0 \u00a0 \u00a0 \u00a0Para essa entidade, o Bolsa-Fam\u00edlia tem muita import\u00e2ncia na vida das fam\u00edlias de baixa renda e n\u00e3o deveria ser modificado conceitualmente, ou na sua forma de implementa\u00e7\u00e3o, sem consulta \u00e0 sociedade civil. O problema para muitos candidatos \u00e9 como equacionar a quest\u00e3o desses benef\u00edcios com programas que apontem uma sa\u00edda definitiva dessas fam\u00edlias do assistencialismo do Estado, quando se sabe que em estados como o Maranh\u00e3o, Piau\u00ed Alagoas e Cear\u00e1, aproximadamente 50% da popula\u00e7\u00e3o desses locais dependem exclusivamente do Bolsa Fam\u00edlia. Maria do Barro, aqui em Bras\u00edlia, distribu\u00eda telhas. Mas apenas para quem ajudou a fazer os tijolos.<\/p>\n<p style=\"text-align: justify\"><strong>A frase que n\u00e3o foi pronunciada:<\/strong><\/p>\n<p style=\"text-align: justify\"><em>\u201cSe ao menos os candidatos \u00e0s elei\u00e7\u00f5es 2018 acreditassem no que dizem&#8230;\u201d<\/em><\/p>\n<p style=\"text-align: justify\">Dona Dita<\/p>\n<figure id=\"attachment_11253\" aria-describedby=\"caption-attachment-11253\" style=\"width: 541px\" class=\"wp-caption aligncenter\"><img loading=\"lazy\" decoding=\"async\" class=\"wp-image-11253\" src=\"https:\/\/blogs.correiobraziliense.com.br\/aricunha\/wp-content\/uploads\/sites\/13\/2018\/06\/charge-bolsa-familia-2.jpg\" alt=\"\" width=\"541\" height=\"418\" srcset=\"https:\/\/blogs.correiobraziliense.com.br\/aricunha\/wp-content\/uploads\/sites\/13\/2018\/06\/charge-bolsa-familia-2.jpg 750w, https:\/\/blogs.correiobraziliense.com.br\/aricunha\/wp-content\/uploads\/sites\/13\/2018\/06\/charge-bolsa-familia-2-300x232.jpg 300w, https:\/\/blogs.correiobraziliense.com.br\/aricunha\/wp-content\/uploads\/sites\/13\/2018\/06\/charge-bolsa-familia-2-350x271.jpg 350w, https:\/\/blogs.correiobraziliense.com.br\/aricunha\/wp-content\/uploads\/sites\/13\/2018\/06\/charge-bolsa-familia-2-550x425.jpg 550w, https:\/\/blogs.correiobraziliense.com.br\/aricunha\/wp-content\/uploads\/sites\/13\/2018\/06\/charge-bolsa-familia-2-230x178.jpg 230w\" sizes=\"auto, (max-width: 541px) 100vw, 541px\" \/><figcaption id=\"caption-attachment-11253\" class=\"wp-caption-text\">Charge: Felipe Coutinho (tribunadainternet.com.br)<\/figcaption><\/figure>\n<p style=\"text-align: justify\"><strong>Cuidado<\/strong><\/p>\n<p style=\"text-align: justify\">Estranha a not\u00edcia de que a Pol\u00edcia Militar Ambiental lan\u00e7a a ferramenta \u201cZap Ado\u00e7\u00e3o\u201d. Trata-se de um cadastro de pessoas que estejam dispostas a cuidar de animais que sofrem maus tratos no DF. Cadastro de celulares parece uma iniciativa estranha. Bastava disponibilizar na p\u00e1gina do GDF um telefone do governo para os interessados entrarem em contato.<\/p>\n<p style=\"text-align: justify\"><strong>Novidade<\/strong><\/p>\n<p style=\"text-align: justify\">Uma liga\u00e7\u00e3o de Minas Gerais chega para quem fez uso dos servi\u00e7os dos Bombeiros. O intuito \u00e9 saber como foi o atendimento, quanto tempo levou, aten\u00e7\u00e3o dada pelos militares. Uma institui\u00e7\u00e3o como essa, que tem grande porcentagem de credibilidade da popula\u00e7\u00e3o, precisa menos desse tipo de retorno do que todas as outras institui\u00e7\u00f5es do pa\u00eds.<\/p>\n<p style=\"text-align: justify\"><strong>\u00c1rvore da Vida<\/strong><\/p>\n<p style=\"text-align: justify\">Foi assim que o cemit\u00e9rio Morada da Paz de Natal resolveu o problema dos jazigos. No cremat\u00f3rio do local, a fam\u00edlia pode optar por usar as cinzas do ente querido no plantio de uma \u00e1rvore no local. Rejane Mansur, bi\u00f3loga, deu o seguinte depoimento: \u201c\u00c9 um projeto lindo e encantador, \u00e9 uma maneira real de dar continuidade \u00e0 vida, pois as cinzas s\u00e3o absorvidas pelas ra\u00edzes, ajudando a muda a se desenvolver. Al\u00e9m de saber que n\u00e3o estarei poluindo o solo\u201d.<\/p>\n<p style=\"text-align: justify\"><strong>Depois<\/strong><\/p>\n<p style=\"text-align: justify\">Nos Estados Unidos chegou a Bios Urna. Em uma incubadora as cinzas j\u00e1 s\u00e3o misturadas com a terra. A semente \u00e9 germinada com a ajuda de um sistema de rega incorporado a um sensor. Veja o v\u00eddeo no blog do Ari Cunha.<\/p>\n<p><iframe loading=\"lazy\" title=\"This Urn Turns You Into a Tree After You Die\" width=\"1440\" height=\"810\" src=\"https:\/\/www.youtube.com\/embed\/OdtGem1tl0k?feature=oembed\" frameborder=\"0\" allow=\"accelerometer; autoplay; clipboard-write; encrypted-media; gyroscope; picture-in-picture; web-share\" referrerpolicy=\"strict-origin-when-cross-origin\" allowfullscreen><\/iframe><\/p>\n<p style=\"text-align: justify\"><strong>HIST\u00d3RIA DE BRAS\u00cdLIA<\/strong><\/p>\n<p style=\"text-align: justify\">A Novacap precisa saber que a \u00e1rea do Distrito Federal est\u00e1 sendo vendida novamente. Diversos loteamentos e fazendolas est\u00e3o sendo negociados dentro do quadril\u00e1tero. <strong>(Publicado em 24.10.1961)<\/strong><\/p>\n","protected":false},"excerpt":{"rendered":"<p>ARI CUNHA Visto, lido e ouvido Desde 1960 com Circe Cunha e Mamfil colunadoaricunha@gmail.com; \u00a0 \u00a0 \u00a0 \u00a0 \u00a0 \u00a0 Com a aproxima\u00e7\u00e3o das elei\u00e7\u00f5es, os principais candidatos que ir\u00e3o participar da corrida presidencial fogem de assuntos pol\u00eamicos. Fazer cara de paisagem a esses temas \u00e9 mais do que uma simples estrat\u00e9gia de marketing eleitoral recomendada pela maioria dos experts [&hellip;]<\/p>\n","protected":false},"author":34,"featured_media":11254,"comment_status":"open","ping_status":"open","sticky":false,"template":"","format":"standard","meta":{"footnotes":""},"categories":[23],"tags":[317,323,115,322,319,321,127,316,114,320,315,318,68,2,69,16],"class_list":["post-11250","post","type-post","status-publish","format-standard","has-post-thumbnail","hentry","category-integra","tag-assistencialismo","tag-biourna","tag-bolsafamilia","tag-cinzas","tag-corpodebombeirosmg","tag-cremacao","tag-eleicoes2018","tag-governonobrasil","tag-historiadebrasilia","tag-moradadapazdenatal","tag-paternalismo","tag-zapadocao","tag-aricunha","tag-brasilia","tag-circecunha","tag-mamfil"],"_links":{"self":[{"href":"https:\/\/blogs.correiobraziliense.com.br\/aricunha\/wp-json\/wp\/v2\/posts\/11250","targetHints":{"allow":["GET"]}}],"collection":[{"href":"https:\/\/blogs.correiobraziliense.com.br\/aricunha\/wp-json\/wp\/v2\/posts"}],"about":[{"href":"https:\/\/blogs.correiobraziliense.com.br\/aricunha\/wp-json\/wp\/v2\/types\/post"}],"author":[{"embeddable":true,"href":"https:\/\/blogs.correiobraziliense.com.br\/aricunha\/wp-json\/wp\/v2\/users\/34"}],"replies":[{"embeddable":true,"href":"https:\/\/blogs.correiobraziliense.com.br\/aricunha\/wp-json\/wp\/v2\/comments?post=11250"}],"version-history":[{"count":3,"href":"https:\/\/blogs.correiobraziliense.com.br\/aricunha\/wp-json\/wp\/v2\/posts\/11250\/revisions"}],"predecessor-version":[{"id":11256,"href":"https:\/\/blogs.correiobraziliense.com.br\/aricunha\/wp-json\/wp\/v2\/posts\/11250\/revisions\/11256"}],"wp:featuredmedia":[{"embeddable":true,"href":"https:\/\/blogs.correiobraziliense.com.br\/aricunha\/wp-json\/wp\/v2\/media\/11254"}],"wp:attachment":[{"href":"https:\/\/blogs.correiobraziliense.com.br\/aricunha\/wp-json\/wp\/v2\/media?parent=11250"}],"wp:term":[{"taxonomy":"category","embeddable":true,"href":"https:\/\/blogs.correiobraziliense.com.br\/aricunha\/wp-json\/wp\/v2\/categories?post=11250"},{"taxonomy":"post_tag","embeddable":true,"href":"https:\/\/blogs.correiobraziliense.com.br\/aricunha\/wp-json\/wp\/v2\/tags?post=11250"}],"curies":[{"name":"wp","href":"https:\/\/api.w.org\/{rel}","templated":true}]}}