{"id":11229,"date":"2018-06-17T05:00:09","date_gmt":"2018-06-17T08:00:09","guid":{"rendered":"https:\/\/blogs.correiobraziliense.com.br\/aricunha\/?p=11229"},"modified":"2018-06-18T11:07:14","modified_gmt":"2018-06-18T14:07:14","slug":"agencia-nacional-de-saude-falta-foco-no-compromisso-social","status":"publish","type":"post","link":"https:\/\/blogs.correiobraziliense.com.br\/aricunha\/agencia-nacional-de-saude-falta-foco-no-compromisso-social\/","title":{"rendered":"Ag\u00eancia Nacional de Sa\u00fade. Falta foco no compromisso social"},"content":{"rendered":"<p style=\"text-align: justify\">ARI CUNHA<\/p>\n<p style=\"text-align: justify\">Visto, lido e ouvido<\/p>\n<p style=\"text-align: justify\">Desde 1960<\/p>\n<p style=\"text-align: justify\">com Circe Cunha e Mamfil<\/p>\n<p style=\"text-align: justify\">colunadoaricunha@gmail.com;<\/p>\n<figure id=\"attachment_11233\" aria-describedby=\"caption-attachment-11233\" style=\"width: 419px\" class=\"wp-caption alignleft\"><img loading=\"lazy\" decoding=\"async\" class=\" wp-image-11233\" src=\"https:\/\/blogs.correiobraziliense.com.br\/aricunha\/wp-content\/uploads\/sites\/13\/2018\/06\/20130826090946114022a.jpg\" alt=\"Charge: jacquesalves.blogspot.com\" width=\"419\" height=\"286\" srcset=\"https:\/\/blogs.correiobraziliense.com.br\/aricunha\/wp-content\/uploads\/sites\/13\/2018\/06\/20130826090946114022a.jpg 542w, https:\/\/blogs.correiobraziliense.com.br\/aricunha\/wp-content\/uploads\/sites\/13\/2018\/06\/20130826090946114022a-300x205.jpg 300w, https:\/\/blogs.correiobraziliense.com.br\/aricunha\/wp-content\/uploads\/sites\/13\/2018\/06\/20130826090946114022a-350x239.jpg 350w, https:\/\/blogs.correiobraziliense.com.br\/aricunha\/wp-content\/uploads\/sites\/13\/2018\/06\/20130826090946114022a-230x157.jpg 230w\" sizes=\"auto, (max-width: 419px) 100vw, 419px\" \/><figcaption id=\"caption-attachment-11233\" class=\"wp-caption-text\">Charge: jacquesalves.blogspot.com<\/figcaption><\/figure>\n<p style=\"text-align: justify\">\u00a0\u00a0\u00a0\u00a0\u00a0\u00a0\u00a0\u00a0 Resta aos brasileiros a certeza de que os reajustes solicitados nas mensalidades dos planos pela Ag\u00eancia, de 13,5%, diante de uma infla\u00e7\u00e3o no per\u00edodo, de 2,9%, \u00e9 um abuso. Esse problema deixou a esfera administrativa e pol\u00edtica e j\u00e1 adentrou para a esfera da investiga\u00e7\u00e3o policial. Nesse sentido, a quest\u00e3o por suas dimens\u00f5es escandalosas j\u00e1 chegou ao Congresso, que em \u00e9pocas de elei\u00e7\u00f5es, fica mais sens\u00edvel aos reclames populares. Requerimento para a abertura de uma comiss\u00e3o parlamentar de inqu\u00e9rito para investigar os reajustes abusivos dos planos de sa\u00fade poder\u00e1 ser regimentalmente aberta no Senado ainda nesse m\u00eas.<\/p>\n<p style=\"text-align: justify\">\u00a0\u00a0\u00a0\u00a0\u00a0\u00a0\u00a0\u00a0 Com as assinaturas necess\u00e1rias j\u00e1 asseguradas, a senadora L\u00eddice da Mata (PSB-BA), idealizadora da CPI, espera esclarecer que mecanismos a ANS vem se utilizando para permitir os reajustes dos planos de sa\u00fade bem acima dos \u00edndices de infla\u00e7\u00e3o, fugindo de sua obriga\u00e7\u00e3o b\u00e1sica que \u00e9 a prote\u00e7\u00e3o dos consumidores. \u201cOs usu\u00e1rios dos planos de sa\u00fade, diz a senadora, t\u00eam sido surpreendidos por reajustes acima dos \u00edndices de infla\u00e7\u00e3o. Em 2016, a infla\u00e7\u00e3o medida pelo IPCA foi de 6,28%. Entretanto, a ANS autorizou um aumento de 13,57%. E em 2017, para uma infla\u00e7\u00e3o de 2,9% pelo IPCA, a ANS autorizou um aumento de 13,55%.\u201d<\/p>\n<p style=\"text-align: justify\">\u00a0 \u00a0\u00a0\u00a0\u00a0\u00a0\u00a0\u00a0A dist\u00e2ncia entre um \u00edndice e outro tem chamado tamb\u00e9m a aten\u00e7\u00e3o da justi\u00e7a. Para o juiz Jos\u00e9 Henrique Prescendo, da 22\u00aa Vara C\u00edvel Federal de S\u00e3o Paulo, a ANS, que \u00e9 o \u00f3rg\u00e3o respons\u00e1vel por fiscalizar operadoras de sa\u00fade, n\u00e3o pode autorizar reajustes excessivos que inviabilizem o custeio de planos individuais e familiares, cujas despesas s\u00e3o assumidas integralmente pelos conveniados. Nesse sentido, o magistrado determinou, em car\u00e1ter liminar, v\u00e1lida para todo o pa\u00eds, que a ANS aplique a infla\u00e7\u00e3o setorial da sa\u00fade (5,72% como teto para a corre\u00e7\u00e3o dos planos de sa\u00fade individuais e familiares).<\/p>\n<p style=\"text-align: justify\">\u00a0\u00a0\u00a0\u00a0\u00a0\u00a0\u00a0\u00a0 No entendimento do juiz, de 2015 a 2017, esses reajustes superaram o \u00edndice de 13%, embora a infla\u00e7\u00e3o no mesmo per\u00edodo tenha ca\u00eddo de 8,17% para 4,08%. Segundo o Instituto de Defesa do Consumidor (Idec), que prop\u00f4s a a\u00e7\u00e3o civil p\u00fablica, existem hoje 9,1 milh\u00f5es de pessoas inclu\u00eddas nos planos individuais, para um universo de 47,4 milh\u00f5es de pessoas com assist\u00eancia m\u00e9dica privada no Brasil, ou 19,1% do total.<\/p>\n<p style=\"text-align: justify\">\u00a0\u00a0\u00a0\u00a0\u00a0\u00a0\u00a0\u00a0 Tamb\u00e9m o Tribunal de Contas da Uni\u00e3o (TCU) entrou nessa briga, ao considerar que os reajustes nessas mensalidades s\u00e3o elaborados com dados feitos pelas pr\u00f3prias operadoras, sem que a ANS, sequer, avalie, na ponta do l\u00e1pis, essas informa\u00e7\u00f5es. A ag\u00eancia, contudo, avalia que nesses dezoito anos de exist\u00eancia, houve alguns progressos dignos de nota como o fato de que, antes de sua cria\u00e7\u00e3o, o mercado de planos de sa\u00fade n\u00e3o possu\u00eda regula\u00e7\u00e3o espec\u00edfica, o que foi feito pela Ag\u00eancia, que imp\u00f4s tamb\u00e9m diretrizes para o setor. \u201cA regula\u00e7\u00e3o setorial passou por v\u00e1rios ciclos, ora com \u00eanfase na regula\u00e7\u00e3o assistencial e de acesso, ora com foco na regula\u00e7\u00e3o econ\u00f4mica, mas sempre buscando o equil\u00edbrio e a sustentabilidade, visando garantir que o consumidor seja atendido com cada vez mais qualidade\u201d, se defende a ANS.<\/p>\n<p style=\"text-align: justify\">\u00a0\u00a0\u00a0\u00a0\u00a0\u00a0\u00a0\u00a0 Na realidade, o que se tem de concreto, tanto do lado da sa\u00fade p\u00fablica, como dos planos privados, \u00e9 que tanto uma como outra s\u00e3o alvos de milhares de processos na justi\u00e7a. Interna\u00e7\u00f5es, consultas, coberturas, exames e uma infinidade de procedimentos m\u00e9dicos e de atendimento que s\u00f3 s\u00e3o cumpridos mediante a\u00e7\u00f5es judiciais ou liminares, provando que nossos servi\u00e7os de sa\u00fade, mesmo no que pese ao envelhecimento da popula\u00e7\u00e3o, ainda est\u00e1 muito distante do ideal e do que estabelece, de forma t\u00edmida, a pr\u00f3pria Constitui\u00e7\u00e3o.<\/p>\n<p style=\"text-align: justify\"><strong>A frase que foi pronunciada:<\/strong><\/p>\n<p style=\"text-align: justify\"><em>&#8220;Diante da tend\u00eancia de envelhecimento populacional e incorpora\u00e7\u00e3o das tecnologias, sinto dizer que a tend\u00eancia (dos Planos de Sa\u00fade) \u00e9 de encarecimento.&#8221;<\/em><\/p>\n<p style=\"text-align: justify\">Presidente da ANS, Leandro Fonseca, em entrevista ao Correio<\/p>\n<figure id=\"attachment_11232\" aria-describedby=\"caption-attachment-11232\" style=\"width: 503px\" class=\"wp-caption aligncenter\"><img loading=\"lazy\" decoding=\"async\" class=\" wp-image-11232\" src=\"https:\/\/blogs.correiobraziliense.com.br\/aricunha\/wp-content\/uploads\/sites\/13\/2018\/06\/Propaganda-plano-de-sa\u00fade.jpg\" alt=\"Charge: tribunadainternet.com.br\" width=\"503\" height=\"375\" srcset=\"https:\/\/blogs.correiobraziliense.com.br\/aricunha\/wp-content\/uploads\/sites\/13\/2018\/06\/Propaganda-plano-de-sa\u00fade.jpg 400w, https:\/\/blogs.correiobraziliense.com.br\/aricunha\/wp-content\/uploads\/sites\/13\/2018\/06\/Propaganda-plano-de-sa\u00fade-300x224.jpg 300w, https:\/\/blogs.correiobraziliense.com.br\/aricunha\/wp-content\/uploads\/sites\/13\/2018\/06\/Propaganda-plano-de-sa\u00fade-350x261.jpg 350w, https:\/\/blogs.correiobraziliense.com.br\/aricunha\/wp-content\/uploads\/sites\/13\/2018\/06\/Propaganda-plano-de-sa\u00fade-230x171.jpg 230w\" sizes=\"auto, (max-width: 503px) 100vw, 503px\" \/><figcaption id=\"caption-attachment-11232\" class=\"wp-caption-text\">Charge: tribunadainternet.com.br<\/figcaption><\/figure>\n<p style=\"text-align: justify\"><strong>Prata da Casa<\/strong><\/p>\n<p><iframe loading=\"lazy\" title=\"The World Choir Games 2018 go to \u2026.\" width=\"1440\" height=\"810\" src=\"https:\/\/www.youtube.com\/embed\/I19PCpMACYM?feature=oembed\" frameborder=\"0\" allow=\"accelerometer; autoplay; clipboard-write; encrypted-media; gyroscope; picture-in-picture; web-share\" referrerpolicy=\"strict-origin-when-cross-origin\" allowfullscreen><\/iframe><\/p>\n<p style=\"text-align: justify\">O Coral Cantus Firmus, de Bras\u00edlia, ser\u00e1 o \u00fanico coro do Brasil a participar este ano do maior evento do canto coral mundial. A d\u00e9cima edi\u00e7\u00e3o do encontro ser\u00e1 sediada em Tshwane, na \u00c1frica do Sul, e ir\u00e1 reunir cerca de 250 coros de mais de 40 pa\u00edses. Sua import\u00e2ncia no canto coral se compara a dos Jogos Ol\u00edmpicos no esporte. Uma honra para capital do pa\u00eds e para o Cantus Firmus, conduzido por Isabela Sekeff. Bras\u00edlia ser\u00e1 a \u00fanica cidade brasileira a representar o Brasil no evento. Dia 21 de junho ser\u00e1 o \u00faltimo concerto antes da viagem. No teatro SESC Garagem, na 913 Sul, \u00e0s 20h. Ingressos \u00e0 venda.<\/p>\n<p style=\"text-align: justify\"><strong>Dante<\/strong><\/p>\n<p style=\"text-align: justify\">Aquela imagem do pato deslizando na lagoa lembra a atual conjuntura do PT. Por alguma raz\u00e3o desconhecida, o partido acredita que o dono da sigla possa ocupar a Presid\u00eancia da Rep\u00fablica mesmo cumprindo pena. Por baixo da superf\u00edcie, o pato bate os p\u00e9s incansavelmente. Com as urnas blindadas \u00e0 auditoria tudo pode acontecer.<\/p>\n<figure id=\"attachment_11231\" aria-describedby=\"caption-attachment-11231\" style=\"width: 486px\" class=\"wp-caption aligncenter\"><img loading=\"lazy\" decoding=\"async\" class=\" wp-image-11231\" src=\"https:\/\/blogs.correiobraziliense.com.br\/aricunha\/wp-content\/uploads\/sites\/13\/2018\/06\/ChargeX-XPT.jpg\" alt=\"Charge: vvale.com.br\" width=\"486\" height=\"324\" srcset=\"https:\/\/blogs.correiobraziliense.com.br\/aricunha\/wp-content\/uploads\/sites\/13\/2018\/06\/ChargeX-XPT.jpg 591w, https:\/\/blogs.correiobraziliense.com.br\/aricunha\/wp-content\/uploads\/sites\/13\/2018\/06\/ChargeX-XPT-300x200.jpg 300w, https:\/\/blogs.correiobraziliense.com.br\/aricunha\/wp-content\/uploads\/sites\/13\/2018\/06\/ChargeX-XPT-350x233.jpg 350w, https:\/\/blogs.correiobraziliense.com.br\/aricunha\/wp-content\/uploads\/sites\/13\/2018\/06\/ChargeX-XPT-550x367.jpg 550w, https:\/\/blogs.correiobraziliense.com.br\/aricunha\/wp-content\/uploads\/sites\/13\/2018\/06\/ChargeX-XPT-230x153.jpg 230w\" sizes=\"auto, (max-width: 486px) 100vw, 486px\" \/><figcaption id=\"caption-attachment-11231\" class=\"wp-caption-text\">Charge: vvale.com.br<\/figcaption><\/figure>\n<p style=\"text-align: justify\"><strong>Vai saber<\/strong><\/p>\n<p style=\"text-align: justify\">Est\u00e1 ru\u00e7o para o Gilberto Gil: um m\u00fasico do grupo foi impedido de entrar no pa\u00eds, com a alega\u00e7\u00e3o de que a documenta\u00e7\u00e3o n\u00e3o estava a contento, para o show que o ex-ministro preparou para apresentar na Casa do Brasil, em Moscou. Dizem que foi por falta de pagamento.<\/p>\n<p style=\"text-align: justify\"><strong>HIST\u00d3RIA DE BRAS\u00cdLIA<\/strong><\/p>\n<p style=\"text-align: justify\">\u00c9 uma oportunidade que em cento e tantos anos o DCT nunca teve, e n\u00e3o deve perder, agora. <strong>(Publicado em 21.10.1961)<\/strong><\/p>\n","protected":false},"excerpt":{"rendered":"<p>ARI CUNHA Visto, lido e ouvido Desde 1960 com Circe Cunha e Mamfil colunadoaricunha@gmail.com; \u00a0\u00a0\u00a0\u00a0\u00a0\u00a0\u00a0\u00a0 Resta aos brasileiros a certeza de que os reajustes solicitados nas mensalidades dos planos pela Ag\u00eancia, de 13,5%, diante de uma infla\u00e7\u00e3o no per\u00edodo, de 2,9%, \u00e9 um abuso. Esse problema deixou a esfera administrativa e pol\u00edtica e j\u00e1 adentrou para a esfera da investiga\u00e7\u00e3o [&hellip;]<\/p>\n","protected":false},"author":34,"featured_media":11233,"comment_status":"open","ping_status":"open","sticky":false,"template":"","format":"standard","meta":{"footnotes":""},"categories":[23],"tags":[301,310,309,114,308,303,312,188,187,311,68,2,69,16],"class_list":["post-11229","post","type-post","status-publish","format-standard","has-post-thumbnail","hentry","category-integra","tag-ans","tag-coralcantusfirmus","tag-encarecimentodasaude","tag-historiadebrasilia","tag-inflacaonasaude","tag-planosdesaude","tag-ptgilbertogilemmoscou","tag-saudenobrasil","tag-sus","tag-xworldchoirgames","tag-aricunha","tag-brasilia","tag-circecunha","tag-mamfil"],"_links":{"self":[{"href":"https:\/\/blogs.correiobraziliense.com.br\/aricunha\/wp-json\/wp\/v2\/posts\/11229","targetHints":{"allow":["GET"]}}],"collection":[{"href":"https:\/\/blogs.correiobraziliense.com.br\/aricunha\/wp-json\/wp\/v2\/posts"}],"about":[{"href":"https:\/\/blogs.correiobraziliense.com.br\/aricunha\/wp-json\/wp\/v2\/types\/post"}],"author":[{"embeddable":true,"href":"https:\/\/blogs.correiobraziliense.com.br\/aricunha\/wp-json\/wp\/v2\/users\/34"}],"replies":[{"embeddable":true,"href":"https:\/\/blogs.correiobraziliense.com.br\/aricunha\/wp-json\/wp\/v2\/comments?post=11229"}],"version-history":[{"count":8,"href":"https:\/\/blogs.correiobraziliense.com.br\/aricunha\/wp-json\/wp\/v2\/posts\/11229\/revisions"}],"predecessor-version":[{"id":11240,"href":"https:\/\/blogs.correiobraziliense.com.br\/aricunha\/wp-json\/wp\/v2\/posts\/11229\/revisions\/11240"}],"wp:featuredmedia":[{"embeddable":true,"href":"https:\/\/blogs.correiobraziliense.com.br\/aricunha\/wp-json\/wp\/v2\/media\/11233"}],"wp:attachment":[{"href":"https:\/\/blogs.correiobraziliense.com.br\/aricunha\/wp-json\/wp\/v2\/media?parent=11229"}],"wp:term":[{"taxonomy":"category","embeddable":true,"href":"https:\/\/blogs.correiobraziliense.com.br\/aricunha\/wp-json\/wp\/v2\/categories?post=11229"},{"taxonomy":"post_tag","embeddable":true,"href":"https:\/\/blogs.correiobraziliense.com.br\/aricunha\/wp-json\/wp\/v2\/tags?post=11229"}],"curies":[{"name":"wp","href":"https:\/\/api.w.org\/{rel}","templated":true}]}}