{"id":11197,"date":"2018-06-13T16:10:03","date_gmt":"2018-06-13T19:10:03","guid":{"rendered":"https:\/\/blogs.correiobraziliense.com.br\/aricunha\/?p=11197"},"modified":"2018-06-13T16:10:03","modified_gmt":"2018-06-13T19:10:03","slug":"faltam-regras-de-transparencia-nas-eleicoes-de-2018","status":"publish","type":"post","link":"https:\/\/blogs.correiobraziliense.com.br\/aricunha\/faltam-regras-de-transparencia-nas-eleicoes-de-2018\/","title":{"rendered":"Faltam regras de transpar\u00eancia nas elei\u00e7\u00f5es de 2018"},"content":{"rendered":"<p style=\"text-align: justify\">ARI CUNHA<\/p>\n<p style=\"text-align: justify\">Visto, lido e ouvido<\/p>\n<p style=\"text-align: justify\">Desde 1960<\/p>\n<p style=\"text-align: justify\">com Circe Cunha e Mamfil<\/p>\n<p style=\"text-align: justify\">colunadoaricunha@gmail.com;<\/p>\n<figure id=\"attachment_11205\" aria-describedby=\"caption-attachment-11205\" style=\"width: 550px\" class=\"wp-caption aligncenter\"><img loading=\"lazy\" decoding=\"async\" class=\"size-full wp-image-11205\" src=\"https:\/\/blogs.correiobraziliense.com.br\/aricunha\/wp-content\/uploads\/sites\/13\/2018\/06\/2301charge.jpg\" alt=\"Charge: Jarbas (redehumanizasus.net)\" width=\"550\" height=\"334\" srcset=\"https:\/\/blogs.correiobraziliense.com.br\/aricunha\/wp-content\/uploads\/sites\/13\/2018\/06\/2301charge.jpg 550w, https:\/\/blogs.correiobraziliense.com.br\/aricunha\/wp-content\/uploads\/sites\/13\/2018\/06\/2301charge-300x182.jpg 300w, https:\/\/blogs.correiobraziliense.com.br\/aricunha\/wp-content\/uploads\/sites\/13\/2018\/06\/2301charge-350x213.jpg 350w, https:\/\/blogs.correiobraziliense.com.br\/aricunha\/wp-content\/uploads\/sites\/13\/2018\/06\/2301charge-230x140.jpg 230w\" sizes=\"auto, (max-width: 550px) 100vw, 550px\" \/><figcaption id=\"caption-attachment-11205\" class=\"wp-caption-text\">Charge: Jarbas (redehumanizasus.net)<\/figcaption><\/figure>\n<p style=\"text-align: justify\">\u00a0 \u00a0 \u00a0 \u00a0 \u00a0 \u00a0 \u00a0 \u00a0 \u00a0\u00a0 Com o fim do ciclo militar, h\u00e1 mais de tr\u00eas d\u00e9cadas, ficaram pelo caminho importantes e vitais mudan\u00e7as necess\u00e1rias para o aperfei\u00e7oamento do sistema democr\u00e1tico. Esse fato, acabou por nos conduzir a um tipo de Estado, que pela falta de transpar\u00eancia, pelos numerosos casos de corrup\u00e7\u00e3o envolvendo altos membros dos tr\u00eas Poderes e pelo excesso de mordomias e de gastos suspeitos, ainda est\u00e1 muito distante do ide\u00e1rio democr\u00e1tico imaginado pelos brasileiros.<\/p>\n<p style=\"text-align: justify\">\u00a0 \u00a0 \u00a0 \u00a0 \u00a0 \u00a0 \u00a0 \u00a0 \u00a0Na realidade, para muitos analistas, a qualidade de nossa democracia, analisada sob o aspecto dos seguidos casos de corrup\u00e7\u00e3o, consegue ser ainda pior do que durante o regime militar. Na verdade, o modelo de democracia que temos hoje serve melhor aos pol\u00edticos e \u00e0s dezenas de partidos do que \u00e0 popula\u00e7\u00e3o. Ali\u00e1s, o imenso distanciamento entre a popula\u00e7\u00e3o e os partidos pol\u00edticos \u00e9 um dado que refor\u00e7a a p\u00e9ssima avalia\u00e7\u00e3o de nosso sistema de representa\u00e7\u00e3o.<\/p>\n<p style=\"text-align: justify\">\u00a0 \u00a0 \u00a0 \u00a0 \u00a0 \u00a0 H\u00e1, e todos enxergam isso, a forma\u00e7\u00e3o de um fosso intranspon\u00edvel entre a representa\u00e7\u00e3o pol\u00edtica e a sociedade. A desmoraliza\u00e7\u00e3o dos partidos, mesmo irrigados com bilh\u00f5es de reais de recursos p\u00fablicos, \u00e9 outro dado que mostra claramente que passados todos esses anos, ainda engatinhamos no quesito democracia representativa ao estilo dos pa\u00edses desenvolvidos. An\u00e1lises cont\u00e1beis feitas em todos os partidos mostram que a presta\u00e7\u00e3o de contas dessas legendas \u00e9 ainda uma obra de fic\u00e7\u00e3o. As auditorias feitas pelo Tribunal Superior Eleitoral, de forma lenta, evidenciam que nas presta\u00e7\u00f5es de contas dos partidos, referentes ainda \u00e0 2012, ocorrem as mesmas e velhas infra\u00e7\u00f5es, como apresenta\u00e7\u00e3o de notas falsas, contrata\u00e7\u00e3o de empresas que n\u00e3o existem, al\u00e9m de contrata\u00e7\u00e3o de empresas ligadas a pol\u00edticos e \u00e0 gente do pr\u00f3prio partido.<\/p>\n<p style=\"text-align: justify\">\u00a0 \u00a0 \u00a0 \u00a0 \u00a0 \u00a0 \u00a0Segundo levantamento feito pelo Movimento Transpar\u00eancia Partid\u00e1ria, h\u00e1 cerca de 1.200.000 p\u00e1ginas referentes a elei\u00e7\u00f5es passadas pendentes de an\u00e1lise pelo TSE ainda sem data para finaliza\u00e7\u00e3o. Isso acontece porque as pr\u00f3prias legendas pressionaram, em 2006, para que a justi\u00e7a Eleitoral n\u00e3o processasse essas declara\u00e7\u00f5es por um sistema eletr\u00f4nico, como faz a Receita Federal.<\/p>\n<p style=\"text-align: justify\">\u00a0 \u00a0 \u00a0 \u00a0 \u00a0 \u00a0 \u00a0 \u00a0 \u00a0 \u00a0 Segundo o Supremo Tribunal Federal, os crimes de lavagem de dinheiro, seguidos de corrup\u00e7\u00e3o, peculato, crimes contra a Lei de Licita\u00e7\u00f5es, crimes eleitorais, forma\u00e7\u00e3o de quadrilha e falsidade ideol\u00f3gica est\u00e3o entre os principais crimes envolvendo 108 congressistas da atual legislatura. Pior \u00e9 que a n\u00e3o ado\u00e7\u00e3o de pr\u00e1ticas transparentes vem se tornando um fen\u00f4meno comum e j\u00e1 atinge todas as 35 siglas que disputar\u00e3o as elei\u00e7\u00f5es esse ano. Sintom\u00e1tico desse descaminho \u00e9 que mesmo os filiados desconhecem a situa\u00e7\u00e3o do fluxo financeiro e a qualidade dos gastos dos pr\u00f3prios partidos. No \u00cdndice de Confian\u00e7a Social (ICS) auferido pelo Ibope, os partidos est\u00e3o entre as institui\u00e7\u00f5es com menores avalia\u00e7\u00f5es.<\/p>\n<p style=\"text-align: justify\">\u00a0 \u00a0 \u00a0 \u00a0 \u00a0 \u00a0 \u00a0 \u00a0 \u00a0No nosso modelo de democracia, em que institui\u00e7\u00f5es privadas (partidos) s\u00e3o financiadas com bilion\u00e1rios recursos p\u00fablicos e em que essas siglas s\u00e3o praticamente o \u00fanico canal de liga\u00e7\u00e3o dos cidad\u00e3os com a pr\u00e1tica pol\u00edtica, a transpar\u00eancia se torna uma obriga\u00e7\u00e3o inarred\u00e1vel e o seu n\u00e3o cumprimento, conforme as regras, \u00e9 uma amea\u00e7a direta a pr\u00f3pria democracia.<\/p>\n<p style=\"text-align: justify\"><strong>A frase que foi pronunciada:<\/strong><\/p>\n<p style=\"text-align: justify\"><em>\u201cTalvez o Brasil j\u00e1 tenha acabado e a gente n\u00e3o tenha se dado conta disso.\u201d<\/em><\/p>\n<p style=\"text-align: justify\">Paulo Francis<\/p>\n<figure id=\"attachment_11203\" aria-describedby=\"caption-attachment-11203\" style=\"width: 471px\" class=\"wp-caption aligncenter\"><img loading=\"lazy\" decoding=\"async\" class=\" wp-image-11203\" src=\"https:\/\/blogs.correiobraziliense.com.br\/aricunha\/wp-content\/uploads\/sites\/13\/2018\/06\/charge-e-no-fim-das-contas-a-doenca-do-brasil-se-chama-corrupcao61.jpg\" alt=\"Charge: sinpefmg.org.br\" width=\"471\" height=\"358\" srcset=\"https:\/\/blogs.correiobraziliense.com.br\/aricunha\/wp-content\/uploads\/sites\/13\/2018\/06\/charge-e-no-fim-das-contas-a-doenca-do-brasil-se-chama-corrupcao61.jpg 460w, https:\/\/blogs.correiobraziliense.com.br\/aricunha\/wp-content\/uploads\/sites\/13\/2018\/06\/charge-e-no-fim-das-contas-a-doenca-do-brasil-se-chama-corrupcao61-300x228.jpg 300w, https:\/\/blogs.correiobraziliense.com.br\/aricunha\/wp-content\/uploads\/sites\/13\/2018\/06\/charge-e-no-fim-das-contas-a-doenca-do-brasil-se-chama-corrupcao61-350x266.jpg 350w, https:\/\/blogs.correiobraziliense.com.br\/aricunha\/wp-content\/uploads\/sites\/13\/2018\/06\/charge-e-no-fim-das-contas-a-doenca-do-brasil-se-chama-corrupcao61-230x175.jpg 230w\" sizes=\"auto, (max-width: 471px) 100vw, 471px\" \/><figcaption id=\"caption-attachment-11203\" class=\"wp-caption-text\">Charge: sinpefmg.org.br<\/figcaption><\/figure>\n<p style=\"text-align: justify\"><strong>Rumo da venta<\/strong><\/p>\n<p style=\"text-align: justify\">Rubricas para uso de verba s\u00e3o transit\u00f3rias. O ministro da Seguran\u00e7a P\u00fablica, Raul Jungmann, explicou para os contrariados que os recursos podem ser remanejados como o governo priorizar. Talvez essa seja a ponta do Iceberg para compreender o que \u00e9 um pa\u00eds sem planejamento.<\/p>\n<figure id=\"attachment_11202\" aria-describedby=\"caption-attachment-11202\" style=\"width: 468px\" class=\"wp-caption aligncenter\"><img loading=\"lazy\" decoding=\"async\" class=\" wp-image-11202\" src=\"https:\/\/blogs.correiobraziliense.com.br\/aricunha\/wp-content\/uploads\/sites\/13\/2018\/06\/Raul-Jungmann.jpg\" alt=\"Foto: sinpefmg.org.br\" width=\"468\" height=\"344\" srcset=\"https:\/\/blogs.correiobraziliense.com.br\/aricunha\/wp-content\/uploads\/sites\/13\/2018\/06\/Raul-Jungmann.jpg 748w, https:\/\/blogs.correiobraziliense.com.br\/aricunha\/wp-content\/uploads\/sites\/13\/2018\/06\/Raul-Jungmann-300x221.jpg 300w, https:\/\/blogs.correiobraziliense.com.br\/aricunha\/wp-content\/uploads\/sites\/13\/2018\/06\/Raul-Jungmann-350x257.jpg 350w, https:\/\/blogs.correiobraziliense.com.br\/aricunha\/wp-content\/uploads\/sites\/13\/2018\/06\/Raul-Jungmann-550x404.jpg 550w, https:\/\/blogs.correiobraziliense.com.br\/aricunha\/wp-content\/uploads\/sites\/13\/2018\/06\/Raul-Jungmann-230x169.jpg 230w\" sizes=\"auto, (max-width: 468px) 100vw, 468px\" \/><figcaption id=\"caption-attachment-11202\" class=\"wp-caption-text\">Foto: sinpefmg.org.br<\/figcaption><\/figure>\n<p style=\"text-align: justify\"><strong>Novidade<\/strong><\/p>\n<p style=\"text-align: justify\">Comit\u00ea Gestor do eSocial est\u00e1 adaptando alguns dados que afetar\u00e3o empreendimentos de todo o pa\u00eds. Com qualquer faturamento, as empresas dever\u00e3o enviar os informes para a Receita Federal, Caixa e Minist\u00e9rio do Trabalho e Previd\u00eancia por uma nova plataforma.<\/p>\n<p style=\"text-align: justify\"><strong>Democracia<\/strong><\/p>\n<p style=\"text-align: justify\">Come\u00e7ou a costura entre partidos. A mentalidade continua a mesma: conchavos, inimigos viram amigos, composi\u00e7\u00f5es absurdas, candidaturas duvidosas. O preparo da festa da democracia funciona assim: os representantes do povo convidam para a festa da democracia e n\u00f3s, como sempre, pagaremos a conta. Ali\u00e1s, uma conta muito mais alta se n\u00e3o houver a urna para depositar os votos impressos.<\/p>\n<figure id=\"attachment_11201\" aria-describedby=\"caption-attachment-11201\" style=\"width: 460px\" class=\"wp-caption aligncenter\"><img loading=\"lazy\" decoding=\"async\" class=\"size-full wp-image-11201\" src=\"https:\/\/blogs.correiobraziliense.com.br\/aricunha\/wp-content\/uploads\/sites\/13\/2018\/06\/charge.jpg\" alt=\"Charge: jacksonsenadorsa.blogspot.com\" width=\"460\" height=\"293\" srcset=\"https:\/\/blogs.correiobraziliense.com.br\/aricunha\/wp-content\/uploads\/sites\/13\/2018\/06\/charge.jpg 460w, https:\/\/blogs.correiobraziliense.com.br\/aricunha\/wp-content\/uploads\/sites\/13\/2018\/06\/charge-300x191.jpg 300w, https:\/\/blogs.correiobraziliense.com.br\/aricunha\/wp-content\/uploads\/sites\/13\/2018\/06\/charge-350x223.jpg 350w, https:\/\/blogs.correiobraziliense.com.br\/aricunha\/wp-content\/uploads\/sites\/13\/2018\/06\/charge-230x147.jpg 230w\" sizes=\"auto, (max-width: 460px) 100vw, 460px\" \/><figcaption id=\"caption-attachment-11201\" class=\"wp-caption-text\">Charge: jacksonsenadorsa.blogspot.com<\/figcaption><\/figure>\n<p style=\"text-align: justify\"><strong>Vale ler<\/strong><\/p>\n<p style=\"text-align: justify\">Recebemos do leitor Paulo P. Queiroz um e-book daqueles bons de ler deitado na rede. Com o t\u00edtulo &#8220;Acre-Doces&#8221; a leitura vai escorregando pelas p\u00e1ginas e plantando imediatas lembran\u00e7as das palavras bem encadeadas. Vale a pena uma visita no portal <a href=\"http:\/\/www.poesiasacredoces.com.br\">www.poesiasacredoces.com.br<\/a>.<\/p>\n<p style=\"text-align: justify\"><img loading=\"lazy\" decoding=\"async\" class=\" wp-image-11200 aligncenter\" src=\"https:\/\/blogs.correiobraziliense.com.br\/aricunha\/wp-content\/uploads\/sites\/13\/2018\/06\/Capturar-1.jpg\" alt=\"\" width=\"472\" height=\"317\" srcset=\"https:\/\/blogs.correiobraziliense.com.br\/aricunha\/wp-content\/uploads\/sites\/13\/2018\/06\/Capturar-1.jpg 715w, https:\/\/blogs.correiobraziliense.com.br\/aricunha\/wp-content\/uploads\/sites\/13\/2018\/06\/Capturar-1-300x202.jpg 300w, https:\/\/blogs.correiobraziliense.com.br\/aricunha\/wp-content\/uploads\/sites\/13\/2018\/06\/Capturar-1-350x235.jpg 350w, https:\/\/blogs.correiobraziliense.com.br\/aricunha\/wp-content\/uploads\/sites\/13\/2018\/06\/Capturar-1-550x370.jpg 550w, https:\/\/blogs.correiobraziliense.com.br\/aricunha\/wp-content\/uploads\/sites\/13\/2018\/06\/Capturar-1-230x155.jpg 230w\" sizes=\"auto, (max-width: 472px) 100vw, 472px\" \/><\/p>\n<p style=\"text-align: justify\"><strong>Pior que fakenews<\/strong><\/p>\n<p style=\"text-align: justify\">\u00c9 preciso saber o que disse Thales Mendes Ferreira sobre as acusa\u00e7\u00f5es que recebeu. Esse tipo de esc\u00e2ndalo s\u00f3 deveria vir \u00e0 tona se confirmado, julgado e condenado. \u00c9 um desgaste injusto e precipitado.<\/p>\n<p style=\"text-align: justify\"><strong>HIST\u00d3RIA DE BRAS\u00cdLIA<\/strong><\/p>\n<p style=\"text-align: justify\">Est\u00e1 o DCT entregue a quem entende. Resta, agora, que os pr\u00f3prios funcion\u00e1rios compreendam que \u00e9 o momento de se sacudir a reparti\u00e7\u00e3o. \u00c9 o momento para se modernizar os m\u00e9todos obsoletos atualmente em uso. <strong>(Publicado em 21.10.1961)<\/strong><\/p>\n","protected":false},"excerpt":{"rendered":"<p>ARI CUNHA Visto, lido e ouvido Desde 1960 com Circe Cunha e Mamfil colunadoaricunha@gmail.com; \u00a0 \u00a0 \u00a0 \u00a0 \u00a0 \u00a0 \u00a0 \u00a0 \u00a0\u00a0 Com o fim do ciclo militar, h\u00e1 mais de tr\u00eas d\u00e9cadas, ficaram pelo caminho importantes e vitais mudan\u00e7as necess\u00e1rias para o aperfei\u00e7oamento do sistema democr\u00e1tico. Esse fato, acabou por nos conduzir a um tipo de Estado, que [&hellip;]<\/p>\n","protected":false},"author":34,"featured_media":11205,"comment_status":"open","ping_status":"open","sticky":false,"template":"","format":"standard","meta":{"footnotes":""},"categories":[23],"tags":[293,287,290,127,292,289,114,291,288,294,68,2,69,16],"class_list":["post-11197","post","type-post","status-publish","format-standard","has-post-thumbnail","hentry","category-integra","tag-acre-doces","tag-corrupcao","tag-democracianobrasil","tag-eleicoes2018","tag-esocial","tag-governobrasileiro","tag-historiadebrasilia","tag-ministrorauljungmann","tag-politicosnobrasil","tag-thalesmendesferreira","tag-aricunha","tag-brasilia","tag-circecunha","tag-mamfil"],"_links":{"self":[{"href":"https:\/\/blogs.correiobraziliense.com.br\/aricunha\/wp-json\/wp\/v2\/posts\/11197","targetHints":{"allow":["GET"]}}],"collection":[{"href":"https:\/\/blogs.correiobraziliense.com.br\/aricunha\/wp-json\/wp\/v2\/posts"}],"about":[{"href":"https:\/\/blogs.correiobraziliense.com.br\/aricunha\/wp-json\/wp\/v2\/types\/post"}],"author":[{"embeddable":true,"href":"https:\/\/blogs.correiobraziliense.com.br\/aricunha\/wp-json\/wp\/v2\/users\/34"}],"replies":[{"embeddable":true,"href":"https:\/\/blogs.correiobraziliense.com.br\/aricunha\/wp-json\/wp\/v2\/comments?post=11197"}],"version-history":[{"count":4,"href":"https:\/\/blogs.correiobraziliense.com.br\/aricunha\/wp-json\/wp\/v2\/posts\/11197\/revisions"}],"predecessor-version":[{"id":11206,"href":"https:\/\/blogs.correiobraziliense.com.br\/aricunha\/wp-json\/wp\/v2\/posts\/11197\/revisions\/11206"}],"wp:featuredmedia":[{"embeddable":true,"href":"https:\/\/blogs.correiobraziliense.com.br\/aricunha\/wp-json\/wp\/v2\/media\/11205"}],"wp:attachment":[{"href":"https:\/\/blogs.correiobraziliense.com.br\/aricunha\/wp-json\/wp\/v2\/media?parent=11197"}],"wp:term":[{"taxonomy":"category","embeddable":true,"href":"https:\/\/blogs.correiobraziliense.com.br\/aricunha\/wp-json\/wp\/v2\/categories?post=11197"},{"taxonomy":"post_tag","embeddable":true,"href":"https:\/\/blogs.correiobraziliense.com.br\/aricunha\/wp-json\/wp\/v2\/tags?post=11197"}],"curies":[{"name":"wp","href":"https:\/\/api.w.org\/{rel}","templated":true}]}}