{"id":11176,"date":"2018-06-12T12:14:34","date_gmt":"2018-06-12T15:14:34","guid":{"rendered":"https:\/\/blogs.correiobraziliense.com.br\/aricunha\/?p=11176"},"modified":"2018-06-12T20:10:38","modified_gmt":"2018-06-12T23:10:38","slug":"futuro-do-brasil-avanca-com-pernas-curtas-as-fake-news","status":"publish","type":"post","link":"https:\/\/blogs.correiobraziliense.com.br\/aricunha\/futuro-do-brasil-avanca-com-pernas-curtas-as-fake-news\/","title":{"rendered":"Futuro do Brasil avan\u00e7a com pernas curtas: as fake news"},"content":{"rendered":"<p style=\"text-align: justify\">ARI CUNHA<\/p>\n<p style=\"text-align: justify\">Visto, lido e ouvido<\/p>\n<p style=\"text-align: justify\">Desde 1960<\/p>\n<p style=\"text-align: justify\">com Circe Cunha e Mamfil<\/p>\n<p style=\"text-align: justify\">colunadoaricunha@gmail.com;<\/p>\n<figure id=\"attachment_11181\" aria-describedby=\"caption-attachment-11181\" style=\"width: 480px\" class=\"wp-caption alignleft\"><img loading=\"lazy\" decoding=\"async\" class=\"size-full wp-image-11181\" src=\"https:\/\/blogs.correiobraziliense.com.br\/aricunha\/wp-content\/uploads\/sites\/13\/2018\/06\/anular-candidato.jpg\" alt=\"Charge: Ivan Cabral\" width=\"480\" height=\"353\" srcset=\"https:\/\/blogs.correiobraziliense.com.br\/aricunha\/wp-content\/uploads\/sites\/13\/2018\/06\/anular-candidato.jpg 480w, https:\/\/blogs.correiobraziliense.com.br\/aricunha\/wp-content\/uploads\/sites\/13\/2018\/06\/anular-candidato-300x221.jpg 300w, https:\/\/blogs.correiobraziliense.com.br\/aricunha\/wp-content\/uploads\/sites\/13\/2018\/06\/anular-candidato-350x257.jpg 350w, https:\/\/blogs.correiobraziliense.com.br\/aricunha\/wp-content\/uploads\/sites\/13\/2018\/06\/anular-candidato-230x169.jpg 230w\" sizes=\"auto, (max-width: 480px) 100vw, 480px\" \/><figcaption id=\"caption-attachment-11181\" class=\"wp-caption-text\">Charge: Ivan Cabral<\/figcaption><\/figure>\n<p style=\"text-align: justify\">\u00a0 \u00a0 \u00a0 \u00a0Em artigo publicado nesse domingo, intitulado \u201cContra as fake news\u201d, o presidente do Tribunal Superior Eleitoral, Luiz Fux, ao ressaltar o fato de que 10 partidos pol\u00edticos j\u00e1 firmaram acordo com o TSE no sentido de \u201cmanter um ambiente eleitoral imune \u00e0 dissemina\u00e7\u00e3o de not\u00edcias falsas\u201d, lembrou que o \u00eaxito da tarefa de combate \u00e0 desinforma\u00e7\u00e3o tem que contar com o apoio imprescind\u00edvel e diuturno da imprensa.<\/p>\n<p style=\"text-align: justify\">\u00a0 \u00a0 \u00a0 \u00a0Para tanto, diz \u201co jornalismo pol\u00edtico-eleitoral precisa ser livre para apontar imprecis\u00f5es do discurso pol\u00edtico.\u201d\u00a0 Obviamente que parte da chamada imprensa marrom, respons\u00e1vel pelo grosso das not\u00edcias falsas divulgadas, est\u00e1 trabalhando a todo vapor para municiar os meios de comunica\u00e7\u00e3o com not\u00edcias inver\u00eddicas e caluniosas para prejudicar esse ou aquele candidato, agindo como verdadeiros sic\u00e1rios contra a reputa\u00e7\u00e3o alheia.<\/p>\n<p style=\"text-align: justify\">\u00a0 \u00a0 \u00a0 \u00a0 \u00a0 \u00a0 O fen\u00f4meno das fake News e a polariza\u00e7\u00e3o exacerbada dos candidatos e dos eleitores parecem que ir\u00e3o marcar essas pr\u00f3ximas elei\u00e7\u00f5es, que poder\u00e1 contar tamb\u00e9m com um absente\u00edsmo elevado e com uma avalanche de votos em brancos. Assim como a Copa de futebol, o mundo da pol\u00edtica, com candidatos e partidos envolvidos nos mais escandalosos casos de corrup\u00e7\u00e3o, vem h\u00e1 muito tempo decepcionando torcedores e eleitores.<\/p>\n<p style=\"text-align: justify\">\u00a0 \u00a0 \u00a0 \u00a0 \u00a0 \u00a0 O problema com as fake news em \u00e9poca eleitoral \u00e9 que elas podem contribuir, ainda mais, para a firma\u00e7\u00e3o de um ambiente despolitizado, o que trar\u00e1 preju\u00edzos para todos indistintamente. Na verdade, fosse pass\u00edvel de penaliza\u00e7\u00e3o severa e imediata pela justi\u00e7a, a divulga\u00e7\u00e3o de inverdades acarretaria na pris\u00e3o da grande maioria dos atuais candidatos e na condena\u00e7\u00e3o exemplar de muitos partidos.<\/p>\n<p style=\"text-align: justify\">\u00a0 \u00a0 \u00a0 \u00a0 \u00a0 \u00a0Enganar e mentir para eleitor, prometendo para\u00edsos inalcan\u00e7\u00e1veis, \u00e9 uma velha pr\u00e1tica entre os pol\u00edticos do pa\u00eds e isso jamais resultou em condena\u00e7\u00e3o de ningu\u00e9m. Se forem levadas ao p\u00e9 da letra, tanto as coliga\u00e7\u00f5es partid\u00e1rias como as alian\u00e7as, entre um e outro postulante, s\u00e3o estabelecidas sobre uma plataforma onde tudo \u00e9 fake e armado para capturar o eleitor. Pior \u00e9 que esse ambiente de falsidades ainda \u00e9 turbinado por pesquisas falsas, feitas sob encomenda e com perguntas capciosamente elaboradas para se chegar \u00e0 um resultado desejado.<\/p>\n<figure id=\"attachment_11183\" aria-describedby=\"caption-attachment-11183\" style=\"width: 407px\" class=\"wp-caption alignright\"><img loading=\"lazy\" decoding=\"async\" class=\" wp-image-11183\" src=\"https:\/\/blogs.correiobraziliense.com.br\/aricunha\/wp-content\/uploads\/sites\/13\/2018\/06\/Capturar.jpg\" alt=\"Charge: Mariano (tribunadainternet.com.br)\" width=\"407\" height=\"243\" srcset=\"https:\/\/blogs.correiobraziliense.com.br\/aricunha\/wp-content\/uploads\/sites\/13\/2018\/06\/Capturar.jpg 503w, https:\/\/blogs.correiobraziliense.com.br\/aricunha\/wp-content\/uploads\/sites\/13\/2018\/06\/Capturar-300x179.jpg 300w, https:\/\/blogs.correiobraziliense.com.br\/aricunha\/wp-content\/uploads\/sites\/13\/2018\/06\/Capturar-350x209.jpg 350w, https:\/\/blogs.correiobraziliense.com.br\/aricunha\/wp-content\/uploads\/sites\/13\/2018\/06\/Capturar-230x137.jpg 230w\" sizes=\"auto, (max-width: 407px) 100vw, 407px\" \/><figcaption id=\"caption-attachment-11183\" class=\"wp-caption-text\">Charge: Mariano (tribunadainternet.com.br)<\/figcaption><\/figure>\n<p style=\"text-align: justify\">\u00a0 \u00a0 \u00a0 \u00a0 N\u00e3o seria exagero afirmar que no Brasil, atualmente, tudo no mundo pol\u00edtico \u00e9 fake. O lan\u00e7amento de candidatos como o do presidente da C\u00e2mara dos Deputados, Rodrigo Maia, \u00e9 fake e montado apenas para lhe dar maior visualidade e poder de barganha l\u00e1 na frente. O mesmo se repete com a candidatura do ex-ministro Henrique Meirelles, lan\u00e7ada para dar sobrevida ao MDB.<\/p>\n<p style=\"text-align: justify\">\u00a0 \u00a0 \u00a0 \u00a0 \u00a0 \u00a0As mentiras disparadas em quantidade pela ex-presidente Dilma, \u00e0s v\u00e9speras das elei\u00e7\u00f5es de 2014, ilustram at\u00e9 que ponto as fake news s\u00e3o usadas. Mesmo agora, o Partido dos Trabalhadores, que por n\u00e3o aprender com a hist\u00f3ria recente repete os mesmos erros, insiste na candidatura do presidi\u00e1rio Lula, sabendo que essa postula\u00e7\u00e3o \u00e9 uma farsa completa que visa apenas manter a ilus\u00e3o dos velhos tempos de gl\u00f3ria.<\/p>\n<p style=\"text-align: justify\">\u00a0 \u00a0 \u00a0 \u00a0 \u00a0 \u00a0F\u00f4ssemos listar o rol de mentiras e falsidades produzidas continuamente por nossos pol\u00edticos e respectivos partidos, ir\u00edamos necessitar de um juizado especializado em fake news.<\/p>\n<p style=\"text-align: justify\">\u00a0 \u00a0 \u00a0 \u00a0 \u00a0 \u00a0Chama aten\u00e7\u00e3o tamb\u00e9m a crescente desconfian\u00e7a de parte dos brasileiros sobre a inviolabilidade das urnas eletr\u00f4nicas. Para muitos, o fato de n\u00e3o ser adotada em nenhum outro pa\u00eds deixa a entender que nesse processo informatizado tamb\u00e9m se nota a presen\u00e7a de um elemento fake, capaz de alterar resultados. Pelos resultados das pr\u00f3ximas elei\u00e7\u00f5es e pelos n\u00fameros de candidatos ficha suja que eventualmente poder\u00e3o ser reeleitos, poderemos ter uma dimens\u00e3o exata dos efeitos da mentira sobre nossa jovem democracia. Uma coisa \u00e9 certa: se a mentira tem pernas curtas, como dizem, nosso futuro n\u00e3o vai longe.<\/p>\n<p style=\"text-align: justify\"><strong>A frase que foi pronunciada:<\/strong><\/p>\n<p style=\"text-align: justify\"><em>\u201cSetenta e um por cento do Congresso Nacional disseram, em nome do povo, que o voto ser\u00e1 impresso. A lei n\u00e3o tem discricionariedade. A lei n\u00e3o permite fracionamento. Fracionar o cumprimento da lei \u00e9 um abuso, uma infra\u00e7\u00e3o, uma teratologia. Imagine se algu\u00e9m dissesse a um juiz, eu vou cumprir a sua ordem em 10 anos. A autoridade dos congressistas que votaram em nome do povo est\u00e1 sendo vilipendiada. Por quem? Pelos ministros que se sentam para administrar o processo eleitoral eles agem como administradores sujeitos aos princ\u00edpios constitucionais como qualquer outro agente do Executivo.\u201d<\/em><\/p>\n<p style=\"text-align: justify\">Felipe Marcelo Gimenez, procurador de M.S., durante o debate sobre a seguran\u00e7a do sistema eletr\u00f4nico de vota\u00e7\u00e3o no Brasil<\/p>\n<p style=\"text-align: justify\"><img loading=\"lazy\" decoding=\"async\" class=\"size-full wp-image-11186 aligncenter\" src=\"https:\/\/blogs.correiobraziliense.com.br\/aricunha\/wp-content\/uploads\/sites\/13\/2018\/06\/urna.jpg\" alt=\"urna\" width=\"493\" height=\"264\" srcset=\"https:\/\/blogs.correiobraziliense.com.br\/aricunha\/wp-content\/uploads\/sites\/13\/2018\/06\/urna.jpg 493w, https:\/\/blogs.correiobraziliense.com.br\/aricunha\/wp-content\/uploads\/sites\/13\/2018\/06\/urna-300x161.jpg 300w, https:\/\/blogs.correiobraziliense.com.br\/aricunha\/wp-content\/uploads\/sites\/13\/2018\/06\/urna-350x187.jpg 350w, https:\/\/blogs.correiobraziliense.com.br\/aricunha\/wp-content\/uploads\/sites\/13\/2018\/06\/urna-230x123.jpg 230w\" sizes=\"auto, (max-width: 493px) 100vw, 493px\" \/><\/p>\n<p style=\"text-align: justify\"><strong>HIST\u00d3RIA DE BRAS\u00cdLIA<\/strong><\/p>\n<p style=\"text-align: justify\">Sabe-se, tamb\u00e9m, agora, a raz\u00e3o pela qual o Iapfesp criou tantas dificuldades para que a Novacap n\u00e3o urbanizasse as duas quadras. \u00c9 que continuando como est\u00e1, em estado de bagun\u00e7a total, seria mais f\u00e1cil para os desmandos que est\u00e3o sendo praticados. <strong>(Publicado em 21.10.1961)<\/strong><\/p>\n","protected":false},"excerpt":{"rendered":"<p>ARI CUNHA Visto, lido e ouvido Desde 1960 com Circe Cunha e Mamfil colunadoaricunha@gmail.com; \u00a0 \u00a0 \u00a0 \u00a0Em artigo publicado nesse domingo, intitulado \u201cContra as fake news\u201d, o presidente do Tribunal Superior Eleitoral, Luiz Fux, ao ressaltar o fato de que 10 partidos pol\u00edticos j\u00e1 firmaram acordo com o TSE no sentido de \u201cmanter um ambiente eleitoral imune \u00e0 dissemina\u00e7\u00e3o [&hellip;]<\/p>\n","protected":false},"author":34,"featured_media":11181,"comment_status":"open","ping_status":"open","sticky":false,"template":"","format":"standard","meta":{"footnotes":""},"categories":[23],"tags":[273,274,114,261,275,68,2,69,16],"class_list":["post-11176","post","type-post","status-publish","format-standard","has-post-thumbnail","hentry","category-integra","tag-eleicoes2018nobrasil","tag-fakenews","tag-historiadebrasilia","tag-politicanobrasil","tag-politicosdobrasil","tag-aricunha","tag-brasilia","tag-circecunha","tag-mamfil"],"_links":{"self":[{"href":"https:\/\/blogs.correiobraziliense.com.br\/aricunha\/wp-json\/wp\/v2\/posts\/11176","targetHints":{"allow":["GET"]}}],"collection":[{"href":"https:\/\/blogs.correiobraziliense.com.br\/aricunha\/wp-json\/wp\/v2\/posts"}],"about":[{"href":"https:\/\/blogs.correiobraziliense.com.br\/aricunha\/wp-json\/wp\/v2\/types\/post"}],"author":[{"embeddable":true,"href":"https:\/\/blogs.correiobraziliense.com.br\/aricunha\/wp-json\/wp\/v2\/users\/34"}],"replies":[{"embeddable":true,"href":"https:\/\/blogs.correiobraziliense.com.br\/aricunha\/wp-json\/wp\/v2\/comments?post=11176"}],"version-history":[{"count":8,"href":"https:\/\/blogs.correiobraziliense.com.br\/aricunha\/wp-json\/wp\/v2\/posts\/11176\/revisions"}],"predecessor-version":[{"id":11195,"href":"https:\/\/blogs.correiobraziliense.com.br\/aricunha\/wp-json\/wp\/v2\/posts\/11176\/revisions\/11195"}],"wp:featuredmedia":[{"embeddable":true,"href":"https:\/\/blogs.correiobraziliense.com.br\/aricunha\/wp-json\/wp\/v2\/media\/11181"}],"wp:attachment":[{"href":"https:\/\/blogs.correiobraziliense.com.br\/aricunha\/wp-json\/wp\/v2\/media?parent=11176"}],"wp:term":[{"taxonomy":"category","embeddable":true,"href":"https:\/\/blogs.correiobraziliense.com.br\/aricunha\/wp-json\/wp\/v2\/categories?post=11176"},{"taxonomy":"post_tag","embeddable":true,"href":"https:\/\/blogs.correiobraziliense.com.br\/aricunha\/wp-json\/wp\/v2\/tags?post=11176"}],"curies":[{"name":"wp","href":"https:\/\/api.w.org\/{rel}","templated":true}]}}