{"id":11105,"date":"2018-06-02T20:50:14","date_gmt":"2018-06-02T23:50:14","guid":{"rendered":"https:\/\/blogs.correiobraziliense.com.br\/aricunha\/?p=11105"},"modified":"2018-06-02T20:50:14","modified_gmt":"2018-06-02T23:50:14","slug":"deputados-distritais-desapareceram-durante-crise","status":"publish","type":"post","link":"https:\/\/blogs.correiobraziliense.com.br\/aricunha\/deputados-distritais-desapareceram-durante-crise\/","title":{"rendered":"Deputados distritais desapareceram durante a crise"},"content":{"rendered":"<p style=\"text-align: justify\">ARI CUNHA<\/p>\n<p style=\"text-align: justify\">Visto, lido e ouvido<\/p>\n<p style=\"text-align: justify\">Desde 1960<\/p>\n<p style=\"text-align: justify\">com Circe Cunha e Mamfil<\/p>\n<p style=\"text-align: justify\">colunadoaricunha@gmail.com;<\/p>\n<figure id=\"attachment_11115\" aria-describedby=\"caption-attachment-11115\" style=\"width: 554px\" class=\"wp-caption aligncenter\"><img loading=\"lazy\" decoding=\"async\" class=\" wp-image-11115\" src=\"https:\/\/blogs.correiobraziliense.com.br\/aricunha\/wp-content\/uploads\/sites\/13\/2018\/06\/tumblr_m71q2pPbjG1qmggloo1_500.jpg\" alt=\"Charge: o-olhar-de-helena-blog.tumblr.com\" width=\"554\" height=\"403\" srcset=\"https:\/\/blogs.correiobraziliense.com.br\/aricunha\/wp-content\/uploads\/sites\/13\/2018\/06\/tumblr_m71q2pPbjG1qmggloo1_500.jpg 480w, https:\/\/blogs.correiobraziliense.com.br\/aricunha\/wp-content\/uploads\/sites\/13\/2018\/06\/tumblr_m71q2pPbjG1qmggloo1_500-300x218.jpg 300w, https:\/\/blogs.correiobraziliense.com.br\/aricunha\/wp-content\/uploads\/sites\/13\/2018\/06\/tumblr_m71q2pPbjG1qmggloo1_500-350x254.jpg 350w, https:\/\/blogs.correiobraziliense.com.br\/aricunha\/wp-content\/uploads\/sites\/13\/2018\/06\/tumblr_m71q2pPbjG1qmggloo1_500-230x167.jpg 230w\" sizes=\"auto, (max-width: 554px) 100vw, 554px\" \/><figcaption id=\"caption-attachment-11115\" class=\"wp-caption-text\">Charge:\u00a0Ivan Cabral<\/figcaption><\/figure>\n<p style=\"text-align: justify\">\u00a0\u00a0\u00a0\u00a0\u00a0\u00a0\u00a0\u00a0\u00a0 Pelo quadro surrealista que vai se desenhando para as pr\u00f3ximas elei\u00e7\u00f5es, com candidatos postulando vagas no Executivo e Legislativo at\u00e9 de dentro do c\u00e1rcere, onde cumprem pena, n\u00e3o surpreende que o pr\u00f3ximo pleito de 2018 ser\u00e1 um dos mais ins\u00f3litos de todos os tempos.<\/p>\n<p style=\"text-align: justify\">\u00a0\u00a0\u00a0\u00a0\u00a0\u00a0\u00a0\u00a0\u00a0 Mesmo aqui, na capital, o cen\u00e1rio n\u00e3o \u00e9 diferente. Por aqui, menos de dez partidos j\u00e1 anunciaram a inten\u00e7\u00e3o de alcan\u00e7ar o Buriti. Outros aguardam a formaliza\u00e7\u00e3o de blocos para se tornar vi\u00e1veis. O atual governador, gra\u00e7as ao cumprimento severo da Lei de Responsabilidade Fiscal, possui hoje o controle de uma m\u00e1quina azeitada e com bom dinheiro em caixa e, portanto, pode se dar ao luxo de pensar em futuros projetos de investimentos e at\u00e9 em aumento para algumas classes de servidores.<\/p>\n<p style=\"text-align: justify\">\u00a0 \u00a0 \u00a0 \u00a0 \u00a0 Ainda assim, em decorr\u00eancia do mal momento que coloca no mesmo ba\u00fa todos os pol\u00edticos do pa\u00eds, Rollemberg sofre s\u00e9rio desgaste de imagem, por conta de suas limita\u00e7\u00f5es de comunica\u00e7\u00e3o. Mais ins\u00f3lita ainda \u00e9 a situa\u00e7\u00e3o dos atuais distritais. Nessa turma, mais de dois ter\u00e7os s\u00e3o alvos de inqu\u00e9ritos policiais e a\u00e7\u00f5es judiciais por crimes como corrup\u00e7\u00e3o, improbidade e outros crimes de malversa\u00e7\u00e3o de recursos p\u00fablicos. Dos 24 deputados distritais, nada menos do que 18 t\u00eam explica\u00e7\u00f5es a prestar para a justi\u00e7a. Desses, alguns, mesmo j\u00e1 condenados, prosseguem em campanha velada, apostando na lentid\u00e3o da justi\u00e7a e na pouca mem\u00f3ria do eleitor. \u00c9 nesse cen\u00e1rio, em que investiga\u00e7\u00f5es como Panatenaico, Dr\u00e1con e outras puseram a nu o que ocorre nos bastidores da pol\u00edtica local, que os eleitores ir\u00e3o escolher seus poss\u00edveis candidatos.<\/p>\n<figure id=\"attachment_11116\" aria-describedby=\"caption-attachment-11116\" style=\"width: 320px\" class=\"wp-caption alignleft\"><img loading=\"lazy\" decoding=\"async\" class=\"size-full wp-image-11116\" src=\"https:\/\/blogs.correiobraziliense.com.br\/aricunha\/wp-content\/uploads\/sites\/13\/2018\/06\/Charge2013-politicos_cassados-726313.jpg\" alt=\"Charge: Ivan Cabral\" width=\"320\" height=\"240\" srcset=\"https:\/\/blogs.correiobraziliense.com.br\/aricunha\/wp-content\/uploads\/sites\/13\/2018\/06\/Charge2013-politicos_cassados-726313.jpg 320w, https:\/\/blogs.correiobraziliense.com.br\/aricunha\/wp-content\/uploads\/sites\/13\/2018\/06\/Charge2013-politicos_cassados-726313-300x225.jpg 300w, https:\/\/blogs.correiobraziliense.com.br\/aricunha\/wp-content\/uploads\/sites\/13\/2018\/06\/Charge2013-politicos_cassados-726313-230x173.jpg 230w\" sizes=\"auto, (max-width: 320px) 100vw, 320px\" \/><figcaption id=\"caption-attachment-11116\" class=\"wp-caption-text\">Charge: Ivan Cabral<\/figcaption><\/figure>\n<p style=\"text-align: justify\">\u00a0 \u00a0 \u00a0 Fosse esse o problema central, seria at\u00e9 f\u00e1cil contornar o quadro, exigindo da justi\u00e7a pronta decis\u00e3o sobre candidatos com pend\u00eancias legais. S\u00f3 que examinando de perto cada um desses postulantes, absolutamente nenhum possui, sequer, a m\u00ednima ideia ou um m\u00ednimo projeto para solucionar os graves problemas da capital e mesmo do pa\u00eds. Ali\u00e1s, no quesito apresenta\u00e7\u00e3o de propostas vi\u00e1veis para a crise atual, a falta n\u00e3o s\u00f3 \u00e9 de ideias, mas de atitudes afirmativas.<\/p>\n<p style=\"text-align: justify\">\u00a0 \u00a0 \u00a0Pela \u00faltima crise, desencadeada pela greve dos caminhoneiros, o que a popula\u00e7\u00e3o pode observar foi o desaparecimento total de seus representantes. Na verdade, essa tem sido uma constante sempre que uma crise surge: em todas, o que se nota \u00e9 um vazio de lideran\u00e7as, principalmente daquelas que teriam como obriga\u00e7\u00e3o moral ficar junto com a popula\u00e7\u00e3o na busca de solu\u00e7\u00f5es r\u00e1pidas. Mesmo naqueles epis\u00f3dios em que os oportunistas de sempre, nos postos de combust\u00edvel, nas revendedoras de g\u00e1s, nos supermercados e em outros estabelecimentos, majoraram indecentemente os pre\u00e7os dos produtos, em nenhum momento se viu a pronta defesa da popula\u00e7\u00e3o por parte dos atuais pol\u00edticos.<\/p>\n<p style=\"text-align: justify\">\u00a0 \u00a0 \u00a0 \u00a0Em pol\u00edtica, como na vida moderna, imagem \u00e9 tudo. E \u00e9 isso que o cidad\u00e3o brasiliense enxerga de longe no monumental Est\u00e1dio Man\u00e9 Garrincha, fechado, sem serventia e dando preju\u00edzos aos contribuintes. Ali\u00e1s, virou estacionamento para o protesto dos caminhoneiros. Para o eleitor, esse \u00e9 de fato a heran\u00e7a maldita deixada pelos pol\u00edticos locais, num tempo em que at\u00e9 a sele\u00e7\u00e3o foi mundialmente humilhada em campo para sempre.<\/p>\n<p style=\"text-align: justify\"><strong>A frase que n\u00e3o foi pronunciada:<\/strong><\/p>\n<p style=\"text-align: justify\"><em>\u201cA Constitui\u00e7\u00e3o de 1988 come\u00e7a errada. O poder n\u00e3o emana de nossos representantes. Emana do povo. N\u00f3s, o povo brasileiro come\u00e7amos a perceber que temos o verdadeiro poder. No voto, mas se as urnas forem auditadas internacionalmente.\u201d<\/em><\/p>\n<p style=\"text-align: justify\">Dona Dita preocupada com o futuro<\/p>\n<figure id=\"attachment_11117\" aria-describedby=\"caption-attachment-11117\" style=\"width: 519px\" class=\"wp-caption aligncenter\"><img loading=\"lazy\" decoding=\"async\" class=\" wp-image-11117\" src=\"https:\/\/blogs.correiobraziliense.com.br\/aricunha\/wp-content\/uploads\/sites\/13\/2018\/06\/Constituicao.jpg\" alt=\"Charge: humorpolitico.com.br\" width=\"519\" height=\"389\" srcset=\"https:\/\/blogs.correiobraziliense.com.br\/aricunha\/wp-content\/uploads\/sites\/13\/2018\/06\/Constituicao.jpg 480w, https:\/\/blogs.correiobraziliense.com.br\/aricunha\/wp-content\/uploads\/sites\/13\/2018\/06\/Constituicao-300x225.jpg 300w, https:\/\/blogs.correiobraziliense.com.br\/aricunha\/wp-content\/uploads\/sites\/13\/2018\/06\/Constituicao-350x263.jpg 350w, https:\/\/blogs.correiobraziliense.com.br\/aricunha\/wp-content\/uploads\/sites\/13\/2018\/06\/Constituicao-230x173.jpg 230w\" sizes=\"auto, (max-width: 519px) 100vw, 519px\" \/><figcaption id=\"caption-attachment-11117\" class=\"wp-caption-text\">Charge: humorpolitico.com.br<\/figcaption><\/figure>\n<p style=\"text-align: justify\"><strong>UniCEUB<\/strong><\/p>\n<p style=\"text-align: justify\">UniCEUB e o Instituto Solu\u00e7\u00f5es realizam o F\u00f3rum de Solu\u00e7\u00f5es para Bras\u00edlia &#8211; Desenvolvimento Urbano, nos dias 04 a 07 de junho. O evento acontecer\u00e1 no campus Asa Norte do UniCEUB e reunir\u00e1 grandes nomes da academia, do setor produtivo e do governo. Veja os detalhes no blog do Ari Cunha.<\/p>\n<p style=\"font-weight: 400\">\u00a0<img loading=\"lazy\" decoding=\"async\" class=\"alignnone size-full wp-image-11112 aligncenter\" src=\"https:\/\/blogs.correiobraziliense.com.br\/aricunha\/wp-content\/uploads\/sites\/13\/2018\/06\/unnamed.png\" alt=\"\" width=\"229\" height=\"78\" \/><\/p>\n<p style=\"font-weight: 400;text-align: center\"><strong>UniCEUB sedia F\u00f3rum de Solu\u00e7\u00f5es de Desenvolvimento Urbano para Bras\u00edlia<\/strong><\/p>\n<p style=\"font-weight: 400;text-align: center\"><strong><em>Iniciativa debate alternativas sustent\u00e1veis para impulsionar a economia no Distrito Federal<\/em><\/strong><\/p>\n<p style=\"font-weight: 400;text-align: justify\">\u00a0 \u00a0 \u00a0 \u00a0 \u00a0 O UniCEUB e o Instituto Solu\u00e7\u00f5es realizam o F\u00f3rum de Solu\u00e7\u00f5es para Bras\u00edlia &#8211; Desenvolvimento Urbano, nos dias 04 a 07 de junho. A iniciativa visa explorar a sustentabilidade para dinamizar a economia do Distrito Federal. O evento acontecer\u00e1 no campus Asa Norte do UniCEUB e reunir\u00e1 grandes nomes da academia, do setor produtivo e do governo.<\/p>\n<p style=\"font-weight: 400;text-align: justify\">\u00a0 \u00a0 \u00a0 \u00a0 \u00a0Por meio de mesas de debate ser\u00e3o tratados temas relacionados a meio ambiente e desenvolvimento urbano, como licenciamento ambiental, sustentabilidade em edifica\u00e7\u00f5es, uso e ocupa\u00e7\u00e3o do solo, gest\u00e3o de res\u00edduos s\u00f3lidos, zoneamento ecol\u00f3gico econ\u00f4mico e quest\u00f5es fundi\u00e1rias. O F\u00f3rum faz parte da agenda de comemora\u00e7\u00f5es de 50 anos do UniCEUB.<\/p>\n<p style=\"font-weight: 400;text-align: justify\">\u00a0 \u00a0 \u00a0 \u00a0 \u00a0Entre as autoridades confirmadas est\u00e3o: o presidente da C\u00e2mara Legislativa do Distrito Federal, Joe Valle; o empres\u00e1rio Paulo Oct\u00e1vio; o presidente da Terracap, Julio C\u00e9sar Reis; o presidente da CODHAB,\u00a0Gilson Paranhos, entre outros.<\/p>\n<p style=\"font-weight: 400;text-align: justify\"><strong>Credenciamento:<\/strong>\u00a0Favor enviar nome do ve\u00edculo e do jornalista que ir\u00e1 cobrir o evento at\u00e9 \u00e0s 17h de segunda-feira (4) para\u00a0<a href=\"mailto:uniceub@maquinacohnwolfe.com\">uniceub@maquinacohnwolfe.com<\/a><\/p>\n<p style=\"font-weight: 400;text-align: justify\"><strong><u>Servi\u00e7o:<\/u>\u00a0<\/strong><em>F\u00f3rum de Solu\u00e7\u00f5es para Bras\u00edlia &#8211; Desenvolvimento Urbano<\/em><\/p>\n<p style=\"font-weight: 400;text-align: justify\"><strong>Quando:<\/strong>\u00a004 a 07 de junho<\/p>\n<p style=\"font-weight: 400;text-align: justify\"><strong>Onde:<\/strong>\u00a0audit\u00f3rio do Bloco 3 do Campus Asa Norte<\/p>\n<p style=\"font-weight: 400;text-align: justify\"><strong>Inscri\u00e7\u00f5es<\/strong>: at\u00e9 03 de junho neste\u00a0<a href=\"https:\/\/www.uniceub.br\/eventos-academicos\/eventos-por-curso\/1o-semestre-2018\/forum-de-solucoes-para-brasilia.aspx\">link<\/a><\/p>\n<p style=\"font-weight: 400;text-align: justify\"><strong>&#8211;&gt; Confira a programa\u00e7\u00e3o completa abaixo:<\/strong><\/p>\n<p style=\"font-weight: 400;text-align: justify\"><span style=\"color: #ff0000\"><strong>Dia 4 de Junho, 19h (segunda-feira)<\/strong><\/span><\/p>\n<table style=\"font-weight: 400\">\n<tbody>\n<tr>\n<td colspan=\"2\" width=\"737\">\n<p style=\"text-align: center\"><span style=\"color: #008000\"><strong><u>Mesa de Abertura<\/u><\/strong><\/span><\/p>\n<\/td>\n<\/tr>\n<tr>\n<td width=\"177\">Joe Valle<\/td>\n<td width=\"559\">Presidente da C\u00e2mara Legislativa do Distrito Federal<\/td>\n<\/tr>\n<tr>\n<td width=\"177\">Luiz Carlos Botelho<\/td>\n<td width=\"559\">Presidente do Sinduscon\/DF<\/td>\n<\/tr>\n<tr>\n<td width=\"177\">Paulo Oct\u00e1vio<\/td>\n<td width=\"559\">PaulOOctavio<\/td>\n<\/tr>\n<tr>\n<td width=\"177\">Tiago de Andrade<\/td>\n<td width=\"559\">Secret\u00e1rio de Gest\u00e3o do Territ\u00f3rio e Habita\u00e7\u00e3o do DF<\/td>\n<\/tr>\n<tr>\n<td width=\"177\">Ant\u00f4nio Carlos Navarro<\/td>\n<td width=\"559\">Representante do Sistema FIBRA<\/td>\n<\/tr>\n<tr>\n<td width=\"177\">Felipe Ferreira*<\/td>\n<td width=\"559\">Secret\u00e1rio de Meio Ambiente do Distrito Federal<\/td>\n<\/tr>\n<tr>\n<td width=\"177\">Juliano Costa Couto*<\/td>\n<td width=\"559\">Presidente da OAB\/DF<\/td>\n<\/tr>\n<tr>\n<td width=\"177\">Alexandre Guerra*<\/td>\n<td width=\"559\">Instituto Atl\u00e2ntico<\/td>\n<\/tr>\n<tr>\n<td width=\"177\">Carolina Cesetti*<\/td>\n<td width=\"559\">Representante do GERN\/UnB (Grupo de Estudos de Direito dos Recursos Naturais e Sustentabilidade)<\/td>\n<\/tr>\n<tr>\n<td width=\"177\">M\u00e1rcia Leuzinger*<\/td>\n<td width=\"559\">L\u00edder do Grupo de Pesquisa Direito e Desenvolvimento Sustent\u00e1vel do UniCEUB<\/td>\n<\/tr>\n<tr>\n<td width=\"177\">Rafael Calixto<\/td>\n<td width=\"559\">Presidente do DCE do UniCEUB<\/td>\n<\/tr>\n<\/tbody>\n<\/table>\n<p style=\"font-weight: 400;text-align: justify\"><strong>\u00a0<\/strong><\/p>\n<p style=\"font-weight: 400;text-align: justify\"><span style=\"color: #ff0000\"><strong>Dia 5 de Junho, 19h (ter\u00e7a-feira)<\/strong><\/span><\/p>\n<table style=\"font-weight: 400\" width=\"737\">\n<tbody>\n<tr>\n<td colspan=\"3\" width=\"737\">\n<p style=\"text-align: center\"><span style=\"color: #008000\"><strong><u>Mesa 1 \u2013 Habita\u00e7\u00e3o e Sustentabilidade (19h)<\/u><\/strong><\/span><\/p>\n<\/td>\n<\/tr>\n<tr>\n<td width=\"160\">Julio C\u00e9sar Reis<\/td>\n<td width=\"208\">Presidente da Terracap<\/td>\n<td width=\"368\">Quest\u00e3o fundi\u00e1ria, sustentabilidade e desenvolvimento econ\u00f4mico<\/td>\n<\/tr>\n<tr>\n<td width=\"160\">Gilson Paranhos<\/td>\n<td width=\"208\">Presidente da CODHAB<\/td>\n<td width=\"368\">Regulariza\u00e7\u00e3o fundi\u00e1ria, moradia e sustentabilidade<\/td>\n<\/tr>\n<tr>\n<td width=\"160\">Victor Carvalho Pinto<\/td>\n<td width=\"208\">Consultor do Senado e Advogado especialista em direito urban\u00edstico<\/td>\n<td width=\"368\">Sustentabilidade e pol\u00edticas de habita\u00e7\u00e3o<\/td>\n<\/tr>\n<tr>\n<td colspan=\"3\" width=\"737\">\n<p style=\"text-align: center\"><span style=\"color: #008000\"><strong><u>Mesa 2 \u2013 Licenciamento Ambiental (20h40)<\/u><\/strong><\/span><\/p>\n<\/td>\n<\/tr>\n<tr>\n<td width=\"160\">Igor Tokarski<\/td>\n<td width=\"208\">Advogado e Ex-Secret\u00e1rio de Meio Ambiente do Distrito Federal<\/td>\n<td width=\"368\">Licenciamento ambiental no Distrito Federal<\/td>\n<\/tr>\n<tr>\n<td width=\"160\">Nicolao Dino<\/td>\n<td width=\"208\">Subprocurador-geral da Rep\u00fablica e Professor da UnB<\/td>\n<td width=\"368\">Licenciamento ambiental e atua\u00e7\u00e3o do Minist\u00e9rio P\u00fablico<\/td>\n<\/tr>\n<tr>\n<td width=\"160\">Tereza Cristina<\/td>\n<td width=\"208\">Deputada Federal e Presidente da Frente Parlamentar da Agricultura<\/td>\n<td width=\"368\">Projetos de lei sobre licenciamento ambiental em tramita\u00e7\u00e3o no Congresso Nacional<\/td>\n<\/tr>\n<\/tbody>\n<\/table>\n<p style=\"font-weight: 400;text-align: justify\"><strong>\u00a0<\/strong><\/p>\n<p style=\"font-weight: 400;text-align: justify\"><span style=\"color: #ff0000\"><strong>Dia 6 de Junho, 19h (quarta-feira)<\/strong><\/span><\/p>\n<table style=\"font-weight: 400\" width=\"737\">\n<tbody>\n<tr>\n<td colspan=\"3\" width=\"737\">\n<p style=\"text-align: center\"><span style=\"color: #008000\"><strong><u>Mesa 3 \u2013 Zoneamento Ecol\u00f3gico Econ\u00f4mico (19h)<\/u><\/strong><\/span><\/p>\n<\/td>\n<\/tr>\n<tr>\n<td width=\"158\">Maria Silvia Rossi<\/td>\n<td width=\"208\">Subsecret\u00e1ria de Planejamento Ambiental do DF<\/td>\n<td width=\"370\">O Zoneamento Ecol\u00f3gico Econ\u00f4mico do Distrito Federal<\/td>\n<\/tr>\n<tr>\n<td width=\"158\">Ant\u00f4nio Carlos Navarro<\/td>\n<td width=\"208\">Representante do Sistema FIBRA<\/td>\n<td width=\"370\">O Zoneamento Ecol\u00f3gico Econ\u00f4mico do Distrito Federal na Perspectiva do Setor Produtivo<\/td>\n<\/tr>\n<tr>\n<td width=\"158\">Professor Israel<\/td>\n<td width=\"208\">Deputado Distrital e relator do projeto de lei do Zoneamento Ecol\u00f3gico Econ\u00f4mico na CLDF<\/td>\n<td width=\"370\">O Debate sobre o Zoneamento Ecol\u00f3gico Econ\u00f4mico na C\u00e2mara Legislativa do Distrito Federal<\/td>\n<\/tr>\n<\/tbody>\n<\/table>\n<p>&nbsp;<\/p>\n<table style=\"font-weight: 400;height: 465px\" width=\"738\">\n<tbody>\n<tr>\n<td colspan=\"3\" width=\"737\">\n<p style=\"text-align: center\"><span style=\"color: #008000\"><strong><u>Mesa 4 \u2013 Sustentabilidade em Edifica\u00e7\u00f5es (20h40)<\/u><\/strong><\/span><\/p>\n<\/td>\n<\/tr>\n<tr>\n<td width=\"158\">Darja Kos Braga<\/td>\n<td width=\"208\">Arquiteta Especialista em Sustentabilidade em Edifica\u00e7\u00f5es e S\u00f3cia do escrit\u00f3rio Ambiente Eficiente<\/td>\n<td width=\"370\">Viabilidade Econ\u00f4mica de Edifica\u00e7\u00f5es Sustent\u00e1veis<\/td>\n<\/tr>\n<tr>\n<td width=\"158\">Abiezer Amar\u00edlia<\/td>\n<td width=\"208\">Professor da Engenharia El\u00e9trica do UniCEUB<\/td>\n<td width=\"370\">Iniciativas relacionadas \u00e0 sustentabilidade na administra\u00e7\u00e3o do UniCEUB<\/td>\n<\/tr>\n<tr>\n<td width=\"158\">Fran\u00e7oise M\u00e9teyer-Zeldine<\/td>\n<td width=\"208\">Conselheira de Desenvolvimento Sustent\u00e1vel na Embaixada da Fran\u00e7a no Brasil<\/td>\n<td width=\"370\">Edifica\u00e7\u00f5es Sustent\u00e1veis em Paris: Case de Sucesso<\/td>\n<\/tr>\n<\/tbody>\n<\/table>\n<p style=\"font-weight: 400;text-align: justify\"><strong>\u00a0<\/strong><\/p>\n<p style=\"font-weight: 400;text-align: justify\"><span style=\"color: #ff0000\"><strong>Dia 7 de Junho, 19h (quinta-feira)<\/strong><\/span><\/p>\n<table style=\"font-weight: 400\">\n<tbody>\n<tr>\n<td colspan=\"3\" width=\"737\">\n<p style=\"text-align: center\"><span style=\"color: #008000\"><strong><u>Mesa 5 \u2013 Uso e Ocupa\u00e7\u00e3o do Solo (19h)<\/u><\/strong><\/span><\/p>\n<\/td>\n<\/tr>\n<tr>\n<td width=\"158\">Claudia Varizo<\/td>\n<td width=\"208\">Subsecret\u00e1ria de Gest\u00e3o Urbana do DF<\/td>\n<td width=\"370\">O Projeto de Lei de Uso e Ocupa\u00e7\u00e3o do Solo do Distrito Federal<\/td>\n<\/tr>\n<tr>\n<td width=\"158\">Jo\u00e3o Accioly<\/td>\n<td width=\"208\">Vice-presidente do Sinduscon\/DF e Arquiteto na Accioly Catelli Arquitetos Associados<\/td>\n<td width=\"370\">O Projeto de Lei de Uso e Ocupa\u00e7\u00e3o do Solo do Distrito Federal na Perspectiva do Setor Produtivo<\/td>\n<\/tr>\n<tr>\n<td width=\"158\">Pedro Saad<\/td>\n<td width=\"208\">Advogado e Presidente Institucional do Instituto Solu\u00e7\u00f5es<\/td>\n<td width=\"370\">Direito Adquirido em Face das Mudan\u00e7as no Zoneamento Urbano<\/td>\n<\/tr>\n<tr>\n<td width=\"158\">Gabriela Canielas<\/td>\n<td width=\"208\">Diretora de Empreendimentos Residenciais na PaulOOctavio<\/td>\n<td width=\"370\">O Projeto de Lei de Uso e Ocupa\u00e7\u00e3o do Solo do Distrito Federal e seus impactos em \u00c1guas Claras<\/td>\n<\/tr>\n<\/tbody>\n<\/table>\n<p>&nbsp;<\/p>\n<table style=\"font-weight: 400\">\n<tbody>\n<tr>\n<td colspan=\"3\" width=\"737\">\n<p style=\"text-align: center\"><span style=\"color: #008000\"><strong><u>Mesa 6 \u2013 Res\u00edduos S\u00f3lidos (20h40)<\/u><\/strong><\/span><\/p>\n<\/td>\n<\/tr>\n<tr>\n<td width=\"158\">Elisa Meirelles<\/td>\n<td width=\"208\">Subsecret\u00e1ria de Educa\u00e7\u00e3o e Res\u00edduos S\u00f3lidos Res\u00edduos S\u00f3lidos do DF<\/td>\n<td width=\"370\">Desafios na Gest\u00e3o de Res\u00edduos S\u00f3lidos no Distrito Federal<\/td>\n<\/tr>\n<tr>\n<td width=\"158\">Tsyuoshi Kitamoto<\/td>\n<td width=\"208\">Segundo Secret\u00e1rio da Embaixada do Jap\u00e3o no Brasil<\/td>\n<td width=\"370\">Cases de Sucesso na Gest\u00e3o de Res\u00edduos S\u00f3lidos no Jap\u00e3o<\/td>\n<\/tr>\n<tr>\n<td width=\"158\">Alana Mioranza<\/td>\n<td width=\"208\">Projeto Compostar<\/td>\n<td width=\"370\">Cases de Sucesso na Destina\u00e7\u00e3o de Res\u00edduos S\u00f3lidos de Restaurantes no Projeto Compostar<\/td>\n<\/tr>\n<\/tbody>\n<\/table>\n<p style=\"text-align: justify\"><strong>Subgrafiteiros<\/strong><\/p>\n<p style=\"text-align: justify\">O nome vem do subsolo do teatro Dulcina, que exp\u00f5e a arte dos grafiteiros da cidade. Depois da reforma, o Sub Dulcina acomoda trabalhos de profissionais da Ceil\u00e2ndia, Asa Sul, Planaltina, Santa Maria e Guar\u00e1. Daniel Toys, Brixx Furtado, Onio, Juba, Gurulino, Carli Ayo, Fl\u00e1vio Soneka e os coletivos Cavalo do C\u00e3o e Amor\u00e7o pintaram telas, pain\u00e9is, ton\u00e9is. Vale a visita.<\/p>\n<figure id=\"attachment_11119\" aria-describedby=\"caption-attachment-11119\" style=\"width: 466px\" class=\"wp-caption aligncenter\"><img loading=\"lazy\" decoding=\"async\" class=\" wp-image-11119\" src=\"https:\/\/blogs.correiobraziliense.com.br\/aricunha\/wp-content\/uploads\/sites\/13\/2018\/06\/20161202182818603057e.jpg\" alt=\"Foto: correiobraziliense.com.br\" width=\"466\" height=\"309\" srcset=\"https:\/\/blogs.correiobraziliense.com.br\/aricunha\/wp-content\/uploads\/sites\/13\/2018\/06\/20161202182818603057e.jpg 332w, https:\/\/blogs.correiobraziliense.com.br\/aricunha\/wp-content\/uploads\/sites\/13\/2018\/06\/20161202182818603057e-300x199.jpg 300w, https:\/\/blogs.correiobraziliense.com.br\/aricunha\/wp-content\/uploads\/sites\/13\/2018\/06\/20161202182818603057e-230x152.jpg 230w\" sizes=\"auto, (max-width: 466px) 100vw, 466px\" \/><figcaption id=\"caption-attachment-11119\" class=\"wp-caption-text\">Foto: correiobraziliense.com.br<\/figcaption><\/figure>\n<p style=\"text-align: justify\"><strong>In\u00fatil<\/strong><\/p>\n<p style=\"text-align: justify\">Mobiliza\u00e7\u00e3o dos caminhoneiros no Est\u00e1dio n\u00e3o deveria ser para \u201ccolocar fogo e mostrar para esses bandidos quem somos n\u00f3s\u201d. A verdadeira campanha deveria ser no estado deles, escolhendo melhor seus representantes e lutando pelo voto impresso.<\/p>\n<figure id=\"attachment_11118\" aria-describedby=\"caption-attachment-11118\" style=\"width: 580px\" class=\"wp-caption aligncenter\"><img loading=\"lazy\" decoding=\"async\" class=\" wp-image-11118\" src=\"https:\/\/blogs.correiobraziliense.com.br\/aricunha\/wp-content\/uploads\/sites\/13\/2018\/06\/20150303161115496515e.jpg\" alt=\"Foto: amazonasnoticias.com.br\" width=\"580\" height=\"348\" srcset=\"https:\/\/blogs.correiobraziliense.com.br\/aricunha\/wp-content\/uploads\/sites\/13\/2018\/06\/20150303161115496515e.jpg 750w, https:\/\/blogs.correiobraziliense.com.br\/aricunha\/wp-content\/uploads\/sites\/13\/2018\/06\/20150303161115496515e-300x180.jpg 300w, https:\/\/blogs.correiobraziliense.com.br\/aricunha\/wp-content\/uploads\/sites\/13\/2018\/06\/20150303161115496515e-350x210.jpg 350w, https:\/\/blogs.correiobraziliense.com.br\/aricunha\/wp-content\/uploads\/sites\/13\/2018\/06\/20150303161115496515e-550x330.jpg 550w, https:\/\/blogs.correiobraziliense.com.br\/aricunha\/wp-content\/uploads\/sites\/13\/2018\/06\/20150303161115496515e-230x138.jpg 230w\" sizes=\"auto, (max-width: 580px) 100vw, 580px\" \/><figcaption id=\"caption-attachment-11118\" class=\"wp-caption-text\">Foto: amazonasnoticias.com.br<\/figcaption><\/figure>\n<p style=\"text-align: justify\"><strong>Transpo\u00e9ticas<\/strong><\/p>\n<p style=\"text-align: justify\">De 8 a 10 de junho, uma programa\u00e7\u00e3o bem candanga no Museu da Rep\u00fablica. \u00d3tima oportunidade para alunos do ensino m\u00e9dio e superior do DF. Concurso \u201cCassiano Nunes\u201d. As inscri\u00e7\u00f5es s\u00e3o gratuitas e os pr\u00eamios s\u00e3o de R$ 2.000, para o primeiro lugar, R$ 1.500, segundo, e R$ 1.000 para o terceiro colocado. A partir das 14h. A premia\u00e7\u00e3o ser\u00e1 no domingo. Shows e oficinas animam o evento.<\/p>\n<p style=\"text-align: justify\"><strong>HIST\u00d3RIA DE BRAS\u00cdLIA<\/strong><\/p>\n<p style=\"text-align: justify\">As comemora\u00e7\u00f5es da Semana da Asa, em Bras\u00edlia, est\u00e3o sendo realizadas com efetiva participa\u00e7\u00e3o do Skall Clube, que, com o Minist\u00e9rio da Aeron\u00e1utica, est\u00e1 executando um excelente programa.<\/p>\n","protected":false},"excerpt":{"rendered":"<p>ARI CUNHA Visto, lido e ouvido Desde 1960 com Circe Cunha e Mamfil colunadoaricunha@gmail.com; \u00a0\u00a0\u00a0\u00a0\u00a0\u00a0\u00a0\u00a0\u00a0 Pelo quadro surrealista que vai se desenhando para as pr\u00f3ximas elei\u00e7\u00f5es, com candidatos postulando vagas no Executivo e Legislativo at\u00e9 de dentro do c\u00e1rcere, onde cumprem pena, n\u00e3o surpreende que o pr\u00f3ximo pleito de 2018 ser\u00e1 um dos mais ins\u00f3litos de todos os tempos. \u00a0\u00a0\u00a0\u00a0\u00a0\u00a0\u00a0\u00a0\u00a0 [&hellip;]<\/p>\n","protected":false},"author":34,"featured_media":11115,"comment_status":"open","ping_status":"open","sticky":false,"template":"","format":"standard","meta":{"footnotes":""},"categories":[23],"tags":[267,265,263,264,272,201,114,271,261,262,269,268,266,270,68,2,69,16],"class_list":["post-11105","post","type-post","status-publish","format-standard","has-post-thumbnail","hentry","category-integra","tag-caminhoneirosnoestadiomanegarrincha","tag-constituicaofederalde1988","tag-crisespoliticas","tag-estadiomanegarrincha","tag-forumdesolucoesparabrasilia-desenvolvimentourbano","tag-governorollemberg","tag-historiadebrasilia","tag-institutosolucoes","tag-politicanobrasil","tag-politicanodf","tag-subgrafiteirosdf","tag-teatrodulcina","tag-transpoeticas","tag-uniceub","tag-aricunha","tag-brasilia","tag-circecunha","tag-mamfil"],"_links":{"self":[{"href":"https:\/\/blogs.correiobraziliense.com.br\/aricunha\/wp-json\/wp\/v2\/posts\/11105","targetHints":{"allow":["GET"]}}],"collection":[{"href":"https:\/\/blogs.correiobraziliense.com.br\/aricunha\/wp-json\/wp\/v2\/posts"}],"about":[{"href":"https:\/\/blogs.correiobraziliense.com.br\/aricunha\/wp-json\/wp\/v2\/types\/post"}],"author":[{"embeddable":true,"href":"https:\/\/blogs.correiobraziliense.com.br\/aricunha\/wp-json\/wp\/v2\/users\/34"}],"replies":[{"embeddable":true,"href":"https:\/\/blogs.correiobraziliense.com.br\/aricunha\/wp-json\/wp\/v2\/comments?post=11105"}],"version-history":[{"count":8,"href":"https:\/\/blogs.correiobraziliense.com.br\/aricunha\/wp-json\/wp\/v2\/posts\/11105\/revisions"}],"predecessor-version":[{"id":11127,"href":"https:\/\/blogs.correiobraziliense.com.br\/aricunha\/wp-json\/wp\/v2\/posts\/11105\/revisions\/11127"}],"wp:featuredmedia":[{"embeddable":true,"href":"https:\/\/blogs.correiobraziliense.com.br\/aricunha\/wp-json\/wp\/v2\/media\/11115"}],"wp:attachment":[{"href":"https:\/\/blogs.correiobraziliense.com.br\/aricunha\/wp-json\/wp\/v2\/media?parent=11105"}],"wp:term":[{"taxonomy":"category","embeddable":true,"href":"https:\/\/blogs.correiobraziliense.com.br\/aricunha\/wp-json\/wp\/v2\/categories?post=11105"},{"taxonomy":"post_tag","embeddable":true,"href":"https:\/\/blogs.correiobraziliense.com.br\/aricunha\/wp-json\/wp\/v2\/tags?post=11105"}],"curies":[{"name":"wp","href":"https:\/\/api.w.org\/{rel}","templated":true}]}}