{"id":11013,"date":"2018-05-25T19:45:11","date_gmt":"2018-05-25T22:45:11","guid":{"rendered":"https:\/\/blogs.correiobraziliense.com.br\/aricunha\/?p=11013"},"modified":"2018-05-25T19:45:11","modified_gmt":"2018-05-25T22:45:11","slug":"agindo-por-conta-propria-sem-pensar-nas-futuras-geracoes","status":"publish","type":"post","link":"https:\/\/blogs.correiobraziliense.com.br\/aricunha\/agindo-por-conta-propria-sem-pensar-nas-futuras-geracoes\/","title":{"rendered":"Agindo por conta pr\u00f3pria sem pensar nas futuras gera\u00e7\u00f5es"},"content":{"rendered":"<p style=\"text-align: justify\">ARI CUNHA<\/p>\n<p style=\"text-align: justify\">Visto, lido e ouvido<\/p>\n<p style=\"text-align: justify\">Desde 1960<\/p>\n<p style=\"text-align: justify\">com Circe Cunha e Mamfil<\/p>\n<p style=\"text-align: justify\">colunadoaricunha@gmail.com;<\/p>\n<figure id=\"attachment_11022\" aria-describedby=\"caption-attachment-11022\" style=\"width: 412px\" class=\"wp-caption alignleft\"><img loading=\"lazy\" decoding=\"async\" class=\" wp-image-11022\" src=\"https:\/\/blogs.correiobraziliense.com.br\/aricunha\/wp-content\/uploads\/sites\/13\/2018\/05\/ENTORNO_BRASILIA_DF.jpg\" alt=\"Imagem: quidnovi.com.br\" width=\"412\" height=\"539\" srcset=\"https:\/\/blogs.correiobraziliense.com.br\/aricunha\/wp-content\/uploads\/sites\/13\/2018\/05\/ENTORNO_BRASILIA_DF.jpg 488w, https:\/\/blogs.correiobraziliense.com.br\/aricunha\/wp-content\/uploads\/sites\/13\/2018\/05\/ENTORNO_BRASILIA_DF-229x300.jpg 229w, https:\/\/blogs.correiobraziliense.com.br\/aricunha\/wp-content\/uploads\/sites\/13\/2018\/05\/ENTORNO_BRASILIA_DF-267x350.jpg 267w, https:\/\/blogs.correiobraziliense.com.br\/aricunha\/wp-content\/uploads\/sites\/13\/2018\/05\/ENTORNO_BRASILIA_DF-230x301.jpg 230w\" sizes=\"auto, (max-width: 412px) 100vw, 412px\" \/><figcaption id=\"caption-attachment-11022\" class=\"wp-caption-text\">Imagem: quidnovi.com.br<\/figcaption><\/figure>\n<p style=\"text-align: justify\">\u00a0 \u00a0 \u00a0 \u00a0 \u00a0Faltando pouco mais de cinco meses para as pr\u00f3ximas elei\u00e7\u00f5es, ao que tudo indica, ser\u00e3o as mais imprevis\u00edveis de todos os tempos, torna-se no m\u00ednimo inquietante e ruinoso, para o futuro da capital, que os deputados distritais venham, no fechar das cortinas da atual legislatura, a apreciar e votar processos t\u00e3o abrangentes e com tantos desdobramentos para a vida dos brasilienses como s\u00e3o os casos relativos a Lei de Uso e Ocupa\u00e7\u00e3o do Solo (Luos) e o projeto que estabelece a Regi\u00e3o Integrada de Desenvolvimento do Distrito Federal e Entorno (RIDE).<\/p>\n<p style=\"text-align: justify\">\u00a0 \u00a0 \u00a0 \u00a0 Tratam-se aqui de duas medidas que, segundo especialistas em quest\u00f5es urbanas, ir\u00e3o provocar significativas altera\u00e7\u00f5es em todo o quadril\u00e1tero do Distrito Federal, impactando, de forma imprevis\u00edvel, todo o funcionamento e a presta\u00e7\u00e3o de muitos servi\u00e7os da capital, j\u00e1 sobrecarregado h\u00e1 anos pela inc\u00faria proposital dos governos vizinhos de Goi\u00e1s, do Tocantins e de Minas Gerais.<\/p>\n<p style=\"text-align: justify\">\u00a0\u00a0\u00a0\u00a0\u00a0\u00a0\u00a0\u00a0 A possibilidade de essas duas novas diretrizes se tornarem um fato consolidado e irrevers\u00edvel coloca em jogo a viabilidade futura da pr\u00f3pria capital. \u00c9 preocupante que n\u00e3o haja debates em inst\u00e2ncias diversas, que por dever de of\u00edcio, t\u00eam a obriga\u00e7\u00e3o de discutir problemas dessa natureza.<\/p>\n<p style=\"text-align: justify\">\u00a0 \u00a0 \u00a0 \u00a0 \u00a0 Felizmente, no caso da Luos, a interven\u00e7\u00e3o providencial da Vara do Meio Ambiente, Desenvolvimento Urbano e Fundi\u00e1rio do DF, invalidando a tramita\u00e7\u00e3o desse projeto sob o argumento de insufici\u00eancia de debates p\u00fablicos vem em boa hora para dar maior f\u00f4lego e reflex\u00e3o sobre o assunto. A quest\u00e3o da conurba\u00e7\u00e3o, fen\u00f4meno comum a maioria das capitais brasileiras e em que as regi\u00f5es vizinhas passam a formar uma s\u00f3 \u00e1rea urbana homog\u00eanea e ca\u00f3tica, precisa ser seriamente pensada de forma a n\u00e3o repetir aqui o que j\u00e1 acontece hoje em cidades como o Rio de Janeiro, tornada uma megal\u00f3pole ingovern\u00e1vel e com as consequ\u00eancias que j\u00e1 conhecemos.<\/p>\n<p style=\"text-align: justify\">\u00a0\u00a0\u00a0\u00a0\u00a0\u00a0\u00a0\u00a0 No caso ainda da Luos, a quest\u00e3o ganha maior relevo quando se sabe que esses debates eram protagonizados por um cipoal de interesses de toda ordem, principalmente eleitoreiros e paroquiais. No planejamento e no controle de grandes \u00e1reas urbanas, como proposto pela Lei de Uso e Ocupa\u00e7\u00e3o do Solo, e que envolve todas as regi\u00f5es administrativas do DF, o que est\u00e1 em jogo e na mira dos pol\u00edticos e empreiteiros s\u00e3o quatrocentos mil lotes devidamente registrados e que n\u00e3o podem vir a refor\u00e7ar o t\u00e3o pernicioso e antigo esquema que tantos males tem causado \u00e0 capital.<\/p>\n<p style=\"text-align: justify\">\u00a0 \u00a0 \u00a0 Com rela\u00e7\u00e3o \u00e0 RIDE, criada em 1998, propondo a integra\u00e7\u00e3o dos 12 munic\u00edpios no entorno de Bras\u00edlia, a proposta, j\u00e1 aprovada pelo Senado e pela C\u00e2mara dos Deputados, prev\u00ea a inclus\u00e3o dessas localidades no desenvolvimento conjunto do DF. O que preocupa, nesse caso, e que n\u00e3o est\u00e1 claro para muitos, \u00e9 como se dar\u00e1 essa integra\u00e7\u00e3o de forma racional e satisfat\u00f3ria, quando se conhece as limita\u00e7\u00f5es econ\u00f4micas e pol\u00edticas de um governo fraco e em fim de mandato. A\u00e7\u00f5es de integra\u00e7\u00e3o desses e de outros munic\u00edpios no entorno do DF e que poderiam resultar em melhorias para todos indistintamente, como \u00e9 o caso da liga\u00e7\u00e3o ferrovi\u00e1ria de Bras\u00edlia a S\u00e3o Paulo por exemplo, n\u00e3o s\u00e3o sequer mencionadas.<\/p>\n<p style=\"text-align: justify\"><strong>A frase que foi pronunciada:<\/strong><\/p>\n<p style=\"text-align: justify\"><em>\u201cDesocupa-se simbolicamente o tombamento com a m\u00e3o esquerda e refor\u00e7a-se a gentrifica\u00e7\u00e3o com a m\u00e3o direita. Esse processo \u00e9 conhecido e n\u00e3o revela um novo pensamento, mas a persist\u00eancia das velhas formas de se fazer pol\u00edtica.\u201d<\/em><\/p>\n<p style=\"text-align: justify\">Emilia Stenze<\/p>\n<p style=\"text-align: justify\"><strong>R\u00e1dio Garden<\/strong><\/p>\n<p style=\"text-align: justify\">Experimente no blog do Ari Cunha o R\u00e1dio Garden. Trata-se de um aplicativo onde pontos verdes brotam no mapa mundi. Cada ponto \u00e9 uma r\u00e1dio ligada ao vivo com o som n\u00edtido e claro. Quem diria que o velho r\u00e1dio n\u00e3o perderia a majestade para a internet!<\/p>\n<p style=\"text-align: justify\">Link de acesso ao site:\u00a0<a href=\"http:\/\/radio.garden\/live\/brasilia-df\/radio-eixo\/\">http:\/\/radio.garden\/live\/brasilia-df\/radio-eixo\/<\/a><\/p>\n<p style=\"text-align: justify\"><img loading=\"lazy\" decoding=\"async\" class=\" wp-image-11019 aligncenter\" src=\"https:\/\/blogs.correiobraziliense.com.br\/aricunha\/wp-content\/uploads\/sites\/13\/2018\/05\/1.1.jpg\" alt=\"\" width=\"630\" height=\"272\" srcset=\"https:\/\/blogs.correiobraziliense.com.br\/aricunha\/wp-content\/uploads\/sites\/13\/2018\/05\/1.1.jpg 1366w, https:\/\/blogs.correiobraziliense.com.br\/aricunha\/wp-content\/uploads\/sites\/13\/2018\/05\/1.1-300x130.jpg 300w, https:\/\/blogs.correiobraziliense.com.br\/aricunha\/wp-content\/uploads\/sites\/13\/2018\/05\/1.1-768x332.jpg 768w, https:\/\/blogs.correiobraziliense.com.br\/aricunha\/wp-content\/uploads\/sites\/13\/2018\/05\/1.1-1024x442.jpg 1024w, https:\/\/blogs.correiobraziliense.com.br\/aricunha\/wp-content\/uploads\/sites\/13\/2018\/05\/1.1-350x151.jpg 350w, https:\/\/blogs.correiobraziliense.com.br\/aricunha\/wp-content\/uploads\/sites\/13\/2018\/05\/1.1-550x238.jpg 550w, https:\/\/blogs.correiobraziliense.com.br\/aricunha\/wp-content\/uploads\/sites\/13\/2018\/05\/1.1-230x99.jpg 230w\" sizes=\"auto, (max-width: 630px) 100vw, 630px\" \/><\/p>\n<p style=\"text-align: justify\"><strong>Gest\u00e3o de Pessoas<\/strong><\/p>\n<p style=\"text-align: justify\">Um encontro na Escola de Administra\u00e7\u00e3o com o apoio da Gest\u00e3o de Pessoas do Minist\u00e9rio do Planejamento, Desenvolvimento e Gest\u00e3o vai apresentar um estudo sobre o pessoal ativo da Administra\u00e7\u00e3o P\u00fablica Federal. Dia 28, a partir das 14h30. Um retrato da for\u00e7a de trabalho no setor. Convidados para os pain\u00e9is, os especialistas Marizaura Cam\u00f5es (Enap) e Daniel Ortega Nieto (Banco Mundial). Mais detalhes no blog do Ari Cunha.<\/p>\n<p style=\"text-align: justify\">Link para mais informa\u00e7\u00f5es:\u00a0<a href=\"http:\/\/www.enap.gov.br\/web\/pt-br\/noticias\/-\/asset_publisher\/LviHFVBrASPU\/content\/enap-e-mp-promovem-lancamento-do-informe-de-pessoal\/586010;jsessionid=62DFB6BF1DD51B29B3D7291B3B047B77\" target=\"_blank\">ENAP &#8211; Informe de Pessoal<\/a><\/p>\n<p style=\"text-align: justify\"><img loading=\"lazy\" decoding=\"async\" class=\" wp-image-11016 aligncenter\" src=\"https:\/\/blogs.correiobraziliense.com.br\/aricunha\/wp-content\/uploads\/sites\/13\/2018\/05\/WhatsApp-Image-2018-05-25-at-14.56.00.jpeg\" alt=\"\" width=\"682\" height=\"447\" srcset=\"https:\/\/blogs.correiobraziliense.com.br\/aricunha\/wp-content\/uploads\/sites\/13\/2018\/05\/WhatsApp-Image-2018-05-25-at-14.56.00.jpeg 718w, https:\/\/blogs.correiobraziliense.com.br\/aricunha\/wp-content\/uploads\/sites\/13\/2018\/05\/WhatsApp-Image-2018-05-25-at-14.56.00-300x197.jpeg 300w, https:\/\/blogs.correiobraziliense.com.br\/aricunha\/wp-content\/uploads\/sites\/13\/2018\/05\/WhatsApp-Image-2018-05-25-at-14.56.00-350x230.jpeg 350w, https:\/\/blogs.correiobraziliense.com.br\/aricunha\/wp-content\/uploads\/sites\/13\/2018\/05\/WhatsApp-Image-2018-05-25-at-14.56.00-550x361.jpeg 550w, https:\/\/blogs.correiobraziliense.com.br\/aricunha\/wp-content\/uploads\/sites\/13\/2018\/05\/WhatsApp-Image-2018-05-25-at-14.56.00-230x151.jpeg 230w\" sizes=\"auto, (max-width: 682px) 100vw, 682px\" \/><\/p>\n<p style=\"text-align: justify\"><strong>Agora Brasileiro!<\/strong><\/p>\n<p style=\"text-align: justify\">Nagib Nassar \u00e9 um dos pesquisadores com maior tempo de atua\u00e7\u00e3o e produtividade no CNPQ. Ingressou na institui\u00e7\u00e3o como bolsista de 1976 at\u00e9 2018. Continua ensinando e pesquisando ainda hoje. Conhe\u00e7a mais sobre essa personalidade no blog do Ari Cunha.<\/p>\n<p style=\"text-align: justify\">Link de acesso ao site:\u00a0<a href=\"http:\/\/www.geneconserve.pro.br\/\" target=\"_blank\">http:\/\/www.geneconserve.pro.br\/<\/a><\/p>\n<p style=\"text-align: justify\"><img loading=\"lazy\" decoding=\"async\" class=\" wp-image-11017 aligncenter\" src=\"https:\/\/blogs.correiobraziliense.com.br\/aricunha\/wp-content\/uploads\/sites\/13\/2018\/05\/Nagib-Nassar.jpg\" alt=\"\" width=\"649\" height=\"350\" srcset=\"https:\/\/blogs.correiobraziliense.com.br\/aricunha\/wp-content\/uploads\/sites\/13\/2018\/05\/Nagib-Nassar.jpg 984w, https:\/\/blogs.correiobraziliense.com.br\/aricunha\/wp-content\/uploads\/sites\/13\/2018\/05\/Nagib-Nassar-300x162.jpg 300w, https:\/\/blogs.correiobraziliense.com.br\/aricunha\/wp-content\/uploads\/sites\/13\/2018\/05\/Nagib-Nassar-768x414.jpg 768w, https:\/\/blogs.correiobraziliense.com.br\/aricunha\/wp-content\/uploads\/sites\/13\/2018\/05\/Nagib-Nassar-350x189.jpg 350w, https:\/\/blogs.correiobraziliense.com.br\/aricunha\/wp-content\/uploads\/sites\/13\/2018\/05\/Nagib-Nassar-550x297.jpg 550w, https:\/\/blogs.correiobraziliense.com.br\/aricunha\/wp-content\/uploads\/sites\/13\/2018\/05\/Nagib-Nassar-230x124.jpg 230w\" sizes=\"auto, (max-width: 649px) 100vw, 649px\" \/><\/p>\n<p style=\"text-align: justify\"><strong>Leitor<\/strong><\/p>\n<p style=\"text-align: justify\">Discordando ou n\u00e3o, segue mais uma sugest\u00e3o pr\u00e1tica do leitor Jos\u00e9 Rabelo: \u201cO BRT \u00e9 uma complica\u00e7\u00e3o desnecess\u00e1ria. O BRT \u00e9 um \u00f4nibus comprido que seria perfeitamente substitu\u00eddo por dois ou tr\u00eas \u00f4nibus, rodando cada um a cada 10 minutos. Seria bem mais pr\u00e1tico e muito mais barato.\u201d<\/p>\n<figure id=\"attachment_11024\" aria-describedby=\"caption-attachment-11024\" style=\"width: 620px\" class=\"wp-caption aligncenter\"><img loading=\"lazy\" decoding=\"async\" class=\"size-full wp-image-11024\" src=\"https:\/\/blogs.correiobraziliense.com.br\/aricunha\/wp-content\/uploads\/sites\/13\/2018\/05\/expresso-df.jpg\" alt=\"Foto: g1.globo.com\" width=\"620\" height=\"465\" srcset=\"https:\/\/blogs.correiobraziliense.com.br\/aricunha\/wp-content\/uploads\/sites\/13\/2018\/05\/expresso-df.jpg 620w, https:\/\/blogs.correiobraziliense.com.br\/aricunha\/wp-content\/uploads\/sites\/13\/2018\/05\/expresso-df-300x225.jpg 300w, https:\/\/blogs.correiobraziliense.com.br\/aricunha\/wp-content\/uploads\/sites\/13\/2018\/05\/expresso-df-350x263.jpg 350w, https:\/\/blogs.correiobraziliense.com.br\/aricunha\/wp-content\/uploads\/sites\/13\/2018\/05\/expresso-df-550x413.jpg 550w, https:\/\/blogs.correiobraziliense.com.br\/aricunha\/wp-content\/uploads\/sites\/13\/2018\/05\/expresso-df-230x173.jpg 230w\" sizes=\"auto, (max-width: 620px) 100vw, 620px\" \/><figcaption id=\"caption-attachment-11024\" class=\"wp-caption-text\">Foto: g1.globo.com<\/figcaption><\/figure>\n<p style=\"text-align: justify\"><strong>Release<\/strong><\/p>\n<p style=\"text-align: justify\">Chega o aviso assinado pela Stephania Rodrigues, da assessoria do DER, informando que o Departamento de Estradas de Rodagem do DF, no s\u00e1bado, das 08 h \u00e0s 15h, realizar\u00e1 o bloqueio de parte da EPTG, pr\u00f3ximo ao c\u00f3rrego Vicente Pires, no sentido Plano Piloto-Taguatinga para coloca\u00e7\u00e3o das vigas met\u00e1licas. O tr\u00e2nsito ser\u00e1 desviado para as vias marginais.<\/p>\n<p style=\"text-align: justify\"><strong>HIST\u00d3RIA DE BRAS\u00cdLIA<\/strong><\/p>\n<p style=\"text-align: justify\">Estou recebendo, agora, um comunicado do Banco da Lavoura, informando que a partir de hoje, ser\u00e3o aceitos estes cheques. <strong>(Publicado em 21.10.1961)<\/strong><\/p>\n","protected":false},"excerpt":{"rendered":"<p>ARI CUNHA Visto, lido e ouvido Desde 1960 com Circe Cunha e Mamfil colunadoaricunha@gmail.com; \u00a0 \u00a0 \u00a0 \u00a0 \u00a0Faltando pouco mais de cinco meses para as pr\u00f3ximas elei\u00e7\u00f5es, ao que tudo indica, ser\u00e3o as mais imprevis\u00edveis de todos os tempos, torna-se no m\u00ednimo inquietante e ruinoso, para o futuro da capital, que os deputados distritais venham, no fechar das cortinas [&hellip;]<\/p>\n","protected":false},"author":34,"featured_media":11022,"comment_status":"open","ping_status":"open","sticky":false,"template":"","format":"standard","meta":{"footnotes":""},"categories":[23],"tags":[216,215,214,209,82,217,212,114,207,213,211,208,210,68,2,69,16],"class_list":["post-11013","post","type-post","status-publish","format-standard","has-post-thumbnail","hentry","category-integra","tag-bloqueionaeptg","tag-brtdf","tag-cnpq","tag-desenvolvimentodacapital","tag-enap","tag-eptg","tag-gestaodepessoasnoservicopublico","tag-historiadebrasilia","tag-luosdf","tag-nagibnassar","tag-radiogarden","tag-ridedf","tag-tombamentodebrasilia","tag-aricunha","tag-brasilia","tag-circecunha","tag-mamfil"],"_links":{"self":[{"href":"https:\/\/blogs.correiobraziliense.com.br\/aricunha\/wp-json\/wp\/v2\/posts\/11013","targetHints":{"allow":["GET"]}}],"collection":[{"href":"https:\/\/blogs.correiobraziliense.com.br\/aricunha\/wp-json\/wp\/v2\/posts"}],"about":[{"href":"https:\/\/blogs.correiobraziliense.com.br\/aricunha\/wp-json\/wp\/v2\/types\/post"}],"author":[{"embeddable":true,"href":"https:\/\/blogs.correiobraziliense.com.br\/aricunha\/wp-json\/wp\/v2\/users\/34"}],"replies":[{"embeddable":true,"href":"https:\/\/blogs.correiobraziliense.com.br\/aricunha\/wp-json\/wp\/v2\/comments?post=11013"}],"version-history":[{"count":6,"href":"https:\/\/blogs.correiobraziliense.com.br\/aricunha\/wp-json\/wp\/v2\/posts\/11013\/revisions"}],"predecessor-version":[{"id":11025,"href":"https:\/\/blogs.correiobraziliense.com.br\/aricunha\/wp-json\/wp\/v2\/posts\/11013\/revisions\/11025"}],"wp:featuredmedia":[{"embeddable":true,"href":"https:\/\/blogs.correiobraziliense.com.br\/aricunha\/wp-json\/wp\/v2\/media\/11022"}],"wp:attachment":[{"href":"https:\/\/blogs.correiobraziliense.com.br\/aricunha\/wp-json\/wp\/v2\/media?parent=11013"}],"wp:term":[{"taxonomy":"category","embeddable":true,"href":"https:\/\/blogs.correiobraziliense.com.br\/aricunha\/wp-json\/wp\/v2\/categories?post=11013"},{"taxonomy":"post_tag","embeddable":true,"href":"https:\/\/blogs.correiobraziliense.com.br\/aricunha\/wp-json\/wp\/v2\/tags?post=11013"}],"curies":[{"name":"wp","href":"https:\/\/api.w.org\/{rel}","templated":true}]}}