{"id":10922,"date":"2018-05-18T10:23:42","date_gmt":"2018-05-18T13:23:42","guid":{"rendered":"https:\/\/blogs.correiobraziliense.com.br\/aricunha\/?p=10922"},"modified":"2018-05-18T17:17:28","modified_gmt":"2018-05-18T20:17:28","slug":"fome-de-politica-publica-que-de-autonomia","status":"publish","type":"post","link":"https:\/\/blogs.correiobraziliense.com.br\/aricunha\/fome-de-politica-publica-que-de-autonomia\/","title":{"rendered":"Fome de pol\u00edtica p\u00fablica que d\u00ea autonomia"},"content":{"rendered":"<p style=\"text-align: justify\">ARI CUNHA<\/p>\n<p style=\"text-align: justify\">Visto, lido e ouvido<\/p>\n<p style=\"text-align: justify\">Desde 1960<\/p>\n<p style=\"text-align: justify\">com Circe Cunha e Mamfil<\/p>\n<p style=\"text-align: justify\">colunadoaricunha@gmail.com;<\/p>\n<figure id=\"attachment_10927\" aria-describedby=\"caption-attachment-10927\" style=\"width: 387px\" class=\"wp-caption alignleft\"><img loading=\"lazy\" decoding=\"async\" class=\" wp-image-10927\" src=\"https:\/\/blogs.correiobraziliense.com.br\/aricunha\/wp-content\/uploads\/sites\/13\/2018\/05\/FOME-ZERO.jpg\" alt=\"Charge: blogdozebrao.com.br\" width=\"387\" height=\"365\" srcset=\"https:\/\/blogs.correiobraziliense.com.br\/aricunha\/wp-content\/uploads\/sites\/13\/2018\/05\/FOME-ZERO.jpg 300w, https:\/\/blogs.correiobraziliense.com.br\/aricunha\/wp-content\/uploads\/sites\/13\/2018\/05\/FOME-ZERO-230x217.jpg 230w\" sizes=\"auto, (max-width: 387px) 100vw, 387px\" \/><figcaption id=\"caption-attachment-10927\" class=\"wp-caption-text\">Charge: blogdozebrao.com.br<\/figcaption><\/figure>\n<p style=\"text-align: justify\">\u00a0\u00a0\u00a0\u00a0\u00a0\u00a0\u00a0\u00a0 Entre as contradi\u00e7\u00f5es e singularidades pr\u00f3prias de um pa\u00eds desigual como o nosso, nenhuma caracter\u00edstica parece ser mais impactante e escandalosa do que o fato de nos colocarmos hoje na posi\u00e7\u00e3o de celeiro do mundo, fornecendo quantidades recordes de alimentos para a popula\u00e7\u00e3o do planeta. Ao mesmo tempo assistimos, de m\u00e3os atadas, ao regresso de parcela significativa dos brasileiros ao mapa da fome. Segundo o IBGE, em 2017, 25,4% da popula\u00e7\u00e3o do pa\u00eds vivia na linha de pobreza, com menos de US$ 5,5 por dia, que \u00e9 o valor que o Banco Mundial adota para definir o grau de pobreza de um indiv\u00edduo. Nem mesmo a surpreendente produ\u00e7\u00e3o de 241 milh\u00f5es de toneladas, atingida agora pelo pa\u00eds, foi capaz de minorar o problema hist\u00f3rico da fome e que deixa mais de 7 milh\u00f5es de brasileiros sem ter absolutamente nada o que comer e outros 30 milh\u00f5es em estado de subnutri\u00e7\u00e3o cr\u00f4nica.<\/p>\n<p style=\"text-align: justify\">\u00a0 \u00a0 \u00a0 \u00a0 \u00a0 \u00a0 \u00a0Alguns especialistas consideram que a quest\u00e3o central nesse dilema n\u00e3o est\u00e1 na capacidade de produ\u00e7\u00e3o e sim no acesso, restringido pela baixa renda da popula\u00e7\u00e3o, pelos pre\u00e7os altos de alguns itens da cesta, listados como commodities e cotados em d\u00f3lar.<\/p>\n<p style=\"text-align: justify\">\u00a0 \u00a0 \u00a0 \u00a0 Outros analistas do problema enxergam nessa contradi\u00e7\u00e3o a comprova\u00e7\u00e3o mais s\u00f3lida de que o chamado agroneg\u00f3cio, respons\u00e1vel direto pela produ\u00e7\u00e3o surpreendente de gr\u00e3os e prote\u00ednas, \u00e9, por excel\u00eancia, um setor concentrador de renda, enriquecendo apenas aqueles indiv\u00edduos que dominam esse neg\u00f3cio. Ressalta-se que foi apenas em 2014 que o pa\u00eds conseguiu sair oficialmente do mapa da fome, quando j\u00e1 ostentava, perante o mundo, sua condi\u00e7\u00e3o de celeiro da humanidade. Indiferentes da realidade de pobreza e fome que assola parte do pa\u00eds, pol\u00edticos de todas as matizes ideol\u00f3gicas v\u00eam por anos explorando essa situa\u00e7\u00e3o, n\u00e3o em busca de solu\u00e7\u00f5es para o problema, mas t\u00e3o somente visando tirar proveito pr\u00f3prio de uma e outra situa\u00e7\u00e3o.<\/p>\n<figure id=\"attachment_10925\" aria-describedby=\"caption-attachment-10925\" style=\"width: 304px\" class=\"wp-caption alignright\"><img loading=\"lazy\" decoding=\"async\" class=\" wp-image-10925\" src=\"https:\/\/blogs.correiobraziliense.com.br\/aricunha\/wp-content\/uploads\/sites\/13\/2018\/05\/268.jpg\" alt=\"Charge: flogao.com.br\" width=\"304\" height=\"409\" srcset=\"https:\/\/blogs.correiobraziliense.com.br\/aricunha\/wp-content\/uploads\/sites\/13\/2018\/05\/268.jpg 352w, https:\/\/blogs.correiobraziliense.com.br\/aricunha\/wp-content\/uploads\/sites\/13\/2018\/05\/268-223x300.jpg 223w, https:\/\/blogs.correiobraziliense.com.br\/aricunha\/wp-content\/uploads\/sites\/13\/2018\/05\/268-260x350.jpg 260w, https:\/\/blogs.correiobraziliense.com.br\/aricunha\/wp-content\/uploads\/sites\/13\/2018\/05\/268-230x309.jpg 230w\" sizes=\"auto, (max-width: 304px) 100vw, 304px\" \/><figcaption id=\"caption-attachment-10925\" class=\"wp-caption-text\">Charge: flogao.com.br<\/figcaption><\/figure>\n<p style=\"text-align: justify\">\u00a0 \u00a0 \u00a0 \u00a0 \u00a0 \u00a0Nesse ponto, tanto a bancada ruralista como aqueles que se op\u00f5em ao agroneg\u00f3cio falam de um Brasil muito distante de seus gabinetes e que s\u00f3 entram em contato \u00e0s v\u00e9speras das elei\u00e7\u00f5es.<\/p>\n<p style=\"text-align: justify\">\u00a0 \u00a0 \u00a0 \u00a0 \u00a0 Guaribas, no Piau\u00ed, foi o primeiro munic\u00edpio do pa\u00eds a receber o Bolsa Fam\u00edlia e onde o proselitismo petista armou seu mais vistoso palanque intitulado Fome Zero. Uma d\u00e9cada depois, a cidade vive unicamente dos recursos do Bolsa Fam\u00edlia e da pouca movimenta\u00e7\u00e3o do seu com\u00e9rcio local, movido tamb\u00e9m \u00e0s custas do cr\u00e9dito que a popula\u00e7\u00e3o local recebe do programa.<\/p>\n<p style=\"text-align: justify\">\u00a0 \u00a0 \u00a0 \u00a0 \u00a0Incrivelmente, a riqueza que sai dos campos em forma de alimentos n\u00e3o foi capaz de alterar o quadro de pobreza que assola as popula\u00e7\u00f5es vizinhas. 80% da pobreza no pa\u00eds est\u00e1, segundo o IBGE, concentrada justamente nas \u00e1reas rurais, principalmente pr\u00f3ximas aos estados do Maranh\u00e3o, Alagoas, Piau\u00ed e Amazonas.<\/p>\n<p style=\"text-align: justify\">\u00a0 \u00a0 \u00a0 \u00a0 \u00a0 \u00a0 \u00a0Mesmo cidades do Sudeste, como Japeri, na Baixada Fluminense, por onde correm os oleodutos da Petrobras, com seu ouro negro, a situa\u00e7\u00e3o \u00e9 calamitosa. 90% da popula\u00e7\u00e3o local n\u00e3o possui emprego fixo e vive de pequenos bicos.<\/p>\n<p style=\"text-align: justify\"><strong>A frase que foi pronunciada:<\/strong><\/p>\n<p style=\"text-align: justify\"><em>\u201cEssas crian\u00e7as est\u00e3o nas ruas porque, no Brasil, ser pobre \u00e9 estar condenado \u00e0 marginalidade. Est\u00e3o nas ruas porque suas fam\u00edlias foram destru\u00eddas. Est\u00e3o nas ruas porque nos omitimos. Est\u00e3o nas ruas e est\u00e3o sendo assassinadas.\u201d<\/em><\/p>\n<p style=\"text-align: justify\">Betinho<\/p>\n<figure id=\"attachment_10926\" aria-describedby=\"caption-attachment-10926\" style=\"width: 475px\" class=\"wp-caption aligncenter\"><img loading=\"lazy\" decoding=\"async\" class=\" wp-image-10926\" src=\"https:\/\/blogs.correiobraziliense.com.br\/aricunha\/wp-content\/uploads\/sites\/13\/2018\/05\/brasil-sem-miseria-lex-270711.jpg\" alt=\"Charge: humorpolitico.com.br\" width=\"475\" height=\"400\" srcset=\"https:\/\/blogs.correiobraziliense.com.br\/aricunha\/wp-content\/uploads\/sites\/13\/2018\/05\/brasil-sem-miseria-lex-270711.jpg 427w, https:\/\/blogs.correiobraziliense.com.br\/aricunha\/wp-content\/uploads\/sites\/13\/2018\/05\/brasil-sem-miseria-lex-270711-300x253.jpg 300w, https:\/\/blogs.correiobraziliense.com.br\/aricunha\/wp-content\/uploads\/sites\/13\/2018\/05\/brasil-sem-miseria-lex-270711-350x295.jpg 350w, https:\/\/blogs.correiobraziliense.com.br\/aricunha\/wp-content\/uploads\/sites\/13\/2018\/05\/brasil-sem-miseria-lex-270711-230x194.jpg 230w\" sizes=\"auto, (max-width: 475px) 100vw, 475px\" \/><figcaption id=\"caption-attachment-10926\" class=\"wp-caption-text\">Charge: humorpolitico.com.br<\/figcaption><\/figure>\n<p style=\"text-align: justify\"><strong>Inseguran\u00e7a<\/strong><\/p>\n<p style=\"text-align: justify\">Est\u00e1 tudo t\u00e3o mudado e violento que uma leitora conta ter recebido um telefonema de uma ordem mission\u00e1ria oferecendo a visita de Nossa Senhora na resid\u00eancia. Ela paga um carn\u00ea e foi atrav\u00e9s dessa ajuda mensal que a freira fez o contato. A resposta foi firme: \u201cN\u00e3o precisa trazer a imagem. Muito obrigada. Nossa Senhora j\u00e1 est\u00e1 aqui.\u201d<\/p>\n<p style=\"text-align: justify\"><strong>Guar\u00e1 em festa<\/strong><\/p>\n<p style=\"text-align: justify\">Tudo certo para a alegria no Parque Ezechias Heringer, no Guar\u00e1. Liberados os R$75 mil para a festa entre promo\u00e7\u00e3o da educa\u00e7\u00e3o ambiental e a\u00e7\u00f5es sustent\u00e1veis al\u00e9m do concerto do projeto Parque Cultural, com a Orquestra Sinf\u00f4nica Itinerante do Teatro Nacional Claudio Santoro, sob a reg\u00eancia do maestro Claudio Cohen. Nesse s\u00e1bado, a partir das 8h.<\/p>\n<p style=\"text-align: justify\"><img loading=\"lazy\" decoding=\"async\" class=\"size-full wp-image-10930 aligncenter\" src=\"https:\/\/blogs.correiobraziliense.com.br\/aricunha\/wp-content\/uploads\/sites\/13\/2018\/05\/WhatsApp-Image-2018-05-14-at-11.03.22.jpeg\" alt=\"\" width=\"480\" height=\"672\" srcset=\"https:\/\/blogs.correiobraziliense.com.br\/aricunha\/wp-content\/uploads\/sites\/13\/2018\/05\/WhatsApp-Image-2018-05-14-at-11.03.22.jpeg 480w, https:\/\/blogs.correiobraziliense.com.br\/aricunha\/wp-content\/uploads\/sites\/13\/2018\/05\/WhatsApp-Image-2018-05-14-at-11.03.22-214x300.jpeg 214w, https:\/\/blogs.correiobraziliense.com.br\/aricunha\/wp-content\/uploads\/sites\/13\/2018\/05\/WhatsApp-Image-2018-05-14-at-11.03.22-250x350.jpeg 250w, https:\/\/blogs.correiobraziliense.com.br\/aricunha\/wp-content\/uploads\/sites\/13\/2018\/05\/WhatsApp-Image-2018-05-14-at-11.03.22-230x322.jpeg 230w\" sizes=\"auto, (max-width: 480px) 100vw, 480px\" \/><\/p>\n<p style=\"text-align: center\">Link para mais informa\u00e7\u00f5es:\u00a0<a href=\"http:\/\/egnews.com.br\/noticias\/parque-ezechias-heringer-no-guara-recebe-programacao-do-projeto-parque-cultural-neste-sabado-19\/\">Projeto Parque Cultural no Parque Ecol\u00f3gico Ezechias Heringer &#8211; Guar\u00e1 <\/a><\/p>\n<p style=\"text-align: justify\"><strong>Per\u00edcia<\/strong><\/p>\n<p style=\"text-align: justify\">O Batalh\u00e3o de Avia\u00e7\u00e3o Operacional da PMDF ir\u00e1 receber um borosc\u00f3pio. O aparelho \u00e9 important\u00edssimo e a inspe\u00e7\u00e3o de motores de aeronaves exige uma per\u00edcia cir\u00fargica do operador. Trata-se de um aparelho parecido com o usado em endoscopia ou laparoscopia.<\/p>\n<figure id=\"attachment_10932\" aria-describedby=\"caption-attachment-10932\" style=\"width: 482px\" class=\"wp-caption aligncenter\"><img loading=\"lazy\" decoding=\"async\" class=\" wp-image-10932\" src=\"https:\/\/blogs.correiobraziliense.com.br\/aricunha\/wp-content\/uploads\/sites\/13\/2018\/05\/boro1.jpg\" alt=\"Foto: pilotopolicial.com.br\" width=\"482\" height=\"370\" srcset=\"https:\/\/blogs.correiobraziliense.com.br\/aricunha\/wp-content\/uploads\/sites\/13\/2018\/05\/boro1.jpg 350w, https:\/\/blogs.correiobraziliense.com.br\/aricunha\/wp-content\/uploads\/sites\/13\/2018\/05\/boro1-300x231.jpg 300w, https:\/\/blogs.correiobraziliense.com.br\/aricunha\/wp-content\/uploads\/sites\/13\/2018\/05\/boro1-230x177.jpg 230w\" sizes=\"auto, (max-width: 482px) 100vw, 482px\" \/><figcaption id=\"caption-attachment-10932\" class=\"wp-caption-text\">Foto: pilotopolicial.com.br<\/figcaption><\/figure>\n<p style=\"text-align: justify\"><strong>Hermen\u00eautica<\/strong><\/p>\n<p style=\"text-align: justify\">Uma injusti\u00e7a: estagi\u00e1rios n\u00e3o poderem ter dias de folga concedidos pelo TSE por trabalharem nas elei\u00e7\u00f5es. O argumento de que o est\u00e1gio n\u00e3o gera v\u00ednculo empregat\u00edcio \u00e9 falho. A folga deve ser dada a quem ajudou o Brasil. Isso sim!<\/p>\n<p style=\"text-align: justify\"><strong>Compet\u00eancia<\/strong><\/p>\n<p style=\"text-align: justify\">Volta hoje, da Cidade do M\u00e9xico, o coronel George Cajaty Braga, do Corpo de Bombeiros. Ele proferiu palestra no F\u00f3rum Undertanding Risk. O militar, que representou o Distrito Federal e o Brasil, tem como bagagem um p\u00f3s-doutoramento em Tecnologia de Combate a Inc\u00eandio, feito no Building and Fire Research Laboratory do National Institute of Standards and Technology, NIST\/EUA, e Doutoramento em F\u00edsica de Estado S\u00f3lido, pela Universidade de Bras\u00edlia.<\/p>\n<figure id=\"attachment_10934\" aria-describedby=\"caption-attachment-10934\" style=\"width: 302px\" class=\"wp-caption aligncenter\"><img loading=\"lazy\" decoding=\"async\" class=\" wp-image-10934\" src=\"https:\/\/blogs.correiobraziliense.com.br\/aricunha\/wp-content\/uploads\/sites\/13\/2018\/05\/george-cajaty.jpg\" alt=\"Foto: bombeiros.go.gov.br\" width=\"302\" height=\"410\" srcset=\"https:\/\/blogs.correiobraziliense.com.br\/aricunha\/wp-content\/uploads\/sites\/13\/2018\/05\/george-cajaty.jpg 224w, https:\/\/blogs.correiobraziliense.com.br\/aricunha\/wp-content\/uploads\/sites\/13\/2018\/05\/george-cajaty-221x300.jpg 221w\" sizes=\"auto, (max-width: 302px) 100vw, 302px\" \/><figcaption id=\"caption-attachment-10934\" class=\"wp-caption-text\">Foto: bombeiros.go.gov.br<\/figcaption><\/figure>\n<p style=\"text-align: justify\"><strong>HIST\u00d3RIA DE BRAS\u00cdLIA<\/strong><\/p>\n<p style=\"text-align: justify\">Os moradores do Setor de Resid\u00eancias Econ\u00f4micas continuam apelando, agora n\u00e3o se sabe mais para quem. Mas \u00e9 isto: n\u00e3o h\u00e1 um ponto de t\u00e1xi, n\u00e3o h\u00e1 com\u00e9rcio, n\u00e3o h\u00e1 assist\u00eancia m\u00e9dica, n\u00e3o h\u00e1 nada. As cobras est\u00e3o soltas, e ningu\u00e9m acode a popula\u00e7\u00e3o daquele bairro. <strong>(Publicado em 20.10.1961)<\/strong><\/p>\n","protected":false},"excerpt":{"rendered":"<p>ARI CUNHA Visto, lido e ouvido Desde 1960 com Circe Cunha e Mamfil colunadoaricunha@gmail.com; \u00a0\u00a0\u00a0\u00a0\u00a0\u00a0\u00a0\u00a0 Entre as contradi\u00e7\u00f5es e singularidades pr\u00f3prias de um pa\u00eds desigual como o nosso, nenhuma caracter\u00edstica parece ser mais impactante e escandalosa do que o fato de nos colocarmos hoje na posi\u00e7\u00e3o de celeiro do mundo, fornecendo quantidades recordes de alimentos para a popula\u00e7\u00e3o do planeta. [&hellip;]<\/p>\n","protected":false},"author":34,"featured_media":10926,"comment_status":"open","ping_status":"open","sticky":false,"template":"","format":"standard","meta":{"footnotes":""},"categories":[23],"tags":[115,125,129,128,127,126,117,116,130,121,118,122,114,120,123,124,119,68,2,69,16],"class_list":["post-10922","post","type-post","status-publish","format-standard","has-post-thumbnail","hentry","category-integra","tag-bolsafamilia","tag-boroscopio","tag-cbmdf","tag-coronelgeorgecajatybraga","tag-eleicoes2018","tag-estagiariosdotse","tag-fomenobrasil","tag-fomezero","tag-forumundertandingrisk","tag-golpeembrasilia","tag-governopetista","tag-guara","tag-historiadebrasilia","tag-insegurancaembrasilia","tag-parqueezechiasheringer","tag-pmdf","tag-pt","tag-aricunha","tag-brasilia","tag-circecunha","tag-mamfil"],"_links":{"self":[{"href":"https:\/\/blogs.correiobraziliense.com.br\/aricunha\/wp-json\/wp\/v2\/posts\/10922","targetHints":{"allow":["GET"]}}],"collection":[{"href":"https:\/\/blogs.correiobraziliense.com.br\/aricunha\/wp-json\/wp\/v2\/posts"}],"about":[{"href":"https:\/\/blogs.correiobraziliense.com.br\/aricunha\/wp-json\/wp\/v2\/types\/post"}],"author":[{"embeddable":true,"href":"https:\/\/blogs.correiobraziliense.com.br\/aricunha\/wp-json\/wp\/v2\/users\/34"}],"replies":[{"embeddable":true,"href":"https:\/\/blogs.correiobraziliense.com.br\/aricunha\/wp-json\/wp\/v2\/comments?post=10922"}],"version-history":[{"count":9,"href":"https:\/\/blogs.correiobraziliense.com.br\/aricunha\/wp-json\/wp\/v2\/posts\/10922\/revisions"}],"predecessor-version":[{"id":10937,"href":"https:\/\/blogs.correiobraziliense.com.br\/aricunha\/wp-json\/wp\/v2\/posts\/10922\/revisions\/10937"}],"wp:featuredmedia":[{"embeddable":true,"href":"https:\/\/blogs.correiobraziliense.com.br\/aricunha\/wp-json\/wp\/v2\/media\/10926"}],"wp:attachment":[{"href":"https:\/\/blogs.correiobraziliense.com.br\/aricunha\/wp-json\/wp\/v2\/media?parent=10922"}],"wp:term":[{"taxonomy":"category","embeddable":true,"href":"https:\/\/blogs.correiobraziliense.com.br\/aricunha\/wp-json\/wp\/v2\/categories?post=10922"},{"taxonomy":"post_tag","embeddable":true,"href":"https:\/\/blogs.correiobraziliense.com.br\/aricunha\/wp-json\/wp\/v2\/tags?post=10922"}],"curies":[{"name":"wp","href":"https:\/\/api.w.org\/{rel}","templated":true}]}}