{"id":10865,"date":"2018-05-11T16:30:50","date_gmt":"2018-05-11T19:30:50","guid":{"rendered":"https:\/\/blogs.correiobraziliense.com.br\/aricunha\/?p=10865"},"modified":"2018-05-11T16:30:50","modified_gmt":"2018-05-11T19:30:50","slug":"velha-burocracia-com-roupagem-da-modernidade","status":"publish","type":"post","link":"https:\/\/blogs.correiobraziliense.com.br\/aricunha\/velha-burocracia-com-roupagem-da-modernidade\/","title":{"rendered":"A velha burocracia com a roupagem da modernidade"},"content":{"rendered":"<p>ARI CUNHA<\/p>\n<p>Visto, lido e ouvido<\/p>\n<p>Desde 1960<\/p>\n<p>com Circe Cunha e Mamfil<\/p>\n<p>colunadoaricunha@gmail.com;<\/p>\n<p>&nbsp;<\/p>\n<figure id=\"attachment_10868\" aria-describedby=\"caption-attachment-10868\" style=\"width: 340px\" class=\"wp-caption alignleft\"><img loading=\"lazy\" decoding=\"async\" class=\"size-full wp-image-10868\" src=\"https:\/\/blogs.correiobraziliense.com.br\/aricunha\/wp-content\/uploads\/sites\/13\/2018\/05\/mercado6-c\u00f3pia.jpg\" alt=\"Charge: alemdeeconomia\" width=\"340\" height=\"537\" srcset=\"https:\/\/blogs.correiobraziliense.com.br\/aricunha\/wp-content\/uploads\/sites\/13\/2018\/05\/mercado6-c\u00f3pia.jpg 340w, https:\/\/blogs.correiobraziliense.com.br\/aricunha\/wp-content\/uploads\/sites\/13\/2018\/05\/mercado6-c\u00f3pia-190x300.jpg 190w, https:\/\/blogs.correiobraziliense.com.br\/aricunha\/wp-content\/uploads\/sites\/13\/2018\/05\/mercado6-c\u00f3pia-222x350.jpg 222w, https:\/\/blogs.correiobraziliense.com.br\/aricunha\/wp-content\/uploads\/sites\/13\/2018\/05\/mercado6-c\u00f3pia-230x363.jpg 230w\" sizes=\"auto, (max-width: 340px) 100vw, 340px\" \/><figcaption id=\"caption-attachment-10868\" class=\"wp-caption-text\">Charge: alemdeeconomia<\/figcaption><\/figure>\n<p style=\"text-align: justify\">\u00a0\u00a0\u00a0\u00a0\u00a0\u00a0\u00a0\u00a0 Algumas caracter\u00edsticas que definem ainda hoje nossa estrutura pol\u00edtica e social foram, em parte, herdadas diretamente da coloniza\u00e7\u00e3o portuguesa. Ao lado de aspectos culturais como a l\u00edngua, os costumes e a religi\u00e3o, absorvemos modelos de administra\u00e7\u00e3o extremamente burocr\u00e1ticos. Resultado da uni\u00e3o entre o Estado mon\u00e1rquico e a igreja, poderosa e influente naquele per\u00edodo.<\/p>\n<p style=\"text-align: justify\">\u00a0\u00a0\u00a0\u00a0\u00a0\u00a0\u00a0\u00a0 Para alguns historiadores, a burocracia, que desde os primeiros instantes permeava toda a vida na col\u00f4nia e suas rela\u00e7\u00f5es com a metr\u00f3pole, foi constru\u00edda justamente para manter os indiv\u00edduos sob o controle total do governo. Todos os registros, do nascimento ao t\u00famulo, da vida di\u00e1ria, das d\u00edvidas, dos neg\u00f3cios, das uni\u00f5es, do trabalho e dos impostos eram anotados nos m\u00ednimos detalhes para dar conhecimento aos dirigentes sobre cada passo dado pelo s\u00fadito ao longo de sua vida.<\/p>\n<p style=\"text-align: justify\">\u00a0\u00a0\u00a0\u00a0\u00a0\u00a0\u00a0\u00a0 Esse controle excessivo sobre as atividades do indiv\u00edduo era um modo de mant\u00ea-los sob vigil\u00e2ncia constante, de maneira a assegurar que, por seus afazeres, esse sujeito n\u00e3o iria invadir e atravessar o imenso fosso existente entre o governo e a popula\u00e7\u00e3o. Manter as pessoas comuns vigiadas e longe do poder, esse era o objetivo que desde logo orientava a burocracia.<\/p>\n<p style=\"text-align: justify\">\u00a0\u00a0\u00a0\u00a0\u00a0\u00a0\u00a0\u00a0 A constru\u00e7\u00e3o de um gigantesco labirinto para manter as pessoas presas \u00e0s exig\u00eancias do Estado era naquela \u00e9poca, e ainda \u00e9 hoje, um modelo muito eficiente para a manuten\u00e7\u00e3o do pr\u00f3prio Estado. Ainda hoje, no Brasil, podemos sentir o peso da burocracia estatal na vida de cada cidad\u00e3o. Por mais que tenhamos nos esfor\u00e7ados para racionalizar e modernizar os servi\u00e7os burocr\u00e1ticos, dando mais transpar\u00eancia e facilidades \u00e0s rela\u00e7\u00f5es entre os cidad\u00e3os e o Estado, proporcionando mais independ\u00eancia e autonomia aos cidad\u00e3os, mais e mais a burocracia encontra meios de resistir e se renovar, transmutando-se em novos modelos de controle, com roupagem tecnol\u00f3gica e outras modernidades enganosas.<\/p>\n<p style=\"text-align: justify\">\u00a0\u00a0\u00a0\u00a0\u00a0\u00a0\u00a0\u00a0 Mesmo o advento dos computadores em rede, o que parecia ser um momento de afrouxamento das velhas regras burocr\u00e1ticas, veio acompanhado por um maior e mais eficaz controle do Estado. Hoje, o preenchimento de certos formul\u00e1rios e outros documentos s\u00f3 podem ser feitos pela internet e enviados \u00e0 um Estado virtual, distante e imagin\u00e1rio. O controle burocr\u00e1tico se assemelha ao Grande Irm\u00e3o do romance \u201c1984\u201d de Orwell. A persist\u00eancia dos cart\u00f3rios em pleno s\u00e9culo XXI atesta nossa incapacidade de nos livrarmos da burocracia.<\/p>\n<p style=\"text-align: justify\">\u00a0\u00a0\u00a0\u00a0\u00a0\u00a0\u00a0\u00a0 A partir do pr\u00f3ximo ano, a Receita vai exigir o CPF de menores, com idade a partir de oito anos de idade, e a tend\u00eancia \u00e9 que esse documento seja exigido do pequeno contribuinte cada vez mais cedo. A nova burocracia resiste nos certificados e notas promissoras digitais, comprovantes e outros documentos confeccionados por entidades certificadoras, que se agrupam como um cartel e se escondem por tr\u00e1s dos programas e softwares e que ningu\u00e9m sabe onde se encontram e que uso \u00e9 feito deles.<\/p>\n<p style=\"text-align: justify\">\u00a0\u00a0\u00a0\u00a0\u00a0\u00a0\u00a0\u00a0 \u00c9 a velha e conhecida burocracia que conhecemos desde o nascimento de nosso pa\u00eds, com a roupagem da modernidade virtual a esconder os interesses reais de sempre.<\/p>\n<p style=\"text-align: justify\"><strong>A frase que foi pronunciada:<\/strong><\/p>\n<p style=\"text-align: justify\">\u201c Onde se cria muita dificuldade, h\u00e1 sempre algu\u00e9m vendendo facilidades.\u201d<\/p>\n<p style=\"text-align: justify\">Lori Tansey, fundadora da International Business Ethics Institute.<\/p>\n<figure id=\"attachment_10867\" aria-describedby=\"caption-attachment-10867\" style=\"width: 462px\" class=\"wp-caption aligncenter\"><img loading=\"lazy\" decoding=\"async\" class=\" wp-image-10867\" src=\"https:\/\/blogs.correiobraziliense.com.br\/aricunha\/wp-content\/uploads\/sites\/13\/2018\/05\/burocracia.png\" alt=\"Charge: ambientelegal.com.br\" width=\"462\" height=\"363\" srcset=\"https:\/\/blogs.correiobraziliense.com.br\/aricunha\/wp-content\/uploads\/sites\/13\/2018\/05\/burocracia.png 635w, https:\/\/blogs.correiobraziliense.com.br\/aricunha\/wp-content\/uploads\/sites\/13\/2018\/05\/burocracia-300x236.png 300w, https:\/\/blogs.correiobraziliense.com.br\/aricunha\/wp-content\/uploads\/sites\/13\/2018\/05\/burocracia-350x275.png 350w, https:\/\/blogs.correiobraziliense.com.br\/aricunha\/wp-content\/uploads\/sites\/13\/2018\/05\/burocracia-550x432.png 550w, https:\/\/blogs.correiobraziliense.com.br\/aricunha\/wp-content\/uploads\/sites\/13\/2018\/05\/burocracia-230x181.png 230w\" sizes=\"auto, (max-width: 462px) 100vw, 462px\" \/><figcaption id=\"caption-attachment-10867\" class=\"wp-caption-text\">Charge: ambientelegal.com.br<\/figcaption><\/figure>\n<p style=\"text-align: justify\"><strong>Exposi\u00e7\u00e3o<\/strong><\/p>\n<p style=\"text-align: justify\">No Senado Federal, o documento sobre a Abdica\u00e7\u00e3o de dom Pedro I e sobre os 130 anos de promulga\u00e7\u00e3o da Lei \u00c1urea podem ser vistos pelo p\u00fablico. Roberto Ricardo Grosse, coordenador do Arquivo, disse ao Jornal do Senado que \u00e9 importante que todos os servidores, comissionados, terceirizados e estagi\u00e1rios percebam que, em 191 anos, eles t\u00eam participado da confec\u00e7\u00e3o de leis e documentos do parlamento. Visita\u00e7\u00e3o por todo o m\u00eas de maio na sala do Arquivo da Sigidoc.<\/p>\n<figure id=\"attachment_10871\" aria-describedby=\"caption-attachment-10871\" style=\"width: 460px\" class=\"wp-caption aligncenter\"><img loading=\"lazy\" decoding=\"async\" class=\" wp-image-10871\" src=\"https:\/\/blogs.correiobraziliense.com.br\/aricunha\/wp-content\/uploads\/sites\/13\/2018\/05\/Capturar-3.jpg\" alt=\"Foto: senado.leg.br\" width=\"460\" height=\"303\" srcset=\"https:\/\/blogs.correiobraziliense.com.br\/aricunha\/wp-content\/uploads\/sites\/13\/2018\/05\/Capturar-3.jpg 507w, https:\/\/blogs.correiobraziliense.com.br\/aricunha\/wp-content\/uploads\/sites\/13\/2018\/05\/Capturar-3-300x198.jpg 300w, https:\/\/blogs.correiobraziliense.com.br\/aricunha\/wp-content\/uploads\/sites\/13\/2018\/05\/Capturar-3-350x231.jpg 350w, https:\/\/blogs.correiobraziliense.com.br\/aricunha\/wp-content\/uploads\/sites\/13\/2018\/05\/Capturar-3-230x152.jpg 230w\" sizes=\"auto, (max-width: 460px) 100vw, 460px\" \/><figcaption id=\"caption-attachment-10871\" class=\"wp-caption-text\">Foto: senado.leg.br<\/figcaption><\/figure>\n<p style=\"text-align: justify\"><strong>Pelos migrantes<\/strong><\/p>\n<p style=\"text-align: justify\">A Caritas Internacional se mobiliza por uma nova campanha em favor dos migrantes e refugiados. Trata-se da Semana Global de A\u00e7\u00e3o, que ser\u00e1 entre 17 e 24 de junho. O Papa Francisco pede a uni\u00e3o e esfor\u00e7o de todos por essa causa. As igrejas dar\u00e3o as instru\u00e7\u00f5es oportunamente.<\/p>\n<p><iframe loading=\"lazy\" title=\"Caritas Internacional: nova campanha em favor dos migrantes\" width=\"1440\" height=\"810\" src=\"https:\/\/www.youtube.com\/embed\/PPVvoFBEze8?start=1&amp;feature=oembed\" frameborder=\"0\" allow=\"accelerometer; autoplay; clipboard-write; encrypted-media; gyroscope; picture-in-picture; web-share\" referrerpolicy=\"strict-origin-when-cross-origin\" allowfullscreen><\/iframe><\/p>\n<p style=\"text-align: justify\"><strong>Merecimento<\/strong><\/p>\n<p style=\"text-align: justify\">O Minist\u00e9rio da Ci\u00eancia, Tecnologia, Inova\u00e7\u00f5es e Comunica\u00e7\u00f5es e o Conselho Nacional de Desenvolvimento Cient\u00edfico e Tecnol\u00f3gico outorgaram o t\u00edtulo de Pesquisador Em\u00e9rito do CNPq ao Doutor Nagib Nassar, pela relevante contribui\u00e7\u00e3o cient\u00edfica ao Brasil.<\/p>\n<figure id=\"attachment_10537\" aria-describedby=\"caption-attachment-10537\" style=\"width: 476px\" class=\"wp-caption aligncenter\"><img loading=\"lazy\" decoding=\"async\" class=\" wp-image-10537\" src=\"https:\/\/blogs.correiobraziliense.com.br\/aricunha\/wp-content\/uploads\/sites\/13\/2018\/04\/10012017_mandioca1_lgprado.jpg\" alt=\"Foto: radios.ebc.com.br\" width=\"476\" height=\"316\" srcset=\"https:\/\/blogs.correiobraziliense.com.br\/aricunha\/wp-content\/uploads\/sites\/13\/2018\/04\/10012017_mandioca1_lgprado.jpg 754w, https:\/\/blogs.correiobraziliense.com.br\/aricunha\/wp-content\/uploads\/sites\/13\/2018\/04\/10012017_mandioca1_lgprado-300x199.jpg 300w, https:\/\/blogs.correiobraziliense.com.br\/aricunha\/wp-content\/uploads\/sites\/13\/2018\/04\/10012017_mandioca1_lgprado-350x233.jpg 350w, https:\/\/blogs.correiobraziliense.com.br\/aricunha\/wp-content\/uploads\/sites\/13\/2018\/04\/10012017_mandioca1_lgprado-550x365.jpg 550w, https:\/\/blogs.correiobraziliense.com.br\/aricunha\/wp-content\/uploads\/sites\/13\/2018\/04\/10012017_mandioca1_lgprado-230x153.jpg 230w\" sizes=\"auto, (max-width: 476px) 100vw, 476px\" \/><figcaption id=\"caption-attachment-10537\" class=\"wp-caption-text\">Foto: radios.ebc.com.br<\/figcaption><\/figure>\n<p style=\"text-align: justify\"><strong>HIST\u00d3RIA DE BRAS\u00cdLIA<\/strong><\/p>\n<p style=\"text-align: justify\">Esp\u00edrito democr\u00e1tico est\u00e1 presidindo as comemora\u00e7\u00f5es da Semana da Asa em Bras\u00edlia. Oficiais da Aeron\u00e1utica est\u00e3o acompanhando as pessoas nas visitas aos avi\u00f5es, dando todas as explica\u00e7\u00f5es necess\u00e1rias. <strong>(Publicado em 20.10.1961)<\/strong><\/p>\n","protected":false},"excerpt":{"rendered":"<p>ARI CUNHA Visto, lido e ouvido Desde 1960 com Circe Cunha e Mamfil colunadoaricunha@gmail.com; &nbsp; \u00a0\u00a0\u00a0\u00a0\u00a0\u00a0\u00a0\u00a0 Algumas caracter\u00edsticas que definem ainda hoje nossa estrutura pol\u00edtica e social foram, em parte, herdadas diretamente da coloniza\u00e7\u00e3o portuguesa. Ao lado de aspectos culturais como a l\u00edngua, os costumes e a religi\u00e3o, absorvemos modelos de administra\u00e7\u00e3o extremamente burocr\u00e1ticos. Resultado da uni\u00e3o entre o Estado [&hellip;]<\/p>\n","protected":false},"author":34,"featured_media":10868,"comment_status":"open","ping_status":"open","sticky":false,"template":"","format":"standard","meta":{"footnotes":""},"categories":[23],"tags":[67,86],"class_list":["post-10865","post","type-post","status-publish","format-standard","has-post-thumbnail","hentry","category-integra","tag-brasilia-historiadebrasilia-aricunha-circecunha-mamfil","tag-burocracianobrasil-burocracianoservicopublico-doutornagibnassar-semanaglobaldeacao-caritasinternacional-leiaurea-senadofederal"],"_links":{"self":[{"href":"https:\/\/blogs.correiobraziliense.com.br\/aricunha\/wp-json\/wp\/v2\/posts\/10865","targetHints":{"allow":["GET"]}}],"collection":[{"href":"https:\/\/blogs.correiobraziliense.com.br\/aricunha\/wp-json\/wp\/v2\/posts"}],"about":[{"href":"https:\/\/blogs.correiobraziliense.com.br\/aricunha\/wp-json\/wp\/v2\/types\/post"}],"author":[{"embeddable":true,"href":"https:\/\/blogs.correiobraziliense.com.br\/aricunha\/wp-json\/wp\/v2\/users\/34"}],"replies":[{"embeddable":true,"href":"https:\/\/blogs.correiobraziliense.com.br\/aricunha\/wp-json\/wp\/v2\/comments?post=10865"}],"version-history":[{"count":4,"href":"https:\/\/blogs.correiobraziliense.com.br\/aricunha\/wp-json\/wp\/v2\/posts\/10865\/revisions"}],"predecessor-version":[{"id":10873,"href":"https:\/\/blogs.correiobraziliense.com.br\/aricunha\/wp-json\/wp\/v2\/posts\/10865\/revisions\/10873"}],"wp:featuredmedia":[{"embeddable":true,"href":"https:\/\/blogs.correiobraziliense.com.br\/aricunha\/wp-json\/wp\/v2\/media\/10868"}],"wp:attachment":[{"href":"https:\/\/blogs.correiobraziliense.com.br\/aricunha\/wp-json\/wp\/v2\/media?parent=10865"}],"wp:term":[{"taxonomy":"category","embeddable":true,"href":"https:\/\/blogs.correiobraziliense.com.br\/aricunha\/wp-json\/wp\/v2\/categories?post=10865"},{"taxonomy":"post_tag","embeddable":true,"href":"https:\/\/blogs.correiobraziliense.com.br\/aricunha\/wp-json\/wp\/v2\/tags?post=10865"}],"curies":[{"name":"wp","href":"https:\/\/api.w.org\/{rel}","templated":true}]}}