{"id":10774,"date":"2018-05-06T05:00:55","date_gmt":"2018-05-06T08:00:55","guid":{"rendered":"https:\/\/blogs.correiobraziliense.com.br\/aricunha\/?p=10774"},"modified":"2018-05-05T14:10:59","modified_gmt":"2018-05-05T17:10:59","slug":"fim-de-qualquer-privilegio-alem-do-foro","status":"publish","type":"post","link":"https:\/\/blogs.correiobraziliense.com.br\/aricunha\/fim-de-qualquer-privilegio-alem-do-foro\/","title":{"rendered":"Fim de qualquer privil\u00e9gio al\u00e9m do foro"},"content":{"rendered":"<p>ARI CUNHA<\/p>\n<p>Visto, lido e ouvido<\/p>\n<p>Desde 1960<\/p>\n<p>com Circe Cunha e Mamfil<\/p>\n<p>colunadoaricunha@gmail.com;<\/p>\n<figure id=\"attachment_10778\" aria-describedby=\"caption-attachment-10778\" style=\"width: 710px\" class=\"wp-caption aligncenter\"><img loading=\"lazy\" decoding=\"async\" class=\" wp-image-10778\" src=\"https:\/\/blogs.correiobraziliense.com.br\/aricunha\/wp-content\/uploads\/sites\/13\/2018\/05\/20728110.jpg\" alt=\"Charge: tribunadainternet.com.br\" width=\"710\" height=\"650\" srcset=\"https:\/\/blogs.correiobraziliense.com.br\/aricunha\/wp-content\/uploads\/sites\/13\/2018\/05\/20728110.jpg 640w, https:\/\/blogs.correiobraziliense.com.br\/aricunha\/wp-content\/uploads\/sites\/13\/2018\/05\/20728110-300x275.jpg 300w, https:\/\/blogs.correiobraziliense.com.br\/aricunha\/wp-content\/uploads\/sites\/13\/2018\/05\/20728110-350x320.jpg 350w, https:\/\/blogs.correiobraziliense.com.br\/aricunha\/wp-content\/uploads\/sites\/13\/2018\/05\/20728110-550x504.jpg 550w, https:\/\/blogs.correiobraziliense.com.br\/aricunha\/wp-content\/uploads\/sites\/13\/2018\/05\/20728110-230x211.jpg 230w\" sizes=\"auto, (max-width: 710px) 100vw, 710px\" \/><figcaption id=\"caption-attachment-10778\" class=\"wp-caption-text\">Charge: tribunadainternet.com.br<\/figcaption><\/figure>\n<p style=\"text-align: justify\">\u00a0 \u00a0 \u00a0 \u00a0 \u00a0 \u00a0Seja qual for a reda\u00e7\u00e3o definitiva que o texto estabelecendo o fim do foro privilegiado venha a ter no Supremo Tribunal Federal, uma coisa \u00e9 certa: com a vota\u00e7\u00e3o un\u00e2nime pelo seu cessamento sob algumas condi\u00e7\u00f5es, foi dada a partida para o restabelecimento do ide\u00e1rio republicano, conforme \u00e9 claramente explicitado na Constitui\u00e7\u00e3o em seu art. 5\u00ba que diz \u201cTodos s\u00e3o iguais perante a lei&#8230;\u201d<\/p>\n<p style=\"text-align: justify\">\u00a0 \u00a0 \u00a0 \u00a0 \u00a0 \u00a0Por muito tempo essa quebra do princ\u00edpio da igualdade de todos perante a lei representou a caracter\u00edstica que mais diretamente afronta o esp\u00edrito norteador da Rep\u00fablica. Ao retirar da al\u00e7ada da justi\u00e7a comum mais de 50 mil brasileiros, ungido-lhes a cabe\u00e7a com a exclusiv\u00edssima prerrogativa de foro, o que essa lei conseguiu de fato foi criar na cabe\u00e7a do indiv\u00edduo comum a sensa\u00e7\u00e3o de que viv\u00edamos no pa\u00eds um aut\u00eantico apartheid, com cidad\u00e3os de primeira e de segunda classe, tratados de forma distinta, conforme sua posi\u00e7\u00e3o na m\u00e1quina do Estado.<\/p>\n<p style=\"text-align: justify\">\u00a0\u00a0\u00a0\u00a0\u00a0\u00a0\u00a0\u00a0 Esse quadro esdr\u00faxulo produz ainda, em todos os mortais da na\u00e7\u00e3o, o sentimento de que essa prerrogativa, al\u00e9m de ser uma porta aberta, \u00e9 um incentivo para o cometimento de crimes. \u00c9 um sinal evidente da impunidade sem limites. Merc\u00ea do compadrio e de outras intimidades entre os \u00e1ulicos dos tr\u00eas poderes, o julgamento, e mesmo a condena\u00e7\u00e3o desses fidalgos, era uma decis\u00e3o que jamais se concretizava.<\/p>\n<p style=\"text-align: justify\">\u00a0\u00a0\u00a0\u00a0\u00a0\u00a0\u00a0\u00a0 Nesses casos, na alta inst\u00e2ncia da justi\u00e7a o que se tinha era t\u00e3o somente a injusti\u00e7a. A prescri\u00e7\u00e3o dos muitos delitos, pela demora nos julgamentos, passou a ser a regra geral. A prerrogativa de foro, retirada agora apenas de deputados e senadores, obviamente necessita ser estendida tamb\u00e9m para outras fun\u00e7\u00f5es, acabando, de vez, com esses dois Brasis.\u00a0 \u00c9 preciso definir didaticamente para todos que o que est\u00e1 em cima \u00e9 igual ao que est\u00e1 em baixo.<\/p>\n<p style=\"text-align: justify\">\u00a0 \u00a0 \u00a0 Ainda \u00e9 um primeiro passo, mas o que importa \u00e9 que ele foi dado na trilha segura mostrada pelo texto constitucional. Prerrogativas de fun\u00e7\u00e3o deveriam possuir, por exemplo, professores, cientistas e pesquisadores, assegurando que seriam essas as categorias de servidores p\u00fablicos cujo os vencimentos representariam o teto salarial para todos os funcion\u00e1rios do Estado.<\/p>\n<p style=\"text-align: justify\">\u00a0\u00a0\u00a0\u00a0\u00a0\u00a0\u00a0\u00a0 Prerrogativas e outros privil\u00e9gios deveriam caber aos doentes que necessitam de atendimento, aos idosos que buscam prote\u00e7\u00e3o, \u00e0s crian\u00e7as desvalidas que perambulam por nossas metr\u00f3poles, aos cidad\u00e3os que se matam de trabalhar para pagar os impostos e nunca aos indiv\u00edduos cujos os altos proventos e mordomias diversas j\u00e1 fazem deles os mais privilegiados entre todos.<\/p>\n<p style=\"text-align: justify\"><strong>A frase que foi pronunciada:<\/strong><\/p>\n<p style=\"text-align: justify\">\u201cO foro privilegiado fere a ideia b\u00e1sica da democracia de que todos devem ser tratados como iguais. Acho que n\u00e3o existe muita raz\u00e3o sobre foro &#8230;\u201d<\/p>\n<p style=\"text-align: justify\">Juiz S\u00e9rgio Moro<\/p>\n<figure id=\"attachment_10777\" aria-describedby=\"caption-attachment-10777\" style=\"width: 638px\" class=\"wp-caption aligncenter\"><img loading=\"lazy\" decoding=\"async\" class=\" wp-image-10777\" src=\"https:\/\/blogs.correiobraziliense.com.br\/aricunha\/wp-content\/uploads\/sites\/13\/2018\/05\/nani.jpg\" alt=\"Charge: wilsonvieira.net.br\" width=\"638\" height=\"402\" srcset=\"https:\/\/blogs.correiobraziliense.com.br\/aricunha\/wp-content\/uploads\/sites\/13\/2018\/05\/nani.jpg 480w, https:\/\/blogs.correiobraziliense.com.br\/aricunha\/wp-content\/uploads\/sites\/13\/2018\/05\/nani-300x189.jpg 300w, https:\/\/blogs.correiobraziliense.com.br\/aricunha\/wp-content\/uploads\/sites\/13\/2018\/05\/nani-350x221.jpg 350w, https:\/\/blogs.correiobraziliense.com.br\/aricunha\/wp-content\/uploads\/sites\/13\/2018\/05\/nani-230x145.jpg 230w\" sizes=\"auto, (max-width: 638px) 100vw, 638px\" \/><figcaption id=\"caption-attachment-10777\" class=\"wp-caption-text\">Charge: wilsonvieira.net.br<\/figcaption><\/figure>\n<p style=\"text-align: justify\"><strong>Depoimento<\/strong><\/p>\n<p style=\"text-align: justify\">Quando vim morar em Bras\u00edlia, em 1990, descobri a Bras\u00edlia Super R\u00e1dio FM operando havia mais de dez anos, com uma programa\u00e7\u00e3o diferenciada. M\u00fasica orquestrada nos dias \u00fateis e cantada nos fins de semana. Not\u00edcias a cada meia-hora. E programas selecionados, como \u201cUm piano ao cair da noite\u201d, ao vivo, em pequeno audit\u00f3rio no Conjunto Nacional. Era a R\u00e1dio de M\u00e1rio Gar\u00f3falo. Uma esta\u00e7\u00e3o que se diferenciava de todas as outras. Patroc\u00ednio comercial restrito, raz\u00e3o de seu fim agora em maio de 2018.\u00a0 S\u00f3 resta lamentar essa perda e registrar nossa tristeza. Rold\u00e3o Simas Filho<\/p>\n<p style=\"text-align: justify\"><strong>Emater<\/strong><\/p>\n<p style=\"text-align: justify\">T\u00e9cnicas simples de cultivo de plantas alimentares e ornamentais, com apenas 25 vagas, em cada turma das sextas-feiras de maio. Come\u00e7a no dia 11, sobre minijardim e terr\u00e1rio de suculentas. O cultivo, a multiplica\u00e7\u00e3o e as esp\u00e9cies das suculentas. Como fazer um terr\u00e1rio. Os cursos t\u00eam dura\u00e7\u00e3o de 8h e pre\u00e7os a partir de R$150 j\u00e1 com material did\u00e1tico. Veja no Blog do Ari Cunha a informa\u00e7\u00e3o e programa\u00e7\u00e3o completas.<\/p>\n<figure id=\"attachment_10784\" aria-describedby=\"caption-attachment-10784\" style=\"width: 574px\" class=\"wp-caption aligncenter\"><img loading=\"lazy\" decoding=\"async\" class=\" wp-image-10784\" src=\"https:\/\/blogs.correiobraziliense.com.br\/aricunha\/wp-content\/uploads\/sites\/13\/2018\/05\/1.jpg\" alt=\"Fonte: emater.df.gov.br\" width=\"574\" height=\"952\" srcset=\"https:\/\/blogs.correiobraziliense.com.br\/aricunha\/wp-content\/uploads\/sites\/13\/2018\/05\/1.jpg 543w, https:\/\/blogs.correiobraziliense.com.br\/aricunha\/wp-content\/uploads\/sites\/13\/2018\/05\/1-181x300.jpg 181w, https:\/\/blogs.correiobraziliense.com.br\/aricunha\/wp-content\/uploads\/sites\/13\/2018\/05\/1-211x350.jpg 211w, https:\/\/blogs.correiobraziliense.com.br\/aricunha\/wp-content\/uploads\/sites\/13\/2018\/05\/1-230x382.jpg 230w\" sizes=\"auto, (max-width: 574px) 100vw, 574px\" \/><figcaption id=\"caption-attachment-10784\" class=\"wp-caption-text\">Fonte: emater.df.gov.br<\/figcaption><\/figure>\n<p style=\"text-align: justify\"><strong>Patriotas<\/strong><\/p>\n<p style=\"text-align: justify\">Faltando 60 dias para as elei\u00e7\u00f5es, os volunt\u00e1rios come\u00e7am a ter tra\u00e7adas suas fun\u00e7\u00f5es em reuni\u00e3o em audi\u00eancia p\u00fablica comandada pelo juiz eleitoral. Dados do TSE apontam que em 2014, 1,3 milh\u00e3o dos 2,4 milh\u00f5es de mes\u00e1rios que trabalharam eram volunt\u00e1rios. Merecem pelo menos um lanchinho especial. Quem quiser trabalhar nas elei\u00e7\u00f5es \u00e9 s\u00f3 acessar a p\u00e1gina do TSE no Programa Mes\u00e1rio Volunt\u00e1rio. Colocamos o link para voc\u00ea no blog do Ari Cunha.<\/p>\n<p style=\"text-align: justify\">Link:\u00a0<a href=\"http:\/\/www.tre-df.jus.br\/eleitor\/mesario-voluntario\">http:\/\/www.tre-df.jus.br\/eleitor\/mesario-voluntario<\/a><\/p>\n<figure id=\"attachment_10787\" aria-describedby=\"caption-attachment-10787\" style=\"width: 588px\" class=\"wp-caption aligncenter\"><img loading=\"lazy\" decoding=\"async\" class=\" wp-image-10787\" src=\"https:\/\/blogs.correiobraziliense.com.br\/aricunha\/wp-content\/uploads\/sites\/13\/2018\/05\/mesario.jpeg\" alt=\"Imagem: vozdoplanalto.com.br\" width=\"588\" height=\"407\" srcset=\"https:\/\/blogs.correiobraziliense.com.br\/aricunha\/wp-content\/uploads\/sites\/13\/2018\/05\/mesario.jpeg 380w, https:\/\/blogs.correiobraziliense.com.br\/aricunha\/wp-content\/uploads\/sites\/13\/2018\/05\/mesario-300x208.jpeg 300w, https:\/\/blogs.correiobraziliense.com.br\/aricunha\/wp-content\/uploads\/sites\/13\/2018\/05\/mesario-350x242.jpeg 350w, https:\/\/blogs.correiobraziliense.com.br\/aricunha\/wp-content\/uploads\/sites\/13\/2018\/05\/mesario-230x159.jpeg 230w\" sizes=\"auto, (max-width: 588px) 100vw, 588px\" \/><figcaption id=\"caption-attachment-10787\" class=\"wp-caption-text\">Imagem: vozdoplanalto.com.br<\/figcaption><\/figure>\n<p style=\"text-align: justify\"><strong>Simples assim<\/strong><\/p>\n<p style=\"text-align: justify\">A falta de coragem dos ju\u00edzes de abrir m\u00e3o dos privil\u00e9gios \u00e9 de corar a face. \u00c9 nesse momento em que os eleitores do senador Reguffe-DF se sentem representados. N\u00e3o adianta estudar para cumprir as leis se n\u00e3o h\u00e1 espelho em casa.<\/p>\n<figure id=\"attachment_10780\" aria-describedby=\"caption-attachment-10780\" style=\"width: 599px\" class=\"wp-caption aligncenter\"><img loading=\"lazy\" decoding=\"async\" class=\" wp-image-10780\" src=\"https:\/\/blogs.correiobraziliense.com.br\/aricunha\/wp-content\/uploads\/sites\/13\/2018\/05\/Capturar.jpg\" alt=\"Charge: luansperandio.jusbrasil.com.br\" width=\"599\" height=\"422\" srcset=\"https:\/\/blogs.correiobraziliense.com.br\/aricunha\/wp-content\/uploads\/sites\/13\/2018\/05\/Capturar.jpg 705w, https:\/\/blogs.correiobraziliense.com.br\/aricunha\/wp-content\/uploads\/sites\/13\/2018\/05\/Capturar-300x211.jpg 300w, https:\/\/blogs.correiobraziliense.com.br\/aricunha\/wp-content\/uploads\/sites\/13\/2018\/05\/Capturar-350x247.jpg 350w, https:\/\/blogs.correiobraziliense.com.br\/aricunha\/wp-content\/uploads\/sites\/13\/2018\/05\/Capturar-550x388.jpg 550w, https:\/\/blogs.correiobraziliense.com.br\/aricunha\/wp-content\/uploads\/sites\/13\/2018\/05\/Capturar-230x162.jpg 230w\" sizes=\"auto, (max-width: 599px) 100vw, 599px\" \/><figcaption id=\"caption-attachment-10780\" class=\"wp-caption-text\">Charge: luansperandio.jusbrasil.com.br<\/figcaption><\/figure>\n<p style=\"text-align: justify\"><strong>HIST\u00d3RIA DE BRAS\u00cdLIA<\/strong><\/p>\n<p style=\"text-align: justify\">N\u00f3s hav\u00edamos comentado, aqui, que o Banco da Lavoura era o \u00fanico banco de Bras\u00edlia a n\u00e3o aceitar cheques preenchidos com canetas esferogr\u00e1ficas. Estou recebendo, agora, um comunicado do Banco, informando que a partir de hoje, ser\u00e3o aceitos estes cheques. <strong>(Publicado em 20.10.1961)<\/strong><\/p>\n","protected":false},"excerpt":{"rendered":"<p>ARI CUNHA Visto, lido e ouvido Desde 1960 com Circe Cunha e Mamfil colunadoaricunha@gmail.com; \u00a0 \u00a0 \u00a0 \u00a0 \u00a0 \u00a0Seja qual for a reda\u00e7\u00e3o definitiva que o texto estabelecendo o fim do foro privilegiado venha a ter no Supremo Tribunal Federal, uma coisa \u00e9 certa: com a vota\u00e7\u00e3o un\u00e2nime pelo seu cessamento sob algumas condi\u00e7\u00f5es, foi dada a partida para [&hellip;]<\/p>\n","protected":false},"author":34,"featured_media":10778,"comment_status":"open","ping_status":"open","sticky":false,"template":"","format":"standard","meta":{"footnotes":""},"categories":[23],"tags":[67],"class_list":["post-10774","post","type-post","status-publish","format-standard","has-post-thumbnail","hentry","category-integra","tag-brasilia-historiadebrasilia-aricunha-circecunha-mamfil"],"_links":{"self":[{"href":"https:\/\/blogs.correiobraziliense.com.br\/aricunha\/wp-json\/wp\/v2\/posts\/10774","targetHints":{"allow":["GET"]}}],"collection":[{"href":"https:\/\/blogs.correiobraziliense.com.br\/aricunha\/wp-json\/wp\/v2\/posts"}],"about":[{"href":"https:\/\/blogs.correiobraziliense.com.br\/aricunha\/wp-json\/wp\/v2\/types\/post"}],"author":[{"embeddable":true,"href":"https:\/\/blogs.correiobraziliense.com.br\/aricunha\/wp-json\/wp\/v2\/users\/34"}],"replies":[{"embeddable":true,"href":"https:\/\/blogs.correiobraziliense.com.br\/aricunha\/wp-json\/wp\/v2\/comments?post=10774"}],"version-history":[{"count":7,"href":"https:\/\/blogs.correiobraziliense.com.br\/aricunha\/wp-json\/wp\/v2\/posts\/10774\/revisions"}],"predecessor-version":[{"id":10788,"href":"https:\/\/blogs.correiobraziliense.com.br\/aricunha\/wp-json\/wp\/v2\/posts\/10774\/revisions\/10788"}],"wp:featuredmedia":[{"embeddable":true,"href":"https:\/\/blogs.correiobraziliense.com.br\/aricunha\/wp-json\/wp\/v2\/media\/10778"}],"wp:attachment":[{"href":"https:\/\/blogs.correiobraziliense.com.br\/aricunha\/wp-json\/wp\/v2\/media?parent=10774"}],"wp:term":[{"taxonomy":"category","embeddable":true,"href":"https:\/\/blogs.correiobraziliense.com.br\/aricunha\/wp-json\/wp\/v2\/categories?post=10774"},{"taxonomy":"post_tag","embeddable":true,"href":"https:\/\/blogs.correiobraziliense.com.br\/aricunha\/wp-json\/wp\/v2\/tags?post=10774"}],"curies":[{"name":"wp","href":"https:\/\/api.w.org\/{rel}","templated":true}]}}