{"id":10749,"date":"2018-05-03T18:30:18","date_gmt":"2018-05-03T21:30:18","guid":{"rendered":"https:\/\/blogs.correiobraziliense.com.br\/aricunha\/?p=10749"},"modified":"2018-05-03T19:26:58","modified_gmt":"2018-05-03T22:26:58","slug":"fake-news-jornais-sao-mais-seguros-que-internet","status":"publish","type":"post","link":"https:\/\/blogs.correiobraziliense.com.br\/aricunha\/fake-news-jornais-sao-mais-seguros-que-internet\/","title":{"rendered":"Fake News. Jornais s\u00e3o mais seguros que a Internet."},"content":{"rendered":"<p style=\"text-align: justify\">ARI CUNHA<\/p>\n<p style=\"text-align: justify\">Visto, lido e ouvido<\/p>\n<p style=\"text-align: justify\">Desde 1960<\/p>\n<p style=\"text-align: justify\">com Circe Cunha e Mamfil<\/p>\n<p style=\"text-align: justify\">colunadoaricunha@gmail.com;<\/p>\n<figure id=\"attachment_10759\" aria-describedby=\"caption-attachment-10759\" style=\"width: 1024px\" class=\"wp-caption aligncenter\"><img loading=\"lazy\" decoding=\"async\" class=\"size-full wp-image-10759\" src=\"https:\/\/blogs.correiobraziliense.com.br\/aricunha\/wp-content\/uploads\/sites\/13\/2018\/05\/1922-1024x768-1-1-2.jpg\" alt=\"Charge: blogdoafr.com\" width=\"1024\" height=\"768\" srcset=\"https:\/\/blogs.correiobraziliense.com.br\/aricunha\/wp-content\/uploads\/sites\/13\/2018\/05\/1922-1024x768-1-1-2.jpg 1024w, https:\/\/blogs.correiobraziliense.com.br\/aricunha\/wp-content\/uploads\/sites\/13\/2018\/05\/1922-1024x768-1-1-2-300x225.jpg 300w, https:\/\/blogs.correiobraziliense.com.br\/aricunha\/wp-content\/uploads\/sites\/13\/2018\/05\/1922-1024x768-1-1-2-768x576.jpg 768w, https:\/\/blogs.correiobraziliense.com.br\/aricunha\/wp-content\/uploads\/sites\/13\/2018\/05\/1922-1024x768-1-1-2-350x263.jpg 350w, https:\/\/blogs.correiobraziliense.com.br\/aricunha\/wp-content\/uploads\/sites\/13\/2018\/05\/1922-1024x768-1-1-2-550x413.jpg 550w, https:\/\/blogs.correiobraziliense.com.br\/aricunha\/wp-content\/uploads\/sites\/13\/2018\/05\/1922-1024x768-1-1-2-230x173.jpg 230w\" sizes=\"auto, (max-width: 1024px) 100vw, 1024px\" \/><figcaption id=\"caption-attachment-10759\" class=\"wp-caption-text\">Charge: blogdoafr.com<\/figcaption><\/figure>\n<p style=\"text-align: justify\">\u00a0\u00a0\u00a0\u00a0\u00a0\u00a0\u00a0\u00a0 Sem imprensa livre, n\u00e3o existe Estado Democr\u00e1tico de Direito com respeito \u00e0s liberdades civis e aos direitos humanos. Possuindo assim import\u00e2ncia t\u00e3o relevante e fundamental para a exist\u00eancia de um Estado moderno e transparente, n\u00e3o surpreende que a imprensa e, principalmente, os jornalistas sejam, em todo o mundo, transformados em alvo em potencial por governos desonestos e grupos criminosos diversos que almejam manter nas sombras suas atividades.<\/p>\n<p style=\"text-align: justify\">\u00a0\u00a0\u00a0\u00a0\u00a0\u00a0\u00a0\u00a0 Segundo a Organiza\u00e7\u00e3o das Na\u00e7\u00f5es Unidas para a Educa\u00e7\u00e3o, a Ci\u00eancia e a Cultura (Unesco), a cada semana mais de um jornalista \u00e9 assassinado em algum lugar do planeta, sendo que apenas um entre dez crimes \u00e9 levado aos tribunais. Nos pa\u00edses dominados por ditaduras ou onde o crime organizado possui ramifica\u00e7\u00f5es dentro do Estado, o trabalho dos jornalistas se torna t\u00e3o ou mais perigoso do que cobrir conflitos armados e sangrentos diretamente do front. Somente na \u00faltima d\u00e9cada mais de 600 jornalistas foram assassinados em diferentes pontos do planeta. No \u00faltimo dia 30, 10 jornalistas foram mortos, de uma s\u00f3 vez, em uma emboscada covarde preparada pelo grupo terrorista Estado Isl\u00e2mico no Afeganist\u00e3o.<\/p>\n<p style=\"text-align: justify\">\u00a0\u00a0\u00a0\u00a0\u00a0\u00a0\u00a0\u00a0 Relat\u00f3rio divulgado agora pela ONG Comit\u00ea para a Prote\u00e7\u00e3o dos Jornalistas (CPJ) aponta o aumento de crimes cometidos contra os profissionais de imprensa no Brasil, no Paquist\u00e3o e na Som\u00e1lia, entre 2003 e 2012, e que permanecem sem solu\u00e7\u00e3o. O Brasil que ocupa a 10\u00aa posi\u00e7\u00e3o nesse ranking, possui 9 assassinatos a cada 10 sem solu\u00e7\u00e3o.<\/p>\n<p style=\"text-align: justify\">\u00a0\u00a0\u00a0\u00a0\u00a0\u00a0\u00a0\u00a0 Apenas nos primeiros quatro meses desse ano 39 jornalistas foram mortos em todo o mundo, contra 79 no ano passado. At\u00e9 2013, o Brasil era considerado o pa\u00eds mais perigoso do continente da profiss\u00e3o de jornalista, vindo posteriormente a ser substitu\u00eddo pelo M\u00e9xico, onde o narcotr\u00e1fico mais e mais vai se ramificando entre a classe pol\u00edtica e agentes da lei, transformando o Estado numa esp\u00e9cie de c\u00famplice desses crimes.<\/p>\n<p style=\"text-align: justify\">\u00a0\u00a0\u00a0\u00a0\u00a0\u00a0\u00a0\u00a0 Com as manifesta\u00e7\u00f5es que come\u00e7aram a ocorrer a partir de 2013, a imprensa, taxada de golpista pelos governos petistas, passou a ser o alvo principal de ataques de todo o tipo, sendo rotineiramente amea\u00e7ada na cobertura dos eventos convocados pelos partidos de esquerda.<\/p>\n<p style=\"text-align: justify\">\u00a0\u00a0\u00a0\u00a0\u00a0\u00a0\u00a0\u00a0 Para o diretor-geral da Unesco, Audrey Azoulay, \u201cPara se ter informa\u00e7\u00e3o de qualidade \u00e9 necess\u00e1rio realizar o trabalho de verifica\u00e7\u00e3o das fontes e de sele\u00e7\u00e3o dos assuntos pertinentes; tamb\u00e9m s\u00e3o necess\u00e1rios \u00e9tica e um esp\u00edrito independente. Dessa forma, isso depende totalmente do trabalho dos jornalistas.<\/p>\n<p style=\"text-align: justify\">\u00a0\u00a0\u00a0\u00a0\u00a0\u00a0\u00a0\u00a0 Al\u00e9m das amea\u00e7as e dos assassinatos cometidos contra os profissionais da not\u00edcia, nas \u00faltimas d\u00e9cadas a imprensa, de modo geral, vem enfrentando um novo e s\u00e9rio inimigo. Com o advento das m\u00eddias sociais, propiciadas pelo fen\u00f4meno da internet, surgiram as fake news, que espalham not\u00edcias falsas, cal\u00fanias aos profissionais e \u00f3rg\u00e3os de impressa, gerando um ambiente de confus\u00e3o onde a verdadeira not\u00edcia \u00e9 escondida sob uma n\u00e9voa densa de outras informa\u00e7\u00f5es mentirosas.<\/p>\n<p style=\"text-align: justify\">\u00a0\u00a0\u00a0\u00a0\u00a0\u00a0\u00a0\u00a0 O presidente do TSE, ministro Luiz Fux, contou em entrevista num programa de TV que o TSE tem um conselho de Intelig\u00eancia que trabalha com a Abin, Ex\u00e9rcito e Pol\u00edcia Federal para a repress\u00e3o e preven\u00e7\u00e3o das not\u00edcias falsas espalhadas pela Internet. Disse tamb\u00e9m que a melhor aliada da Justi\u00e7a eleitoral \u00e9 a imprensa. Ela tem uma responsabilidade preventiva formid\u00e1vel, disse o ministro, por aferir e colher a informa\u00e7\u00e3o.<\/p>\n<p style=\"text-align: justify\">\u00a0\u00a0\u00a0\u00a0\u00a0\u00a0\u00a0\u00a0 Na verdade, o surgimento das fake news fez aumentar a credibilidade dos jornais e revistas impressas, assim como das ag\u00eancias tradicionais de not\u00edcias. A Internet \u00e9 100% vulner\u00e1vel \u00e0s not\u00edcias falsas.<\/p>\n<p style=\"text-align: justify\"><strong>A frase que foi pronunciada:<\/strong><\/p>\n<p style=\"text-align: justify\">\u201cOs eleitores mais enfadados s\u00e3o os mais suscept\u00edveis \u00e0s not\u00edcias falsas.\u201d<\/p>\n<p style=\"text-align: justify\">Ministro Luiz Fux<\/p>\n<figure id=\"attachment_10760\" aria-describedby=\"caption-attachment-10760\" style=\"width: 824px\" class=\"wp-caption aligncenter\"><img loading=\"lazy\" decoding=\"async\" class=\" wp-image-10760\" src=\"https:\/\/blogs.correiobraziliense.com.br\/aricunha\/wp-content\/uploads\/sites\/13\/2018\/05\/8131641.jpg\" alt=\"Charge: br.sputniknews.com\" width=\"824\" height=\"554\" srcset=\"https:\/\/blogs.correiobraziliense.com.br\/aricunha\/wp-content\/uploads\/sites\/13\/2018\/05\/8131641.jpg 660w, https:\/\/blogs.correiobraziliense.com.br\/aricunha\/wp-content\/uploads\/sites\/13\/2018\/05\/8131641-300x202.jpg 300w, https:\/\/blogs.correiobraziliense.com.br\/aricunha\/wp-content\/uploads\/sites\/13\/2018\/05\/8131641-350x235.jpg 350w, https:\/\/blogs.correiobraziliense.com.br\/aricunha\/wp-content\/uploads\/sites\/13\/2018\/05\/8131641-550x370.jpg 550w, https:\/\/blogs.correiobraziliense.com.br\/aricunha\/wp-content\/uploads\/sites\/13\/2018\/05\/8131641-230x155.jpg 230w\" sizes=\"auto, (max-width: 824px) 100vw, 824px\" \/><figcaption id=\"caption-attachment-10760\" class=\"wp-caption-text\">Charge: br.sputniknews.com<\/figcaption><\/figure>\n<p style=\"text-align: justify\"><strong>Discuss\u00e3o<\/strong><\/p>\n<p style=\"text-align: justify\">Ciclo muta\u00e7\u00f5es \u2013 A outra margem da pol\u00edtica. Fil\u00f3sofos do Brasil e exterior v\u00e3o se reunir no grande encontro promovido pela Escola Nacional de Administra\u00e7\u00e3o P\u00fablica, Enap. \u00c0s 18h, a partir do dia 8 de maio, com a palestra de Franklin Leopoldo. As confer\u00eancias ser\u00e3o simult\u00e2neas no Rio de Janeiro, S\u00e3o Paulo, Belo Horizonte e Bras\u00edlia. Veja a planilha de palestrantes e temas no blog do Ari Cunha. N\u00e3o precisa de senha.<\/p>\n<p style=\"text-align: justify\"><img loading=\"lazy\" decoding=\"async\" class=\"size-full wp-image-10755 aligncenter\" src=\"https:\/\/blogs.correiobraziliense.com.br\/aricunha\/wp-content\/uploads\/sites\/13\/2018\/05\/WhatsApp-Image-2018-05-03-at-04.36.10.jpeg\" alt=\"\" width=\"673\" height=\"1221\" srcset=\"https:\/\/blogs.correiobraziliense.com.br\/aricunha\/wp-content\/uploads\/sites\/13\/2018\/05\/WhatsApp-Image-2018-05-03-at-04.36.10.jpeg 673w, https:\/\/blogs.correiobraziliense.com.br\/aricunha\/wp-content\/uploads\/sites\/13\/2018\/05\/WhatsApp-Image-2018-05-03-at-04.36.10-165x300.jpeg 165w, https:\/\/blogs.correiobraziliense.com.br\/aricunha\/wp-content\/uploads\/sites\/13\/2018\/05\/WhatsApp-Image-2018-05-03-at-04.36.10-564x1024.jpeg 564w, https:\/\/blogs.correiobraziliense.com.br\/aricunha\/wp-content\/uploads\/sites\/13\/2018\/05\/WhatsApp-Image-2018-05-03-at-04.36.10-193x350.jpeg 193w, https:\/\/blogs.correiobraziliense.com.br\/aricunha\/wp-content\/uploads\/sites\/13\/2018\/05\/WhatsApp-Image-2018-05-03-at-04.36.10-550x998.jpeg 550w, https:\/\/blogs.correiobraziliense.com.br\/aricunha\/wp-content\/uploads\/sites\/13\/2018\/05\/WhatsApp-Image-2018-05-03-at-04.36.10-230x417.jpeg 230w\" sizes=\"auto, (max-width: 673px) 100vw, 673px\" \/><\/p>\n<p style=\"text-align: justify\"><strong>Consciente<\/strong><\/p>\n<p style=\"text-align: justify\">Diego Barros Maia, postulante a candidato a deputado federal, lan\u00e7ou uma s\u00e9rie de v\u00eddeos preparando os eleitores do pa\u00eds para um voto consciente. O primeiro v\u00eddeo est\u00e1 circulando na Internet e \u00e9 muito did\u00e1tico. Vale compartilhar. Assista no blog do Ari Cunha.<\/p>\n<p><iframe loading=\"lazy\" title=\"Votar Bem (1): O Brasil como Estado Democr\u00e1tico de Direito\" width=\"1440\" height=\"810\" src=\"https:\/\/www.youtube.com\/embed\/sxkTB-cs3B0?feature=oembed\" frameborder=\"0\" allow=\"accelerometer; autoplay; clipboard-write; encrypted-media; gyroscope; picture-in-picture; web-share\" referrerpolicy=\"strict-origin-when-cross-origin\" allowfullscreen><\/iframe><\/p>\n<p style=\"text-align: justify\"><strong>Dignidade<\/strong><\/p>\n<p style=\"text-align: justify\">Fernando Gomide gravou um v\u00eddeo sobre o Hospital da Crian\u00e7a e o imbr\u00f3glio com o GDF. Est\u00e1 no blog do Ari Cunha. O v\u00eddeo foi publicado no dia 25\/04\/2018.<\/p>\n<p>https:\/\/www.youtube.com\/watch?v=4fgcJNpywuU<\/p>\n<p style=\"text-align: justify\"><strong>Gaudi<\/strong><\/p>\n<p style=\"text-align: justify\">Em Len\u00e7\u00f3is, na Chapada Diamantina, a arte em pedra de milh\u00f5es de anos lembra Gaudi. A foto nos foi enviada pelo cientista Reginaldo Marinho. Voc\u00ea poder\u00e1 conferir no blog do Ari Cunha.<\/p>\n<p style=\"text-align: justify\"><strong>\u00a0<img loading=\"lazy\" decoding=\"async\" class=\"size-full wp-image-10754 aligncenter\" src=\"https:\/\/blogs.correiobraziliense.com.br\/aricunha\/wp-content\/uploads\/sites\/13\/2018\/05\/WhatsApp-Image-2018-05-03-at-10.27.02.jpeg\" alt=\"\" width=\"1032\" height=\"581\" srcset=\"https:\/\/blogs.correiobraziliense.com.br\/aricunha\/wp-content\/uploads\/sites\/13\/2018\/05\/WhatsApp-Image-2018-05-03-at-10.27.02.jpeg 1032w, https:\/\/blogs.correiobraziliense.com.br\/aricunha\/wp-content\/uploads\/sites\/13\/2018\/05\/WhatsApp-Image-2018-05-03-at-10.27.02-300x169.jpeg 300w, https:\/\/blogs.correiobraziliense.com.br\/aricunha\/wp-content\/uploads\/sites\/13\/2018\/05\/WhatsApp-Image-2018-05-03-at-10.27.02-768x432.jpeg 768w, https:\/\/blogs.correiobraziliense.com.br\/aricunha\/wp-content\/uploads\/sites\/13\/2018\/05\/WhatsApp-Image-2018-05-03-at-10.27.02-1024x576.jpeg 1024w, https:\/\/blogs.correiobraziliense.com.br\/aricunha\/wp-content\/uploads\/sites\/13\/2018\/05\/WhatsApp-Image-2018-05-03-at-10.27.02-350x197.jpeg 350w, https:\/\/blogs.correiobraziliense.com.br\/aricunha\/wp-content\/uploads\/sites\/13\/2018\/05\/WhatsApp-Image-2018-05-03-at-10.27.02-550x310.jpeg 550w, https:\/\/blogs.correiobraziliense.com.br\/aricunha\/wp-content\/uploads\/sites\/13\/2018\/05\/WhatsApp-Image-2018-05-03-at-10.27.02-230x129.jpeg 230w\" sizes=\"auto, (max-width: 1032px) 100vw, 1032px\" \/><\/strong><\/p>\n<p style=\"text-align: justify\"><strong>HIST\u00d3RIA DE BRAS\u00cdLIA<\/strong><\/p>\n<p style=\"text-align: justify\">Dois telefones que ningu\u00e9m consegue ouvir: Hospital Distrital e Pal\u00e1cio Planalto. <strong>(Publicado em 19.10.1961)<\/strong><\/p>\n","protected":false},"excerpt":{"rendered":"<p>ARI CUNHA Visto, lido e ouvido Desde 1960 com Circe Cunha e Mamfil colunadoaricunha@gmail.com; \u00a0\u00a0\u00a0\u00a0\u00a0\u00a0\u00a0\u00a0 Sem imprensa livre, n\u00e3o existe Estado Democr\u00e1tico de Direito com respeito \u00e0s liberdades civis e aos direitos humanos. Possuindo assim import\u00e2ncia t\u00e3o relevante e fundamental para a exist\u00eancia de um Estado moderno e transparente, n\u00e3o surpreende que a imprensa e, principalmente, os jornalistas sejam, em [&hellip;]<\/p>\n","protected":false},"author":34,"featured_media":10759,"comment_status":"open","ping_status":"open","sticky":false,"template":"","format":"standard","meta":{"footnotes":""},"categories":[23],"tags":[67],"class_list":["post-10749","post","type-post","status-publish","format-standard","has-post-thumbnail","hentry","category-integra","tag-brasilia-historiadebrasilia-aricunha-circecunha-mamfil"],"_links":{"self":[{"href":"https:\/\/blogs.correiobraziliense.com.br\/aricunha\/wp-json\/wp\/v2\/posts\/10749","targetHints":{"allow":["GET"]}}],"collection":[{"href":"https:\/\/blogs.correiobraziliense.com.br\/aricunha\/wp-json\/wp\/v2\/posts"}],"about":[{"href":"https:\/\/blogs.correiobraziliense.com.br\/aricunha\/wp-json\/wp\/v2\/types\/post"}],"author":[{"embeddable":true,"href":"https:\/\/blogs.correiobraziliense.com.br\/aricunha\/wp-json\/wp\/v2\/users\/34"}],"replies":[{"embeddable":true,"href":"https:\/\/blogs.correiobraziliense.com.br\/aricunha\/wp-json\/wp\/v2\/comments?post=10749"}],"version-history":[{"count":6,"href":"https:\/\/blogs.correiobraziliense.com.br\/aricunha\/wp-json\/wp\/v2\/posts\/10749\/revisions"}],"predecessor-version":[{"id":10761,"href":"https:\/\/blogs.correiobraziliense.com.br\/aricunha\/wp-json\/wp\/v2\/posts\/10749\/revisions\/10761"}],"wp:featuredmedia":[{"embeddable":true,"href":"https:\/\/blogs.correiobraziliense.com.br\/aricunha\/wp-json\/wp\/v2\/media\/10759"}],"wp:attachment":[{"href":"https:\/\/blogs.correiobraziliense.com.br\/aricunha\/wp-json\/wp\/v2\/media?parent=10749"}],"wp:term":[{"taxonomy":"category","embeddable":true,"href":"https:\/\/blogs.correiobraziliense.com.br\/aricunha\/wp-json\/wp\/v2\/categories?post=10749"},{"taxonomy":"post_tag","embeddable":true,"href":"https:\/\/blogs.correiobraziliense.com.br\/aricunha\/wp-json\/wp\/v2\/tags?post=10749"}],"curies":[{"name":"wp","href":"https:\/\/api.w.org\/{rel}","templated":true}]}}