{"id":10741,"date":"2018-05-02T17:00:42","date_gmt":"2018-05-02T20:00:42","guid":{"rendered":"https:\/\/blogs.correiobraziliense.com.br\/aricunha\/?p=10741"},"modified":"2018-05-02T17:13:53","modified_gmt":"2018-05-02T20:13:53","slug":"o-marxismo-morreu-de-marxismo","status":"publish","type":"post","link":"https:\/\/blogs.correiobraziliense.com.br\/aricunha\/o-marxismo-morreu-de-marxismo\/","title":{"rendered":"O marxismo morreu de marxismo"},"content":{"rendered":"<p style=\"text-align: justify\">ARI CUNHA<\/p>\n<p style=\"text-align: justify\">Visto, lido e ouvido<\/p>\n<p style=\"text-align: justify\">Desde 1960<\/p>\n<p style=\"text-align: justify\">com Circe Cunha e Mamfil<\/p>\n<p style=\"text-align: justify\">colunadoaricunha@gmail.com;<\/p>\n<figure id=\"attachment_10746\" aria-describedby=\"caption-attachment-10746\" style=\"width: 836px\" class=\"wp-caption aligncenter\"><img loading=\"lazy\" decoding=\"async\" class=\" wp-image-10746\" src=\"https:\/\/blogs.correiobraziliense.com.br\/aricunha\/wp-content\/uploads\/sites\/13\/2018\/05\/sindicalismo-1.jpg\" alt=\"Charge: osarrafo.com.br\" width=\"836\" height=\"540\" srcset=\"https:\/\/blogs.correiobraziliense.com.br\/aricunha\/wp-content\/uploads\/sites\/13\/2018\/05\/sindicalismo-1.jpg 700w, https:\/\/blogs.correiobraziliense.com.br\/aricunha\/wp-content\/uploads\/sites\/13\/2018\/05\/sindicalismo-1-300x194.jpg 300w, https:\/\/blogs.correiobraziliense.com.br\/aricunha\/wp-content\/uploads\/sites\/13\/2018\/05\/sindicalismo-1-350x226.jpg 350w, https:\/\/blogs.correiobraziliense.com.br\/aricunha\/wp-content\/uploads\/sites\/13\/2018\/05\/sindicalismo-1-550x355.jpg 550w, https:\/\/blogs.correiobraziliense.com.br\/aricunha\/wp-content\/uploads\/sites\/13\/2018\/05\/sindicalismo-1-230x149.jpg 230w\" sizes=\"auto, (max-width: 836px) 100vw, 836px\" \/><figcaption id=\"caption-attachment-10746\" class=\"wp-caption-text\">Charge: osarrafo.com.br<\/figcaption><\/figure>\n<p style=\"text-align: justify\">\u00a0\u00a0\u00a0\u00a0\u00a0\u00a0\u00a0\u00a0 Karl Popper (1902-1994), considerado um dos mais influentes e destacados fil\u00f3sofos do s\u00e9culo XX, costumava afirmar que se n\u00e3o estivermos preparados para defender uma sociedade tolerante contra o ataque dos intolerantes, ent\u00e3o os tolerantes ser\u00e3o aniquilados e a toler\u00e2ncia desaparecer\u00e1 com eles.<\/p>\n<p style=\"text-align: justify\">\u00a0 \u00a0 \u00a0 \u00a0 Na sua vis\u00e3o, as ideologias da intoler\u00e2ncia, que ele viu crescerem em sua Viena natal com a ascens\u00e3o do Nazismo, devem ser combatidas com argumentos racionais e mantidas sob controle pela opini\u00e3o p\u00fablica. \u00c9 preciso debater no n\u00edvel de argumenta\u00e7\u00e3o racional. A experi\u00eancia de vida havia ensinado a Popper que as ideologias enganosas que incitam a viol\u00eancia e a morte devem ser encaradas como atividades criminosas, j\u00e1 que ao fim, ao cabo, o que pregam, de fato, \u00e9 o retorno \u00e0 escravid\u00e3o.<\/p>\n<p style=\"text-align: justify\">\u00a0 \u00a0 \u00a0 \u00a0Essa vis\u00e3o adquire, no Brasil do s\u00e9culo XXI, uma atualidade espantosa. Entre n\u00f3s, o fato que deflagraria o ambiente de intoler\u00e2ncia generalizada que aos poucos foi tomando conta do pa\u00eds n\u00e3o foi nenhuma tese filos\u00f3fica ou doutrina ideol\u00f3gica partid\u00e1ria com fundamentos s\u00f3lidos, mas t\u00e3o somente a sequ\u00eancia infind\u00e1vel de esc\u00e2ndalos espetaculares que come\u00e7aram a vir \u00e0 tona, mostrando um Estado que estava sendo totalmente corro\u00eddo por dentro.<\/p>\n<p style=\"text-align: justify\">\u00a0\u00a0\u00a0\u00a0\u00a0\u00a0\u00a0\u00a0 A dissemina\u00e7\u00e3o do \u00f3dio e da ciz\u00e2nia surgiu como \u00fanica estrat\u00e9gia poss\u00edvel para a defesa daqueles que haviam, por mais de uma d\u00e9cada, promovido a maior dilapida\u00e7\u00e3o j\u00e1 vista do Estado. Nesse sentido, os epis\u00f3dios de intoler\u00e2ncia que ainda insistem em acontecer por parte daqueles que perderam a raz\u00e3o e o ju\u00edzo, evidenciam que, na falta de argumentos razo\u00e1veis e s\u00f3lidos, a op\u00e7\u00e3o fica a cargo da intimida\u00e7\u00e3o f\u00edsica e dos punhos.<\/p>\n<p style=\"text-align: justify\">\u00a0\u00a0\u00a0\u00a0\u00a0\u00a0\u00a0\u00a0 O caso, surrealista, em que o pr\u00f3prio presidente do Sindicato dos Jornalistas do Rio Grande do Sul (Sindjors), Milton Simas, foi flagrado intimidando o rep\u00f3rter da TV Record Paran\u00e1 para que n\u00e3o realizasse cobertura dentro de um acampamento em Curitiba, demonstra que o aparelhamento pol\u00edtico partid\u00e1rio dos sindicatos, ao transformar essas entidades em bra\u00e7os auxiliares do governo de plant\u00e3o, criaram, mais uma vez, todas as condi\u00e7\u00f5es para enfraquecer e desacreditar o movimento sindical como ferramenta em defesa dos interesses dos trabalhadores, independente do credo pol\u00edtico de cada um.<\/p>\n<p style=\"text-align: justify\">\u00a0 \u00a0 \u00a0 Se, como dizia Karl Popper, o Marxismo morreu de Marxismo, o sindicalismo, tal como estruturado na atualidade, ir\u00e1 perder import\u00e2ncia e desaparecer, v\u00edtima de excesso de partidarismos e de ideologias que absolutamente n\u00e3o interessam aos associados.<\/p>\n<p style=\"text-align: justify\"><strong>A frase que foi pronunciada:<\/strong><\/p>\n<p style=\"text-align: justify\">\u201cSindicato \u00e9 uma agremia\u00e7\u00e3o n\u00e3o pol\u00edtica segundo a norma legal brasileira e fundada para a defesa comum dos interesses de seus membros associados em col\u00e9gio &#8211; colegiado.\u201d<\/p>\n<p style=\"text-align: justify\">Dicion\u00e1rio e norma legal brasileiras desatualizados.<\/p>\n<figure id=\"attachment_10747\" aria-describedby=\"caption-attachment-10747\" style=\"width: 580px\" class=\"wp-caption aligncenter\"><img loading=\"lazy\" decoding=\"async\" class=\" wp-image-10747\" src=\"https:\/\/blogs.correiobraziliense.com.br\/aricunha\/wp-content\/uploads\/sites\/13\/2018\/05\/charge_do_pelicano.jpg\" alt=\"Charge: lorotaspoliticaseverdades.blogspot.com.br\" width=\"580\" height=\"412\" srcset=\"https:\/\/blogs.correiobraziliense.com.br\/aricunha\/wp-content\/uploads\/sites\/13\/2018\/05\/charge_do_pelicano.jpg 415w, https:\/\/blogs.correiobraziliense.com.br\/aricunha\/wp-content\/uploads\/sites\/13\/2018\/05\/charge_do_pelicano-300x213.jpg 300w, https:\/\/blogs.correiobraziliense.com.br\/aricunha\/wp-content\/uploads\/sites\/13\/2018\/05\/charge_do_pelicano-350x249.jpg 350w, https:\/\/blogs.correiobraziliense.com.br\/aricunha\/wp-content\/uploads\/sites\/13\/2018\/05\/charge_do_pelicano-230x163.jpg 230w\" sizes=\"auto, (max-width: 580px) 100vw, 580px\" \/><figcaption id=\"caption-attachment-10747\" class=\"wp-caption-text\">Charge: lorotaspoliticaseverdades.blogspot.com.br<\/figcaption><\/figure>\n<p style=\"text-align: justify\"><strong>Nova cultura<\/strong><\/p>\n<p style=\"text-align: justify\">Eleita a nova conselheira do ICOMOS (International Council on Monuments and Sites), Em\u00edlia Stenzil admite, em entrevista, que ter\u00e1 um trabalho \u00e1rduo em Bras\u00edlia. A capital tombada est\u00e1 repleta de pontes sem manuten\u00e7\u00e3o. O trato com a arquitetura da cidade precisa ser t\u00e9cnico e n\u00e3o pol\u00edtico, sob o risco de a capital do pa\u00eds perder a chancela de Patrim\u00f4nio da Humanidade.<\/p>\n<p style=\"text-align: justify\"><strong>Tristeza<\/strong><\/p>\n<p style=\"text-align: justify\">Enquanto a R\u00e1dio MEC FM comemora com glamour seus 35 anos no dia 10 de maio, \u00e0s 20 h, na sala Cec\u00edlia Meireles, no Rio, a Bras\u00edlia Super R\u00e1dio FM joga fora anos de tradi\u00e7\u00e3o desconsiderando o carinho da classe art\u00edstica de Bras\u00edlia pelo programa Um Piano ao Cair da Noite, onde eram feitas, pessoalmente, as divulga\u00e7\u00f5es da vida cultural da cidade.<\/p>\n<p style=\"text-align: justify\"><strong>Mist\u00e9rio<\/strong><\/p>\n<p style=\"text-align: justify\">Renato Santana tem investido em publicidade com o mote \u201cdesatando n\u00f3s.\u201d O que ningu\u00e9m entendeu at\u00e9 agora \u00e9 a dificuldade que o vice tem tido para conseguir desatar seu pr\u00f3prio n\u00f3 g\u00f3rdio com o governador Rollemberg.<\/p>\n<figure id=\"attachment_10739\" aria-describedby=\"caption-attachment-10739\" style=\"width: 398px\" class=\"wp-caption aligncenter\"><img loading=\"lazy\" decoding=\"async\" class=\" wp-image-10739\" src=\"https:\/\/blogs.correiobraziliense.com.br\/aricunha\/wp-content\/uploads\/sites\/13\/2018\/05\/31052297_1667955449959531_213103645728702464_n.jpg\" alt=\"Cartaz: facebook.com\/RenatoSantanaDF\" width=\"398\" height=\"398\" srcset=\"https:\/\/blogs.correiobraziliense.com.br\/aricunha\/wp-content\/uploads\/sites\/13\/2018\/05\/31052297_1667955449959531_213103645728702464_n.jpg 960w, https:\/\/blogs.correiobraziliense.com.br\/aricunha\/wp-content\/uploads\/sites\/13\/2018\/05\/31052297_1667955449959531_213103645728702464_n-150x150.jpg 150w, https:\/\/blogs.correiobraziliense.com.br\/aricunha\/wp-content\/uploads\/sites\/13\/2018\/05\/31052297_1667955449959531_213103645728702464_n-300x300.jpg 300w, https:\/\/blogs.correiobraziliense.com.br\/aricunha\/wp-content\/uploads\/sites\/13\/2018\/05\/31052297_1667955449959531_213103645728702464_n-768x768.jpg 768w, https:\/\/blogs.correiobraziliense.com.br\/aricunha\/wp-content\/uploads\/sites\/13\/2018\/05\/31052297_1667955449959531_213103645728702464_n-350x350.jpg 350w, https:\/\/blogs.correiobraziliense.com.br\/aricunha\/wp-content\/uploads\/sites\/13\/2018\/05\/31052297_1667955449959531_213103645728702464_n-550x550.jpg 550w, https:\/\/blogs.correiobraziliense.com.br\/aricunha\/wp-content\/uploads\/sites\/13\/2018\/05\/31052297_1667955449959531_213103645728702464_n-230x230.jpg 230w\" sizes=\"auto, (max-width: 398px) 100vw, 398px\" \/><figcaption id=\"caption-attachment-10739\" class=\"wp-caption-text\">Cartaz: facebook.com\/RenatoSantanaDF<\/figcaption><\/figure>\n<p style=\"text-align: justify\"><strong>Release<\/strong><\/p>\n<p style=\"text-align: justify\">Nesta sexta, a partir das 18h30, no Carpe Diem, o escritor, terapeuta, palestrante e Leader Coach, M\u00e1rio Salom\u00e3o, lan\u00e7a livro que desmistifica os processos de inseguran\u00e7a, ansiedade, timidez, p\u00e2nico e fobias, utilizando-se de uma linguagem clara, conduzindo o leitor a uma compreens\u00e3o simples e esclarecedora. A mec\u00e2nica do medo -A aceita\u00e7\u00e3o de si (Tagore Editora, 172 p\u00e1ginas, R$ 40,00).<\/p>\n<figure id=\"attachment_10745\" aria-describedby=\"caption-attachment-10745\" style=\"width: 411px\" class=\"wp-caption aligncenter\"><img loading=\"lazy\" decoding=\"async\" class=\" wp-image-10745\" src=\"https:\/\/blogs.correiobraziliense.com.br\/aricunha\/wp-content\/uploads\/sites\/13\/2018\/05\/T-a-mecanica-do-medo-menor-sombra.png\" alt=\"Livro: tagoreeditora.com.br\" width=\"411\" height=\"706\" srcset=\"https:\/\/blogs.correiobraziliense.com.br\/aricunha\/wp-content\/uploads\/sites\/13\/2018\/05\/T-a-mecanica-do-medo-menor-sombra.png 291w, https:\/\/blogs.correiobraziliense.com.br\/aricunha\/wp-content\/uploads\/sites\/13\/2018\/05\/T-a-mecanica-do-medo-menor-sombra-175x300.png 175w, https:\/\/blogs.correiobraziliense.com.br\/aricunha\/wp-content\/uploads\/sites\/13\/2018\/05\/T-a-mecanica-do-medo-menor-sombra-204x350.png 204w, https:\/\/blogs.correiobraziliense.com.br\/aricunha\/wp-content\/uploads\/sites\/13\/2018\/05\/T-a-mecanica-do-medo-menor-sombra-230x395.png 230w\" sizes=\"auto, (max-width: 411px) 100vw, 411px\" \/><figcaption id=\"caption-attachment-10745\" class=\"wp-caption-text\">Livro: tagoreeditora.com.br<\/figcaption><\/figure>\n<p style=\"text-align: justify\"><strong>HIST\u00d3RIA DE BRAS\u00cdLIA<\/strong><\/p>\n<p style=\"text-align: justify\">O presidente Jo\u00e3o Goulart, falando aos bispos, fez elogios \u00e0 \u201cMater et Magistra\u201d, mas ao se referir ao Papa Jo\u00e3o XXIII, chamou-o de S.S. Pio XXIII. <strong>(Publicado em 19.10.1961)<\/strong><\/p>\n","protected":false},"excerpt":{"rendered":"<p>ARI CUNHA Visto, lido e ouvido Desde 1960 com Circe Cunha e Mamfil colunadoaricunha@gmail.com; \u00a0\u00a0\u00a0\u00a0\u00a0\u00a0\u00a0\u00a0 Karl Popper (1902-1994), considerado um dos mais influentes e destacados fil\u00f3sofos do s\u00e9culo XX, costumava afirmar que se n\u00e3o estivermos preparados para defender uma sociedade tolerante contra o ataque dos intolerantes, ent\u00e3o os tolerantes ser\u00e3o aniquilados e a toler\u00e2ncia desaparecer\u00e1 com eles. \u00a0 \u00a0 \u00a0 [&hellip;]<\/p>\n","protected":false},"author":34,"featured_media":10746,"comment_status":"open","ping_status":"open","sticky":false,"template":"","format":"standard","meta":{"footnotes":""},"categories":[23],"tags":[67],"class_list":["post-10741","post","type-post","status-publish","format-standard","has-post-thumbnail","hentry","category-integra","tag-brasilia-historiadebrasilia-aricunha-circecunha-mamfil"],"_links":{"self":[{"href":"https:\/\/blogs.correiobraziliense.com.br\/aricunha\/wp-json\/wp\/v2\/posts\/10741","targetHints":{"allow":["GET"]}}],"collection":[{"href":"https:\/\/blogs.correiobraziliense.com.br\/aricunha\/wp-json\/wp\/v2\/posts"}],"about":[{"href":"https:\/\/blogs.correiobraziliense.com.br\/aricunha\/wp-json\/wp\/v2\/types\/post"}],"author":[{"embeddable":true,"href":"https:\/\/blogs.correiobraziliense.com.br\/aricunha\/wp-json\/wp\/v2\/users\/34"}],"replies":[{"embeddable":true,"href":"https:\/\/blogs.correiobraziliense.com.br\/aricunha\/wp-json\/wp\/v2\/comments?post=10741"}],"version-history":[{"count":3,"href":"https:\/\/blogs.correiobraziliense.com.br\/aricunha\/wp-json\/wp\/v2\/posts\/10741\/revisions"}],"predecessor-version":[{"id":10748,"href":"https:\/\/blogs.correiobraziliense.com.br\/aricunha\/wp-json\/wp\/v2\/posts\/10741\/revisions\/10748"}],"wp:featuredmedia":[{"embeddable":true,"href":"https:\/\/blogs.correiobraziliense.com.br\/aricunha\/wp-json\/wp\/v2\/media\/10746"}],"wp:attachment":[{"href":"https:\/\/blogs.correiobraziliense.com.br\/aricunha\/wp-json\/wp\/v2\/media?parent=10741"}],"wp:term":[{"taxonomy":"category","embeddable":true,"href":"https:\/\/blogs.correiobraziliense.com.br\/aricunha\/wp-json\/wp\/v2\/categories?post=10741"},{"taxonomy":"post_tag","embeddable":true,"href":"https:\/\/blogs.correiobraziliense.com.br\/aricunha\/wp-json\/wp\/v2\/tags?post=10741"}],"curies":[{"name":"wp","href":"https:\/\/api.w.org\/{rel}","templated":true}]}}