{"id":10728,"date":"2018-05-01T17:00:27","date_gmt":"2018-05-01T20:00:27","guid":{"rendered":"https:\/\/blogs.correiobraziliense.com.br\/aricunha\/?p=10728"},"modified":"2018-05-02T16:50:42","modified_gmt":"2018-05-02T19:50:42","slug":"sistema-s-de-segredo","status":"publish","type":"post","link":"https:\/\/blogs.correiobraziliense.com.br\/aricunha\/sistema-s-de-segredo\/","title":{"rendered":"Sistema \u201cS\u201d de segredo"},"content":{"rendered":"<p style=\"text-align: justify\">ARI CUNHA<\/p>\n<p style=\"text-align: justify\">Visto, lido e ouvido<\/p>\n<p style=\"text-align: justify\">Desde 1960<\/p>\n<p style=\"text-align: justify\">com Circe Cunha e Mamfil<\/p>\n<p style=\"text-align: justify\">colunadoaricunha@gmail.com;<\/p>\n<figure id=\"attachment_10733\" aria-describedby=\"caption-attachment-10733\" style=\"width: 950px\" class=\"wp-caption aligncenter\"><img loading=\"lazy\" decoding=\"async\" class=\"size-full wp-image-10733\" src=\"https:\/\/blogs.correiobraziliense.com.br\/aricunha\/wp-content\/uploads\/sites\/13\/2018\/05\/a9a594fe1cfc7e019e42a2a781970918.jpg\" alt=\"Imagem: caldeiraopolitico.com.br\" width=\"950\" height=\"713\" srcset=\"https:\/\/blogs.correiobraziliense.com.br\/aricunha\/wp-content\/uploads\/sites\/13\/2018\/05\/a9a594fe1cfc7e019e42a2a781970918.jpg 950w, https:\/\/blogs.correiobraziliense.com.br\/aricunha\/wp-content\/uploads\/sites\/13\/2018\/05\/a9a594fe1cfc7e019e42a2a781970918-300x225.jpg 300w, https:\/\/blogs.correiobraziliense.com.br\/aricunha\/wp-content\/uploads\/sites\/13\/2018\/05\/a9a594fe1cfc7e019e42a2a781970918-768x576.jpg 768w, https:\/\/blogs.correiobraziliense.com.br\/aricunha\/wp-content\/uploads\/sites\/13\/2018\/05\/a9a594fe1cfc7e019e42a2a781970918-350x263.jpg 350w, https:\/\/blogs.correiobraziliense.com.br\/aricunha\/wp-content\/uploads\/sites\/13\/2018\/05\/a9a594fe1cfc7e019e42a2a781970918-550x413.jpg 550w, https:\/\/blogs.correiobraziliense.com.br\/aricunha\/wp-content\/uploads\/sites\/13\/2018\/05\/a9a594fe1cfc7e019e42a2a781970918-230x173.jpg 230w\" sizes=\"auto, (max-width: 950px) 100vw, 950px\" \/><figcaption id=\"caption-attachment-10733\" class=\"wp-caption-text\">Imagem: caldeiraopolitico.com.br<\/figcaption><\/figure>\n<p style=\"text-align: justify\">\u00a0\u00a0\u00a0\u00a0\u00a0\u00a0\u00a0\u00a0 Com o fim do imposto sindical, decorrente da reforma trabalhista, que passou a valer desde 11 de novembro passado, todos as aten\u00e7\u00f5es se voltam, novamente, para o imposto compuls\u00f3rio cobrado diretamente pelo gigantesco Sistema \u201cS\u201d que engloba, al\u00e9m do Sesi, Senai, Sesc, Senac e outras entidades como Sest, Senat, Sebrae, Senar, Sescoop, Apex , ABDI.<\/p>\n<p style=\"text-align: justify\">\u00a0\u00a0\u00a0\u00a0\u00a0\u00a0\u00a0\u00a0 Ao todo, esse Sistema arrecada por ano algo em torno de R$ 20 bilh\u00f5es, descontados da folha bruta e de forma obrigat\u00f3ria das empresas, em percentuais que variam de 0,2% a 3%. Criado em 1942 e reafirmado na Constitui\u00e7\u00e3o de 1988, esses servi\u00e7os sociais aut\u00f4nomos possuem personalidade jur\u00eddica de direito privado e se destinam \u00e0 assist\u00eancia, ao ensino e lazer de grupos profissionais sem fins lucrativos.<\/p>\n<p style=\"text-align: justify\">\u00a0\u00a0\u00a0\u00a0\u00a0\u00a0\u00a0\u00a0 C\u00e1lculos feitos ainda no ano passado d\u00e3o conta de que o imposto pago pelas empresas ao Sistema \u201cS\u201d soma 5,80% do total dos sal\u00e1rios pagos no pa\u00eds. Com tanto dinheiro em caixa, arrecadado diretamente das empresas, n\u00e3o surpreende que sempre que algum \u00f3rg\u00e3o ou autoridade fala em auditar as contas do Sistema, o mundo vem abaixo.<\/p>\n<figure id=\"attachment_10734\" aria-describedby=\"caption-attachment-10734\" style=\"width: 450px\" class=\"wp-caption alignleft\"><img loading=\"lazy\" decoding=\"async\" class=\"size-full wp-image-10734\" src=\"https:\/\/blogs.correiobraziliense.com.br\/aricunha\/wp-content\/uploads\/sites\/13\/2018\/05\/img_impostos_brasileiros-desigualdade_verbo-charge.jpg\" alt=\"Charge: novoeste.com\" width=\"450\" height=\"250\" srcset=\"https:\/\/blogs.correiobraziliense.com.br\/aricunha\/wp-content\/uploads\/sites\/13\/2018\/05\/img_impostos_brasileiros-desigualdade_verbo-charge.jpg 450w, https:\/\/blogs.correiobraziliense.com.br\/aricunha\/wp-content\/uploads\/sites\/13\/2018\/05\/img_impostos_brasileiros-desigualdade_verbo-charge-300x167.jpg 300w, https:\/\/blogs.correiobraziliense.com.br\/aricunha\/wp-content\/uploads\/sites\/13\/2018\/05\/img_impostos_brasileiros-desigualdade_verbo-charge-350x194.jpg 350w, https:\/\/blogs.correiobraziliense.com.br\/aricunha\/wp-content\/uploads\/sites\/13\/2018\/05\/img_impostos_brasileiros-desigualdade_verbo-charge-230x128.jpg 230w\" sizes=\"auto, (max-width: 450px) 100vw, 450px\" \/><figcaption id=\"caption-attachment-10734\" class=\"wp-caption-text\">Charge: novoeste.com<\/figcaption><\/figure>\n<p style=\"text-align: justify\">\u00a0\u00a0\u00a0\u00a0\u00a0\u00a0\u00a0\u00a0Atrav\u00e9s de um fort\u00edssimo lobby junto ao Congresso, o Sistema tem o segredo de suas contas preservados da intromiss\u00e3o e da bisbilhotice alheia e principalmente dos \u00f3rg\u00e3os de fiscaliza\u00e7\u00e3o. Em diversas oportunidades esse Sistema tem sido classificado como uma verdadeira \u201cCaixa Preta\u201d, tamanho \u00e9 o volume de recursos que transitam por essas entidades.<\/p>\n<p style=\"text-align: justify\">\u00a0\u00a0\u00a0\u00a0\u00a0\u00a0\u00a0\u00a0 O senador por Tocantins, Ata\u00eddes Oliveira, tem denunciado \u00e0 tribuna os desvios de recursos arrecadados pelo Sistema S, afirmando que bilh\u00f5es de reais v\u00eam sendo sistematicamente aplicados no mercado financeiro, sem a devida fiscaliza\u00e7\u00e3o.<\/p>\n<p style=\"text-align: justify\">\u00a0 \u00a0 \u00a0 Somente a folha de pagamento dos executivos desse Sistema consome mais de R$ 5 bilh\u00f5es ao ano. Transformado em uma esp\u00e9cie de feudo e cabide de empregos para pessoas ligadas a pol\u00edticos, o Sistema \u201cS\u201d virou, ao longo dos anos, um gigante de p\u00e9s de barro, tamanha as malfeitorias que s\u00e3o praticadas em nome da profissionaliza\u00e7\u00e3o do trabalhador.<\/p>\n<p style=\"text-align: justify\">\u00a0\u00a0\u00a0\u00a0\u00a0\u00a0\u00a0\u00a0 A pouco, o juiz da 3\u00aa Vara Criminal de Belo Horizonte decretou a interven\u00e7\u00e3o e mandou afastar o presidente e quarto diretores da Fecom\u00e9rcio\/MG por obstru\u00e7\u00e3o da justi\u00e7a. No Rio de Janeiro, a justi\u00e7a tamb\u00e9m mandou afastar e prendeu o presidente da Fecom\u00e9rcio\/RJ por desvio de mais de 3 milh\u00f5es de reais da entidade. Como cabe ao Tribunal de Contas da Uni\u00e3o e \u00e0 Controladoria Geral da Uni\u00e3o fiscalizarem as contas dos filiados ao Sistema, \u00e9 necess\u00e1ria press\u00e3o pol\u00edtica sobre esses \u00f3rg\u00e3os para abrirem essa caixa preta. \u00c9 a\u00ed que moram as dificuldades.<\/p>\n<p style=\"text-align: justify\"><strong>A frase que foi pronunciada:<\/strong><\/p>\n<p style=\"text-align: justify\">\u201cA pr\u00e1tica n\u00e3o \u00e9 complemento, mas elemento indissoci\u00e1vel da aquisi\u00e7\u00e3o do conhecimento e do desenvolvimento humano.\u201d<\/p>\n<p style=\"text-align: justify\">Abram Szajman<\/p>\n<p style=\"text-align: justify\"><strong>Cansa\u00e7o<\/strong><\/p>\n<p style=\"text-align: justify\">Revolta total dos alunos do EJA que t\u00eam mais idade. Alguns professores de Educa\u00e7\u00e3o F\u00edsica exigem pula\u00e7\u00e3o de corda, corrida e outras fa\u00e7anhas que os trabalhadores n\u00e3o aguentam depois de 8 horas de trabalho.<\/p>\n<p style=\"text-align: justify\"><strong>Release<\/strong><\/p>\n<p style=\"text-align: justify\">Os mecanismos gen\u00e9ticos e celulares que levam \u00e0 forma\u00e7\u00e3o ou aus\u00eancia da semente na uva (apirenia) acabam de ser desvendados pela equipe do Laborat\u00f3rio de Gen\u00e9tica Molecular Vegetal da Embrapa Uva e Vinho, em Bento Gon\u00e7alves, em conjunto com cientistas da Universidade Federal do Rio Grande do Sul e da Universidade Estadual de Campinas A descoberta tem potencial de acelerar e subsidiar pesquisas para desenvolver uvas sem sementes, por meio do uso de t\u00e9cnicas de biotecnologia.<\/p>\n<figure id=\"attachment_10737\" aria-describedby=\"caption-attachment-10737\" style=\"width: 825px\" class=\"wp-caption aligncenter\"><img loading=\"lazy\" decoding=\"async\" class=\" wp-image-10737\" src=\"https:\/\/blogs.correiobraziliense.com.br\/aricunha\/wp-content\/uploads\/sites\/13\/2018\/05\/uvas-sem-caro__o.jpg\" alt=\"Foto: adegadovinho.com.br\" width=\"825\" height=\"595\" srcset=\"https:\/\/blogs.correiobraziliense.com.br\/aricunha\/wp-content\/uploads\/sites\/13\/2018\/05\/uvas-sem-caro__o.jpg 555w, https:\/\/blogs.correiobraziliense.com.br\/aricunha\/wp-content\/uploads\/sites\/13\/2018\/05\/uvas-sem-caro__o-300x216.jpg 300w, https:\/\/blogs.correiobraziliense.com.br\/aricunha\/wp-content\/uploads\/sites\/13\/2018\/05\/uvas-sem-caro__o-350x252.jpg 350w, https:\/\/blogs.correiobraziliense.com.br\/aricunha\/wp-content\/uploads\/sites\/13\/2018\/05\/uvas-sem-caro__o-550x396.jpg 550w, https:\/\/blogs.correiobraziliense.com.br\/aricunha\/wp-content\/uploads\/sites\/13\/2018\/05\/uvas-sem-caro__o-230x166.jpg 230w\" sizes=\"auto, (max-width: 825px) 100vw, 825px\" \/><figcaption id=\"caption-attachment-10737\" class=\"wp-caption-text\">Foto: adegadovinho.com.br<\/figcaption><\/figure>\n<p style=\"text-align: justify\"><strong>Zero fiscaliza\u00e7\u00e3o<\/strong><\/p>\n<p style=\"text-align: justify\">Recebemos um lembrete sobre as R\u00e1dios Comunit\u00e1rias do DF. Muitas que n\u00e3o deveriam ter fins lucrativos t\u00eam mostrado ganhos pela publicidade que vai ao ar. Estranho. O Ecade est\u00e1 de olho.<\/p>\n<p style=\"text-align: justify\"><strong>Aliena\u00e7\u00e3o Parental<\/strong><\/p>\n<p style=\"text-align: justify\">\u00a0\u201cA morte inventada\u201d \u00e9 um filme que trata da aliena\u00e7\u00e3o parental. Crian\u00e7as que percebem a mentira nos pais e passam a ter a espontaneidade afetiva comprometida, tendo, a partir da\u00ed, dificuldades para estabelecer v\u00ednculos com outras pessoas.<\/p>\n<p>https:\/\/www.youtube.com\/watch?v=MauAOg4dIco<\/p>\n<p style=\"text-align: justify\"><strong>Vans<\/strong><\/p>\n<p style=\"text-align: justify\">Sem o m\u00ednimo de fiscaliza\u00e7\u00e3o, as vans est\u00e3o voltando. Na mesma velocidade, sem o m\u00ednimo de seguran\u00e7a. Com os trabalhadores respons\u00e1veis e cumpridores do hor\u00e1rio, elas caem do c\u00e9u.<\/p>\n<p style=\"text-align: justify\"><strong>HIST\u00d3RIA DE BRAS\u00cdLIA<\/strong><\/p>\n<p style=\"text-align: justify\">Sabe-se que os funcion\u00e1rios da Caixa Econ\u00f4mica est\u00e3o fazendo um abaixo assinado para a volta, \u00e0quela reparti\u00e7\u00e3o, do sr. Felinto Epit\u00e1cio Maia. Errado. O lugar do sr. Felinto \u00e9 em Bras\u00edlia, e a sua sa\u00edda representar\u00e1 um preju\u00edzo muito grande para a cidade. <strong>(Publicado em 19.10.1961)<\/strong><\/p>\n","protected":false},"excerpt":{"rendered":"<p>ARI CUNHA Visto, lido e ouvido Desde 1960 com Circe Cunha e Mamfil colunadoaricunha@gmail.com; \u00a0\u00a0\u00a0\u00a0\u00a0\u00a0\u00a0\u00a0 Com o fim do imposto sindical, decorrente da reforma trabalhista, que passou a valer desde 11 de novembro passado, todos as aten\u00e7\u00f5es se voltam, novamente, para o imposto compuls\u00f3rio cobrado diretamente pelo gigantesco Sistema \u201cS\u201d que engloba, al\u00e9m do Sesi, Senai, Sesc, Senac e outras [&hellip;]<\/p>\n","protected":false},"author":34,"featured_media":10733,"comment_status":"open","ping_status":"open","sticky":false,"template":"","format":"standard","meta":{"footnotes":""},"categories":[23],"tags":[67],"class_list":["post-10728","post","type-post","status-publish","format-standard","has-post-thumbnail","hentry","category-integra","tag-brasilia-historiadebrasilia-aricunha-circecunha-mamfil"],"_links":{"self":[{"href":"https:\/\/blogs.correiobraziliense.com.br\/aricunha\/wp-json\/wp\/v2\/posts\/10728","targetHints":{"allow":["GET"]}}],"collection":[{"href":"https:\/\/blogs.correiobraziliense.com.br\/aricunha\/wp-json\/wp\/v2\/posts"}],"about":[{"href":"https:\/\/blogs.correiobraziliense.com.br\/aricunha\/wp-json\/wp\/v2\/types\/post"}],"author":[{"embeddable":true,"href":"https:\/\/blogs.correiobraziliense.com.br\/aricunha\/wp-json\/wp\/v2\/users\/34"}],"replies":[{"embeddable":true,"href":"https:\/\/blogs.correiobraziliense.com.br\/aricunha\/wp-json\/wp\/v2\/comments?post=10728"}],"version-history":[{"count":9,"href":"https:\/\/blogs.correiobraziliense.com.br\/aricunha\/wp-json\/wp\/v2\/posts\/10728\/revisions"}],"predecessor-version":[{"id":10744,"href":"https:\/\/blogs.correiobraziliense.com.br\/aricunha\/wp-json\/wp\/v2\/posts\/10728\/revisions\/10744"}],"wp:featuredmedia":[{"embeddable":true,"href":"https:\/\/blogs.correiobraziliense.com.br\/aricunha\/wp-json\/wp\/v2\/media\/10733"}],"wp:attachment":[{"href":"https:\/\/blogs.correiobraziliense.com.br\/aricunha\/wp-json\/wp\/v2\/media?parent=10728"}],"wp:term":[{"taxonomy":"category","embeddable":true,"href":"https:\/\/blogs.correiobraziliense.com.br\/aricunha\/wp-json\/wp\/v2\/categories?post=10728"},{"taxonomy":"post_tag","embeddable":true,"href":"https:\/\/blogs.correiobraziliense.com.br\/aricunha\/wp-json\/wp\/v2\/tags?post=10728"}],"curies":[{"name":"wp","href":"https:\/\/api.w.org\/{rel}","templated":true}]}}