{"id":10714,"date":"2018-04-30T20:00:40","date_gmt":"2018-04-30T23:00:40","guid":{"rendered":"https:\/\/blogs.correiobraziliense.com.br\/aricunha\/?p=10714"},"modified":"2018-05-01T11:40:29","modified_gmt":"2018-05-01T14:40:29","slug":"trabalhador-e-pagador-desobediencia-civil-ou-seguranca","status":"publish","type":"post","link":"https:\/\/blogs.correiobraziliense.com.br\/aricunha\/trabalhador-e-pagador-desobediencia-civil-ou-seguranca\/","title":{"rendered":"Trabalhador e pagador. Desobedi\u00eancia civil ou seguran\u00e7a?"},"content":{"rendered":"<p style=\"text-align: justify\">ARI CUNHA<\/p>\n<p style=\"text-align: justify\">Visto, lido e ouvido<\/p>\n<p style=\"text-align: justify\">Desde 1960<\/p>\n<p style=\"text-align: justify\">com Circe Cunha e Mamfil<\/p>\n<p style=\"text-align: justify\">colunadoaricunha@gmail.com;<\/p>\n<figure id=\"attachment_10718\" aria-describedby=\"caption-attachment-10718\" style=\"width: 817px\" class=\"wp-caption aligncenter\"><img loading=\"lazy\" decoding=\"async\" class=\" wp-image-10718\" src=\"https:\/\/blogs.correiobraziliense.com.br\/aricunha\/wp-content\/uploads\/sites\/13\/2018\/04\/OLIVEIRA-060317-DG-551x420.jpg\" alt=\"Charge: humorpolitico.com.br\" width=\"817\" height=\"623\" srcset=\"https:\/\/blogs.correiobraziliense.com.br\/aricunha\/wp-content\/uploads\/sites\/13\/2018\/04\/OLIVEIRA-060317-DG-551x420.jpg 551w, https:\/\/blogs.correiobraziliense.com.br\/aricunha\/wp-content\/uploads\/sites\/13\/2018\/04\/OLIVEIRA-060317-DG-551x420-300x229.jpg 300w, https:\/\/blogs.correiobraziliense.com.br\/aricunha\/wp-content\/uploads\/sites\/13\/2018\/04\/OLIVEIRA-060317-DG-551x420-350x267.jpg 350w, https:\/\/blogs.correiobraziliense.com.br\/aricunha\/wp-content\/uploads\/sites\/13\/2018\/04\/OLIVEIRA-060317-DG-551x420-550x419.jpg 550w, https:\/\/blogs.correiobraziliense.com.br\/aricunha\/wp-content\/uploads\/sites\/13\/2018\/04\/OLIVEIRA-060317-DG-551x420-230x175.jpg 230w\" sizes=\"auto, (max-width: 817px) 100vw, 817px\" \/><figcaption id=\"caption-attachment-10718\" class=\"wp-caption-text\">Charge: humorpolitico.com.br<\/figcaption><\/figure>\n<p style=\"text-align: justify\">\u00a0 \u00a0 \u00a0 \u00a0 \u00a0 Imposto, que as gram\u00e1ticas definem como sendo o partic\u00edpio passado do verbo impor, nunca em tempo algum e em nenhum lugar do planeta, foi aceito de bom grado e entendido como minimamente razo\u00e1vel por quem quer que seja. N\u00e3o \u00e9 por outra raz\u00e3o que, ao longo de toda a hist\u00f3ria da humanidade, muitas injusti\u00e7as e crimes e mesmo guerras foram praticadas em nome da imposi\u00e7\u00e3o desses encargos financeiros sobre os ombros da popula\u00e7\u00e3o.<\/p>\n<p style=\"text-align: justify\">\u00a0 \u00a0 \u00a0 \u00a0 Do ponto de vista do governo e daqueles que defendem essa cobran\u00e7a, essa \u00e9 a \u00fanica forma dispon\u00edvel, at\u00e9 o presente, para financiar as a\u00e7\u00f5es do Estado dentro de uma sociedade. Essa vis\u00e3o, contudo, n\u00e3o possui sustenta\u00e7\u00e3o duradoura quando se observa que, por se tratar de um tributo que n\u00e3o est\u00e1 diretamente vinculado \u00e0 uma presta\u00e7\u00e3o de servi\u00e7o de interesse do cidad\u00e3o, pode ser utilizado para infinitas outras atividades, muitas delas de interesse imediato e direto apenas daqueles que comp\u00f5em o governo e de grupos de interesse que orbitam ao redor do poder.<\/p>\n<p style=\"text-align: justify\">\u00a0 \u00a0 \u00a0 \u00a0 \u00a0Assim sendo, o contribuinte mesmo esclarecido de que n\u00e3o h\u00e1 nada e nenhum contrato que lhe assegure que haver\u00e1 uma contrapartida na presta\u00e7\u00e3o de servi\u00e7os \u00e9 instado a entregar ao governo, todo o ano, parte do que produziu. A n\u00e3o observ\u00e2ncia desse preceito acarreta severas san\u00e7\u00f5es ao infrator, principalmente se ele estiver locado na base da pir\u00e2mide social, onde a realidade s\u00f3 possui dois matizes: preto e branco.<\/p>\n<figure id=\"attachment_10719\" aria-describedby=\"caption-attachment-10719\" style=\"width: 436px\" class=\"wp-caption alignleft\"><img loading=\"lazy\" decoding=\"async\" class=\" wp-image-10719\" src=\"https:\/\/blogs.correiobraziliense.com.br\/aricunha\/wp-content\/uploads\/sites\/13\/2018\/04\/02032015210360charge-net.jpg\" alt=\"Charge: diariodamidia.com.br\" width=\"436\" height=\"311\" srcset=\"https:\/\/blogs.correiobraziliense.com.br\/aricunha\/wp-content\/uploads\/sites\/13\/2018\/04\/02032015210360charge-net.jpg 3033w, https:\/\/blogs.correiobraziliense.com.br\/aricunha\/wp-content\/uploads\/sites\/13\/2018\/04\/02032015210360charge-net-300x214.jpg 300w, https:\/\/blogs.correiobraziliense.com.br\/aricunha\/wp-content\/uploads\/sites\/13\/2018\/04\/02032015210360charge-net-768x549.jpg 768w, https:\/\/blogs.correiobraziliense.com.br\/aricunha\/wp-content\/uploads\/sites\/13\/2018\/04\/02032015210360charge-net-1024x732.jpg 1024w, https:\/\/blogs.correiobraziliense.com.br\/aricunha\/wp-content\/uploads\/sites\/13\/2018\/04\/02032015210360charge-net-350x250.jpg 350w, https:\/\/blogs.correiobraziliense.com.br\/aricunha\/wp-content\/uploads\/sites\/13\/2018\/04\/02032015210360charge-net-1440x1029.jpg 1440w, https:\/\/blogs.correiobraziliense.com.br\/aricunha\/wp-content\/uploads\/sites\/13\/2018\/04\/02032015210360charge-net-550x393.jpg 550w, https:\/\/blogs.correiobraziliense.com.br\/aricunha\/wp-content\/uploads\/sites\/13\/2018\/04\/02032015210360charge-net-230x164.jpg 230w\" sizes=\"auto, (max-width: 436px) 100vw, 436px\" \/><figcaption id=\"caption-attachment-10719\" class=\"wp-caption-text\">Charge: diariodamidia.com.br<\/figcaption><\/figure>\n<p style=\"text-align: justify\">\u00a0 \u00a0 \u00a0C\u00e1lculos diversos t\u00eam demonstrado que o Imposto de Renda no Brasil tem incid\u00eancia bem menor sobre os rendimentos dos mais ricos, que abrigam suas riquezas em fontes n\u00e3o tribut\u00e1veis, como \u00e9 o caso de lucros e dividendos distribu\u00eddos aos s\u00f3cios de empresas.<\/p>\n<p style=\"text-align: justify\">\u00a0 \u00a0 \u00a0 \u00a0Levantamento feito por tributaristas respeit\u00e1veis mostra que para cada R$1 de rendimento taxado pelo IR dos mais ricos, outros R$2 ficaram isentos de tributa\u00e7\u00e3o. Inversamente, para aqueles que percebem entre um e dois sal\u00e1rios m\u00ednimos, para cada R$ 1 de renda isenta, outros R$ 7,60 foram tributados, na fonte ou na declara\u00e7\u00e3o do IR. Essa situa\u00e7\u00e3o ganha ainda maior gravidade quando, ao longo do ano, o cidad\u00e3o passa a assistir todas as noites nos telejornais os desfiles de altos figur\u00f5es da rep\u00fablica acusados de desviar e lavar bilh\u00f5es de reais dos cofres p\u00fablicos, transferindo montanhas de dinheiro para para\u00edsos fiscais, pagando e recebendo propinas sem serem molestados pelos t\u00e9cnicos da Receita.<\/p>\n<p style=\"text-align: justify\">\u00a0 \u00a0 \u00a0 \u00a0 Mesmo quanto as contrapartidas advindas de uma das maiores cargas tribut\u00e1rias do planeta, no Brasil, essa quest\u00e3o adquire contornos surrealistas quando se verificam as p\u00e9ssimas condi\u00e7\u00f5es em que se encontram hoje hospitais, escolas, seguran\u00e7a p\u00fablica e outros quesitos necess\u00e1rios \u00e0 uma vida digna. O brasileiro, cumpridor de seus deveres, paga religiosamente seus tributos, embora saiba no seu \u00edntimo que esses recursos jamais lhes ser\u00e3o restitu\u00eddos com a devida justeza.<\/p>\n<p style=\"text-align: justify\">\u00a0 \u00a0 \u00a0 \u00a0 \u00a0 H\u00e1 quem sugira, a despeito da desobedi\u00eancia civil, que todos os impostos sejam pagos, integralmente. Mas sub judice. At\u00e9 que o cidad\u00e3o receba pelos servi\u00e7os que paga, constitucionalmente garantidos.<\/p>\n<p style=\"text-align: justify\"><strong>A frase que foi pronunciada:<\/strong><\/p>\n<p style=\"text-align: justify\">\u201cA coisa mais dura de entender no mundo \u00e9 o Imposto de Renda.\u201d<\/p>\n<p style=\"text-align: justify\">Albert Einstein<\/p>\n<figure id=\"attachment_10720\" aria-describedby=\"caption-attachment-10720\" style=\"width: 591px\" class=\"wp-caption aligncenter\"><img loading=\"lazy\" decoding=\"async\" class=\" wp-image-10720\" src=\"https:\/\/blogs.correiobraziliense.com.br\/aricunha\/wp-content\/uploads\/sites\/13\/2018\/04\/Charge-Le\u00e3o-Imposto-de-Renda.jpg\" alt=\"Charge: impostoderenda08.blogspot.com.br\" width=\"591\" height=\"275\" srcset=\"https:\/\/blogs.correiobraziliense.com.br\/aricunha\/wp-content\/uploads\/sites\/13\/2018\/04\/Charge-Le\u00e3o-Imposto-de-Renda.jpg 400w, https:\/\/blogs.correiobraziliense.com.br\/aricunha\/wp-content\/uploads\/sites\/13\/2018\/04\/Charge-Le\u00e3o-Imposto-de-Renda-300x140.jpg 300w, https:\/\/blogs.correiobraziliense.com.br\/aricunha\/wp-content\/uploads\/sites\/13\/2018\/04\/Charge-Le\u00e3o-Imposto-de-Renda-350x163.jpg 350w, https:\/\/blogs.correiobraziliense.com.br\/aricunha\/wp-content\/uploads\/sites\/13\/2018\/04\/Charge-Le\u00e3o-Imposto-de-Renda-230x107.jpg 230w\" sizes=\"auto, (max-width: 591px) 100vw, 591px\" \/><figcaption id=\"caption-attachment-10720\" class=\"wp-caption-text\">Charge: impostoderenda08.blogspot.com.br<\/figcaption><\/figure>\n<p style=\"text-align: justify\"><strong>Release<\/strong><\/p>\n<p style=\"text-align: justify\">Quem nos envia o release \u00e9 Naiobe Quelen. A cantora Bell Lins, que participou do programa The Voice no time de Ivete Sangalo em 2016, apresenta-se na Dolce Far Niente de \u00c1guas Claras, no dia 05\/05 (pr\u00f3ximo s\u00e1bado), \u00e0s 20h.<\/p>\n<p>https:\/\/www.facebook.com\/PortalTVBvideos\/videos\/910489785694311\/<\/p>\n<p style=\"text-align: justify\"><strong>Mostra<\/strong><\/p>\n<p style=\"text-align: justify\">Intimista, a exposi\u00e7\u00e3o que o artista Murilo Frade fez em sua resid\u00eancia. Com obras de v\u00e1rias d\u00e9cadas de produ\u00e7\u00e3o, Frade mostrou a sensibilidade pr\u00f3pria dos criadores. Entre tra\u00e7os e cores, traz um equil\u00edbrio nada previs\u00edvel, instigando os apreciadores da arte. Veja algumas fotos no blog do Ari Cunha.<\/p>\n<p style=\"text-align: justify\"><img loading=\"lazy\" decoding=\"async\" class=\"size-full wp-image-10724 aligncenter\" src=\"https:\/\/blogs.correiobraziliense.com.br\/aricunha\/wp-content\/uploads\/sites\/13\/2018\/04\/1-1.jpg\" alt=\"1 (1)\" width=\"1024\" height=\"768\" srcset=\"https:\/\/blogs.correiobraziliense.com.br\/aricunha\/wp-content\/uploads\/sites\/13\/2018\/04\/1-1.jpg 1024w, https:\/\/blogs.correiobraziliense.com.br\/aricunha\/wp-content\/uploads\/sites\/13\/2018\/04\/1-1-300x225.jpg 300w, https:\/\/blogs.correiobraziliense.com.br\/aricunha\/wp-content\/uploads\/sites\/13\/2018\/04\/1-1-768x576.jpg 768w, https:\/\/blogs.correiobraziliense.com.br\/aricunha\/wp-content\/uploads\/sites\/13\/2018\/04\/1-1-350x263.jpg 350w, https:\/\/blogs.correiobraziliense.com.br\/aricunha\/wp-content\/uploads\/sites\/13\/2018\/04\/1-1-550x413.jpg 550w, https:\/\/blogs.correiobraziliense.com.br\/aricunha\/wp-content\/uploads\/sites\/13\/2018\/04\/1-1-230x173.jpg 230w\" sizes=\"auto, (max-width: 1024px) 100vw, 1024px\" \/><\/p>\n<p style=\"text-align: justify\"><img loading=\"lazy\" decoding=\"async\" class=\"size-full wp-image-10725 aligncenter\" src=\"https:\/\/blogs.correiobraziliense.com.br\/aricunha\/wp-content\/uploads\/sites\/13\/2018\/04\/2-1-1.jpg\" alt=\"2 (1) (1)\" width=\"1024\" height=\"768\" srcset=\"https:\/\/blogs.correiobraziliense.com.br\/aricunha\/wp-content\/uploads\/sites\/13\/2018\/04\/2-1-1.jpg 1024w, https:\/\/blogs.correiobraziliense.com.br\/aricunha\/wp-content\/uploads\/sites\/13\/2018\/04\/2-1-1-300x225.jpg 300w, https:\/\/blogs.correiobraziliense.com.br\/aricunha\/wp-content\/uploads\/sites\/13\/2018\/04\/2-1-1-768x576.jpg 768w, https:\/\/blogs.correiobraziliense.com.br\/aricunha\/wp-content\/uploads\/sites\/13\/2018\/04\/2-1-1-350x263.jpg 350w, https:\/\/blogs.correiobraziliense.com.br\/aricunha\/wp-content\/uploads\/sites\/13\/2018\/04\/2-1-1-550x413.jpg 550w, https:\/\/blogs.correiobraziliense.com.br\/aricunha\/wp-content\/uploads\/sites\/13\/2018\/04\/2-1-1-230x173.jpg 230w\" sizes=\"auto, (max-width: 1024px) 100vw, 1024px\" \/><\/p>\n<p style=\"text-align: justify\"><img loading=\"lazy\" decoding=\"async\" class=\"size-full wp-image-10726 aligncenter\" src=\"https:\/\/blogs.correiobraziliense.com.br\/aricunha\/wp-content\/uploads\/sites\/13\/2018\/04\/3-1-1.jpg\" alt=\"3 (1)\" width=\"1024\" height=\"768\" srcset=\"https:\/\/blogs.correiobraziliense.com.br\/aricunha\/wp-content\/uploads\/sites\/13\/2018\/04\/3-1-1.jpg 1024w, https:\/\/blogs.correiobraziliense.com.br\/aricunha\/wp-content\/uploads\/sites\/13\/2018\/04\/3-1-1-300x225.jpg 300w, https:\/\/blogs.correiobraziliense.com.br\/aricunha\/wp-content\/uploads\/sites\/13\/2018\/04\/3-1-1-768x576.jpg 768w, https:\/\/blogs.correiobraziliense.com.br\/aricunha\/wp-content\/uploads\/sites\/13\/2018\/04\/3-1-1-350x263.jpg 350w, https:\/\/blogs.correiobraziliense.com.br\/aricunha\/wp-content\/uploads\/sites\/13\/2018\/04\/3-1-1-550x413.jpg 550w, https:\/\/blogs.correiobraziliense.com.br\/aricunha\/wp-content\/uploads\/sites\/13\/2018\/04\/3-1-1-230x173.jpg 230w\" sizes=\"auto, (max-width: 1024px) 100vw, 1024px\" \/><\/p>\n<p style=\"text-align: justify\"><strong>Sem gra\u00e7a<\/strong><\/p>\n<p style=\"text-align: justify\">S\u00f3 pode ser provoca\u00e7\u00e3o. A Caesb chega a todas as invas\u00f5es para instalar \u00e1gua, n\u00e3o cuida dos mananciais, oferece \u00e1gua com barro ou com cloro, a \u00e1gua acaba, interrompe o fornecimento fugindo da obriga\u00e7\u00e3o, d\u00e1 a estiagem como justificativa, pede a popula\u00e7\u00e3o que contribua usando a \u00e1gua com parcim\u00f4nia, oferece \u00e1gua podre para os moradores do Parano\u00e1 e Itapu\u00e3 e, quando chove, anuncia o aumento na conta d\u2019\u00e1gua porque houve consumo menor durante a estiagem. Algu\u00e9m pode explicar essa palha\u00e7ada?<\/p>\n<p style=\"text-align: justify\"><strong>W3<\/strong><\/p>\n<p style=\"text-align: justify\">E a falta de aten\u00e7\u00e3o continua: picha\u00e7\u00f5es, marquises sem conserva\u00e7\u00e3o, buracos nas cal\u00e7adas, desn\u00edveis constantes oferecendo perigo aos pedestres. Bras\u00edlia j\u00e1 tem p\u00fablico para aproveitar esse espa\u00e7o revitalizado. Nem o concurso feito anos atr\u00e1s conseguiu dar jeito na W3.<\/p>\n<p style=\"text-align: justify\"><strong>Detran<\/strong><\/p>\n<p style=\"text-align: justify\">Pr\u00f3ximo ao Col\u00e9gio Dom Bosco, ao redor dos shoppings, no setor comercial sul e norte, vagas s\u00e3o criadas pelos motoristas, transformando pistas duplas em \u00fanica. Um prato cheio para as multas.<\/p>\n<p style=\"text-align: justify\"><strong>Desse jeito<\/strong><\/p>\n<p style=\"text-align: justify\">Acad\u00eamico devidamente identificado pela coluna estava com dois professores, p\u00f3s doutores em Transporte. O trio iniciou uma s\u00e9rie de visitas em grandes empresas de transporte urbano. A inten\u00e7\u00e3o era ofertar uma consultoria para otimiza\u00e7\u00e3o de fluxos e rotas, tempos e movimentos, tal como \u00e9 feito nos EUA e na Europa. Inicialmente, a empresa n\u00e3o teria nenhum tipo de desembolso e uma vez que o estudo fosse realizado seria cobrado apenas um percentual da economia gerada.<\/p>\n<p style=\"text-align: justify\">\u00a0<strong>O Brasil<\/strong><\/p>\n<p style=\"text-align: justify\">Para surpresa dos decanos, nenhuma das empresas visitadas se interessou pelo tema. Conversa vai, conversa vem, um empres\u00e1rio soltou essa: \u201ca preocupa\u00e7\u00e3o com o custo n\u00e3o chega nesse n\u00edvel n\u00e3o&#8230; \u00e9 mais f\u00e1cil aumentar a tarifa.\u201d<\/p>\n<p style=\"text-align: justify\"><strong>HIST\u00d3RIA DE BRAS\u00cdLIA<\/strong><\/p>\n<p style=\"text-align: justify\">Um dos primeiros atos do ministro da Justi\u00e7a, foi recomendar moralidade, no uso dos carros oficiais. \u00c9 que mesmo com a proibi\u00e7\u00e3o por parte do Chefe da Casa Militar, ainda tem havido abuso na utiliza\u00e7\u00e3o dos pr\u00f3prios do governo. <strong>(Publicado em 19.10.1961)<\/strong><\/p>\n","protected":false},"excerpt":{"rendered":"<p>ARI CUNHA Visto, lido e ouvido Desde 1960 com Circe Cunha e Mamfil colunadoaricunha@gmail.com; \u00a0 \u00a0 \u00a0 \u00a0 \u00a0 Imposto, que as gram\u00e1ticas definem como sendo o partic\u00edpio passado do verbo impor, nunca em tempo algum e em nenhum lugar do planeta, foi aceito de bom grado e entendido como minimamente razo\u00e1vel por quem quer que seja. N\u00e3o \u00e9 por [&hellip;]<\/p>\n","protected":false},"author":34,"featured_media":10718,"comment_status":"open","ping_status":"open","sticky":false,"template":"","format":"standard","meta":{"footnotes":""},"categories":[23],"tags":[67],"class_list":["post-10714","post","type-post","status-publish","format-standard","has-post-thumbnail","hentry","category-integra","tag-brasilia-historiadebrasilia-aricunha-circecunha-mamfil"],"_links":{"self":[{"href":"https:\/\/blogs.correiobraziliense.com.br\/aricunha\/wp-json\/wp\/v2\/posts\/10714","targetHints":{"allow":["GET"]}}],"collection":[{"href":"https:\/\/blogs.correiobraziliense.com.br\/aricunha\/wp-json\/wp\/v2\/posts"}],"about":[{"href":"https:\/\/blogs.correiobraziliense.com.br\/aricunha\/wp-json\/wp\/v2\/types\/post"}],"author":[{"embeddable":true,"href":"https:\/\/blogs.correiobraziliense.com.br\/aricunha\/wp-json\/wp\/v2\/users\/34"}],"replies":[{"embeddable":true,"href":"https:\/\/blogs.correiobraziliense.com.br\/aricunha\/wp-json\/wp\/v2\/comments?post=10714"}],"version-history":[{"count":7,"href":"https:\/\/blogs.correiobraziliense.com.br\/aricunha\/wp-json\/wp\/v2\/posts\/10714\/revisions"}],"predecessor-version":[{"id":10727,"href":"https:\/\/blogs.correiobraziliense.com.br\/aricunha\/wp-json\/wp\/v2\/posts\/10714\/revisions\/10727"}],"wp:featuredmedia":[{"embeddable":true,"href":"https:\/\/blogs.correiobraziliense.com.br\/aricunha\/wp-json\/wp\/v2\/media\/10718"}],"wp:attachment":[{"href":"https:\/\/blogs.correiobraziliense.com.br\/aricunha\/wp-json\/wp\/v2\/media?parent=10714"}],"wp:term":[{"taxonomy":"category","embeddable":true,"href":"https:\/\/blogs.correiobraziliense.com.br\/aricunha\/wp-json\/wp\/v2\/categories?post=10714"},{"taxonomy":"post_tag","embeddable":true,"href":"https:\/\/blogs.correiobraziliense.com.br\/aricunha\/wp-json\/wp\/v2\/tags?post=10714"}],"curies":[{"name":"wp","href":"https:\/\/api.w.org\/{rel}","templated":true}]}}