{"id":10699,"date":"2018-04-28T21:00:32","date_gmt":"2018-04-29T00:00:32","guid":{"rendered":"https:\/\/blogs.correiobraziliense.com.br\/aricunha\/?p=10699"},"modified":"2018-04-27T15:38:45","modified_gmt":"2018-04-27T18:38:45","slug":"licoes-das-eleicoes","status":"publish","type":"post","link":"https:\/\/blogs.correiobraziliense.com.br\/aricunha\/licoes-das-eleicoes\/","title":{"rendered":"Li\u00e7\u00f5es das elei\u00e7\u00f5es"},"content":{"rendered":"<p style=\"text-align: justify\">ARI CUNHA<\/p>\n<p style=\"text-align: justify\">Visto, lido e ouvido<\/p>\n<p style=\"text-align: justify\">Desde 1960<\/p>\n<p style=\"text-align: justify\">com Circe Cunha e Mamfil<\/p>\n<p style=\"text-align: justify\">colunadoaricunha@gmail.com;<\/p>\n<figure id=\"attachment_10711\" aria-describedby=\"caption-attachment-10711\" style=\"width: 1600px\" class=\"wp-caption aligncenter\"><img loading=\"lazy\" decoding=\"async\" class=\"size-full wp-image-10711\" src=\"https:\/\/blogs.correiobraziliense.com.br\/aricunha\/wp-content\/uploads\/sites\/13\/2018\/04\/Charge-18-maio-2017.jpg\" alt=\"Charge: blogdapoliticabrasileira.com.br\" width=\"1600\" height=\"1080\" srcset=\"https:\/\/blogs.correiobraziliense.com.br\/aricunha\/wp-content\/uploads\/sites\/13\/2018\/04\/Charge-18-maio-2017.jpg 1600w, https:\/\/blogs.correiobraziliense.com.br\/aricunha\/wp-content\/uploads\/sites\/13\/2018\/04\/Charge-18-maio-2017-300x203.jpg 300w, https:\/\/blogs.correiobraziliense.com.br\/aricunha\/wp-content\/uploads\/sites\/13\/2018\/04\/Charge-18-maio-2017-768x518.jpg 768w, https:\/\/blogs.correiobraziliense.com.br\/aricunha\/wp-content\/uploads\/sites\/13\/2018\/04\/Charge-18-maio-2017-1024x691.jpg 1024w, https:\/\/blogs.correiobraziliense.com.br\/aricunha\/wp-content\/uploads\/sites\/13\/2018\/04\/Charge-18-maio-2017-350x236.jpg 350w, https:\/\/blogs.correiobraziliense.com.br\/aricunha\/wp-content\/uploads\/sites\/13\/2018\/04\/Charge-18-maio-2017-1440x972.jpg 1440w, https:\/\/blogs.correiobraziliense.com.br\/aricunha\/wp-content\/uploads\/sites\/13\/2018\/04\/Charge-18-maio-2017-550x371.jpg 550w, https:\/\/blogs.correiobraziliense.com.br\/aricunha\/wp-content\/uploads\/sites\/13\/2018\/04\/Charge-18-maio-2017-230x155.jpg 230w\" sizes=\"auto, (max-width: 1600px) 100vw, 1600px\" \/><figcaption id=\"caption-attachment-10711\" class=\"wp-caption-text\">Charge: blogdapoliticabrasileira.com.br<\/figcaption><\/figure>\n<p style=\"text-align: justify\">\u00a0 \u00a0 \u00a0 \u00a0 Em 2013, o Supremo Tribunal Federal j\u00e1 havia decidido que a impress\u00e3o do voto, previsto pela lei n\u00ba 12.034\/09, violava o princ\u00edpio do sigilo das vota\u00e7\u00f5es. Por sua vez, os que se posicionam a favor da impress\u00e3o do voto impresso afirmam que esse seria o \u00fanico meio capaz de proporcionar a recontagem em caso de contesta\u00e7\u00e3o. Para essa turma, a impress\u00e3o asseguraria n\u00e3o s\u00f3 o registro, mas conferiria maior transpar\u00eancia ao pleito.<\/p>\n<p style=\"text-align: justify\">\u00a0 \u00a0 \u00a0 Para os entendidos nesse assunto, nosso modelo n\u00e3o \u00e9 utilizado em nenhum outro pa\u00eds do globo justamente porque usa uma tecnologia ultrapassada, conhecida como Direct Recording Eletronic Voting Machine (DRE), onde os votos ficam registrados apenas em meios eletr\u00f4nicos, o que pode favorecer fraudes internas. \u201cSe agentes internos se corromperem e alterarem o software da urna, \u00e9 poss\u00edvel fraudar a elei\u00e7\u00e3o do Oiapoque ao Chu\u00ed, de vereador a presidente da Rep\u00fablica, e n\u00e3o h\u00e1 qualquer meio de recontagem que permita recuperar a real vontade do eleitor ou fazer uma auditoria independente\u201d, afirmam.<\/p>\n<p style=\"text-align: justify\">\u00a0 \u00a0 \u00a0 A partir das revela\u00e7\u00f5es de Edward Snoden acerca dos esquemas de espionagem cometidos pela Ag\u00eancia de Seguran\u00e7a dos Estados Unidos e suas repercuss\u00f5es pelo mundo, aumentaram as suspeitas sobre a lisura e a inviolabilidade do pleito estritamente eletr\u00f4nico. Nada, no mundo digital, tem 100% de seguran\u00e7a contra invas\u00e3o externa ou interna.<\/p>\n<p style=\"text-align: justify\">\u00a0 \u00a0 \u00a0 \u00a0A mesma capacidade humana que possibilita a cria\u00e7\u00e3o de infinitas chaves de seguran\u00e7a nos sistemas pode ser usada para abri-las uma a uma. Com a aproxima\u00e7\u00e3o das elei\u00e7\u00f5es de 2018, aumentam as discuss\u00f5es e suspeitas sobre o processo de vota\u00e7\u00e3o eletr\u00f4nica e sobre as possibilidades de fraudes no sistema. Por enquanto, toda essa pol\u00eamica reside apenas no mundo das possibilidades, n\u00e3o havendo, at\u00e9 o momento, provas de que as elei\u00e7\u00f5es foram de fato fraudadas em decorr\u00eancia de a\u00e7\u00e3o de hackers ou outros grupos interessados em alterar os resultados. N\u00e3o obstante, e diante das infinitas possibilidades de que isso venha a acontecer, todo cuidado \u00e9 pouco. Se por um lado a Constitui\u00e7\u00e3o garante o sigilo do voto, no pre\u00e2mbulo da Carta Magna os pol\u00edticos que temos tido a oportunidade de conhecer melhor, se dizem representantes do povo brasileiro. O voto fraudado n\u00e3o resulta na legitimidade da representa\u00e7\u00e3o.<\/p>\n<figure id=\"attachment_10710\" aria-describedby=\"caption-attachment-10710\" style=\"width: 333px\" class=\"wp-caption alignleft\"><img loading=\"lazy\" decoding=\"async\" class=\" wp-image-10710\" src=\"https:\/\/blogs.correiobraziliense.com.br\/aricunha\/wp-content\/uploads\/sites\/13\/2018\/04\/eleicoes.jpg\" alt=\"Imagem: blogdapoliticabrasileira.com.br\" width=\"333\" height=\"222\" srcset=\"https:\/\/blogs.correiobraziliense.com.br\/aricunha\/wp-content\/uploads\/sites\/13\/2018\/04\/eleicoes.jpg 600w, https:\/\/blogs.correiobraziliense.com.br\/aricunha\/wp-content\/uploads\/sites\/13\/2018\/04\/eleicoes-300x200.jpg 300w, https:\/\/blogs.correiobraziliense.com.br\/aricunha\/wp-content\/uploads\/sites\/13\/2018\/04\/eleicoes-350x233.jpg 350w, https:\/\/blogs.correiobraziliense.com.br\/aricunha\/wp-content\/uploads\/sites\/13\/2018\/04\/eleicoes-550x367.jpg 550w, https:\/\/blogs.correiobraziliense.com.br\/aricunha\/wp-content\/uploads\/sites\/13\/2018\/04\/eleicoes-230x153.jpg 230w\" sizes=\"auto, (max-width: 333px) 100vw, 333px\" \/><figcaption id=\"caption-attachment-10710\" class=\"wp-caption-text\">Imagem: blogdapoliticabrasileira.com.br<\/figcaption><\/figure>\n<p style=\"text-align: justify\">\u00a0 \u00a0 \u00a0 \u00a0Se essa situa\u00e7\u00e3o ainda n\u00e3o est\u00e1 devidamente esclarecida, o melhor \u00e9 ficar de olho naqueles processos eleitorais em que, por diversas vezes, se verificou a ocorr\u00eancia de casos de corrup\u00e7\u00e3o, como \u00e9 o caso do caixa dois oriundo de financiamentos escusos de campanha, na presta\u00e7\u00e3o fraudulenta de contas de campanha e outros mecanismos malandros onde o dinheiro sujo \u00e9 sempre o protagonista principal.<\/p>\n<p style=\"text-align: justify\">\u00a0 \u00a0 \u00a0 O n\u00edvel de polariza\u00e7\u00e3o que se anuncia entre os diversos candidatos, com a condena\u00e7\u00e3o e pris\u00e3o de muitos personagens, dos dois lados, que reinaram no mundo da pol\u00edtica nacional nos \u00faltimos anos, com os antagonismos que se espalham aos quatro cantos do pa\u00eds entre esquerda e direita, bem como a intromiss\u00e3o massiva dos meios de comunica\u00e7\u00e3o instant\u00e2neos, d\u00e3o o tom das elei\u00e7\u00f5es que se avizinham.<\/p>\n<p style=\"text-align: justify\">\u00a0 \u00a0 \u00a0 \u00a0 \u00a0O que se anuncia \u00e9 que seja qual o lado que saia vencedor nas urnas de 2018, haver\u00e1 contesta\u00e7\u00f5es ao sistema e pesadas acusa\u00e7\u00f5es de parte a parte. Importante nesse processo todo seria a justi\u00e7a providenciar uma esp\u00e9cie de mutir\u00e3o para o julgamento c\u00e9lere daqueles candidatos que colecionam processos nos tribunais e que por conta da famigerada prerrogativa de foro, t\u00eam escapado, elei\u00e7\u00e3o ap\u00f3s elei\u00e7\u00e3o, de prestar contas de seus malfeitos.<\/p>\n<p style=\"text-align: justify\">\u00a0 \u00a0 \u00a0 \u00a0Para esses, deveria existir, ao menos, um impedimento legal para que participassem do pr\u00f3ximo pleito. Nesse caso, caberia \u00e0 justi\u00e7a eleitoral, que tantos an\u00fancios veicula nos meios de comunica\u00e7\u00e3o diariamente, alertar os eleitores para que n\u00e3o votem, em hip\u00f3tese alguma, em candidatos ficha suja e nos seus prepostos, sob pena de se perpetuar a crise \u00e9tica na pol\u00edtica que tanto mal tem causado ao pa\u00eds e a seus habitantes.<\/p>\n<p style=\"text-align: justify\"><strong>Crise<\/strong><\/p>\n<p style=\"text-align: justify\">Por incr\u00edvel que possa parecer, a Ag\u00eancia Nacional de \u00c1guas n\u00e3o possui, no quadro t\u00e9cnico, um hidr\u00f3logo. A informa\u00e7\u00e3o veio \u00e0 tona durante a reuni\u00e3o no Senado que arguia Christianne Dias Ferreira.<\/p>\n<figure id=\"attachment_10706\" aria-describedby=\"caption-attachment-10706\" style=\"width: 578px\" class=\"wp-caption aligncenter\"><img loading=\"lazy\" decoding=\"async\" class=\" wp-image-10706\" src=\"https:\/\/blogs.correiobraziliense.com.br\/aricunha\/wp-content\/uploads\/sites\/13\/2018\/04\/736c68bc70310e9f.jpg\" alt=\"Foto: pt.nextews.com\" width=\"578\" height=\"374\" srcset=\"https:\/\/blogs.correiobraziliense.com.br\/aricunha\/wp-content\/uploads\/sites\/13\/2018\/04\/736c68bc70310e9f.jpg 540w, https:\/\/blogs.correiobraziliense.com.br\/aricunha\/wp-content\/uploads\/sites\/13\/2018\/04\/736c68bc70310e9f-300x194.jpg 300w, https:\/\/blogs.correiobraziliense.com.br\/aricunha\/wp-content\/uploads\/sites\/13\/2018\/04\/736c68bc70310e9f-350x227.jpg 350w, https:\/\/blogs.correiobraziliense.com.br\/aricunha\/wp-content\/uploads\/sites\/13\/2018\/04\/736c68bc70310e9f-230x149.jpg 230w\" sizes=\"auto, (max-width: 578px) 100vw, 578px\" \/><figcaption id=\"caption-attachment-10706\" class=\"wp-caption-text\">Foto: pt.nextews.com<\/figcaption><\/figure>\n<p style=\"text-align: justify\"><strong>Convite<\/strong><\/p>\n<p style=\"text-align: justify\">Dia 5 de maio ser\u00e1 o lan\u00e7amento do terceiro livro a respeito de administra\u00e7\u00e3o de condom\u00ednios, desta vez &#8220;O condom\u00ednio &amp; voc\u00ea&#8221;, assinado por Orandyr Luz, especialista em Gest\u00e3o Condominial. Na livraria Cultura do Casa Park Shopping.<\/p>\n<p style=\"text-align: justify\"><img loading=\"lazy\" decoding=\"async\" class=\"size-full wp-image-10704 aligncenter\" src=\"https:\/\/blogs.correiobraziliense.com.br\/aricunha\/wp-content\/uploads\/sites\/13\/2018\/04\/1524831542703blob-1-1-1-1-1-1.png\" alt=\"\" width=\"567\" height=\"567\" srcset=\"https:\/\/blogs.correiobraziliense.com.br\/aricunha\/wp-content\/uploads\/sites\/13\/2018\/04\/1524831542703blob-1-1-1-1-1-1.png 567w, https:\/\/blogs.correiobraziliense.com.br\/aricunha\/wp-content\/uploads\/sites\/13\/2018\/04\/1524831542703blob-1-1-1-1-1-1-150x150.png 150w, https:\/\/blogs.correiobraziliense.com.br\/aricunha\/wp-content\/uploads\/sites\/13\/2018\/04\/1524831542703blob-1-1-1-1-1-1-300x300.png 300w, https:\/\/blogs.correiobraziliense.com.br\/aricunha\/wp-content\/uploads\/sites\/13\/2018\/04\/1524831542703blob-1-1-1-1-1-1-350x350.png 350w, https:\/\/blogs.correiobraziliense.com.br\/aricunha\/wp-content\/uploads\/sites\/13\/2018\/04\/1524831542703blob-1-1-1-1-1-1-550x550.png 550w, https:\/\/blogs.correiobraziliense.com.br\/aricunha\/wp-content\/uploads\/sites\/13\/2018\/04\/1524831542703blob-1-1-1-1-1-1-230x230.png 230w\" sizes=\"auto, (max-width: 567px) 100vw, 567px\" \/><\/p>\n<p style=\"text-align: justify\"><strong>Interessante<\/strong><\/p>\n<p style=\"text-align: justify\">Pouco divulgadas as modalidades de poupan\u00e7a no Banco do Brasil. Algumas delas s\u00e3o a Nova Poupan\u00e7a Poupex 96 e a Nova Poupan\u00e7a Poupex Sal\u00e1rio 97 \u2013 Na Poupex, os recursos captados s\u00e3o destinados \u00e0 financiamentos imobili\u00e1rios e administrados pela Associa\u00e7\u00e3o do Ex\u00e9rcito.<\/p>\n<figure id=\"attachment_10708\" aria-describedby=\"caption-attachment-10708\" style=\"width: 559px\" class=\"wp-caption aligncenter\"><img loading=\"lazy\" decoding=\"async\" class=\" wp-image-10708\" src=\"https:\/\/blogs.correiobraziliense.com.br\/aricunha\/wp-content\/uploads\/sites\/13\/2018\/04\/3-5-12-pelicano-Bom-Dia-sp-SP.jpg\" alt=\"Charge: aindaespantado.blogspot.com.br\" width=\"559\" height=\"412\" srcset=\"https:\/\/blogs.correiobraziliense.com.br\/aricunha\/wp-content\/uploads\/sites\/13\/2018\/04\/3-5-12-pelicano-Bom-Dia-sp-SP.jpg 407w, https:\/\/blogs.correiobraziliense.com.br\/aricunha\/wp-content\/uploads\/sites\/13\/2018\/04\/3-5-12-pelicano-Bom-Dia-sp-SP-300x221.jpg 300w, https:\/\/blogs.correiobraziliense.com.br\/aricunha\/wp-content\/uploads\/sites\/13\/2018\/04\/3-5-12-pelicano-Bom-Dia-sp-SP-350x258.jpg 350w, https:\/\/blogs.correiobraziliense.com.br\/aricunha\/wp-content\/uploads\/sites\/13\/2018\/04\/3-5-12-pelicano-Bom-Dia-sp-SP-230x170.jpg 230w\" sizes=\"auto, (max-width: 559px) 100vw, 559px\" \/><figcaption id=\"caption-attachment-10708\" class=\"wp-caption-text\">Charge: aindaespantado.blogspot.com.br<\/figcaption><\/figure>\n<p style=\"text-align: justify\"><strong>HIST\u00d3RIA DE BRAS\u00cdLIA<\/strong><\/p>\n<p style=\"text-align: justify\">Uma boa substitui\u00e7\u00e3o foi a do embaixador Briggs, pelo sr. Ant\u00f4nio Fonseca Pimentel, na dire\u00e7\u00e3o geral do Dasp. Funcion\u00e1rio cumpridor dos seus deveres, conhecedor de sua reparti\u00e7\u00e3o, o dr. Pimentel pode fazer uma excelente administra\u00e7\u00e3o. <strong>(Publicado em 19.10.1961)<\/strong><\/p>\n","protected":false},"excerpt":{"rendered":"<p>ARI CUNHA Visto, lido e ouvido Desde 1960 com Circe Cunha e Mamfil colunadoaricunha@gmail.com; \u00a0 \u00a0 \u00a0 \u00a0 Em 2013, o Supremo Tribunal Federal j\u00e1 havia decidido que a impress\u00e3o do voto, previsto pela lei n\u00ba 12.034\/09, violava o princ\u00edpio do sigilo das vota\u00e7\u00f5es. Por sua vez, os que se posicionam a favor da impress\u00e3o do voto impresso afirmam que [&hellip;]<\/p>\n","protected":false},"author":34,"featured_media":10711,"comment_status":"open","ping_status":"open","sticky":false,"template":"","format":"standard","meta":{"footnotes":""},"categories":[23],"tags":[67],"class_list":["post-10699","post","type-post","status-publish","format-standard","has-post-thumbnail","hentry","category-integra","tag-brasilia-historiadebrasilia-aricunha-circecunha-mamfil"],"_links":{"self":[{"href":"https:\/\/blogs.correiobraziliense.com.br\/aricunha\/wp-json\/wp\/v2\/posts\/10699","targetHints":{"allow":["GET"]}}],"collection":[{"href":"https:\/\/blogs.correiobraziliense.com.br\/aricunha\/wp-json\/wp\/v2\/posts"}],"about":[{"href":"https:\/\/blogs.correiobraziliense.com.br\/aricunha\/wp-json\/wp\/v2\/types\/post"}],"author":[{"embeddable":true,"href":"https:\/\/blogs.correiobraziliense.com.br\/aricunha\/wp-json\/wp\/v2\/users\/34"}],"replies":[{"embeddable":true,"href":"https:\/\/blogs.correiobraziliense.com.br\/aricunha\/wp-json\/wp\/v2\/comments?post=10699"}],"version-history":[{"count":7,"href":"https:\/\/blogs.correiobraziliense.com.br\/aricunha\/wp-json\/wp\/v2\/posts\/10699\/revisions"}],"predecessor-version":[{"id":10712,"href":"https:\/\/blogs.correiobraziliense.com.br\/aricunha\/wp-json\/wp\/v2\/posts\/10699\/revisions\/10712"}],"wp:featuredmedia":[{"embeddable":true,"href":"https:\/\/blogs.correiobraziliense.com.br\/aricunha\/wp-json\/wp\/v2\/media\/10711"}],"wp:attachment":[{"href":"https:\/\/blogs.correiobraziliense.com.br\/aricunha\/wp-json\/wp\/v2\/media?parent=10699"}],"wp:term":[{"taxonomy":"category","embeddable":true,"href":"https:\/\/blogs.correiobraziliense.com.br\/aricunha\/wp-json\/wp\/v2\/categories?post=10699"},{"taxonomy":"post_tag","embeddable":true,"href":"https:\/\/blogs.correiobraziliense.com.br\/aricunha\/wp-json\/wp\/v2\/tags?post=10699"}],"curies":[{"name":"wp","href":"https:\/\/api.w.org\/{rel}","templated":true}]}}