{"id":10691,"date":"2018-04-27T15:02:44","date_gmt":"2018-04-27T18:02:44","guid":{"rendered":"https:\/\/blogs.correiobraziliense.com.br\/aricunha\/?p=10691"},"modified":"2018-04-27T15:02:44","modified_gmt":"2018-04-27T18:02:44","slug":"voto-eletronico-no-pais-do-cabresto","status":"publish","type":"post","link":"https:\/\/blogs.correiobraziliense.com.br\/aricunha\/voto-eletronico-no-pais-do-cabresto\/","title":{"rendered":"Voto eletr\u00f4nico no pa\u00eds do cabresto"},"content":{"rendered":"<p style=\"text-align: justify\">ARI CUNHA<\/p>\n<p style=\"text-align: justify\">Visto, lido e ouvido<\/p>\n<p style=\"text-align: justify\">Desde 1960<\/p>\n<p style=\"text-align: justify\">com Circe Cunha e Mamfil<\/p>\n<p style=\"text-align: justify\">colunadoaricunha@gmail.com;<\/p>\n<figure id=\"attachment_10693\" aria-describedby=\"caption-attachment-10693\" style=\"width: 821px\" class=\"wp-caption aligncenter\"><img loading=\"lazy\" decoding=\"async\" class=\" wp-image-10693\" src=\"https:\/\/blogs.correiobraziliense.com.br\/aricunha\/wp-content\/uploads\/sites\/13\/2018\/04\/Urna-Eletronica-Ratos2.jpg\" alt=\"Charge: blogandofrancamente.blogspot.com.br\" width=\"821\" height=\"616\" srcset=\"https:\/\/blogs.correiobraziliense.com.br\/aricunha\/wp-content\/uploads\/sites\/13\/2018\/04\/Urna-Eletronica-Ratos2.jpg 640w, https:\/\/blogs.correiobraziliense.com.br\/aricunha\/wp-content\/uploads\/sites\/13\/2018\/04\/Urna-Eletronica-Ratos2-300x225.jpg 300w, https:\/\/blogs.correiobraziliense.com.br\/aricunha\/wp-content\/uploads\/sites\/13\/2018\/04\/Urna-Eletronica-Ratos2-350x263.jpg 350w, https:\/\/blogs.correiobraziliense.com.br\/aricunha\/wp-content\/uploads\/sites\/13\/2018\/04\/Urna-Eletronica-Ratos2-550x413.jpg 550w, https:\/\/blogs.correiobraziliense.com.br\/aricunha\/wp-content\/uploads\/sites\/13\/2018\/04\/Urna-Eletronica-Ratos2-230x173.jpg 230w\" sizes=\"auto, (max-width: 821px) 100vw, 821px\" \/><figcaption id=\"caption-attachment-10693\" class=\"wp-caption-text\">Charge: blogandofrancamente.blogspot.com.br<\/figcaption><\/figure>\n<p style=\"text-align: justify\">\u00a0\u00a0\u00a0\u00a0\u00a0\u00a0\u00a0\u00a0 Desde que o Brasil adotou o sistema de urnas eletr\u00f4nicas em 1996, para agilizar o processo eleitoral, nunca houve de fato uma unanimidade quanto a lisura desse modelo digital. A raz\u00e3o, dizem os cr\u00edticos do sistema, \u00e9 que todo e qualquer modo eletr\u00f4nico possui portas que podem ser acessadas \u00e0 explora\u00e7\u00e3o por hackers, que, em tese, poderiam manipular os resultados.<\/p>\n<p style=\"text-align: justify\">\u00a0 \u00a0 \u00a0 \u00a0 \u00a0 \u00a0Depois de ser convidado pelo Tribunal Superior Eleitoral (TSE) para participar de testes de vulnerabilidade das urnas eletr\u00f4nicas em 2017, o pesquisador de seguran\u00e7a computacional e criptografia da Universidade de Campinas, Diego Aranha, chegou \u00e0 conclus\u00e3o de que o sistema \u00e9 falho. Naquela ocasi\u00e3o, sua equipe conseguiu injetar programas estranhos, alterando o software de vota\u00e7\u00e3o, o que, na pr\u00e1tica permitiria \u00e0 um invasor introduzir no sistema, programas diversos, alterando o resultado das urnas.<\/p>\n<figure id=\"attachment_10694\" aria-describedby=\"caption-attachment-10694\" style=\"width: 332px\" class=\"wp-caption alignleft\"><img loading=\"lazy\" decoding=\"async\" class=\" wp-image-10694\" src=\"https:\/\/blogs.correiobraziliense.com.br\/aricunha\/wp-content\/uploads\/sites\/13\/2018\/04\/fraude.jpg\" alt=\"Charge: jusarena.wordpress.com\" width=\"332\" height=\"197\" srcset=\"https:\/\/blogs.correiobraziliense.com.br\/aricunha\/wp-content\/uploads\/sites\/13\/2018\/04\/fraude.jpg 400w, https:\/\/blogs.correiobraziliense.com.br\/aricunha\/wp-content\/uploads\/sites\/13\/2018\/04\/fraude-300x178.jpg 300w, https:\/\/blogs.correiobraziliense.com.br\/aricunha\/wp-content\/uploads\/sites\/13\/2018\/04\/fraude-350x207.jpg 350w, https:\/\/blogs.correiobraziliense.com.br\/aricunha\/wp-content\/uploads\/sites\/13\/2018\/04\/fraude-230x136.jpg 230w\" sizes=\"auto, (max-width: 332px) 100vw, 332px\" \/><figcaption id=\"caption-attachment-10694\" class=\"wp-caption-text\">Charge: jusarena.wordpress.com<\/figcaption><\/figure>\n<p style=\"text-align: justify\">\u00a0 \u00a0 \u00a0 \u00a0 \u00a0Que a invas\u00e3o ao sistema \u00e9 um dado realmente poss\u00edvel, muita gente concorda. Na realidade, nada est\u00e1 fora do alcance de hackers. J\u00e1 dizia o fil\u00f3sofo de Mondubim. Se uma porta tem fechadura ela pode ser aberta.<\/p>\n<p style=\"text-align: justify\">\u00a0 \u00a0 \u00a0 \u00a0Volta e meia, a pr\u00f3pria imprensa noticia que os avan\u00e7ados e complexos sistemas eletr\u00f4nicos, instalados em computadores de \u00faltima gera\u00e7\u00e3o para a defesa dos Estados Unidos, s\u00e3o invadidos por hackers. Dizer, pois, que as fraudes eleitorais foram totalmente abolidas com a ado\u00e7\u00e3o do voto eletr\u00f4nico \u00e9 um exagero. Basta dizer que a Justi\u00e7a americana acusou formalmente 13 russos de interferir na elei\u00e7\u00e3o dos EUA, onde a contagem dos votos \u00e9 manual.<\/p>\n<p style=\"text-align: justify\">\u00a0 \u00a0 \u00a0 \u00a0 Como o quarto maior col\u00e9gio eleitoral do planeta, e com pleitos ocorrendo ao mesmo tempo em cidades distantes milhares de quil\u00f4metros uma das outras, as elei\u00e7\u00f5es brasileiras representam hoje um fen\u00f4meno de enormes propor\u00e7\u00f5es tanto para n\u00f3s como para o resto do mundo. Controlar um pleito eleitoral dessa magnitude, espalhado por um continente imenso, n\u00e3o \u00e9 tarefa f\u00e1cil.<\/p>\n<p style=\"text-align: justify\">\u00a0\u00a0\u00a0\u00a0\u00a0\u00a0\u00a0\u00a0 Essa quest\u00e3o de desconfian\u00e7a na veracidade das elei\u00e7\u00f5es, proporcionadas com a ado\u00e7\u00e3o das urnas eletr\u00f4nicas, ganhou maiores repercuss\u00f5es, com trocas de acusa\u00e7\u00f5es entre defensores e detratores do modelo, a partir das elei\u00e7\u00f5es de 2014, quando o tucano A\u00e9cio Neves perdeu as elei\u00e7\u00f5es para Dilma Rousseff por uma pequena margem de votos. De fato, qualquer candidato que acenda a chama da discuss\u00e3o sobre a violabilidade das urnas, um vento carregado de interesse escuso a apaga.<\/p>\n<figure id=\"attachment_10696\" aria-describedby=\"caption-attachment-10696\" style=\"width: 374px\" class=\"wp-caption alignright\"><img loading=\"lazy\" decoding=\"async\" class=\" wp-image-10696\" src=\"https:\/\/blogs.correiobraziliense.com.br\/aricunha\/wp-content\/uploads\/sites\/13\/2018\/04\/urna-eletronica-2.jpg\" alt=\"Charge: averdadequeamidianaomostra.blogspot.com.br\" width=\"374\" height=\"259\" srcset=\"https:\/\/blogs.correiobraziliense.com.br\/aricunha\/wp-content\/uploads\/sites\/13\/2018\/04\/urna-eletronica-2.jpg 960w, https:\/\/blogs.correiobraziliense.com.br\/aricunha\/wp-content\/uploads\/sites\/13\/2018\/04\/urna-eletronica-2-300x208.jpg 300w, https:\/\/blogs.correiobraziliense.com.br\/aricunha\/wp-content\/uploads\/sites\/13\/2018\/04\/urna-eletronica-2-768x531.jpg 768w, https:\/\/blogs.correiobraziliense.com.br\/aricunha\/wp-content\/uploads\/sites\/13\/2018\/04\/urna-eletronica-2-350x242.jpg 350w, https:\/\/blogs.correiobraziliense.com.br\/aricunha\/wp-content\/uploads\/sites\/13\/2018\/04\/urna-eletronica-2-550x380.jpg 550w, https:\/\/blogs.correiobraziliense.com.br\/aricunha\/wp-content\/uploads\/sites\/13\/2018\/04\/urna-eletronica-2-230x159.jpg 230w\" sizes=\"auto, (max-width: 374px) 100vw, 374px\" \/><figcaption id=\"caption-attachment-10696\" class=\"wp-caption-text\">Charge: averdadequeamidianaomostra.blogspot.com.br<\/figcaption><\/figure>\n<p style=\"text-align: justify\">\u00a0\u00a0\u00a0\u00a0\u00a0\u00a0\u00a0\u00a0Naquela ocasi\u00e3o, a petista ficou com 51,64% dos votos e A\u00e9cio com 48,36%. Desde o ocorrido, as discuss\u00f5es sobre a efici\u00eancia do modelo t\u00eam sido motivo para trocas de acusa\u00e7\u00e3o. Para aqueles que desconfiam dos resultados apresentados pelas urnas eletr\u00f4nicas, a \u00fanica sa\u00edda para resolver, de modo satisfat\u00f3rio esse impasse, seria com a ado\u00e7\u00e3o do voto impresso, considerado como um comprovante f\u00edsico da vota\u00e7\u00e3o ou a volta do voto manual.<\/p>\n<p style=\"text-align: justify\">\u00a0\u00a0\u00a0\u00a0\u00a0\u00a0\u00a0\u00a0 Para o TSE, a instala\u00e7\u00e3o do voto impresso em todo pa\u00eds exigiria um gasto de at\u00e9 R$ 1,8 bilh\u00e3o por elei\u00e7\u00e3o, o que representaria um gasto demasiado. Na ponta do l\u00e1pis, n\u00e3o \u00e9 tanto dinheiro assim. A democracia vale muito mais do que j\u00e1 foi decomposto pela corrup\u00e7\u00e3o. A fonte pode vir at\u00e9 do que recuperar o Minist\u00e9rio da Transpar\u00eancia e Controladoria-Geral da Uni\u00e3o depois da negocia\u00e7\u00e3o com nove empresas envolvidas em casos de corrup\u00e7\u00e3o para a devolu\u00e7\u00e3o de R$10 bilh\u00f5es desviados de recursos p\u00fablicos.<\/p>\n<p style=\"text-align: justify\">\u00a0 \u00a0 \u00a0 \u00a0Voltando ao sufr\u00e1gio, o pr\u00f3prio Congresso Nacional, pela Lei n\u00ba 13.165, reintroduziu a impress\u00e3o do voto durante a minirreforma eleitoral em 2015. No artigo 59-A dessa medida ficou disposto que \u201cNo processo de vota\u00e7\u00e3o eletr\u00f4nica, a urna imprimir\u00e1 o registro de cada voto, que ser\u00e1 depositado, de forma autom\u00e1tica e sem contato manual do eleitor, em local previamente lacrado. Par\u00e1grafo \u00fanico. O processo de vota\u00e7\u00e3o n\u00e3o ser\u00e1 conclu\u00eddo at\u00e9 que o eleitor confirme a correspond\u00eancia entre o teor de seu voto e o registro impresso e exibido pela urna eletr\u00f4nica\u201d.<\/p>\n<p style=\"text-align: justify\">\u00a0\u00a0\u00a0\u00a0\u00a0\u00a0\u00a0\u00a0 Para aqueles que s\u00e3o contr\u00e1rios a impress\u00e3o do voto, o problema principal \u00e9 quanto ao anonimato e ao sigilo que poderiam ser quebrados, caso o equipamento de impress\u00e3o viesse a apresentar defeito durante a vota\u00e7\u00e3o, exigindo a presen\u00e7a in loco de um t\u00e9cnico.<\/p>\n<figure id=\"attachment_10695\" aria-describedby=\"caption-attachment-10695\" style=\"width: 368px\" class=\"wp-caption alignleft\"><img loading=\"lazy\" decoding=\"async\" class=\" wp-image-10695\" src=\"https:\/\/blogs.correiobraziliense.com.br\/aricunha\/wp-content\/uploads\/sites\/13\/2018\/04\/Auditoria-nas-urnas-eletr\u00f4nicas.jpg\" alt=\"Charge: almirquites.blogspot.com.br\" width=\"368\" height=\"255\" srcset=\"https:\/\/blogs.correiobraziliense.com.br\/aricunha\/wp-content\/uploads\/sites\/13\/2018\/04\/Auditoria-nas-urnas-eletr\u00f4nicas.jpg 513w, https:\/\/blogs.correiobraziliense.com.br\/aricunha\/wp-content\/uploads\/sites\/13\/2018\/04\/Auditoria-nas-urnas-eletr\u00f4nicas-300x208.jpg 300w, https:\/\/blogs.correiobraziliense.com.br\/aricunha\/wp-content\/uploads\/sites\/13\/2018\/04\/Auditoria-nas-urnas-eletr\u00f4nicas-350x242.jpg 350w, https:\/\/blogs.correiobraziliense.com.br\/aricunha\/wp-content\/uploads\/sites\/13\/2018\/04\/Auditoria-nas-urnas-eletr\u00f4nicas-230x159.jpg 230w\" sizes=\"auto, (max-width: 368px) 100vw, 368px\" \/><figcaption id=\"caption-attachment-10695\" class=\"wp-caption-text\">Charge: almirquites.blogspot.com.br<\/figcaption><\/figure>\n<p style=\"text-align: justify\">\u00a0 \u00a0 \u00a0 \u00a0A Procuradoria-Geral da Rep\u00fablica tem feito seguidas argui\u00e7\u00f5es sobre a inconstitucionalidade do voto impresso, justamente por que ele favorece a quebra de um dos mais importantes mandamentos da Constitui\u00e7\u00e3o que \u00e9 a garantia do sigilo absoluto nas elei\u00e7\u00f5es, como um pressuposto para a uma democracia de qualidade. Para Raquel Dodge, \u201cAs in\u00fameras intercorr\u00eancias poss\u00edveis com a reintrodu\u00e7\u00e3o do voto impresso e a consequente quebra do sigilo constitucional do voto colocam em risco a confiabilidade do sistema eleitoral e a seguran\u00e7a jur\u00eddica. A implementa\u00e7\u00e3o da mudan\u00e7a potencializar\u00e1 falhas, causar\u00e1 transtornos ao eleitorado, aumentar\u00e1 a possibilidade de fraudes, prejudicar\u00e1 a celeridade do processo eleitoral. Elevar\u00e1, ainda, as urnas em que a vota\u00e7\u00e3o ter\u00e1 que ser exclusivamente manual\u201d.<\/p>\n<p style=\"text-align: justify\">\u00a0\u00a0\u00a0\u00a0\u00a0\u00a0\u00a0\u00a0 J\u00e1 os peritos da Pol\u00edcia Federal t\u00eam defendido o voto impresso. O presidente da Associa\u00e7\u00e3o de Peritos da Pol\u00edcia Federal, Marcos Camargo, lembrando que no \u00faltimo teste de seguran\u00e7a promovido pelo TSE, um representante dos peritos teria extra\u00eddo a chave secreta que protege as urnas eletr\u00f4nicas, enviou of\u00edcio aqueles pol\u00edticos que defendem o voto impresso sobre as possibilidades de fraudes nas urnas eletr\u00f4nicas. \u201cA exist\u00eancia de vulnerabilidades \u00e9 uma realidade sempre poss\u00edvel em qualquer equipamento eletr\u00f4nico computacional, o que tamb\u00e9m exige formas de auditoria que afastem qualquer ocorr\u00eancia de interfer\u00eancia\u201d, diz.<\/p>\n<p style=\"text-align: justify\"><strong>HIST\u00d3RIA DE BRAS\u00cdLIA<\/strong><\/p>\n<p style=\"text-align: justify\">O Conselho de Ministros, que tome precau\u00e7\u00f5es contra a insatisfa\u00e7\u00e3o popular. J\u00e1 agora, essa goza\u00e7\u00e3o da Panair com o \u201cv\u00f4o ministerial\u201d, \u00e9 para fazer qualquer um rir. <strong>(Publicado em 19.10.1961)<\/strong><\/p>\n","protected":false},"excerpt":{"rendered":"<p>ARI CUNHA Visto, lido e ouvido Desde 1960 com Circe Cunha e Mamfil colunadoaricunha@gmail.com; \u00a0\u00a0\u00a0\u00a0\u00a0\u00a0\u00a0\u00a0 Desde que o Brasil adotou o sistema de urnas eletr\u00f4nicas em 1996, para agilizar o processo eleitoral, nunca houve de fato uma unanimidade quanto a lisura desse modelo digital. A raz\u00e3o, dizem os cr\u00edticos do sistema, \u00e9 que todo e qualquer modo eletr\u00f4nico possui portas [&hellip;]<\/p>\n","protected":false},"author":34,"featured_media":10693,"comment_status":"open","ping_status":"open","sticky":false,"template":"","format":"standard","meta":{"footnotes":""},"categories":[23],"tags":[67],"class_list":["post-10691","post","type-post","status-publish","format-standard","has-post-thumbnail","hentry","category-integra","tag-brasilia-historiadebrasilia-aricunha-circecunha-mamfil"],"_links":{"self":[{"href":"https:\/\/blogs.correiobraziliense.com.br\/aricunha\/wp-json\/wp\/v2\/posts\/10691","targetHints":{"allow":["GET"]}}],"collection":[{"href":"https:\/\/blogs.correiobraziliense.com.br\/aricunha\/wp-json\/wp\/v2\/posts"}],"about":[{"href":"https:\/\/blogs.correiobraziliense.com.br\/aricunha\/wp-json\/wp\/v2\/types\/post"}],"author":[{"embeddable":true,"href":"https:\/\/blogs.correiobraziliense.com.br\/aricunha\/wp-json\/wp\/v2\/users\/34"}],"replies":[{"embeddable":true,"href":"https:\/\/blogs.correiobraziliense.com.br\/aricunha\/wp-json\/wp\/v2\/comments?post=10691"}],"version-history":[{"count":3,"href":"https:\/\/blogs.correiobraziliense.com.br\/aricunha\/wp-json\/wp\/v2\/posts\/10691\/revisions"}],"predecessor-version":[{"id":10698,"href":"https:\/\/blogs.correiobraziliense.com.br\/aricunha\/wp-json\/wp\/v2\/posts\/10691\/revisions\/10698"}],"wp:featuredmedia":[{"embeddable":true,"href":"https:\/\/blogs.correiobraziliense.com.br\/aricunha\/wp-json\/wp\/v2\/media\/10693"}],"wp:attachment":[{"href":"https:\/\/blogs.correiobraziliense.com.br\/aricunha\/wp-json\/wp\/v2\/media?parent=10691"}],"wp:term":[{"taxonomy":"category","embeddable":true,"href":"https:\/\/blogs.correiobraziliense.com.br\/aricunha\/wp-json\/wp\/v2\/categories?post=10691"},{"taxonomy":"post_tag","embeddable":true,"href":"https:\/\/blogs.correiobraziliense.com.br\/aricunha\/wp-json\/wp\/v2\/tags?post=10691"}],"curies":[{"name":"wp","href":"https:\/\/api.w.org\/{rel}","templated":true}]}}