{"id":10684,"date":"2018-04-26T17:43:14","date_gmt":"2018-04-26T20:43:14","guid":{"rendered":"https:\/\/blogs.correiobraziliense.com.br\/aricunha\/?p=10684"},"modified":"2018-04-26T17:43:14","modified_gmt":"2018-04-26T20:43:14","slug":"compliance-significa-expulsar-infratores","status":"publish","type":"post","link":"https:\/\/blogs.correiobraziliense.com.br\/aricunha\/compliance-significa-expulsar-infratores\/","title":{"rendered":"Compliance significa expulsar infratores"},"content":{"rendered":"<p style=\"text-align: justify\">ARI CUNHA<\/p>\n<p style=\"text-align: justify\">Visto, lido e ouvido<\/p>\n<p style=\"text-align: justify\">Desde 1960<\/p>\n<p style=\"text-align: justify\">com Circe Cunha e Mamfil<\/p>\n<p style=\"text-align: justify\">colunadoaricunha@gmail.com;<\/p>\n<figure id=\"attachment_10689\" aria-describedby=\"caption-attachment-10689\" style=\"width: 812px\" class=\"wp-caption aligncenter\"><img loading=\"lazy\" decoding=\"async\" class=\" wp-image-10689\" src=\"https:\/\/blogs.correiobraziliense.com.br\/aricunha\/wp-content\/uploads\/sites\/13\/2018\/04\/127969.jpg\" alt=\"Charge: assprapmrn.blogspot.com.br\" width=\"812\" height=\"541\" srcset=\"https:\/\/blogs.correiobraziliense.com.br\/aricunha\/wp-content\/uploads\/sites\/13\/2018\/04\/127969.jpg 600w, https:\/\/blogs.correiobraziliense.com.br\/aricunha\/wp-content\/uploads\/sites\/13\/2018\/04\/127969-300x200.jpg 300w, https:\/\/blogs.correiobraziliense.com.br\/aricunha\/wp-content\/uploads\/sites\/13\/2018\/04\/127969-350x233.jpg 350w, https:\/\/blogs.correiobraziliense.com.br\/aricunha\/wp-content\/uploads\/sites\/13\/2018\/04\/127969-550x367.jpg 550w, https:\/\/blogs.correiobraziliense.com.br\/aricunha\/wp-content\/uploads\/sites\/13\/2018\/04\/127969-230x153.jpg 230w\" sizes=\"auto, (max-width: 812px) 100vw, 812px\" \/><figcaption id=\"caption-attachment-10689\" class=\"wp-caption-text\">Charge: assprapmrn.blogspot.com.br<\/figcaption><\/figure>\n<p style=\"text-align: justify\">\u00a0 \u00a0 \u00a0 \u00a0 \u00a0 \u00a0Ao aprovar agora, em car\u00e1ter terminativo, na Comiss\u00e3o de Constitui\u00e7\u00e3o, Justi\u00e7a e Cidadania (CCJ) do Senado, o PLS n\u00ba60, impondo regras de Compliance para os partidos, o que o mundo pol\u00edtico, ou pelo menos parte dele, busca desesperadamente \u00e9 reverter o flagrante descr\u00e9dito dos eleitores brasileiros em rela\u00e7\u00e3o n\u00e3o s\u00f3 \u00e0s atuais legendas, mas sobretudo aos seus membros, como tem demonstrado seguidas pesquisas.<\/p>\n<p style=\"text-align: justify\">\u00a0 \u00a0 \u00a0 \u00a0 \u00a0 \u00a0Por Compliance o dicion\u00e1rio diz se tratar de \u201cum conjunto de disciplinas para fazer cumprir as normas legais e regulamentares, pol\u00edticas e as diretrizes estabelecidas para o neg\u00f3cio e para a atividade da institui\u00e7\u00e3o ou empresa, bem como evitar, detectar e tratar qualquer desvio ou inconformidade que possa ocorrer.\u201d Assim como uma empresa, os partidos pol\u00edticos devem aprender que na atual conjuntura, com a s\u00e9rie de den\u00fancias que tem pesado sobre as legendas e seus membros, na malversa\u00e7\u00e3o do dinheiro p\u00fablico, a valoriza\u00e7\u00e3o da marca, simbolizada pela sigla partid\u00e1ria, deve ser a primeira e mais importante preocupa\u00e7\u00e3o de um partido.<\/p>\n<p style=\"text-align: justify\">\u00a0\u00a0\u00a0\u00a0\u00a0\u00a0\u00a0\u00a0 Informado e inconformado com o que observa, o eleitor j\u00e1 percebe com clareza que a fidelidade a um partido depende, cada vez mais, do comportamento absolutamente \u00e9tico demonstrado por essa institui\u00e7\u00e3o e pelos seus integrantes. Nesse sentido, pol\u00edtico ficha suja equivaleria \u00e0 um produto com defeito, fora do prazo de validade e de baixa qualidade, sendo o respons\u00e1vel por sua coloca\u00e7\u00e3o no mercado, no caso o partido, igualmente respons\u00e1vel e, portanto, pass\u00edvel de ser posto de lado pelos consumidores, ou seja, os eleitores.<\/p>\n<p style=\"text-align: justify\">\u00a0 \u00a0 \u00a0 \u00a0 \u00a0Para o autor do texto, senador Ricardo Ferra\u00e7o (PSDB-ES), o objetivo do projeto \u00e9 promover a moraliza\u00e7\u00e3o, o controle de gastos e o acompanhamento minucioso da vida partid\u00e1ria, dando um choque de moralidade nas atuais legendas. N\u00e3o \u00e9 para menos.<\/p>\n<p style=\"text-align: justify\">\u00a0 \u00a0 \u00a0 \u00a0 \u00a0 \u00a0Estudo elaborado recentemente pela Funda\u00e7\u00e3o Get\u00falio Vargas ao mapear os \u00edndices de desconfian\u00e7a referentes aos partidos e aos pol\u00edticos de modo geral mostrou que 30% dos eleitores manifestaram a inten\u00e7\u00e3o de votar em candidato novo, fora da pol\u00edtica tradicional. No mesmo estudo, outros 30% afirmaram que ir\u00e3o votar em branco ou nulo nas pr\u00f3ximas elei\u00e7\u00f5es. No quesito confian\u00e7a, 63,5% dos eleitores afirmaram n\u00e3o acreditar em nenhum dos atuais pol\u00edticos. Nos partidos, esse percentual \u00e9 o mesmo: 63,5% disseram n\u00e3o confiar nas atuais legendas. Para 63,9%, a pol\u00edtica no Brasil impede que surja um l\u00edder honesto e comprometido com as mudan\u00e7as. Caso a proposta (PLS n\u00ba60) venha a se tornar lei, os partidos passar\u00e3o a ser responsabilizados pela pr\u00e1tica de atos il\u00edcitos e fraudes cometidas por seus dirigentes, bem como seus autores ou participantes filiados \u00e0 legenda.<\/p>\n<p style=\"text-align: justify\">\u00a0 \u00a0 \u00a0 \u00a0 Na realidade, a aplica\u00e7\u00e3o dos m\u00e9todos da compliance nos partidos n\u00e3o seria necess\u00e1ria caso essas legendas simplesmente expulsassem de seus quadros todos aqueles envolvidos em casos de corrup\u00e7\u00e3o, o \u00f3bvio a se esperar. Mas em se tratando do atual quadro partid\u00e1rio nacional, em que nem mesmo aqueles pol\u00edticos julgados, condenados e presos s\u00e3o expulsos de suas legendas, todo o esfor\u00e7o merece ser observado com reservada esperan\u00e7a.<\/p>\n<p style=\"text-align: justify\"><strong>A frase que foi pronunciada:<\/strong><\/p>\n<p style=\"text-align: justify\">\u201c\u00c9 doloroso ver o Partido dos Trabalhadores no Brasil, que realizou significantes melhoras, simplesmente n\u00e3o conseguir manter as m\u00e3os fora do dinheiro p\u00fablico. Eles se juntaram a uma elite extremamente corrupta, que tem roubado por muito tempo, participando da corrup\u00e7\u00e3o, desacreditando todo o partido.\u201d<\/p>\n<p style=\"text-align: justify\">Noam Chomsky<\/p>\n<figure id=\"attachment_10686\" aria-describedby=\"caption-attachment-10686\" style=\"width: 562px\" class=\"wp-caption aligncenter\"><img loading=\"lazy\" decoding=\"async\" class=\" wp-image-10686\" src=\"https:\/\/blogs.correiobraziliense.com.br\/aricunha\/wp-content\/uploads\/sites\/13\/2018\/04\/pt_evolucao.jpg\" alt=\"Charge: proparnaiba.com\" width=\"562\" height=\"382\" srcset=\"https:\/\/blogs.correiobraziliense.com.br\/aricunha\/wp-content\/uploads\/sites\/13\/2018\/04\/pt_evolucao.jpg 480w, https:\/\/blogs.correiobraziliense.com.br\/aricunha\/wp-content\/uploads\/sites\/13\/2018\/04\/pt_evolucao-300x204.jpg 300w, https:\/\/blogs.correiobraziliense.com.br\/aricunha\/wp-content\/uploads\/sites\/13\/2018\/04\/pt_evolucao-350x238.jpg 350w, https:\/\/blogs.correiobraziliense.com.br\/aricunha\/wp-content\/uploads\/sites\/13\/2018\/04\/pt_evolucao-230x156.jpg 230w\" sizes=\"auto, (max-width: 562px) 100vw, 562px\" \/><figcaption id=\"caption-attachment-10686\" class=\"wp-caption-text\">Charge: proparnaiba.com<\/figcaption><\/figure>\n<p style=\"text-align: justify\"><strong>Pela popula\u00e7\u00e3o<\/strong><\/p>\n<p style=\"text-align: justify\">Sinduscon\/DF est\u00e1 em sintonia com os problemas da cidade. Um evento em manuten\u00e7\u00e3o e refor\u00e7o de estruturas foi organizado no audit\u00f3rio da entidade para relevar a import\u00e2ncia de se manter o processo de qualidade das pontes e elevados da cidade.<\/p>\n<figure id=\"attachment_10688\" aria-describedby=\"caption-attachment-10688\" style=\"width: 1041px\" class=\"wp-caption aligncenter\"><img loading=\"lazy\" decoding=\"async\" class=\"size-full wp-image-10688\" src=\"https:\/\/blogs.correiobraziliense.com.br\/aricunha\/wp-content\/uploads\/sites\/13\/2018\/04\/Sindf.jpg\" alt=\"Cartaz: sinduscondf.org.br\" width=\"1041\" height=\"463\" srcset=\"https:\/\/blogs.correiobraziliense.com.br\/aricunha\/wp-content\/uploads\/sites\/13\/2018\/04\/Sindf.jpg 1041w, https:\/\/blogs.correiobraziliense.com.br\/aricunha\/wp-content\/uploads\/sites\/13\/2018\/04\/Sindf-300x133.jpg 300w, https:\/\/blogs.correiobraziliense.com.br\/aricunha\/wp-content\/uploads\/sites\/13\/2018\/04\/Sindf-768x342.jpg 768w, https:\/\/blogs.correiobraziliense.com.br\/aricunha\/wp-content\/uploads\/sites\/13\/2018\/04\/Sindf-1024x455.jpg 1024w, https:\/\/blogs.correiobraziliense.com.br\/aricunha\/wp-content\/uploads\/sites\/13\/2018\/04\/Sindf-350x156.jpg 350w, https:\/\/blogs.correiobraziliense.com.br\/aricunha\/wp-content\/uploads\/sites\/13\/2018\/04\/Sindf-550x245.jpg 550w, https:\/\/blogs.correiobraziliense.com.br\/aricunha\/wp-content\/uploads\/sites\/13\/2018\/04\/Sindf-230x102.jpg 230w\" sizes=\"auto, (max-width: 1041px) 100vw, 1041px\" \/><figcaption id=\"caption-attachment-10688\" class=\"wp-caption-text\">Cartaz: sinduscondf.org.br<\/figcaption><\/figure>\n<p style=\"text-align: justify\"><strong>Soberania<\/strong><\/p>\n<p style=\"text-align: justify\">Enquanto a Caesb p\u00f5e panos quentes na cobran\u00e7a dos brasilienses em se pagar apenas o que se consome, o Plen\u00e1rio do Senado aprova um projeto que quebra a exclusividade no abastecimento de \u00e1gua por parte da concession\u00e1ria p\u00fablica. O reuso e aproveitamento da \u00e1gua da chuva s\u00e3o algumas alternativas. Atualmente, quem se propuser a economizar \u00e1gua tem a conta retida. O senador C\u00e1ssio Cunha Lima afirmou que a falta de marco legal disciplinando essa forma de abastecimento gera inseguran\u00e7a jur\u00eddica aos prestadores desse servi\u00e7o, aos consumidores e aos gestores p\u00fablicos respons\u00e1veis por sua regula\u00e7\u00e3o e fiscaliza\u00e7\u00e3o.<\/p>\n<p style=\"text-align: justify\"><strong>Dever<\/strong><\/p>\n<p style=\"text-align: justify\">R\u00e1dios Comunit\u00e1rias sofrem com a interven\u00e7\u00e3o do Ecad. Sem fins lucrativos, s\u00e3o obrigadas a pagar o direito autoral. Simples. O Ecad deveria ser obrigado a fazer intense publicidade sobre a lista de m\u00fasicas que s\u00e3o de dom\u00ednio p\u00fablico.<\/p>\n<p style=\"text-align: justify\"><strong>HIST\u00d3RIA DE BRAS\u00cdLIA<\/strong><\/p>\n<p style=\"text-align: justify\">\u00a0\u00a0\u00a0\u00a0\u00a0\u00a0\u00a0\u00a0 O ministro que mais declara\u00e7\u00f5es tem feito, \u00e9 o sr. Franco Montoro, do Trabalho. Outro dia, em S. Paulo, disse aos trabalhadores: \u201cCadeia, para os exploradores do povo\u201d. Aumentou o sal\u00e1rio m\u00ednimo, e ningu\u00e9m foi para a cadeia. <strong>(Publicado em 19.10.1961)<\/strong><\/p>\n","protected":false},"excerpt":{"rendered":"<p>ARI CUNHA Visto, lido e ouvido Desde 1960 com Circe Cunha e Mamfil colunadoaricunha@gmail.com; \u00a0 \u00a0 \u00a0 \u00a0 \u00a0 \u00a0Ao aprovar agora, em car\u00e1ter terminativo, na Comiss\u00e3o de Constitui\u00e7\u00e3o, Justi\u00e7a e Cidadania (CCJ) do Senado, o PLS n\u00ba60, impondo regras de Compliance para os partidos, o que o mundo pol\u00edtico, ou pelo menos parte dele, busca desesperadamente \u00e9 reverter o [&hellip;]<\/p>\n","protected":false},"author":34,"featured_media":10689,"comment_status":"open","ping_status":"open","sticky":false,"template":"","format":"standard","meta":{"footnotes":""},"categories":[23],"tags":[67],"class_list":["post-10684","post","type-post","status-publish","format-standard","has-post-thumbnail","hentry","category-integra","tag-brasilia-historiadebrasilia-aricunha-circecunha-mamfil"],"_links":{"self":[{"href":"https:\/\/blogs.correiobraziliense.com.br\/aricunha\/wp-json\/wp\/v2\/posts\/10684","targetHints":{"allow":["GET"]}}],"collection":[{"href":"https:\/\/blogs.correiobraziliense.com.br\/aricunha\/wp-json\/wp\/v2\/posts"}],"about":[{"href":"https:\/\/blogs.correiobraziliense.com.br\/aricunha\/wp-json\/wp\/v2\/types\/post"}],"author":[{"embeddable":true,"href":"https:\/\/blogs.correiobraziliense.com.br\/aricunha\/wp-json\/wp\/v2\/users\/34"}],"replies":[{"embeddable":true,"href":"https:\/\/blogs.correiobraziliense.com.br\/aricunha\/wp-json\/wp\/v2\/comments?post=10684"}],"version-history":[{"count":3,"href":"https:\/\/blogs.correiobraziliense.com.br\/aricunha\/wp-json\/wp\/v2\/posts\/10684\/revisions"}],"predecessor-version":[{"id":10690,"href":"https:\/\/blogs.correiobraziliense.com.br\/aricunha\/wp-json\/wp\/v2\/posts\/10684\/revisions\/10690"}],"wp:featuredmedia":[{"embeddable":true,"href":"https:\/\/blogs.correiobraziliense.com.br\/aricunha\/wp-json\/wp\/v2\/media\/10689"}],"wp:attachment":[{"href":"https:\/\/blogs.correiobraziliense.com.br\/aricunha\/wp-json\/wp\/v2\/media?parent=10684"}],"wp:term":[{"taxonomy":"category","embeddable":true,"href":"https:\/\/blogs.correiobraziliense.com.br\/aricunha\/wp-json\/wp\/v2\/categories?post=10684"},{"taxonomy":"post_tag","embeddable":true,"href":"https:\/\/blogs.correiobraziliense.com.br\/aricunha\/wp-json\/wp\/v2\/tags?post=10684"}],"curies":[{"name":"wp","href":"https:\/\/api.w.org\/{rel}","templated":true}]}}