{"id":10649,"date":"2018-04-24T19:00:59","date_gmt":"2018-04-24T22:00:59","guid":{"rendered":"https:\/\/blogs.correiobraziliense.com.br\/aricunha\/?p=10649"},"modified":"2018-04-24T19:22:52","modified_gmt":"2018-04-24T22:22:52","slug":"quando-o-conhecimento-cede-lugar-baderna-plantacao-e-colheita","status":"publish","type":"post","link":"https:\/\/blogs.correiobraziliense.com.br\/aricunha\/quando-o-conhecimento-cede-lugar-baderna-plantacao-e-colheita\/","title":{"rendered":"Quando o conhecimento cede lugar \u00e0 baderna. Planta\u00e7\u00e3o e colheita."},"content":{"rendered":"<p style=\"text-align: justify\">ARI CUNHA<\/p>\n<p style=\"text-align: justify\">Visto, lido e ouvido<\/p>\n<p style=\"text-align: justify\">Desde 1960<\/p>\n<p style=\"text-align: justify\">com Circe Cunha e Mamfil<\/p>\n<p style=\"text-align: justify\">colunadoaricunha@gmail.com;<\/p>\n<figure id=\"attachment_10659\" aria-describedby=\"caption-attachment-10659\" style=\"width: 820px\" class=\"wp-caption aligncenter\"><img loading=\"lazy\" decoding=\"async\" class=\"size-full wp-image-10659\" src=\"https:\/\/blogs.correiobraziliense.com.br\/aricunha\/wp-content\/uploads\/sites\/13\/2018\/04\/20180421125358401007i.jpeg\" alt=\"Foto: correiobraziliense.com.br(Matheus Carvalho )\" width=\"820\" height=\"547\" srcset=\"https:\/\/blogs.correiobraziliense.com.br\/aricunha\/wp-content\/uploads\/sites\/13\/2018\/04\/20180421125358401007i.jpeg 820w, https:\/\/blogs.correiobraziliense.com.br\/aricunha\/wp-content\/uploads\/sites\/13\/2018\/04\/20180421125358401007i-300x200.jpeg 300w, https:\/\/blogs.correiobraziliense.com.br\/aricunha\/wp-content\/uploads\/sites\/13\/2018\/04\/20180421125358401007i-768x512.jpeg 768w, https:\/\/blogs.correiobraziliense.com.br\/aricunha\/wp-content\/uploads\/sites\/13\/2018\/04\/20180421125358401007i-350x233.jpeg 350w, https:\/\/blogs.correiobraziliense.com.br\/aricunha\/wp-content\/uploads\/sites\/13\/2018\/04\/20180421125358401007i-550x367.jpeg 550w, https:\/\/blogs.correiobraziliense.com.br\/aricunha\/wp-content\/uploads\/sites\/13\/2018\/04\/20180421125358401007i-230x153.jpeg 230w\" sizes=\"auto, (max-width: 820px) 100vw, 820px\" \/><figcaption id=\"caption-attachment-10659\" class=\"wp-caption-text\">Foto: correiobraziliense.com.br (Matheus Carvalho )<\/figcaption><\/figure>\n<p style=\"text-align: justify\">\u00a0\u00a0\u00a0\u00a0\u00a0\u00a0\u00a0 Com a proximidade das elei\u00e7\u00f5es, as ocorr\u00eancias de invas\u00f5es de terras p\u00fablicas aumentam a cada dia, num fen\u00f4meno que vem se repetindo sempre que se abre perspectiva de mudan\u00e7a de governo e, consequentemente, de orienta\u00e7\u00e3o quanto aos procedimentos de fiscaliza\u00e7\u00e3o e de derrubada de barracos.<\/p>\n<p style=\"text-align: justify\">\u00a0\u00a0\u00a0\u00a0\u00a0\u00a0\u00a0 Nesse per\u00edodo que antecede as campanhas, muitos pol\u00edticos, de olho nas oportunidades que se apresentam, passam n\u00e3o s\u00f3 a incentivar a ocupa\u00e7\u00e3o irregular de \u00e1reas p\u00fablicas, como tamb\u00e9m organizam cada detalhe dessas invas\u00f5es, visando colher votos dessas pessoas e de suas fam\u00edlias, a quem prometem lutar, se eleito ou reeleito, na regulariza\u00e7\u00e3o dessas terras.<\/p>\n<p style=\"text-align: justify\">\u00a0 \u00a0 \u00a0 \u00a0 \u00a0 \u00a0Trata-se de um fen\u00f4meno que vem se repetindo por d\u00e9cadas e que, na maioria dos casos, acaba resultando em legaliza\u00e7\u00e3o dessas ocupa\u00e7\u00f5es. Com a entrada de movimentos sociais que t\u00eam na invas\u00e3o de terras seu principal mister, a atua\u00e7\u00e3o desses pol\u00edticos parece ter adquirido maior capacidade de \u00eaxito. Trabalhando em conjunto com o Movimento de Trabalhadores Sem Teto (MTST), pol\u00edticos locais, de olho numa vaga na C\u00e2mara Distrital, t\u00eam sondado essas invas\u00f5es, buscando servir de futuro intermedi\u00e1rio entre invasores e o governo, caso sejam eleitos.<\/p>\n<figure id=\"attachment_10660\" aria-describedby=\"caption-attachment-10660\" style=\"width: 593px\" class=\"wp-caption aligncenter\"><img loading=\"lazy\" decoding=\"async\" class=\" wp-image-10660\" src=\"https:\/\/blogs.correiobraziliense.com.br\/aricunha\/wp-content\/uploads\/sites\/13\/2018\/04\/20180422111708922286a.jpeg\" alt=\"Foto: correiobraziliense.com.br (Divulga\u00e7\u00e3o\/PMDF)\" width=\"593\" height=\"445\" srcset=\"https:\/\/blogs.correiobraziliense.com.br\/aricunha\/wp-content\/uploads\/sites\/13\/2018\/04\/20180422111708922286a.jpeg 820w, https:\/\/blogs.correiobraziliense.com.br\/aricunha\/wp-content\/uploads\/sites\/13\/2018\/04\/20180422111708922286a-300x225.jpeg 300w, https:\/\/blogs.correiobraziliense.com.br\/aricunha\/wp-content\/uploads\/sites\/13\/2018\/04\/20180422111708922286a-768x577.jpeg 768w, https:\/\/blogs.correiobraziliense.com.br\/aricunha\/wp-content\/uploads\/sites\/13\/2018\/04\/20180422111708922286a-350x263.jpeg 350w, https:\/\/blogs.correiobraziliense.com.br\/aricunha\/wp-content\/uploads\/sites\/13\/2018\/04\/20180422111708922286a-550x413.jpeg 550w, https:\/\/blogs.correiobraziliense.com.br\/aricunha\/wp-content\/uploads\/sites\/13\/2018\/04\/20180422111708922286a-230x173.jpeg 230w\" sizes=\"auto, (max-width: 593px) 100vw, 593px\" \/><figcaption id=\"caption-attachment-10660\" class=\"wp-caption-text\">Foto: correiobraziliense.com.br (Divulga\u00e7\u00e3o\/PMDF)<\/figcaption><\/figure>\n<p style=\"text-align: justify\">\u00a0 \u00a0 \u00a0 \u00a0 \u00a0 \u00a0 A atua\u00e7\u00e3o desses indiv\u00edduos, que se prontificam a agir como despachantes dos invasores, ajudam a aumentar o n\u00famero de ocupa\u00e7\u00f5es, justamente por que vendem a ilus\u00e3o de que, uma vez eleito, ir\u00e1 proceder de forma a impedir, junto aos \u00f3rg\u00e3os de governo, a derrubada de constru\u00e7\u00f5es irregulares. Tem sido assim desde que a capital foi emancipada politicamente.<\/p>\n<p style=\"text-align: justify\">\u00a0 \u00a0 \u00a0 \u00a0 \u00a0 A transforma\u00e7\u00e3o de terras p\u00fablicas em moeda de transa\u00e7\u00f5es pol\u00edticas favorece as ocupa\u00e7\u00f5es por todo o DF. Com isso, as quest\u00f5es fundamentais de planejamento urbano, essenciais para a vida da metr\u00f3pole, s\u00e3o postas de lado, o que acaba acarretando para os cidad\u00e3os o congestionamento de todos os servi\u00e7os p\u00fablicos, a precariedade no abastecimento de \u00e1gua e de coleta de esgoto, no colapso da seguran\u00e7a e de outras presta\u00e7\u00f5es de servi\u00e7o.<\/p>\n<p style=\"text-align: justify\">\u00a0 \u00a0 \u00a0 \u00a0A ocupa\u00e7\u00e3o de uma extensa \u00e1rea na localidade do Sol Nascente, em Ceil\u00e2ndia, que acontece nesse exato momento, exemplifica bem esse modus operandi que coloca em conjunto pretensas lideran\u00e7as locais e o MTST. Em poucas horas, a ocupa\u00e7\u00e3o ilegal passou de pouco mais de 800 pessoas, para quase dois mil invasores, que em tendas de lonas improvisadas e contando com o apoio log\u00edstico desses oportunistas de ocasi\u00e3o, que disponibilizam carros, vans, camionetes e caminh\u00f5es, suprem os invasores com bens essenciais \u00e0 sua perman\u00eancia no local.<\/p>\n<p style=\"text-align: justify\">\u00a0 \u00a0 \u00a0 \u00a0 \u00a0 Apanhado de surpresa, o GDF se comprometeu a fazer um mutir\u00e3o de cadastramento das fam\u00edlias para ver a possibilidade de encaix\u00e1-las dentro de algum programa de moradia. Com isso, a hist\u00f3ria vai se repetindo, num ciclo sem fim, cujos efeitos j\u00e1 se fazem sentir na queda brusca da qualidade de vida da capital, negociada por gente sem comprometimento com a cidade e com o futuro dos brasilienses.<\/p>\n<p style=\"text-align: justify\"><strong>\u00c1gua e esgoto<\/strong><\/p>\n<p style=\"text-align: justify\">Tal e qual prev\u00edamos. Enquanto a politicagem para agradar invasores continua, a Caesb agradece a colabora\u00e7\u00e3o dos contribuintes por ocasi\u00e3o do racionamento de \u00e1gua (necess\u00e1rio por falta de planejamento) e cogita aumentar o valor da conta.<\/p>\n<figure id=\"attachment_10657\" aria-describedby=\"caption-attachment-10657\" style=\"width: 696px\" class=\"wp-caption aligncenter\"><img loading=\"lazy\" decoding=\"async\" class=\"size-full wp-image-10657\" src=\"https:\/\/blogs.correiobraziliense.com.br\/aricunha\/wp-content\/uploads\/sites\/13\/2018\/04\/racionamento.jpg\" alt=\"Charge: jornaldebrasilia.com.br\" width=\"696\" height=\"456\" srcset=\"https:\/\/blogs.correiobraziliense.com.br\/aricunha\/wp-content\/uploads\/sites\/13\/2018\/04\/racionamento.jpg 696w, https:\/\/blogs.correiobraziliense.com.br\/aricunha\/wp-content\/uploads\/sites\/13\/2018\/04\/racionamento-300x197.jpg 300w, https:\/\/blogs.correiobraziliense.com.br\/aricunha\/wp-content\/uploads\/sites\/13\/2018\/04\/racionamento-350x229.jpg 350w, https:\/\/blogs.correiobraziliense.com.br\/aricunha\/wp-content\/uploads\/sites\/13\/2018\/04\/racionamento-550x360.jpg 550w, https:\/\/blogs.correiobraziliense.com.br\/aricunha\/wp-content\/uploads\/sites\/13\/2018\/04\/racionamento-230x151.jpg 230w\" sizes=\"auto, (max-width: 696px) 100vw, 696px\" \/><figcaption id=\"caption-attachment-10657\" class=\"wp-caption-text\">Charge: jornaldebrasilia.com.br<\/figcaption><\/figure>\n<p style=\"text-align: justify\"><strong>Continua<\/strong><\/p>\n<p style=\"text-align: justify\">Recebemos uma missiva sobre a situa\u00e7\u00e3o da UnB dizendo o seguinte: \u201cInacredit\u00e1vel n\u00e3o \u00e9 o fato de existirem malucos capazes de dizer essas palavras ocas; espantoso \u00e9 ver uma universidade de mais de 40.000 pessoas se deixar dominar por tamanha estupidez e seus propagadores. Essa hist\u00f3ria de que a educa\u00e7\u00e3o salvar\u00e1 o pa\u00eds \u00e9 uma grande balela. A prova est\u00e1 a\u00ed: 40.000 professores e estudantes universit\u00e1rios se deixando levar a cabresto por meia-d\u00fazia de salafr\u00e1rios.\u201d Leia o panfleto no blog do Ari Cunha.<\/p>\n<p style=\"text-align: center\"><img loading=\"lazy\" decoding=\"async\" class=\"size-full wp-image-10653 aligncenter\" src=\"https:\/\/blogs.correiobraziliense.com.br\/aricunha\/wp-content\/uploads\/sites\/13\/2018\/04\/DSCN6884-1-1-1.jpg\" alt=\"\" width=\"2395\" height=\"3368\" srcset=\"https:\/\/blogs.correiobraziliense.com.br\/aricunha\/wp-content\/uploads\/sites\/13\/2018\/04\/DSCN6884-1-1-1.jpg 2395w, https:\/\/blogs.correiobraziliense.com.br\/aricunha\/wp-content\/uploads\/sites\/13\/2018\/04\/DSCN6884-1-1-1-213x300.jpg 213w, https:\/\/blogs.correiobraziliense.com.br\/aricunha\/wp-content\/uploads\/sites\/13\/2018\/04\/DSCN6884-1-1-1-768x1080.jpg 768w, https:\/\/blogs.correiobraziliense.com.br\/aricunha\/wp-content\/uploads\/sites\/13\/2018\/04\/DSCN6884-1-1-1-728x1024.jpg 728w, https:\/\/blogs.correiobraziliense.com.br\/aricunha\/wp-content\/uploads\/sites\/13\/2018\/04\/DSCN6884-1-1-1-249x350.jpg 249w, https:\/\/blogs.correiobraziliense.com.br\/aricunha\/wp-content\/uploads\/sites\/13\/2018\/04\/DSCN6884-1-1-1-1440x2025.jpg 1440w, https:\/\/blogs.correiobraziliense.com.br\/aricunha\/wp-content\/uploads\/sites\/13\/2018\/04\/DSCN6884-1-1-1-550x773.jpg 550w, https:\/\/blogs.correiobraziliense.com.br\/aricunha\/wp-content\/uploads\/sites\/13\/2018\/04\/DSCN6884-1-1-1-230x323.jpg 230w\" sizes=\"auto, (max-width: 2395px) 100vw, 2395px\" \/> <img loading=\"lazy\" decoding=\"async\" class=\"alignnone size-full wp-image-10654\" src=\"https:\/\/blogs.correiobraziliense.com.br\/aricunha\/wp-content\/uploads\/sites\/13\/2018\/04\/DSCN6885-1-1-1.jpg\" alt=\"DSCN6885 (1) (1) (1)\" width=\"2531\" height=\"3563\" srcset=\"https:\/\/blogs.correiobraziliense.com.br\/aricunha\/wp-content\/uploads\/sites\/13\/2018\/04\/DSCN6885-1-1-1.jpg 2531w, https:\/\/blogs.correiobraziliense.com.br\/aricunha\/wp-content\/uploads\/sites\/13\/2018\/04\/DSCN6885-1-1-1-213x300.jpg 213w, https:\/\/blogs.correiobraziliense.com.br\/aricunha\/wp-content\/uploads\/sites\/13\/2018\/04\/DSCN6885-1-1-1-768x1081.jpg 768w, https:\/\/blogs.correiobraziliense.com.br\/aricunha\/wp-content\/uploads\/sites\/13\/2018\/04\/DSCN6885-1-1-1-727x1024.jpg 727w, https:\/\/blogs.correiobraziliense.com.br\/aricunha\/wp-content\/uploads\/sites\/13\/2018\/04\/DSCN6885-1-1-1-249x350.jpg 249w, https:\/\/blogs.correiobraziliense.com.br\/aricunha\/wp-content\/uploads\/sites\/13\/2018\/04\/DSCN6885-1-1-1-1440x2027.jpg 1440w, https:\/\/blogs.correiobraziliense.com.br\/aricunha\/wp-content\/uploads\/sites\/13\/2018\/04\/DSCN6885-1-1-1-550x774.jpg 550w, https:\/\/blogs.correiobraziliense.com.br\/aricunha\/wp-content\/uploads\/sites\/13\/2018\/04\/DSCN6885-1-1-1-230x324.jpg 230w\" sizes=\"auto, (max-width: 2531px) 100vw, 2531px\" \/><\/p>\n<p style=\"text-align: justify\"><strong>Reitoria comunica<\/strong><\/p>\n<p style=\"text-align: justify\">\u201c(&#8230;) Tendo em vista os preju\u00edzos que decorrer\u00e3o da continuidade da ocupa\u00e7\u00e3o do pr\u00e9dio da Reitoria, a Administra\u00e7\u00e3o prop\u00f4s ao movimento uma reuni\u00e3o no \u00faltimo dia 21 de abril. O movimento recusou-se a participar dessa reuni\u00e3o, alegando ser feriado, o que consideramos uma resposta inadmiss\u00edvel face a gravidade da situa\u00e7\u00e3o, com implica\u00e7\u00f5es para toda a comunidade universit\u00e1ria.\u201d<\/p>\n<p style=\"text-align: justify\"><strong>Liberdade<\/strong><\/p>\n<p style=\"text-align: justify\">A Administra\u00e7\u00e3o Superior n\u00e3o tem conseguido qualquer acesso ao pr\u00e9dio da Reitoria, em raz\u00e3o da intransig\u00eancia e oscila\u00e7\u00f5es na dire\u00e7\u00e3o do movimento de ocupa\u00e7\u00e3o. Desde o dia 16 de abril, as cerim\u00f4nias de cola\u00e7\u00e3o de grau t\u00eam sido realizadas sem a entrega dos diplomas e pessoas, que dependem deste documento para tr\u00e2mites profissionais, est\u00e3o sendo seriamente prejudicadas com isso.<\/p>\n<p style=\"text-align: justify\"><strong>Sem medo<\/strong><\/p>\n<p style=\"text-align: justify\">A partir de hoje, a situa\u00e7\u00e3o se torna ainda mais cr\u00edtica. H\u00e1 procedimentos controlados por \u00f3rg\u00e3os do Governo Federal que s\u00e3o abertos nesta data e t\u00eam janelas ex\u00edguas para execu\u00e7\u00e3o, para os quais \u00e9 necess\u00e1rio acessar m\u00e1quinas espec\u00edficas ou tokens, al\u00e9m de documentos f\u00edsicos, que se encontram no interior do edif\u00edcio interditado.<\/p>\n<p style=\"text-align: justify\"><strong>Liberdade vigiada<\/strong><\/p>\n<p style=\"text-align: justify\">A Administra\u00e7\u00e3o tamb\u00e9m levar\u00e1 adiante as provid\u00eancias para fins de responsabiliza\u00e7\u00e3o administrativa dos envolvidos na ocupa\u00e7\u00e3o do pr\u00e9dio da Reitoria pelos danos ao patrim\u00f4nio e ao er\u00e1rio, a partir desta data. M\u00e1rcia Abrah\u00e3o. Leia a carta na \u00edntegra no blog do Ari Cunha.<\/p>\n<p style=\"text-align: justify\"><img loading=\"lazy\" decoding=\"async\" class=\" wp-image-10661 aligncenter\" src=\"https:\/\/blogs.correiobraziliense.com.br\/aricunha\/wp-content\/uploads\/sites\/13\/2018\/04\/unb.png\" alt=\"\" width=\"571\" height=\"277\" srcset=\"https:\/\/blogs.correiobraziliense.com.br\/aricunha\/wp-content\/uploads\/sites\/13\/2018\/04\/unb.png 503w, https:\/\/blogs.correiobraziliense.com.br\/aricunha\/wp-content\/uploads\/sites\/13\/2018\/04\/unb-300x146.png 300w, https:\/\/blogs.correiobraziliense.com.br\/aricunha\/wp-content\/uploads\/sites\/13\/2018\/04\/unb-350x170.png 350w, https:\/\/blogs.correiobraziliense.com.br\/aricunha\/wp-content\/uploads\/sites\/13\/2018\/04\/unb-230x112.png 230w\" sizes=\"auto, (max-width: 571px) 100vw, 571px\" \/><\/p>\n<p style=\"text-align: justify\"><strong>&#8212;-&gt;<\/strong> <em>INFORMA\u00c7\u00c3O \u00c0 COMUNIDADE &#8211; REITORIA<\/em><\/p>\n<p style=\"text-align: justify\">\u00a0 \u00a0 \u00a0 <em>Desde a ocupa\u00e7\u00e3o do pr\u00e9dio da Reitoria, no dia 12 de abril, a Administra\u00e7\u00e3o Superior vem empreendendo esfor\u00e7os para o di\u00e1logo com o movimento de ocupa\u00e7\u00e3o e a comunidade universit\u00e1ria sobre a situa\u00e7\u00e3o or\u00e7ament\u00e1ria da UnB, pautada pela transpar\u00eancia e responsabilidade com a coisa p\u00fablica. N\u00e3o obstante, a Administra\u00e7\u00e3o Superior tenha comparecido e participado em duas reuni\u00f5es p\u00fablicas sobre o assunto &#8211; conforme demanda apresentada no in\u00edcio da ocupa\u00e7\u00e3o -, novas reivindica\u00e7\u00f5es t\u00eam sido acrescidas \u00e0 pauta do movimento com o passar do tempo, dificultando sobremaneira as negocia\u00e7\u00f5es.<\/em><\/p>\n<p style=\"text-align: justify\"><em>\u00a0 \u00a0 Tendo em vista os preju\u00edzos que decorrer\u00e3o da continuidade da ocupa\u00e7\u00e3o do pr\u00e9dio da Reitoria, a Administra\u00e7\u00e3o prop\u00f4s ao movimento uma reuni\u00e3o no \u00faltimo dia 21 de abril. O movimento recusou-se a participar dessa reuni\u00e3o, alegando ser feriado, o que consideramos uma resposta inadmiss\u00edvel face a gravidade da situa\u00e7\u00e3o, com implica\u00e7\u00f5es para toda a comunidade universit\u00e1ria.<\/em><\/p>\n<p style=\"text-align: justify\"><em>\u00a0 \u00a0 A Administra\u00e7\u00e3o Superior n\u00e3o tem conseguido qualquer acesso ao pr\u00e9dio da Reitoria, em raz\u00e3o da intransig\u00eancia e oscila\u00e7\u00f5es na dire\u00e7\u00e3o do movimento de ocupa\u00e7\u00e3o. Desde o dia 16 de abril, as cerim\u00f4nias de cola\u00e7\u00e3o de grau t\u00eam sido realizadas sem a entrega dos diplomas e pessoas, que dependem deste documento para tr\u00e2mites profissionais, est\u00e3o sendo seriamente prejudicadas com isso.<\/em><\/p>\n<p style=\"text-align: justify\"><em>\u00a0 \u00a0 \u00a0 \u00a0 \u00a0A partir de hoje, a situa\u00e7\u00e3o se torna ainda mais cr\u00edtica. H\u00e1 procedimentos controlados por \u00f3rg\u00e3os do Governo Federal que s\u00e3o abertos nesta data e t\u00eam janelas ex\u00edguas para execu\u00e7\u00e3o, para os quais \u00e9 necess\u00e1rio acessar m\u00e1quinas espec\u00edficas ou tokens, al\u00e9m de documentos f\u00edsicos, que se encontram no interior do edif\u00edcio interditado.<\/em><\/p>\n<p style=\"text-align: justify\"><em>\u00a0 \u00a0 \u00a0 \u00a0 \u00a0Com a interdi\u00e7\u00e3o ao acesso, deixar\u00e3o de ser executadas as seguintes tarefas:<\/em><\/p>\n<p style=\"text-align: justify\"><em>\u2022Procedimentos para a realiza\u00e7\u00e3o de concursos p\u00fablicos para servidores t\u00e9cnico-administrativos e docentes;<\/em><br \/>\n<em>\u2022Atendimento de demandas judiciais, incluindo as relacionadas a direitos trabalhistas de servidores;<\/em><br \/>\n<em>\u2022Ajustes finais na folha de pagamento de servidores do m\u00eas de abril;<\/em><br \/>\n<em>\u2022Andamento de processos de aposentadoria de servidores;<\/em><br \/>\n<em>\u2022Pagamento de passagens e di\u00e1rias para docentes, professores visitantes, estudantes e t\u00e9cnicos;<\/em><br \/>\n<em>\u2022Pagamento do PASEP de servidores, o que gerar\u00e1 multa e inscri\u00e7\u00e3o da UnB no cadastro de inadimplentes, paralisando diversas opera\u00e7\u00f5es financeiras;<\/em><br \/>\n<em>\u2022 Processamento de presta\u00e7\u00f5es de contas que dependem de processos f\u00edsicos &#8211; porque h\u00e1 muitos \u00f3rg\u00e3os e entidades externas que n\u00e3o est\u00e3o no SEI -, implicando responsabiliza\u00e7\u00e3o de gestores dos projetos e da UnB;<\/em><br \/>\n<em>\u2022Pagamento de tarifas alfandeg\u00e1rias \u00e0 Receita Federal relativas a produtos e equipamentos importados que se encontram no p\u00e1tio do Aeroporto de Bras\u00edlia, gerando multas que s\u00e3o atualizadas diariamente;<\/em><br \/>\n<em>\u2022Liquida\u00e7\u00e3o de todas as despesas at\u00e9 a data de corte, resultando em libera\u00e7\u00e3o de recursos financeiros abaixo das necessidades do m\u00eas, ou seja, em valores insuficientes para pagar todos os fornecedores, implicando multas e corre\u00e7\u00e3o monet\u00e1ria.<\/em><\/p>\n<p style=\"text-align: justify\"><em>\u00a0 \u00a0 \u00a0 \u00a0 \u00a0Tendo em vista o insucesso nas tentativas de uma interlocu\u00e7\u00e3o consequente com o movimento de ocupa\u00e7\u00e3o, a Administra\u00e7\u00e3o entende que a continuidade do di\u00e1logo deve ocorrer por vias democr\u00e1ticas e institucionais, a exemplo da mesa de negocia\u00e7\u00f5es j\u00e1 instalada com a participa\u00e7\u00e3o do Sintfub, DCE e ADUnB. A Administra\u00e7\u00e3o tamb\u00e9m levar\u00e1 adiante as provid\u00eancias para fins de responsabiliza\u00e7\u00e3o administrativa dos envolvidos na ocupa\u00e7\u00e3o do pr\u00e9dio da Reitoria pelos danos ao patrim\u00f4nio e ao er\u00e1rio, a partir desta data.<\/em><\/p>\n<p style=\"text-align: justify\"><em>M\u00e1rcia Abrah\u00e3o<\/em><\/p>\n<p style=\"text-align: justify\"><strong>&#8212;-&gt;<\/strong>\u00a0No entanto, hoje, no per\u00edodo da tarde, no Pavilh\u00e3o An\u00edsio Teixeira (PAT-UnB):<\/p>\n<p>https:\/\/www.facebook.com\/reacaouniv\/videos\/428193680919329\/?comment_id=428260287579335&#038;reply_comment_id=428261264245904<\/p>\n<p style=\"text-align: justify\"><strong>HIST\u00d3RIA DE BRAS\u00cdLIA<\/strong><\/p>\n<p style=\"text-align: justify\">O deputado Adauto Cardoso, autor do projeto Gato Preto, de mudan\u00e7a permanente do Congresso numa dire\u00e7\u00e3o e noutra, disse que n\u00e3o queria tirar o Congresso de Bras\u00edlia. Apenas, lev\u00e1-lo para o Rio, quando houvesse necessidade. Naturalmente, ficam exclu\u00eddas dessa classifica\u00e7\u00e3o, as horas vividas pelo Parlamento como as que o foram na \u00faltima crise pol\u00edtica. <strong>(Publicado em 19.10.1961)<\/strong><\/p>\n","protected":false},"excerpt":{"rendered":"<p>ARI CUNHA Visto, lido e ouvido Desde 1960 com Circe Cunha e Mamfil colunadoaricunha@gmail.com; \u00a0\u00a0\u00a0\u00a0\u00a0\u00a0\u00a0 Com a proximidade das elei\u00e7\u00f5es, as ocorr\u00eancias de invas\u00f5es de terras p\u00fablicas aumentam a cada dia, num fen\u00f4meno que vem se repetindo sempre que se abre perspectiva de mudan\u00e7a de governo e, consequentemente, de orienta\u00e7\u00e3o quanto aos procedimentos de fiscaliza\u00e7\u00e3o e de derrubada de barracos. [&hellip;]<\/p>\n","protected":false},"author":34,"featured_media":10659,"comment_status":"open","ping_status":"open","sticky":false,"template":"","format":"standard","meta":{"footnotes":""},"categories":[23],"tags":[67],"class_list":["post-10649","post","type-post","status-publish","format-standard","has-post-thumbnail","hentry","category-integra","tag-brasilia-historiadebrasilia-aricunha-circecunha-mamfil"],"_links":{"self":[{"href":"https:\/\/blogs.correiobraziliense.com.br\/aricunha\/wp-json\/wp\/v2\/posts\/10649","targetHints":{"allow":["GET"]}}],"collection":[{"href":"https:\/\/blogs.correiobraziliense.com.br\/aricunha\/wp-json\/wp\/v2\/posts"}],"about":[{"href":"https:\/\/blogs.correiobraziliense.com.br\/aricunha\/wp-json\/wp\/v2\/types\/post"}],"author":[{"embeddable":true,"href":"https:\/\/blogs.correiobraziliense.com.br\/aricunha\/wp-json\/wp\/v2\/users\/34"}],"replies":[{"embeddable":true,"href":"https:\/\/blogs.correiobraziliense.com.br\/aricunha\/wp-json\/wp\/v2\/comments?post=10649"}],"version-history":[{"count":10,"href":"https:\/\/blogs.correiobraziliense.com.br\/aricunha\/wp-json\/wp\/v2\/posts\/10649\/revisions"}],"predecessor-version":[{"id":10666,"href":"https:\/\/blogs.correiobraziliense.com.br\/aricunha\/wp-json\/wp\/v2\/posts\/10649\/revisions\/10666"}],"wp:featuredmedia":[{"embeddable":true,"href":"https:\/\/blogs.correiobraziliense.com.br\/aricunha\/wp-json\/wp\/v2\/media\/10659"}],"wp:attachment":[{"href":"https:\/\/blogs.correiobraziliense.com.br\/aricunha\/wp-json\/wp\/v2\/media?parent=10649"}],"wp:term":[{"taxonomy":"category","embeddable":true,"href":"https:\/\/blogs.correiobraziliense.com.br\/aricunha\/wp-json\/wp\/v2\/categories?post=10649"},{"taxonomy":"post_tag","embeddable":true,"href":"https:\/\/blogs.correiobraziliense.com.br\/aricunha\/wp-json\/wp\/v2\/tags?post=10649"}],"curies":[{"name":"wp","href":"https:\/\/api.w.org\/{rel}","templated":true}]}}