{"id":10630,"date":"2018-04-21T05:00:56","date_gmt":"2018-04-21T08:00:56","guid":{"rendered":"https:\/\/blogs.correiobraziliense.com.br\/aricunha\/?p=10630"},"modified":"2018-04-23T16:53:49","modified_gmt":"2018-04-23T19:53:49","slug":"pedaco-de-um-tempo-2","status":"publish","type":"post","link":"https:\/\/blogs.correiobraziliense.com.br\/aricunha\/pedaco-de-um-tempo-2\/","title":{"rendered":"Peda\u00e7o de um tempo"},"content":{"rendered":"<p style=\"text-align: justify\">ARI CUNHA<\/p>\n<p style=\"text-align: justify\">Visto, lido e ouvido<\/p>\n<p style=\"text-align: justify\">Desde 1960<\/p>\n<p style=\"text-align: justify\">com Circe Cunha e Mamfil<\/p>\n<p style=\"text-align: justify\">colunadoaricunha@gmail.com<\/p>\n<figure id=\"attachment_10636\" aria-describedby=\"caption-attachment-10636\" style=\"width: 1279px\" class=\"wp-caption aligncenter\"><img loading=\"lazy\" decoding=\"async\" class=\"size-full wp-image-10636\" src=\"https:\/\/blogs.correiobraziliense.com.br\/aricunha\/wp-content\/uploads\/sites\/13\/2018\/04\/TANQUES-E-JIPIS-ENTRAM-EM-CENA-EM-BRAS\u00cdLIA-PARA-DERRUBADA-DO-GOVERNO-DE-JANGO.jpg\" alt=\"Foto: jovemsulnews.com.br\" width=\"1279\" height=\"783\" srcset=\"https:\/\/blogs.correiobraziliense.com.br\/aricunha\/wp-content\/uploads\/sites\/13\/2018\/04\/TANQUES-E-JIPIS-ENTRAM-EM-CENA-EM-BRAS\u00cdLIA-PARA-DERRUBADA-DO-GOVERNO-DE-JANGO.jpg 1279w, https:\/\/blogs.correiobraziliense.com.br\/aricunha\/wp-content\/uploads\/sites\/13\/2018\/04\/TANQUES-E-JIPIS-ENTRAM-EM-CENA-EM-BRAS\u00cdLIA-PARA-DERRUBADA-DO-GOVERNO-DE-JANGO-300x184.jpg 300w, https:\/\/blogs.correiobraziliense.com.br\/aricunha\/wp-content\/uploads\/sites\/13\/2018\/04\/TANQUES-E-JIPIS-ENTRAM-EM-CENA-EM-BRAS\u00cdLIA-PARA-DERRUBADA-DO-GOVERNO-DE-JANGO-768x470.jpg 768w, https:\/\/blogs.correiobraziliense.com.br\/aricunha\/wp-content\/uploads\/sites\/13\/2018\/04\/TANQUES-E-JIPIS-ENTRAM-EM-CENA-EM-BRAS\u00cdLIA-PARA-DERRUBADA-DO-GOVERNO-DE-JANGO-1024x627.jpg 1024w, https:\/\/blogs.correiobraziliense.com.br\/aricunha\/wp-content\/uploads\/sites\/13\/2018\/04\/TANQUES-E-JIPIS-ENTRAM-EM-CENA-EM-BRAS\u00cdLIA-PARA-DERRUBADA-DO-GOVERNO-DE-JANGO-350x214.jpg 350w, https:\/\/blogs.correiobraziliense.com.br\/aricunha\/wp-content\/uploads\/sites\/13\/2018\/04\/TANQUES-E-JIPIS-ENTRAM-EM-CENA-EM-BRAS\u00cdLIA-PARA-DERRUBADA-DO-GOVERNO-DE-JANGO-550x337.jpg 550w, https:\/\/blogs.correiobraziliense.com.br\/aricunha\/wp-content\/uploads\/sites\/13\/2018\/04\/TANQUES-E-JIPIS-ENTRAM-EM-CENA-EM-BRAS\u00cdLIA-PARA-DERRUBADA-DO-GOVERNO-DE-JANGO-230x141.jpg 230w\" sizes=\"auto, (max-width: 1279px) 100vw, 1279px\" \/><figcaption id=\"caption-attachment-10636\" class=\"wp-caption-text\">Foto: jovemsulnews.com.br<\/figcaption><\/figure>\n<div style=\"text-align: justify\"><\/div>\n<div style=\"text-align: justify\">\u00a0 \u00a0 \u00a0 \u00a0 Naqueles long\u00ednquos dias de abril de 1964, Bras\u00edlia, com apenas 4 anos, foi transformada, da noite para o dia, em uma pequena \u00f3rf\u00e3, perdida e desolada na imensid\u00e3o poeirenta e vermelha do Centro-Oeste. A chegada repentina dos militares ao poder, na sequ\u00eancia natural dos acontecimentos que marcavam a Guerra Fria, provocara uma reviravolta de tal monta na administra\u00e7\u00e3o da cidade que, por longo tempo, todas as reparti\u00e7\u00f5es p\u00fablicas ficaram como que suspensas no ar.<\/div>\n<div style=\"text-align: justify\"><\/div>\n<div style=\"text-align: justify\">\u00a0 \u00a0 \u00a0 \u00a0 A pr\u00f3pria concep\u00e7\u00e3o arquitet\u00f4nica da cidade, espalhada pelos quatro cantos pelos novos ocupantes do Pal\u00e1cio do Planalto, era obra de um comunista convicto a servi\u00e7o de um outro sujeito, tamb\u00e9m suspeito de nutrir simpatias com a ent\u00e3o odiosa Uni\u00e3o Sovi\u00e9tica. Portanto, sob o comando dos novos donos do poder, era preciso uma higieniza\u00e7\u00e3o r\u00e1pida na nova capital, a come\u00e7ar por aqueles que ocupavam os mais altos cargos da gest\u00e3o local.<\/div>\n<div style=\"text-align: justify\"><\/div>\n<div style=\"text-align: justify\">\u00a0 \u00a0 \u00a0 Numa situa\u00e7\u00e3o como essa, na qual a improvisa\u00e7\u00e3o era a norma geral, ningu\u00e9m sabia ao certo quem seriam os novos administradores da cidade. No longo v\u00e1cuo de poder que se seguiu, nem sequer os sal\u00e1rios do m\u00eas estavam garantidos.<\/div>\n<div style=\"text-align: justify\"><\/div>\n<div style=\"text-align: justify\">\u00a0 \u00a0 \u00a0Em todo canto e nas rodas de conversa, o assunto era quem sobreviveria e quem seria defenestrado. Nesse impasse e sob a apar\u00eancia de normalidade, a vida das pessoas mais simples seguia seu rumo. Era um tempo de muitas constru\u00e7\u00f5es na cidade e, na vida simples de muitos oper\u00e1rios, o tema era tratado como assunto que dizia respeito apenas \u00e0 gente rica e poderosa, portanto, distante da realidade dura dos trabalhadores. No entanto, nas reparti\u00e7\u00f5es p\u00fablicas, que \u00e0quela altura estavam instaladas na nova capital, a rotina di\u00e1ria era discutir que rumos a revolu\u00e7\u00e3o verde-oliva apontaria para todos. Obviamente, aqueles que tinham qualquer la\u00e7o de aproxima\u00e7\u00e3o com os chamados comunas sentiam um frio de suspense subindo pela barriga.<\/div>\n<div style=\"text-align: justify\"><\/div>\n<div style=\"text-align: justify\">\u00a0 \u00a0 \u00a0 \u00a0 \u00a0Naquela ocasi\u00e3o, para ser apontado pela alcaguetagem geral como comunista e subversivo, bastava ao indiv\u00edduo possuir um exemplar dos poemas de Ho Chi Minh ou o manifesto de Marx, mesmo que jamais tivesse lido uma linha sequer. Sob esse prisma, todos eram comunistas at\u00e9 que provassem o contr\u00e1rio.<\/div>\n<div style=\"text-align: justify\">N\u00e3o foram poucas as pessoas que, avisadas sobre a chegada da revolu\u00e7\u00e3o, aproveitavam as noites escuras da cidade para incinerar \u00e0s pressas qualquer prova material de simpatia com o socialismo. A avenida L2 Norte, que se estendia somente at\u00e9 a Quadra 405, era o caminho natural para aqueles que se dirigiam para a Universidade de Bras\u00edlia (UnB), ainda parcialmente constru\u00edda.<\/div>\n<div style=\"text-align: justify\"><\/div>\n<div style=\"text-align: justify\">\u00a0 \u00a0 \u00a0 Havia naquela regi\u00e3o, pr\u00f3ximo ao que \u00e9 hoje o Hospital Universit\u00e1rio (HUB), o Centro Integrado de Ensino M\u00e9dio (Ciem), ligado \u00e0 UnB. Naqueles dias distantes e de incertezas, uma bandeira negra estava hasteada no alto da caixa-d\u2019\u00e1gua da institui\u00e7\u00e3o. L\u00e1 dentro, uma turma de estudantes se encontrava amotinada havia dias, fazendo uma esp\u00e9cie de resist\u00eancia pac\u00edfica ao desmantelamento pol\u00edtico que se anunciava com certa ferocidade. Eram tempos de d\u00favidas, movidos por um certo romantismo, com a juventude buscando imitar os movimentos vitoriosos de Guevara e Cienfuegos, sem medir as consequ\u00eancias que adviriam em desafiar os novos mandantes uniformizados.<\/div>\n<div style=\"text-align: justify\"><\/div>\n<div style=\"text-align: justify\">\u00a0 \u00a0 \u00a0 \u00a0 \u00a0L\u00e1 fora, deitados no asfalto, sob a prote\u00e7\u00e3o improvisada dos meios-fios da estrada, uma fileira de soldados, com suas metralhadoras sobre trip\u00e9s, estava de prontid\u00e3o para invadir o pr\u00e9dio a qualquer momento. O impasse da invas\u00e3o iminente s\u00f3 restou resolvido quando chegou ao conhecimento do comando daquele destacamento que, no interior do pr\u00e9dio havia, entre os revoltosos, muitos filhos de autoridades, inclusive de militares. Ao menos nesse caso, o salvo-conduto para uma rendi\u00e7\u00e3o foi feito sem feridos. A pele dos companheiros dos fidalgos estava salva.<\/div>\n<div style=\"text-align: justify\"><\/div>\n<div style=\"text-align: justify\">\u00a0 \u00a0 \u00a0 \u00a0 \u00a0No restante da cidade, os expurgos aconteciam sem muito alarde e eram alimentados com a boataria geral. Com medo, muita gente abandonou o emprego e resolveu desaparecer, voltando an\u00f4nimo \u00e0 cidade natal. Alheios a um mundo que se esfacelava sob seus p\u00e9s, a gurizada naquela \u00e9poca aproveitava a vida como podia, tomando banho e navegando sobre os muitos tocos de \u00e1rvore que boiavam no lago ou nadando no espelho d\u2019\u00e1gua que circundava o Departamento de Pedagogia na UnB.<\/div>\n<div style=\"text-align: justify\"><\/div>\n<div style=\"text-align: justify\">\u00a0 \u00a0 \u00a0 \u00a0A partir dessa hora, a cidade mergulhava num sono pesado, envolta num breu e num sil\u00eancio que dava medo e que aumentava com os press\u00e1gios de que, na calada da noite, as tropas viriam para levar o que supunham ser insurgentes e contra o regime. De fato, a popula\u00e7\u00e3o n\u00e3o era contra a chegada dos militares por um simples motivo: ningu\u00e9m sabia ao certo o que era o novo regime militar e muito menos o que significava. Para uma popula\u00e7\u00e3o pouco ilustrada, o que se esperava, noite ap\u00f3s noite, era a chegada de qualquer coisa que quebrasse a rotina de uma cidade deserta.<\/div>\n<div style=\"text-align: justify\"><\/div>\n<div style=\"text-align: justify\"><strong>A frase que n\u00e3o foi pronunciada<\/strong><\/div>\n<div style=\"text-align: justify\"><em>\u201cBras\u00edlia tem mais\u00a0<\/em><em>futuro do que passado.\u201d<\/em><\/div>\n<div style=\"text-align: justify\"><\/div>\n<div style=\"text-align: justify\">Adirson Vasconcelos<\/div>\n<div style=\"text-align: justify\"><\/div>\n<div style=\"text-align: justify\">\n<figure id=\"attachment_10639\" aria-describedby=\"caption-attachment-10639\" style=\"width: 1280px\" class=\"wp-caption aligncenter\"><img loading=\"lazy\" decoding=\"async\" class=\"size-full wp-image-10639\" src=\"https:\/\/blogs.correiobraziliense.com.br\/aricunha\/wp-content\/uploads\/sites\/13\/2018\/04\/Entendendo-Bras\u00edlia-e-seus-endere\u00e7os.jpg\" alt=\"Imagem: tolongedecasa.com\" width=\"1280\" height=\"720\" srcset=\"https:\/\/blogs.correiobraziliense.com.br\/aricunha\/wp-content\/uploads\/sites\/13\/2018\/04\/Entendendo-Bras\u00edlia-e-seus-endere\u00e7os.jpg 1280w, https:\/\/blogs.correiobraziliense.com.br\/aricunha\/wp-content\/uploads\/sites\/13\/2018\/04\/Entendendo-Bras\u00edlia-e-seus-endere\u00e7os-300x169.jpg 300w, https:\/\/blogs.correiobraziliense.com.br\/aricunha\/wp-content\/uploads\/sites\/13\/2018\/04\/Entendendo-Bras\u00edlia-e-seus-endere\u00e7os-768x432.jpg 768w, https:\/\/blogs.correiobraziliense.com.br\/aricunha\/wp-content\/uploads\/sites\/13\/2018\/04\/Entendendo-Bras\u00edlia-e-seus-endere\u00e7os-1024x576.jpg 1024w, https:\/\/blogs.correiobraziliense.com.br\/aricunha\/wp-content\/uploads\/sites\/13\/2018\/04\/Entendendo-Bras\u00edlia-e-seus-endere\u00e7os-350x197.jpg 350w, https:\/\/blogs.correiobraziliense.com.br\/aricunha\/wp-content\/uploads\/sites\/13\/2018\/04\/Entendendo-Bras\u00edlia-e-seus-endere\u00e7os-550x309.jpg 550w, https:\/\/blogs.correiobraziliense.com.br\/aricunha\/wp-content\/uploads\/sites\/13\/2018\/04\/Entendendo-Bras\u00edlia-e-seus-endere\u00e7os-230x129.jpg 230w\" sizes=\"auto, (max-width: 1280px) 100vw, 1280px\" \/><figcaption id=\"caption-attachment-10639\" class=\"wp-caption-text\">Imagem: tolongedecasa.com<\/figcaption><\/figure>\n<\/div>\n<div style=\"text-align: justify\"><\/div>\n<div style=\"text-align: justify\"><strong>HIST\u00d3RIA DE BRAS\u00cdLIA<\/strong><\/div>\n<div style=\"text-align: justify\">A confus\u00e3o dos pre\u00e7os das passagens \u00e9 t\u00e3o grande que o TCB bem que podia estudar dois pre\u00e7os para as linhas no Distrito Federal. As mais longas e as menores. Assim, n\u00e3o haveria a confus\u00e3o que se verifica atualmente. <strong>(Publicada em 26\/9\/1961)<\/strong><\/div>\n","protected":false},"excerpt":{"rendered":"<p>ARI CUNHA Visto, lido e ouvido Desde 1960 com Circe Cunha e Mamfil colunadoaricunha@gmail.com \u00a0 \u00a0 \u00a0 \u00a0 Naqueles long\u00ednquos dias de abril de 1964, Bras\u00edlia, com apenas 4 anos, foi transformada, da noite para o dia, em uma pequena \u00f3rf\u00e3, perdida e desolada na imensid\u00e3o poeirenta e vermelha do Centro-Oeste. A chegada repentina dos militares ao poder, na sequ\u00eancia [&hellip;]<\/p>\n","protected":false},"author":34,"featured_media":10636,"comment_status":"open","ping_status":"open","sticky":false,"template":"","format":"standard","meta":{"footnotes":""},"categories":[23],"tags":[67],"class_list":["post-10630","post","type-post","status-publish","format-standard","has-post-thumbnail","hentry","category-integra","tag-brasilia-historiadebrasilia-aricunha-circecunha-mamfil"],"_links":{"self":[{"href":"https:\/\/blogs.correiobraziliense.com.br\/aricunha\/wp-json\/wp\/v2\/posts\/10630","targetHints":{"allow":["GET"]}}],"collection":[{"href":"https:\/\/blogs.correiobraziliense.com.br\/aricunha\/wp-json\/wp\/v2\/posts"}],"about":[{"href":"https:\/\/blogs.correiobraziliense.com.br\/aricunha\/wp-json\/wp\/v2\/types\/post"}],"author":[{"embeddable":true,"href":"https:\/\/blogs.correiobraziliense.com.br\/aricunha\/wp-json\/wp\/v2\/users\/34"}],"replies":[{"embeddable":true,"href":"https:\/\/blogs.correiobraziliense.com.br\/aricunha\/wp-json\/wp\/v2\/comments?post=10630"}],"version-history":[{"count":7,"href":"https:\/\/blogs.correiobraziliense.com.br\/aricunha\/wp-json\/wp\/v2\/posts\/10630\/revisions"}],"predecessor-version":[{"id":10640,"href":"https:\/\/blogs.correiobraziliense.com.br\/aricunha\/wp-json\/wp\/v2\/posts\/10630\/revisions\/10640"}],"wp:featuredmedia":[{"embeddable":true,"href":"https:\/\/blogs.correiobraziliense.com.br\/aricunha\/wp-json\/wp\/v2\/media\/10636"}],"wp:attachment":[{"href":"https:\/\/blogs.correiobraziliense.com.br\/aricunha\/wp-json\/wp\/v2\/media?parent=10630"}],"wp:term":[{"taxonomy":"category","embeddable":true,"href":"https:\/\/blogs.correiobraziliense.com.br\/aricunha\/wp-json\/wp\/v2\/categories?post=10630"},{"taxonomy":"post_tag","embeddable":true,"href":"https:\/\/blogs.correiobraziliense.com.br\/aricunha\/wp-json\/wp\/v2\/tags?post=10630"}],"curies":[{"name":"wp","href":"https:\/\/api.w.org\/{rel}","templated":true}]}}