{"id":10592,"date":"2018-04-23T17:00:31","date_gmt":"2018-04-23T20:00:31","guid":{"rendered":"https:\/\/blogs.correiobraziliense.com.br\/aricunha\/?p=10592"},"modified":"2018-04-23T16:30:15","modified_gmt":"2018-04-23T19:30:15","slug":"capital-da-ultima-que-morre-esperanca","status":"publish","type":"post","link":"https:\/\/blogs.correiobraziliense.com.br\/aricunha\/capital-da-ultima-que-morre-esperanca\/","title":{"rendered":"Capital da \u00faltima que morre. A esperan\u00e7a."},"content":{"rendered":"<p style=\"text-align: justify\">ARI CUNHA<\/p>\n<p style=\"text-align: justify\">Visto, lido e ouvido<\/p>\n<p style=\"text-align: justify\">Desde 1960<\/p>\n<p style=\"text-align: justify\">com Circe Cunha e Mamfil<\/p>\n<p style=\"text-align: justify\">colunadoaricunha@gmail.com;<\/p>\n<figure id=\"attachment_10599\" aria-describedby=\"caption-attachment-10599\" style=\"width: 618px\" class=\"wp-caption aligncenter\"><img loading=\"lazy\" decoding=\"async\" class=\" wp-image-10599\" src=\"https:\/\/blogs.correiobraziliense.com.br\/aricunha\/wp-content\/uploads\/sites\/13\/2018\/04\/charge_bruno_morte_oscar_niemeyer.jpg\" alt=\"Charge: avozdocidadao.com.br\" width=\"618\" height=\"524\" srcset=\"https:\/\/blogs.correiobraziliense.com.br\/aricunha\/wp-content\/uploads\/sites\/13\/2018\/04\/charge_bruno_morte_oscar_niemeyer.jpg 570w, https:\/\/blogs.correiobraziliense.com.br\/aricunha\/wp-content\/uploads\/sites\/13\/2018\/04\/charge_bruno_morte_oscar_niemeyer-300x254.jpg 300w, https:\/\/blogs.correiobraziliense.com.br\/aricunha\/wp-content\/uploads\/sites\/13\/2018\/04\/charge_bruno_morte_oscar_niemeyer-350x297.jpg 350w, https:\/\/blogs.correiobraziliense.com.br\/aricunha\/wp-content\/uploads\/sites\/13\/2018\/04\/charge_bruno_morte_oscar_niemeyer-550x466.jpg 550w, https:\/\/blogs.correiobraziliense.com.br\/aricunha\/wp-content\/uploads\/sites\/13\/2018\/04\/charge_bruno_morte_oscar_niemeyer-230x195.jpg 230w\" sizes=\"auto, (max-width: 618px) 100vw, 618px\" \/><figcaption id=\"caption-attachment-10599\" class=\"wp-caption-text\">Charge: avozdocidadao.com.br<\/figcaption><\/figure>\n<p style=\"text-align: justify\">\u00a0\u00a0\u00a0\u00a0\u00a0\u00a0\u00a0\u00a0 Basta uma olhada r\u00e1pida nas manchetes que ilustram hoje os principais jornais que circulam na capital, para perceber que aos 58 anos de idade, Bras\u00edlia j\u00e1 experimenta uma esp\u00e9cie de velhice precoce, apresentando os mesmos problemas vividos por muitas cidades centen\u00e1rias espalhadas pelo pa\u00eds afora. Dos fatores que contribu\u00edram para essa decad\u00eancia prematura, nenhum foi mais decisivo do que aquele que for\u00e7ou sua emancipa\u00e7\u00e3o pol\u00edtica.<\/p>\n<p style=\"text-align: justify\">\u00a0\u00a0\u00a0\u00a0\u00a0\u00a0\u00a0\u00a0 Foi a partir desse momento que Bras\u00edlia adentrou numa esp\u00e9cie de espiral descendente, que aos poucos obrigou a capital a renunciar aos prop\u00f3sitos originais de sua concep\u00e7\u00e3o, que era a de ser um moderno centro administrativo do pa\u00eds, equidistante de todas as unidades da federa\u00e7\u00e3o, soberana e eficaz, capaz de resolver, de forma r\u00e1pida e racional, as principais quest\u00f5es nacionais. Manobras urdidas para beneficiar poderosos grupos locais desviaram a capital de sua miss\u00e3o prec\u00edpua. Com isso, grande parte da energia e do potencial que seria direcionada para o bem comum do pa\u00eds foi desviada para atender aos des\u00edgnios de um pequeno grupo da \u00e1rea, encastelados em partidos artificiais, que desde ent\u00e3o v\u00eam, ano ap\u00f3s ano, submetendo a cidade \u00e0 uma esp\u00e9cie de pantomima pol\u00edtica que, ao mesmo tempo em que ilude a popula\u00e7\u00e3o com fantasias, drenam, como vampiros, as for\u00e7as vitais que poderiam beneficiar verdadeiramente os brasilienses e a cidade que ergueram no meio do Planalto Central do Brasil.<\/p>\n<p style=\"text-align: justify\">\u00a0\u00a0\u00a0\u00a0\u00a0\u00a0\u00a0\u00a0 O incha\u00e7o populacional repentino, com os congestionamentos constantes no tr\u00e2nsito, os hospitais sucateados, as escolas em ru\u00ednas, a falta de seguran\u00e7a e de moradias, as invas\u00f5es e grilagens de terras p\u00fablicas, os repetidos casos de corrup\u00e7\u00e3o e de desvios de recursos p\u00fablicos, entre outras mazelas, v\u00e3o igualando Bras\u00edlia ao restante do pa\u00eds, transformando tudo numa massa homog\u00eanea e viscosa, onde a popula\u00e7\u00e3o \u00e9 usada apenas como joguete para oficializar mandatos a cada quatro anos.<\/p>\n<p style=\"text-align: justify\">\u00a0\u00a0\u00a0\u00a0\u00a0\u00a0\u00a0\u00a0 A decrepitude que assola a capital n\u00e3o adv\u00e9m propriamente da pol\u00edtica, mas de uma esp\u00e9cie de pol\u00edtica, que como um Anti Midas, transforma em ru\u00ednas tudo em que toca. \u00c9 a chamada mis\u00e9ria da pol\u00edtica que envelhece antes do tempo cidade e cidad\u00e3os, submetidos \u00e0 uma falsa e dispendios\u00edssima democracia. Aos 58 anos de exist\u00eancia, Bras\u00edlia poderia ser a modelo balzaquiana no esplendor da beleza para o pa\u00eds e para o resto do mundo. Ao inv\u00e9s disso, vai se transformando numa cidade que cresce desordenadamente. Raciona \u00e1gua para seus habitantes, mesmo estando localizada bem no centro do chamado ber\u00e7o das \u00e1guas, na conflu\u00eancia onde brotam as principais bacias hidrogr\u00e1ficas do Brasil.<\/p>\n<p style=\"text-align: justify\">\u00a0\u00a0\u00a0\u00a0\u00a0\u00a0\u00a0\u00a0 A capital planejada para ser a centro das decis\u00f5es nacionais \u00e9 hoje conhecida, pelo restante da popula\u00e7\u00e3o do pa\u00eds, como reduto das piores lideran\u00e7as pol\u00edticas j\u00e1 vistas e reunidas em um s\u00f3 lugar, em toda a hist\u00f3ria de nossa rep\u00fablica.<\/p>\n<p style=\"text-align: justify\">\u00a0\u00a0\u00a0\u00a0\u00a0\u00a0\u00a0\u00a0 Apesar de todos esses males que parecem sugar nossas for\u00e7as e esperan\u00e7as, existe ainda uma fonte ideal para um rejuvenescimento da capital, capaz de traz\u00ea-la de volta ao eixo original. Essa fonte que a cada quatro anos brota nas urnas pode, ao mesmo tempo, saciar a sede ou envenenar a todos. A escolha \u00e9 nossa.<\/p>\n<p style=\"text-align: justify\"><strong>A frase que foi pronunciada:<\/strong><\/p>\n<p style=\"text-align: justify\">\u201cDeus estava de muito bom humor quando reuniu num mesmo lugar Juscelino, Israel, Niemeyer, Lucio Costa e Bernardo Say\u00e3o.\u201d<\/p>\n<p style=\"text-align: justify\">Completando a frase de Ronaldo Costa Couto.<\/p>\n<figure id=\"attachment_10597\" aria-describedby=\"caption-attachment-10597\" style=\"width: 620px\" class=\"wp-caption aligncenter\"><img loading=\"lazy\" decoding=\"async\" class=\"size-full wp-image-10597\" src=\"https:\/\/blogs.correiobraziliense.com.br\/aricunha\/wp-content\/uploads\/sites\/13\/2018\/04\/image-1.jpg\" alt=\"Charge: otempo.com.br\" width=\"620\" height=\"413\" srcset=\"https:\/\/blogs.correiobraziliense.com.br\/aricunha\/wp-content\/uploads\/sites\/13\/2018\/04\/image-1.jpg 620w, https:\/\/blogs.correiobraziliense.com.br\/aricunha\/wp-content\/uploads\/sites\/13\/2018\/04\/image-1-300x200.jpg 300w, https:\/\/blogs.correiobraziliense.com.br\/aricunha\/wp-content\/uploads\/sites\/13\/2018\/04\/image-1-350x233.jpg 350w, https:\/\/blogs.correiobraziliense.com.br\/aricunha\/wp-content\/uploads\/sites\/13\/2018\/04\/image-1-550x366.jpg 550w, https:\/\/blogs.correiobraziliense.com.br\/aricunha\/wp-content\/uploads\/sites\/13\/2018\/04\/image-1-230x153.jpg 230w\" sizes=\"auto, (max-width: 620px) 100vw, 620px\" \/><figcaption id=\"caption-attachment-10597\" class=\"wp-caption-text\">Charge: otempo.com.br<\/figcaption><\/figure>\n<p style=\"text-align: justify\"><strong>Declara\u00e7\u00e3o<\/strong><\/p>\n<p style=\"text-align: justify\">\u201cBras\u00edlia \u00e9 a reinven\u00e7\u00e3o do concreto, a transgress\u00e3o do ferro, a revolu\u00e7\u00e3o cartesiana. \u00c9 poeira vermelha, \u00e9 Plano Piloto, superquadra, eixo e sat\u00e9lite. \u00c9 Grande Circular, avenida e asfalto. \u00c9 candango e brasiliense. Cora\u00e7\u00e3o do Brasil. \u00c9 a utopia que se transformou realidade por sermos agentes e os feitores de nossa pr\u00f3pria hist\u00f3ria. Uma cidade que soube abrigar brasileiros de todas as regi\u00f5es, ra\u00e7as e credos, j\u00e1 tem hist\u00f3ria e sabedoria para resolver seus problemas e lan\u00e7ar-se rumo ao futuro\u201d. De Ibaneis Rocha, brasiliense de nascimento, do Conselho Federal da Ordem dos Advogados.<\/p>\n<p style=\"text-align: justify\"><strong>Descalabro<\/strong><\/p>\n<p style=\"text-align: justify\">Leiam no Blog do Ari Cunha a troca de mensagens entre a reitoria da UnB e os n\u00e3o estudantes. As reivindica\u00e7\u00f5es v\u00e3o desde a retirada do policiamento do campus at\u00e9 a privatiza\u00e7\u00e3o das universidades p\u00fablicas do Brasil. Impressionante como at\u00e9 o n\u00edvel dos protestos diminuiu na educa\u00e7\u00e3o desse pa\u00eds.<\/p>\n<figure id=\"attachment_10548\" aria-describedby=\"caption-attachment-10548\" style=\"width: 626px\" class=\"wp-caption aligncenter\"><img loading=\"lazy\" decoding=\"async\" class=\" wp-image-10548\" src=\"https:\/\/blogs.correiobraziliense.com.br\/aricunha\/wp-content\/uploads\/sites\/13\/2018\/04\/img_797x4482018_04_12_15_43_27_15057.jpg\" alt=\"Foto: Foto: Em\u00edlia Silberstein\/ Ag\u00eancia UnB\" width=\"626\" height=\"417\" srcset=\"https:\/\/blogs.correiobraziliense.com.br\/aricunha\/wp-content\/uploads\/sites\/13\/2018\/04\/img_797x4482018_04_12_15_43_27_15057.jpg 672w, https:\/\/blogs.correiobraziliense.com.br\/aricunha\/wp-content\/uploads\/sites\/13\/2018\/04\/img_797x4482018_04_12_15_43_27_15057-300x200.jpg 300w, https:\/\/blogs.correiobraziliense.com.br\/aricunha\/wp-content\/uploads\/sites\/13\/2018\/04\/img_797x4482018_04_12_15_43_27_15057-350x233.jpg 350w, https:\/\/blogs.correiobraziliense.com.br\/aricunha\/wp-content\/uploads\/sites\/13\/2018\/04\/img_797x4482018_04_12_15_43_27_15057-550x367.jpg 550w, https:\/\/blogs.correiobraziliense.com.br\/aricunha\/wp-content\/uploads\/sites\/13\/2018\/04\/img_797x4482018_04_12_15_43_27_15057-230x153.jpg 230w\" sizes=\"auto, (max-width: 626px) 100vw, 626px\" \/><figcaption id=\"caption-attachment-10548\" class=\"wp-caption-text\">Foto: Foto: Em\u00edlia Silberstein\/ Ag\u00eancia UnB<\/figcaption><\/figure>\n<p style=\"text-align: justify\">&gt;&gt;Em resposta ao comunicado da Administra\u00e7\u00e3o Superior de 19 de abril, o movimento de ocupa\u00e7\u00e3o do pr\u00e9dio da Reitoria condiciona a desocupa\u00e7\u00e3o ao cumprimento de uma extensa pauta de reivindica\u00e7\u00f5es, incluindo pontos que ultrapassam as atribui\u00e7\u00f5es e compet\u00eancias da Administra\u00e7\u00e3o \u2013 como mudan\u00e7as na legisla\u00e7\u00e3o e na Constitui\u00e7\u00e3o brasileiras.<\/p>\n<p style=\"text-align: justify\">A Administra\u00e7\u00e3o Superior da UnB reafirma permanente disposi\u00e7\u00e3o para o di\u00e1logo e lamenta a natureza da resposta dada pelo movimento. Para garantir o pleno funcionamento da Universidade, com qualidade para todas e todos, informa que tomar\u00e1 as provid\u00eancias cab\u00edveis nesta situa\u00e7\u00e3o.<\/p>\n<p style=\"text-align: justify\">M\u00e1rcia Abrah\u00e3o Moura<br \/>\nReitora<\/p>\n<p style=\"text-align: justify\">&gt;&gt;Confira abaixo a resposta do movimento de ocupa\u00e7\u00e3o enviada \u00e0 reitora:<\/p>\n<p style=\"text-align: justify\">A carta emitida pelo gabinete da reitora, a qual exige a desocupa\u00e7\u00e3o da reitoria, n\u00e3o est\u00e1 de acordo com as negocia\u00e7\u00f5es anteriores realizadas com a ocupa\u00e7\u00e3o, distorcendo as reivindica\u00e7\u00f5es dos membros da ocupa\u00e7\u00e3o. Ela alega ter correspondido \u00e0s condi\u00e7\u00f5es do acordo pela desocupa\u00e7\u00e3o do FNDE e estar surpresa com a &#8220;repentina&#8221; ocupa\u00e7\u00e3o.<\/p>\n<p style=\"text-align: justify\">Na realidade, as negocia\u00e7\u00f5es do FNDE no dia 10\/4 exigiam uma mesa p\u00fablica com a reitora e o MEC no dia 12 de abril, na qual deveria ser concedido acesso \u00e0 presta\u00e7\u00e3o de contas da UnB; al\u00e9m disso, caso a mesa n\u00e3o acontecesse no dia proposto, a reitoria seria ocupada. Entretanto, a reitora sequer compareceu \u00e0 reuni\u00e3o do dia 12. Sendo assim, n\u00e3o se pode dizer que ela foi &#8220;surpreendida&#8221; com o in\u00edcio e a continuidade da ocupa\u00e7\u00e3o.<\/p>\n<p style=\"text-align: justify\">O movimento que ocupou a reitoria n\u00e3o abrange apenas o direito \u00e0 transpar\u00eancia sobre as contas p\u00fablicas e as quest\u00f5es tratadas pelo FNDE, ele trata de todas as quest\u00f5es necess\u00e1rias para o funcionamento da Universidade e para a sua qualidade de ensino.<\/p>\n<p style=\"text-align: justify\">S\u00f3 vamos desocupar quando nossas pautas forem atendidas!<\/p>\n<p style=\"text-align: justify\">Nossas pautas s\u00e3o:<br \/>\n\u2022 Revoga\u00e7\u00e3o das demiss\u00f5es dos terceirizados demitidos;<br \/>\n\u2022 O n\u00e3o aumento do RU;<br \/>\n\u2022 A manuten\u00e7\u00e3o das bolsas de perman\u00eancia estudantil, que afetam principalmente estudantes de baixa renda, negras e negros, ind\u00edgenas e quilombolas;<br \/>\n\u2022 Libera\u00e7\u00e3o pelo MEC dos editais da assist\u00eancia estudantil de ingresso ind\u00edgena e quilombola;<br \/>\n\u2022 A manuten\u00e7\u00e3o de todos os estagi\u00e1rios remunerados;<br \/>\n\u2022 Restabelecimento dos porteiros da noite;<br \/>\n\u2022 Transpar\u00eancia nas contas da Universidade;<br \/>\n\u2022 Transpar\u00eancia dos contratos das empresas terceirizadas;<br \/>\n\u2022 O fim da pol\u00edcia no campus;<br \/>\n\u2022 Libera\u00e7\u00e3o pelo MEC para uso da verba pr\u00f3pria da UnB;<br \/>\n\u2022 A revoga\u00e7\u00e3o da Emenda 95, do teto dos gastos;<br \/>\n\u2022 A privatiza\u00e7\u00e3o das universidades p\u00fablicas no Brasil;<br \/>\n\u2022 Solidariedade \u00e0s outras ocupa\u00e7\u00f5es e lutas que ocorrem nas universidades brasileiras.<\/p>\n<p style=\"text-align: justify\"><strong>Transpar\u00eancia<\/strong><\/p>\n<p style=\"text-align: justify\">Depois de uma grande luta de tr\u00eas anos, foi aprovado em car\u00e1ter terminativo no Senado o PLS 393\/2015, de autoria do senador Reguffe (sem partido\/DF), que obriga os governos a publicar na internet a fila das cirurgias eletivas. Hoje, essa informa\u00e7\u00e3o n\u00e3o \u00e9 p\u00fablica. Agentes pol\u00edticos e autoridades p\u00fablicas furam essas filas para fazer favores pol\u00edticos e\/ou partid\u00e1rios. Uma verdadeira vergonha. N\u00e3o \u00e9 justo nem correto. O projeto vai dar transpar\u00eancia a essas filas e vai tamb\u00e9m gerar uma press\u00e3o para que os governos fa\u00e7am com que elas andem mais r\u00e1pido atrav\u00e9s de mutir\u00f5es de cirurgias. Para preservar a privacidade das pessoas, ser\u00e1 publicado apenas o n\u00famero da carteira de identidade. Ficam os m\u00e9dicos liberados para decretar urg\u00eancia quando achar necess\u00e1rio, mediante termo assinado. Com o projeto, todos v\u00e3o saber quantas pessoas est\u00e3o esperando cada determinada cirurgia e desde quando. O projeto agora foi para a C\u00e2mara.<\/p>\n<p style=\"text-align: justify\"><strong>\u00a0<\/strong><\/p>\n<p style=\"text-align: justify\"><strong>HIST\u00d3RIA DE BRAS\u00cdLIA<\/strong><\/p>\n<div id=\"m_-8711198809186392900ember1965\" class=\"m_-8711198809186392900gmail-dh-page-object m_-8711198809186392900gmail-text m_-8711198809186392900ember-view\" style=\"text-align: justify\">Ou veremos, ent\u00e3o, o que acontecer\u00e1 \u00e0s demais empresas onde ela tem participa\u00e7\u00e3o. Se aparecer\u00e3o testas de ferro para a aquisi\u00e7\u00e3o dessas a\u00e7\u00f5es, ou \u00e9 concordata mesmo da Battes. <strong>(Publicado em 19.10.1961)<\/strong><\/div>\n","protected":false},"excerpt":{"rendered":"<p>ARI CUNHA Visto, lido e ouvido Desde 1960 com Circe Cunha e Mamfil colunadoaricunha@gmail.com; \u00a0\u00a0\u00a0\u00a0\u00a0\u00a0\u00a0\u00a0 Basta uma olhada r\u00e1pida nas manchetes que ilustram hoje os principais jornais que circulam na capital, para perceber que aos 58 anos de idade, Bras\u00edlia j\u00e1 experimenta uma esp\u00e9cie de velhice precoce, apresentando os mesmos problemas vividos por muitas cidades centen\u00e1rias espalhadas pelo pa\u00eds afora. [&hellip;]<\/p>\n","protected":false},"author":34,"featured_media":10599,"comment_status":"open","ping_status":"open","sticky":false,"template":"","format":"standard","meta":{"footnotes":""},"categories":[23],"tags":[67],"class_list":["post-10592","post","type-post","status-publish","format-standard","has-post-thumbnail","hentry","category-integra","tag-brasilia-historiadebrasilia-aricunha-circecunha-mamfil"],"_links":{"self":[{"href":"https:\/\/blogs.correiobraziliense.com.br\/aricunha\/wp-json\/wp\/v2\/posts\/10592","targetHints":{"allow":["GET"]}}],"collection":[{"href":"https:\/\/blogs.correiobraziliense.com.br\/aricunha\/wp-json\/wp\/v2\/posts"}],"about":[{"href":"https:\/\/blogs.correiobraziliense.com.br\/aricunha\/wp-json\/wp\/v2\/types\/post"}],"author":[{"embeddable":true,"href":"https:\/\/blogs.correiobraziliense.com.br\/aricunha\/wp-json\/wp\/v2\/users\/34"}],"replies":[{"embeddable":true,"href":"https:\/\/blogs.correiobraziliense.com.br\/aricunha\/wp-json\/wp\/v2\/comments?post=10592"}],"version-history":[{"count":7,"href":"https:\/\/blogs.correiobraziliense.com.br\/aricunha\/wp-json\/wp\/v2\/posts\/10592\/revisions"}],"predecessor-version":[{"id":10628,"href":"https:\/\/blogs.correiobraziliense.com.br\/aricunha\/wp-json\/wp\/v2\/posts\/10592\/revisions\/10628"}],"wp:featuredmedia":[{"embeddable":true,"href":"https:\/\/blogs.correiobraziliense.com.br\/aricunha\/wp-json\/wp\/v2\/media\/10599"}],"wp:attachment":[{"href":"https:\/\/blogs.correiobraziliense.com.br\/aricunha\/wp-json\/wp\/v2\/media?parent=10592"}],"wp:term":[{"taxonomy":"category","embeddable":true,"href":"https:\/\/blogs.correiobraziliense.com.br\/aricunha\/wp-json\/wp\/v2\/categories?post=10592"},{"taxonomy":"post_tag","embeddable":true,"href":"https:\/\/blogs.correiobraziliense.com.br\/aricunha\/wp-json\/wp\/v2\/tags?post=10592"}],"curies":[{"name":"wp","href":"https:\/\/api.w.org\/{rel}","templated":true}]}}