{"id":10582,"date":"2018-04-20T01:03:12","date_gmt":"2018-04-20T04:03:12","guid":{"rendered":"https:\/\/blogs.correiobraziliense.com.br\/aricunha\/?p=10582"},"modified":"2018-04-20T10:18:58","modified_gmt":"2018-04-20T13:18:58","slug":"lei-essa-dancarina-que-se-move-conforme-musica","status":"publish","type":"post","link":"https:\/\/blogs.correiobraziliense.com.br\/aricunha\/lei-essa-dancarina-que-se-move-conforme-musica\/","title":{"rendered":"A lei, essa dan\u00e7arina que se move conforme a m\u00fasica"},"content":{"rendered":"<p style=\"text-align: justify;\">ARI CUNHA<\/p>\n<p style=\"text-align: justify;\">Visto, lido e ouvido<\/p>\n<p style=\"text-align: justify;\">Desde 1960<\/p>\n<p style=\"text-align: justify;\">com Circe Cunha e Mamfil<\/p>\n<p style=\"text-align: justify;\">colunadoaricunha@gmail.com;<\/p>\n<figure id=\"attachment_10585\" aria-describedby=\"caption-attachment-10585\" style=\"width: 658px\" class=\"wp-caption aligncenter\"><img loading=\"lazy\" decoding=\"async\" class=\" wp-image-10585\" src=\"https:\/\/blogs.correiobraziliense.com.br\/aricunha\/wp-content\/uploads\/sites\/13\/2018\/04\/Charge-dos-Presideos.jpg\" alt=\"Charge: informepe.com\" width=\"658\" height=\"417\" srcset=\"https:\/\/blogs.correiobraziliense.com.br\/aricunha\/wp-content\/uploads\/sites\/13\/2018\/04\/Charge-dos-Presideos.jpg 500w, https:\/\/blogs.correiobraziliense.com.br\/aricunha\/wp-content\/uploads\/sites\/13\/2018\/04\/Charge-dos-Presideos-300x190.jpg 300w, https:\/\/blogs.correiobraziliense.com.br\/aricunha\/wp-content\/uploads\/sites\/13\/2018\/04\/Charge-dos-Presideos-350x222.jpg 350w, https:\/\/blogs.correiobraziliense.com.br\/aricunha\/wp-content\/uploads\/sites\/13\/2018\/04\/Charge-dos-Presideos-230x146.jpg 230w\" sizes=\"auto, (max-width: 658px) 100vw, 658px\" \/><figcaption id=\"caption-attachment-10585\" class=\"wp-caption-text\">Charge: informepe.com<\/figcaption><\/figure>\n<p style=\"text-align: justify;\">\u00a0\u00a0\u00a0\u00a0\u00a0\u00a0\u00a0 Contrassenso talvez seja o termo que melhor defina o Brasil atual. Essa situa\u00e7\u00e3o \u00e9 melhor observada com rela\u00e7\u00e3o a aplica\u00e7\u00e3o das leis, principalmente aquelas que resultam na pris\u00e3o do infrator. Nesses casos, levar o indiv\u00edduo para detr\u00e1s das grades, principalmente aqueles de alta renda, mais parece um tabu a ser vencido perante os tribunais do que o cumprimento de um preceito jur\u00eddico claro.<\/p>\n<p style=\"text-align: justify;\">\u00a0\u00a0\u00a0\u00a0\u00a0\u00a0\u00a0 As manobras e procrastina\u00e7\u00f5es que se sucedem nas diversas inst\u00e2ncias e cortes, cada uma com seu ritual pr\u00f3prio, demonstram, na pr\u00e1tica, que a aplica\u00e7\u00e3o da lei, pura e simples, vai se tornando, cada vez mais, exce\u00e7\u00f5es \u00e0 regra. Com isso, as chances de um delinquente de alto coturno ir para uma cela v\u00e3o ficando cada vez mais raras. Isso resulta que o medo de vir a perder a liberdade por algum il\u00edcito \u00e9 cada vez menor, dadas as infinitas possibilidades de recursos e chicanas de toda a ordem.<\/p>\n<p style=\"text-align: justify;\">\u00a0\u00a0\u00a0\u00a0\u00a0\u00a0\u00a0 Nesse sentido, causa estranheza que alguns doutos nas ci\u00eancias do Direito ocupem parte significativa de seu precioso tempo em regular as formas de como bem tratar e conduzir personalidades presas. O mesmo esmero se v\u00ea em rela\u00e7\u00e3o as chamadas condu\u00e7\u00f5es coercitivas que devem, doravante, por ordem suprema, obedecer \u00e0s normas e etiquetas suaves, de modo a n\u00e3o ferir suscetibilidades e outros sentimentos desses fidalgos, apanhados em desacordos com a lei.<\/p>\n<p style=\"text-align: justify;\">\u00a0\u00a0\u00a0\u00a0\u00a0\u00a0\u00a0 Para os encarcerados por qualquer crime, mesmo os hediondos, aux\u00edlios-reclus\u00e3o s\u00e3o estabelecidos e n\u00e3o raro ultrapassam o valor de um sal\u00e1rio m\u00ednimo. Em outras decis\u00f5es esdr\u00faxulas, concede-se sa\u00eddas tempor\u00e1rias \u00e0 detenta em alus\u00e3o ao Dia das M\u00e3es, justamente para acusada de duplo parric\u00eddio. Em outra ponta, legisladores cuidam para que crian\u00e7as cujo pai ou m\u00e3e se encontram sob pris\u00e3o recebam maior prote\u00e7\u00e3o do Estado, al\u00e9m da possibilidade de pris\u00e3o domiciliar para m\u00e3es com filhos menores de 12 anos.<\/p>\n<p style=\"text-align: justify;\">\u00a0\u00a0\u00a0\u00a0\u00a0\u00a0\u00a0 Enquanto isso, progress\u00f5es, said\u00f5es, anistias e indultos s\u00e3o distribu\u00eddos generosamente ao longo do ano. Correndo por fora, a ind\u00fastria recursal e os contorcionismos jur\u00eddicos que t\u00eam proporcionado a escrit\u00f3rios de advocacia por todo o pa\u00eds, amealhar verdadeiras fortunas, seguem a todo o vapor.<\/p>\n<p style=\"text-align: justify;\">\u00a0\u00a0\u00a0\u00a0\u00a0\u00a0\u00a0 Ali\u00e1s, ainda est\u00e1 por ser devidamente escrita e destrinchada esse cap\u00edtulo recente de nossa hist\u00f3ria envolvendo jurisconsultos qualificad\u00edssimos em seu mister e figur\u00f5es da rep\u00fablica.<\/p>\n<p style=\"text-align: justify;\">\u00a0\u00a0\u00a0\u00a0\u00a0\u00a0\u00a0 Enquanto s\u00e3o estendidos tapetes e misuras legais de todo o tipo a corruptos de alta patente, suas v\u00edtimas diretas que jazem sem atendimento em corredores de hospitais insalubres e desequipados, ou em escolas sem teto e sem material escolar, ou nas ruas sem seguran\u00e7a, ou pagando 4 vezes mais o que vale a gasolina para segurar o rombo v\u00e3o sobrevivendo como podem, num outro Brasil, onde regalias e outras defer\u00eancias n\u00e3o s\u00e3o, sequer, sonhadas.<\/p>\n<p style=\"text-align: justify;\"><strong>A frase que foi pronunciada:<\/strong><\/p>\n<p style=\"text-align: justify;\">\u201cQuanto maior o n\u00famero de leis, tanto maior o n\u00famero de ladr\u00f5es.\u201d<\/p>\n<p style=\"text-align: justify;\">Lao-Ts\u00e9<\/p>\n<figure id=\"attachment_10586\" aria-describedby=\"caption-attachment-10586\" style=\"width: 500px\" class=\"wp-caption aligncenter\"><img loading=\"lazy\" decoding=\"async\" class=\"size-full wp-image-10586\" src=\"https:\/\/blogs.correiobraziliense.com.br\/aricunha\/wp-content\/uploads\/sites\/13\/2018\/04\/50d10a6a865be2278c00024f35leis-edicao35-pag481.jpeg\" alt=\"Charge: mundoestranho.abril.com.br\" width=\"500\" height=\"712\" srcset=\"https:\/\/blogs.correiobraziliense.com.br\/aricunha\/wp-content\/uploads\/sites\/13\/2018\/04\/50d10a6a865be2278c00024f35leis-edicao35-pag481.jpeg 500w, https:\/\/blogs.correiobraziliense.com.br\/aricunha\/wp-content\/uploads\/sites\/13\/2018\/04\/50d10a6a865be2278c00024f35leis-edicao35-pag481-211x300.jpeg 211w, https:\/\/blogs.correiobraziliense.com.br\/aricunha\/wp-content\/uploads\/sites\/13\/2018\/04\/50d10a6a865be2278c00024f35leis-edicao35-pag481-246x350.jpeg 246w, https:\/\/blogs.correiobraziliense.com.br\/aricunha\/wp-content\/uploads\/sites\/13\/2018\/04\/50d10a6a865be2278c00024f35leis-edicao35-pag481-230x328.jpeg 230w\" sizes=\"auto, (max-width: 500px) 100vw, 500px\" \/><figcaption id=\"caption-attachment-10586\" class=\"wp-caption-text\">Charge: mundoestranho.abril.com.br<\/figcaption><\/figure>\n<p style=\"text-align: justify;\"><strong>Atitude<\/strong><\/p>\n<p style=\"text-align: justify;\">Muito interessante o projeto do deputado Paulo Teixeira, que inclui como requisito para licita\u00e7\u00e3o de obras ou servi\u00e7os que o vencedor admita moradores de rua como trabalhadores. Se houver o convencimento correto, respeito e responsabilidade verdadeiramente social pode ser uma sa\u00edda muito interessante para essa popula\u00e7\u00e3o completamente abandonada. A mat\u00e9ria segue para a CCJ do Senado com relatoria da senadora Rose de Freitas<\/p>\n<p style=\"text-align: justify;\"><strong>Se correr<\/strong><\/p>\n<p style=\"text-align: justify;\">Pelo menos os jornais \u00e1rabes falam na pol\u00edtica do Brasil com total isen\u00e7\u00e3o. Como a cultura \u00e9 outra, n\u00e3o se sabe a repercuss\u00e3o que o v\u00eddeo da senadora Gleisi Hoffman ter\u00e1. Dizem as m\u00e1s l\u00ednguas que quem j\u00e1 alterou imagens para o aplauso efusivo que n\u00e3o aconteceu na ONU, pode ter trabalhado nesse v\u00eddeo tamb\u00e9m. Se for o caso, seria melhor para a senadora, porque a PGR n\u00e3o parece muito satisfeita com o ocorrido e est\u00e1 prestes a tomar decis\u00f5es firmes.<\/p>\n<p>https:\/\/www.youtube.com\/watch?v=AMoElG9v860<\/p>\n<p style=\"text-align: justify;\"><strong>Boa ideia<\/strong><\/p>\n<p style=\"text-align: justify;\">Outro projeto que caminha pelo Senado \u00e9 de autoria do senador Reguffe, pelo DF. Ele disp\u00f5e sobre a obrigatoriedade de publica\u00e7\u00e3o na internet, com atualiza\u00e7\u00e3o semanal, da lista de espera dos pacientes que ser\u00e3o submetidos a cirurgias m\u00e9dicas eletivas realizadas com recursos do Sistema \u00danico de Sa\u00fade (SUS). J\u00e1 come\u00e7aram pelo adiamento da discuss\u00e3o. Uma pena.<\/p>\n<p style=\"text-align: justify;\"><strong>Importante<\/strong><\/p>\n<p style=\"text-align: justify;\">Motoristas de \u00f4nibus poderiam ser surpreendidos com um mutir\u00e3o oftalmol\u00f3gico na Rodovi\u00e1ria de Bras\u00edlia.<\/p>\n<p style=\"text-align: justify;\"><strong>HIST\u00d3RIA DE BRAS\u00cdLIA<\/strong><\/p>\n<p style=\"text-align: justify;\">FAB n\u00e3o \u00e9 Jacareacanga, FAB n\u00e3o \u00e9 Aragar\u00e7as. FAB \u00e9 a base de Jacareacanga, pelo que produz, \u00e9 a base de Aragar\u00e7as, pelo benef\u00edcio que presta, \u00e9 Cachimbo, e muitas outras, pelo progresso que tem levado a regi\u00f5es distantes. <strong>(Publicado em 19.10.1961)<\/strong><\/p>\n","protected":false},"excerpt":{"rendered":"<p>ARI CUNHA Visto, lido e ouvido Desde 1960 com Circe Cunha e Mamfil colunadoaricunha@gmail.com; \u00a0\u00a0\u00a0\u00a0\u00a0\u00a0\u00a0 Contrassenso talvez seja o termo que melhor defina o Brasil atual. Essa situa\u00e7\u00e3o \u00e9 melhor observada com rela\u00e7\u00e3o a aplica\u00e7\u00e3o das leis, principalmente aquelas que resultam na pris\u00e3o do infrator. Nesses casos, levar o indiv\u00edduo para detr\u00e1s das grades, principalmente aqueles de alta renda, mais [&hellip;]<\/p>\n","protected":false},"author":34,"featured_media":10585,"comment_status":"open","ping_status":"open","sticky":false,"template":"","format":"standard","meta":{"footnotes":""},"categories":[23],"tags":[67],"class_list":["post-10582","post","type-post","status-publish","format-standard","has-post-thumbnail","hentry","category-integra","tag-brasilia-historiadebrasilia-aricunha-circecunha-mamfil"],"_links":{"self":[{"href":"https:\/\/blogs.correiobraziliense.com.br\/aricunha\/wp-json\/wp\/v2\/posts\/10582","targetHints":{"allow":["GET"]}}],"collection":[{"href":"https:\/\/blogs.correiobraziliense.com.br\/aricunha\/wp-json\/wp\/v2\/posts"}],"about":[{"href":"https:\/\/blogs.correiobraziliense.com.br\/aricunha\/wp-json\/wp\/v2\/types\/post"}],"author":[{"embeddable":true,"href":"https:\/\/blogs.correiobraziliense.com.br\/aricunha\/wp-json\/wp\/v2\/users\/34"}],"replies":[{"embeddable":true,"href":"https:\/\/blogs.correiobraziliense.com.br\/aricunha\/wp-json\/wp\/v2\/comments?post=10582"}],"version-history":[{"count":5,"href":"https:\/\/blogs.correiobraziliense.com.br\/aricunha\/wp-json\/wp\/v2\/posts\/10582\/revisions"}],"predecessor-version":[{"id":10589,"href":"https:\/\/blogs.correiobraziliense.com.br\/aricunha\/wp-json\/wp\/v2\/posts\/10582\/revisions\/10589"}],"wp:featuredmedia":[{"embeddable":true,"href":"https:\/\/blogs.correiobraziliense.com.br\/aricunha\/wp-json\/wp\/v2\/media\/10585"}],"wp:attachment":[{"href":"https:\/\/blogs.correiobraziliense.com.br\/aricunha\/wp-json\/wp\/v2\/media?parent=10582"}],"wp:term":[{"taxonomy":"category","embeddable":true,"href":"https:\/\/blogs.correiobraziliense.com.br\/aricunha\/wp-json\/wp\/v2\/categories?post=10582"},{"taxonomy":"post_tag","embeddable":true,"href":"https:\/\/blogs.correiobraziliense.com.br\/aricunha\/wp-json\/wp\/v2\/tags?post=10582"}],"curies":[{"name":"wp","href":"https:\/\/api.w.org\/{rel}","templated":true}]}}