{"id":10542,"date":"2018-04-17T16:55:22","date_gmt":"2018-04-17T19:55:22","guid":{"rendered":"https:\/\/blogs.correiobraziliense.com.br\/aricunha\/?p=10542"},"modified":"2018-04-17T16:55:22","modified_gmt":"2018-04-17T19:55:22","slug":"as-ocupacoes-por-desocupados","status":"publish","type":"post","link":"https:\/\/blogs.correiobraziliense.com.br\/aricunha\/as-ocupacoes-por-desocupados\/","title":{"rendered":"As ocupa\u00e7\u00f5es por desocupados"},"content":{"rendered":"<p style=\"text-align: justify\">ARI CUNHA<\/p>\n<p style=\"text-align: justify\">Visto, lido e ouvido<\/p>\n<p style=\"text-align: justify\">Desde 1960<\/p>\n<p style=\"text-align: justify\">com Circe Cunha e Mamfil<\/p>\n<p style=\"text-align: justify\">colunadoaricunha@gmail.com;<\/p>\n<figure id=\"attachment_10548\" aria-describedby=\"caption-attachment-10548\" style=\"width: 842px\" class=\"wp-caption aligncenter\"><img loading=\"lazy\" decoding=\"async\" class=\" wp-image-10548\" src=\"https:\/\/blogs.correiobraziliense.com.br\/aricunha\/wp-content\/uploads\/sites\/13\/2018\/04\/img_797x4482018_04_12_15_43_27_15057.jpg\" alt=\"Foto: Foto: Em\u00edlia Silberstein\/ Ag\u00eancia UnB\" width=\"842\" height=\"561\" srcset=\"https:\/\/blogs.correiobraziliense.com.br\/aricunha\/wp-content\/uploads\/sites\/13\/2018\/04\/img_797x4482018_04_12_15_43_27_15057.jpg 672w, https:\/\/blogs.correiobraziliense.com.br\/aricunha\/wp-content\/uploads\/sites\/13\/2018\/04\/img_797x4482018_04_12_15_43_27_15057-300x200.jpg 300w, https:\/\/blogs.correiobraziliense.com.br\/aricunha\/wp-content\/uploads\/sites\/13\/2018\/04\/img_797x4482018_04_12_15_43_27_15057-350x233.jpg 350w, https:\/\/blogs.correiobraziliense.com.br\/aricunha\/wp-content\/uploads\/sites\/13\/2018\/04\/img_797x4482018_04_12_15_43_27_15057-550x367.jpg 550w, https:\/\/blogs.correiobraziliense.com.br\/aricunha\/wp-content\/uploads\/sites\/13\/2018\/04\/img_797x4482018_04_12_15_43_27_15057-230x153.jpg 230w\" sizes=\"auto, (max-width: 842px) 100vw, 842px\" \/><figcaption id=\"caption-attachment-10548\" class=\"wp-caption-text\">Foto: Foto: Em\u00edlia Silberstein\/ Ag\u00eancia UnB<\/figcaption><\/figure>\n<p style=\"text-align: justify\">\u00a0\u00a0\u00a0\u00a0\u00a0\u00a0\u00a0\u00a0 Preocupados n\u00e3o s\u00f3 em ganhar o p\u00e3o de cada dia, mas em entregar no prazo a declara\u00e7\u00e3o escorchante do Imposto de Renda, os brasilienses, que tudo financiam, n\u00e3o t\u00eam tempo para acompanhar as estripulias que v\u00eam ocorrendo no Campus da Universidade de Bras\u00edlia, subvertida por uma horda de amotinados que, ao que tudo indica, passaram a controlar a institui\u00e7\u00e3o.<\/p>\n<p style=\"text-align: justify\">\u00a0\u00a0\u00a0\u00a0\u00a0\u00a0\u00a0 O estilo do tipo \u201camiguinha\u201d, que vem sendo desenvolvido pela reitora eleita, M\u00e1rcia Abrah\u00e3o, n\u00e3o impediu que ela viesse a ser alijada \u00e0 for\u00e7a de seu gabinete pela turba dos revoltosos mauricinhos, que v\u00e3o, aos poucos, impondo suas vontades, como meninos mimados, birrentos e sem rumos. Deve-se a falta de um comando efetivo, a atual situa\u00e7\u00e3o de balb\u00fardia que parece ter tomado conta da Universidade, contaminando todo o Campus e prejudicando, sobremaneira, os trabalhos e aqueles alunos e professores s\u00e9rios e comprometidos com a educa\u00e7\u00e3o.<\/p>\n<p style=\"text-align: justify\">\u00a0\u00a0\u00a0\u00a0\u00a0\u00a0\u00a0 Ao sobrepor pautas ideol\u00f3gicas de cunho partid\u00e1rio aos interesses puramente pedag\u00f3gicos, o que a atual dire\u00e7\u00e3o dessa institui\u00e7\u00e3o tem feito, na verdade, \u00e9 escancarar as portas da universidade para o oportunismo pol\u00edtico, principalmente aquele que decorre da pris\u00e3o do ex-presidente Lula por crime comum.<\/p>\n<p style=\"text-align: justify\">\u00a0\u00a0\u00a0\u00a0\u00a0\u00a0\u00a0 De fato, a reitoria deixou que a Universidade fosse contaminada de alto a baixo pelos acontecimentos recentes, o que, na pr\u00e1tica, significa que n\u00e3o caber\u00e1, de modo algum, \u00e0 UnB resolver os problemas que Lula atraiu para si. A comunidade n\u00e3o \u00e9 tola e sabe muito bem que a ocupa\u00e7\u00e3o da Reitoria pelos desocupados obedece a um chamamento geral, mais precisamente \u00e0 Jornada Nacional de Lutas, pregada por movimentos como o MST e o MTST.<\/p>\n<figure id=\"attachment_10546\" aria-describedby=\"caption-attachment-10546\" style=\"width: 497px\" class=\"wp-caption alignleft\"><img loading=\"lazy\" decoding=\"async\" class=\" wp-image-10546\" src=\"https:\/\/blogs.correiobraziliense.com.br\/aricunha\/wp-content\/uploads\/sites\/13\/2018\/04\/Triplex-ocupado.jpeg\" alt=\"Foto: bemblogado.com.br\" width=\"497\" height=\"227\" srcset=\"https:\/\/blogs.correiobraziliense.com.br\/aricunha\/wp-content\/uploads\/sites\/13\/2018\/04\/Triplex-ocupado.jpeg 689w, https:\/\/blogs.correiobraziliense.com.br\/aricunha\/wp-content\/uploads\/sites\/13\/2018\/04\/Triplex-ocupado-300x137.jpeg 300w, https:\/\/blogs.correiobraziliense.com.br\/aricunha\/wp-content\/uploads\/sites\/13\/2018\/04\/Triplex-ocupado-350x160.jpeg 350w, https:\/\/blogs.correiobraziliense.com.br\/aricunha\/wp-content\/uploads\/sites\/13\/2018\/04\/Triplex-ocupado-550x251.jpeg 550w, https:\/\/blogs.correiobraziliense.com.br\/aricunha\/wp-content\/uploads\/sites\/13\/2018\/04\/Triplex-ocupado-230x105.jpeg 230w\" sizes=\"auto, (max-width: 497px) 100vw, 497px\" \/><figcaption id=\"caption-attachment-10546\" class=\"wp-caption-text\">Foto: bemblogado.com.br<\/figcaption><\/figure>\n<p style=\"text-align: justify\">\u00a0\u00a0\u00a0\u00a0\u00a0\u00a0\u00a0\u00a0Nesse sentido, a ocupa\u00e7\u00e3o do Triplex no Guaruj\u00e1, que segundo Boulos, \u00e9 de Lula, as invas\u00f5es de terras que v\u00eam ocorrendo em muitas regi\u00f5es pelo Brasil afora e a ocupa\u00e7\u00e3o da reitoria da UnB representam pe\u00e7as de um mesmo esquema, que visa a desestabiliza\u00e7\u00e3o do pa\u00eds, conforme orienta\u00e7\u00e3o expressa desses movimentos insurrecionais.<\/p>\n<p style=\"text-align: justify\">\u00a0\u00a0\u00a0\u00a0\u00a0\u00a0\u00a0 N\u00e3o \u00e9 por outro motivo que s\u00e3o justamente as deputadas petistas Erika \u201cLula\u201d Kokay (PT-DF) e Margarida \u201cLula\u201d Salom\u00e3o (PT-MG) que v\u00eam se colocando como \u201cintermediadoras\u201d do movimento e, como tais, \u201cbuscam uma sa\u00edda\u201d para a ocupa\u00e7\u00e3o. Na verdade, o que essas parlamentares t\u00eam feito \u00e9 jogar gasolina na fogueira, onde ardem, al\u00e9m da vaidade de cada uma e da reitora, tudo o que parece restar de bom senso e raz\u00e3o numa institui\u00e7\u00e3o que j\u00e1 foi orgulho para a cidade e que hoje se encontra abduzida por alien\u00edgenas de cabe\u00e7a oca, metidos em seus uniformes vermelhos.<\/p>\n<p style=\"text-align: justify\"><strong>A frase que n\u00e3o foi pronunciada:<\/strong><\/p>\n<p style=\"text-align: justify\">\u201c Democracia com urnas suspeitas n\u00e3o vale nada! Auditoria internacional j\u00e1!\u201d<\/p>\n<p style=\"text-align: justify\">Autor de Casa de Papel tra\u00e7ando estrat\u00e9gia para evitar mais surpresas.<\/p>\n<figure id=\"attachment_10543\" aria-describedby=\"caption-attachment-10543\" style=\"width: 3380px\" class=\"wp-caption aligncenter\"><img loading=\"lazy\" decoding=\"async\" class=\"size-full wp-image-10543\" src=\"https:\/\/blogs.correiobraziliense.com.br\/aricunha\/wp-content\/uploads\/sites\/13\/2018\/04\/democracia.gif\" alt=\"Charge: latuffcartoons.wordpress.com\" width=\"3380\" height=\"1324\" \/><figcaption id=\"caption-attachment-10543\" class=\"wp-caption-text\">Charge: latuffcartoons.wordpress.com<\/figcaption><\/figure>\n<p style=\"text-align: justify\"><strong>Descaso<\/strong><\/p>\n<p style=\"text-align: justify\">L\u00e1 est\u00e1, em novo local, o alambrado destru\u00eddo na Barragem do Parano\u00e1. A mesma demora para consertar. Um local com mais de 40 metros de altura merece um guard rail, n\u00e3o um alambrado.<\/p>\n<p style=\"text-align: justify\"><strong>21 de Abril<\/strong><\/p>\n<p style=\"text-align: justify\">Recebemos do amigo pioneiro, Dr. Marinaldo Guimar\u00e3es, a seguinte sugest\u00e3o: Que durante o anivers\u00e1rio da cidade seja implementado um espa\u00e7o denominado PRA\u00c7A DAS BANDEIRAS com a inten\u00e7\u00e3o de divulgar cada regi\u00e3o administrativa com suas caracter\u00edsticas, data da inaugura\u00e7\u00e3o da regi\u00e3o administrativa, popula\u00e7\u00e3o, bras\u00e3o, bandeira e hino. Dessa forma, segundo o Dr. Guimar\u00e3es, as futuras gera\u00e7\u00f5es ter\u00e3o acesso \u00e0 hist\u00f3ria.<\/p>\n<p style=\"text-align: justify\"><strong>Release<\/strong><\/p>\n<p style=\"text-align: justify\">Belo presente! &#8220;O Garoto do Cachecol Vermelho&#8221;, obra de Ana Beatriz Brand\u00e3o, acaba de chegar \u00e0 6\u00aa edi\u00e7\u00e3o! O romance, que conta a hist\u00f3ria dram\u00e1tica de Melissa, uma bailarina rica e mimada, e Daniel, um garoto doce que ajuda todos ao seu redor, \u00e9 de arrancar l\u00e1grimas dos leitores. O melhor \u00e9 que a trama n\u00e3o acaba neste livro! O spin-off &#8220;A Garota das Sapatilhas Brancas&#8221; traz ainda mais emo\u00e7\u00e3o. Ana Beatriz doa parte dos direitos autorais para organiza\u00e7\u00f5es como o Instituto Paulo Gontijo, a Associa\u00e7\u00e3o Regional de Esclerose Lateral Amiotr\u00f3fica (Arela-RS) e a Associa\u00e7\u00e3o Brasileira de Esclerose Lateral Amiotr\u00f3fica (ABrELA).<\/p>\n<figure id=\"attachment_10545\" aria-describedby=\"caption-attachment-10545\" style=\"width: 820px\" class=\"wp-caption aligncenter\"><img loading=\"lazy\" decoding=\"async\" class=\" wp-image-10545\" src=\"https:\/\/blogs.correiobraziliense.com.br\/aricunha\/wp-content\/uploads\/sites\/13\/2018\/04\/O-Garoto-do-Cachecol-Vermelho-1-1-1-1.png\" alt=\"Cartaz: dicasdojess.com\" width=\"820\" height=\"345\" srcset=\"https:\/\/blogs.correiobraziliense.com.br\/aricunha\/wp-content\/uploads\/sites\/13\/2018\/04\/O-Garoto-do-Cachecol-Vermelho-1-1-1-1.png 766w, https:\/\/blogs.correiobraziliense.com.br\/aricunha\/wp-content\/uploads\/sites\/13\/2018\/04\/O-Garoto-do-Cachecol-Vermelho-1-1-1-1-300x126.png 300w, https:\/\/blogs.correiobraziliense.com.br\/aricunha\/wp-content\/uploads\/sites\/13\/2018\/04\/O-Garoto-do-Cachecol-Vermelho-1-1-1-1-350x147.png 350w, https:\/\/blogs.correiobraziliense.com.br\/aricunha\/wp-content\/uploads\/sites\/13\/2018\/04\/O-Garoto-do-Cachecol-Vermelho-1-1-1-1-550x231.png 550w, https:\/\/blogs.correiobraziliense.com.br\/aricunha\/wp-content\/uploads\/sites\/13\/2018\/04\/O-Garoto-do-Cachecol-Vermelho-1-1-1-1-230x97.png 230w\" sizes=\"auto, (max-width: 820px) 100vw, 820px\" \/><figcaption id=\"caption-attachment-10545\" class=\"wp-caption-text\">Cartaz: dicasdojess.com<\/figcaption><\/figure>\n<p style=\"text-align: justify\"><strong>Absurdo<\/strong><\/p>\n<p style=\"text-align: justify\">N\u00e3o h\u00e1 no Lago Norte quem impe\u00e7a propriet\u00e1rios de terrenos a deixar restos de obra, madeira, barras de ferro ao ar livre, formando um criadouro de pragas e bichos pe\u00e7onhentos, colocando em risco a sa\u00fade da comunidade circunvizinha. Fa\u00e7a chuva ou sol, o perigo vai sempre morar ao lado. Livremente, porque quem tem autoridade para impedir, prefere se abster.<\/p>\n<p style=\"text-align: justify\"><strong>HIST\u00d3RIA DE BRAS\u00cdLIA<\/strong><\/p>\n<p style=\"text-align: justify\">E para terminar: mudando o Minist\u00e9rio, quer dizer que o Ministro n\u00e3o sair\u00e1 mais de Bras\u00edlia? Ficar\u00e1 aqui, residir\u00e1 aqui? Pois sim! <strong>(Publicado em 18.10.1961)<\/strong><\/p>\n","protected":false},"excerpt":{"rendered":"<p>ARI CUNHA Visto, lido e ouvido Desde 1960 com Circe Cunha e Mamfil colunadoaricunha@gmail.com; \u00a0\u00a0\u00a0\u00a0\u00a0\u00a0\u00a0\u00a0 Preocupados n\u00e3o s\u00f3 em ganhar o p\u00e3o de cada dia, mas em entregar no prazo a declara\u00e7\u00e3o escorchante do Imposto de Renda, os brasilienses, que tudo financiam, n\u00e3o t\u00eam tempo para acompanhar as estripulias que v\u00eam ocorrendo no Campus da Universidade de Bras\u00edlia, subvertida por [&hellip;]<\/p>\n","protected":false},"author":34,"featured_media":10548,"comment_status":"open","ping_status":"open","sticky":false,"template":"","format":"standard","meta":{"footnotes":""},"categories":[23],"tags":[67],"class_list":["post-10542","post","type-post","status-publish","format-standard","has-post-thumbnail","hentry","category-integra","tag-brasilia-historiadebrasilia-aricunha-circecunha-mamfil"],"_links":{"self":[{"href":"https:\/\/blogs.correiobraziliense.com.br\/aricunha\/wp-json\/wp\/v2\/posts\/10542","targetHints":{"allow":["GET"]}}],"collection":[{"href":"https:\/\/blogs.correiobraziliense.com.br\/aricunha\/wp-json\/wp\/v2\/posts"}],"about":[{"href":"https:\/\/blogs.correiobraziliense.com.br\/aricunha\/wp-json\/wp\/v2\/types\/post"}],"author":[{"embeddable":true,"href":"https:\/\/blogs.correiobraziliense.com.br\/aricunha\/wp-json\/wp\/v2\/users\/34"}],"replies":[{"embeddable":true,"href":"https:\/\/blogs.correiobraziliense.com.br\/aricunha\/wp-json\/wp\/v2\/comments?post=10542"}],"version-history":[{"count":2,"href":"https:\/\/blogs.correiobraziliense.com.br\/aricunha\/wp-json\/wp\/v2\/posts\/10542\/revisions"}],"predecessor-version":[{"id":10549,"href":"https:\/\/blogs.correiobraziliense.com.br\/aricunha\/wp-json\/wp\/v2\/posts\/10542\/revisions\/10549"}],"wp:featuredmedia":[{"embeddable":true,"href":"https:\/\/blogs.correiobraziliense.com.br\/aricunha\/wp-json\/wp\/v2\/media\/10548"}],"wp:attachment":[{"href":"https:\/\/blogs.correiobraziliense.com.br\/aricunha\/wp-json\/wp\/v2\/media?parent=10542"}],"wp:term":[{"taxonomy":"category","embeddable":true,"href":"https:\/\/blogs.correiobraziliense.com.br\/aricunha\/wp-json\/wp\/v2\/categories?post=10542"},{"taxonomy":"post_tag","embeddable":true,"href":"https:\/\/blogs.correiobraziliense.com.br\/aricunha\/wp-json\/wp\/v2\/tags?post=10542"}],"curies":[{"name":"wp","href":"https:\/\/api.w.org\/{rel}","templated":true}]}}