{"id":10536,"date":"2018-04-16T19:58:29","date_gmt":"2018-04-16T22:58:29","guid":{"rendered":"https:\/\/blogs.correiobraziliense.com.br\/aricunha\/?p=10536"},"modified":"2018-04-16T19:58:29","modified_gmt":"2018-04-16T22:58:29","slug":"mais-realista-que-o-rei","status":"publish","type":"post","link":"https:\/\/blogs.correiobraziliense.com.br\/aricunha\/mais-realista-que-o-rei\/","title":{"rendered":"Mais realista que o rei"},"content":{"rendered":"<p style=\"text-align: justify\">ARI CUNHA<\/p>\n<p style=\"text-align: justify\">Visto, lido e ouvido<\/p>\n<p style=\"text-align: justify\">Desde 1960<\/p>\n<p style=\"text-align: justify\">com Circe Cunha e Mamfil<\/p>\n<p style=\"text-align: justify\">colunadoaricunha@gmail.com;<\/p>\n<figure id=\"attachment_10540\" aria-describedby=\"caption-attachment-10540\" style=\"width: 851px\" class=\"wp-caption aligncenter\"><img loading=\"lazy\" decoding=\"async\" class=\"size-full wp-image-10540\" src=\"https:\/\/blogs.correiobraziliense.com.br\/aricunha\/wp-content\/uploads\/sites\/13\/2018\/04\/20476414_1429980437096254_7871957383223928635_n.jpg\" alt=\"Foto: facebook.com\/hcbja\/\" width=\"851\" height=\"315\" srcset=\"https:\/\/blogs.correiobraziliense.com.br\/aricunha\/wp-content\/uploads\/sites\/13\/2018\/04\/20476414_1429980437096254_7871957383223928635_n.jpg 851w, https:\/\/blogs.correiobraziliense.com.br\/aricunha\/wp-content\/uploads\/sites\/13\/2018\/04\/20476414_1429980437096254_7871957383223928635_n-300x111.jpg 300w, https:\/\/blogs.correiobraziliense.com.br\/aricunha\/wp-content\/uploads\/sites\/13\/2018\/04\/20476414_1429980437096254_7871957383223928635_n-768x284.jpg 768w, https:\/\/blogs.correiobraziliense.com.br\/aricunha\/wp-content\/uploads\/sites\/13\/2018\/04\/20476414_1429980437096254_7871957383223928635_n-350x130.jpg 350w, https:\/\/blogs.correiobraziliense.com.br\/aricunha\/wp-content\/uploads\/sites\/13\/2018\/04\/20476414_1429980437096254_7871957383223928635_n-550x204.jpg 550w, https:\/\/blogs.correiobraziliense.com.br\/aricunha\/wp-content\/uploads\/sites\/13\/2018\/04\/20476414_1429980437096254_7871957383223928635_n-230x85.jpg 230w\" sizes=\"auto, (max-width: 851px) 100vw, 851px\" \/><figcaption id=\"caption-attachment-10540\" class=\"wp-caption-text\">Foto: facebook.com\/hcbja\/<\/figcaption><\/figure>\n<p style=\"text-align: justify\">\u00a0 \u00a0 \u00a0 \u00a0No que pese as a\u00e7\u00f5es sempre firmes da 2\u00aa Promotoria de Justi\u00e7a de Defesa de Sa\u00fade do Distrito Federal (Prosus), do Juiz titular da 7\u00aa Vara da Fazenda P\u00fablica e dos desembargadores do Tribunal de Justi\u00e7a do Distrito Federal e Territ\u00f3rios (TJDFT), na defesa do patrim\u00f4nio e das institui\u00e7\u00f5es p\u00fablicas, o caso envolvendo o Hospital da Crian\u00e7a de Bras\u00edlia, por suas m\u00faltiplas implica\u00e7\u00f5es e consequ\u00eancias, vai se mostrando, a cada lance, como um exemplo t\u00edpico de situa\u00e7\u00f5es em que algumas autoridades se mostram mais realistas que o rei.<\/p>\n<p style=\"text-align: justify\">\u00a0 \u00a0 \u00a0 \u00a0 \u00a0 \u00a0Mesmo para a Justi\u00e7a, querer avan\u00e7os para al\u00e9m da fronteira da realidade, calcada apenas nas filigranas da lei, \u00e9, para dizer o m\u00ednimo, uma temeridade. A decis\u00e3o proibindo o Instituto do C\u00e2ncer Infantil e Pediatria Especializada (Icipe) de participar de contratos com o poder p\u00fablico por um per\u00edodo de tr\u00eas anos, faz lembrar epis\u00f3dio semelhante ocorrido com o Hospital Regional de Santa Maria (HRSM), em que o Minist\u00e9rio P\u00fablico do DF, mesmo tendo de reconhecer a excel\u00eancia da gest\u00e3o empreendida pela Real Sociedade Espanhola, desqualificou a organiza\u00e7\u00e3o social, impedindo-a de celebrar futuros contratos.<\/p>\n<p style=\"text-align: justify\">\u00a0\u00a0\u00a0\u00a0\u00a0\u00a0\u00a0 \u00a0O que chegou a ser um hospital com n\u00edvel de atendimento reconhecido por todos, inclusive por especialistas internacionais, \u00e9 hoje mais um hospital a retratar o quadro de mis\u00e9rias exibido pelo terceiro mundo.<\/p>\n<p style=\"text-align: justify\">\u00a0 \u00a0 \u00a0 \u00a0A quest\u00e3o sens\u00edvel, que fica nesse e em outros casos, \u00e9: Como esses fiscais t\u00e3o zelosos da lei em momento nenhum enxergaram irregularidades em obras gigantescas e in\u00fateis como o Est\u00e1dio Man\u00e9 Garrincha, o Centro Administrativo \u2013 Buritinga, a reforma do Centro de Conven\u00e7\u00f5es e outras in\u00fameras obras onerosas e suspeitas? Preferem mudar o que est\u00e1 certo e beneficia a popula\u00e7\u00e3o.<\/p>\n<p style=\"text-align: justify\">\u00a0\u00a0\u00a0\u00a0\u00a0\u00a0\u00a0 \u00a0Se o pr\u00f3prio GDF admite, na figura do governador e do Secret\u00e1rio de Sa\u00fade, que o governo n\u00e3o tem interesse e muito menos capacidade semelhante para gerir o HCB, chegando mesmo a se referir a atua\u00e7\u00e3o da justi\u00e7a, nesse caso, como persegui\u00e7\u00e3o motivada por raz\u00f5es ideol\u00f3gicas. \u201cN\u00e3o podemos perder um modelo de gest\u00e3o vitorioso, capaz de prestar um excelente servi\u00e7o ao DF, principalmente em um momento em que estamos prestes a inaugurar um novo bloco, com 202 leitos\u201d, afirmou Rollemberg, ao destacar a inten\u00e7\u00e3o de recorrer \u00e0 justi\u00e7a para manter o Icipe \u00e0 frente da administra\u00e7\u00e3o do hospital do C\u00e2ncer de Bras\u00edlia.<\/p>\n<p style=\"text-align: justify\">\u00a0 \u00a0 \u00a0 \u00a0 A bem da verdade, se a Associa\u00e7\u00e3o Brasileira de Assist\u00eancia \u00e0s Fam\u00edlias de Crian\u00e7as Portadoras de C\u00e2ncer e Homeopatias (Abrace) pudesse antever o tamanho do problema que enfrentaria quando aceitou construir a sede do HCB em terreno p\u00fablico doado pelo GDF, com certeza teria ficado bem longe dessa parceria. Bom que fique registrado que o Hospital S\u00edrio Liban\u00eas recusou qualquer benesse do governo exatamente para n\u00e3o ficar preso a esse tipo de politicagem.<\/p>\n<p style=\"text-align: justify\">\u00a0 \u00a0 \u00a0 \u00a0 Agora caber\u00e1 aos \u00f3rg\u00e3os de justi\u00e7a, que deram in\u00edcio a esse imbr\u00f3glio, encontrar, o quanto antes, uma solu\u00e7\u00e3o adequada e definitiva para esse caso, evitando assim a descontinuidade desses bons servi\u00e7os prestados pelo HCB, o que seria infinitamente mais danoso para a comunidade do que qualquer poss\u00edvel repara\u00e7\u00e3o que venha ser acertada.<\/p>\n<p>https:\/\/www.facebook.com\/hcbja\/videos\/1543692729058357\/<\/p>\n<p style=\"text-align: justify\"><strong>A frase que n\u00e3o foi pronunciada:<\/strong><\/p>\n<p style=\"text-align: justify\">\u201c Se atende o povo, vamos destruir!\u201d<\/p>\n<p style=\"text-align: justify\">Som inaud\u00edvel das decis\u00f5es tomadas no DF<\/p>\n<figure id=\"attachment_10539\" aria-describedby=\"caption-attachment-10539\" style=\"width: 750px\" class=\"wp-caption aligncenter\"><img loading=\"lazy\" decoding=\"async\" class=\"size-full wp-image-10539\" src=\"https:\/\/blogs.correiobraziliense.com.br\/aricunha\/wp-content\/uploads\/sites\/13\/2018\/04\/1485288882-880565793.jpg\" alt=\"Charge: imirante.com\" width=\"750\" height=\"430\" srcset=\"https:\/\/blogs.correiobraziliense.com.br\/aricunha\/wp-content\/uploads\/sites\/13\/2018\/04\/1485288882-880565793.jpg 750w, https:\/\/blogs.correiobraziliense.com.br\/aricunha\/wp-content\/uploads\/sites\/13\/2018\/04\/1485288882-880565793-300x172.jpg 300w, https:\/\/blogs.correiobraziliense.com.br\/aricunha\/wp-content\/uploads\/sites\/13\/2018\/04\/1485288882-880565793-350x201.jpg 350w, https:\/\/blogs.correiobraziliense.com.br\/aricunha\/wp-content\/uploads\/sites\/13\/2018\/04\/1485288882-880565793-550x315.jpg 550w, https:\/\/blogs.correiobraziliense.com.br\/aricunha\/wp-content\/uploads\/sites\/13\/2018\/04\/1485288882-880565793-230x132.jpg 230w\" sizes=\"auto, (max-width: 750px) 100vw, 750px\" \/><figcaption id=\"caption-attachment-10539\" class=\"wp-caption-text\">Charge: imirante.com<\/figcaption><\/figure>\n<p style=\"text-align: justify\"><strong>Fonte de pesquisa<\/strong><\/p>\n<p style=\"text-align: justify\">No portal <a href=\"http:\/\/www.politicos.org.br\">http:\/\/www.politicos.org.br<\/a>, a senadora Ana Am\u00e9lia conquistou o primeiro lugar como parlamentar do Senado. H\u00e1 6 deputados federais na frente. Ass\u00eddua nas sess\u00f5es e com a alta nota na qualidade legislativa, o \u00fanico zero no quadro da senadora \u00e9 que h\u00e1 zero processo judicial. Os deputados federais nos tr\u00eas primeiros lugares s\u00e3o: o ga\u00facho Luis Carlos Heinze, Lobbe Neto por S\u00e3o Paulo, e Pedro Vilela por Alagoas.<\/p>\n<figure id=\"attachment_10517\" aria-describedby=\"caption-attachment-10517\" style=\"width: 757px\" class=\"wp-caption aligncenter\"><img loading=\"lazy\" decoding=\"async\" class=\" wp-image-10517\" src=\"https:\/\/blogs.correiobraziliense.com.br\/aricunha\/wp-content\/uploads\/sites\/13\/2018\/04\/not_20171130246050959_gg.jpg\" alt=\"Foto: rduirapuru.com.br\" width=\"757\" height=\"502\" srcset=\"https:\/\/blogs.correiobraziliense.com.br\/aricunha\/wp-content\/uploads\/sites\/13\/2018\/04\/not_20171130246050959_gg.jpg 724w, https:\/\/blogs.correiobraziliense.com.br\/aricunha\/wp-content\/uploads\/sites\/13\/2018\/04\/not_20171130246050959_gg-300x199.jpg 300w, https:\/\/blogs.correiobraziliense.com.br\/aricunha\/wp-content\/uploads\/sites\/13\/2018\/04\/not_20171130246050959_gg-350x232.jpg 350w, https:\/\/blogs.correiobraziliense.com.br\/aricunha\/wp-content\/uploads\/sites\/13\/2018\/04\/not_20171130246050959_gg-550x365.jpg 550w, https:\/\/blogs.correiobraziliense.com.br\/aricunha\/wp-content\/uploads\/sites\/13\/2018\/04\/not_20171130246050959_gg-230x152.jpg 230w\" sizes=\"auto, (max-width: 757px) 100vw, 757px\" \/><figcaption id=\"caption-attachment-10517\" class=\"wp-caption-text\">Foto: rduirapuru.com.br<\/figcaption><\/figure>\n<p style=\"text-align: justify\"><strong>Ele merece<\/strong><\/p>\n<p style=\"text-align: justify\">Sempre compartilhando a alegria do reconhecimento, o professor Nagib Nassar vai comemorar com os amigos a concess\u00e3o do t\u00edtulo honor\u00e1rio de pesquisador em\u00e9rito pelo CNPQ. A solenidade ser\u00e1 no dia 9 de maio e a condecora\u00e7\u00e3o ser\u00e1 entregue pelo ministro Gilberto Kassab, da Ci\u00eancia e Tecnologia. As comemora\u00e7\u00f5es v\u00e3o come\u00e7ar mais cedo. Amanh\u00e3, \u00e0s 17h, na Doceria Das Haus, na 104 Norte. Para quem n\u00e3o conhece o professor, ele \u00e9 o comandante da Funda\u00e7\u00e3o Nagib Nassar para desenvolvimento Cient\u00edfico e Sustent\u00e1vel. Capaz de acabar com a fome no Brasil e no mundo com esp\u00e9cies de mandiocas.<\/p>\n<figure id=\"attachment_10537\" aria-describedby=\"caption-attachment-10537\" style=\"width: 754px\" class=\"wp-caption aligncenter\"><img loading=\"lazy\" decoding=\"async\" class=\"size-full wp-image-10537\" src=\"https:\/\/blogs.correiobraziliense.com.br\/aricunha\/wp-content\/uploads\/sites\/13\/2018\/04\/10012017_mandioca1_lgprado.jpg\" alt=\"Foto: radios.ebc.com.br\" width=\"754\" height=\"501\" srcset=\"https:\/\/blogs.correiobraziliense.com.br\/aricunha\/wp-content\/uploads\/sites\/13\/2018\/04\/10012017_mandioca1_lgprado.jpg 754w, https:\/\/blogs.correiobraziliense.com.br\/aricunha\/wp-content\/uploads\/sites\/13\/2018\/04\/10012017_mandioca1_lgprado-300x199.jpg 300w, https:\/\/blogs.correiobraziliense.com.br\/aricunha\/wp-content\/uploads\/sites\/13\/2018\/04\/10012017_mandioca1_lgprado-350x233.jpg 350w, https:\/\/blogs.correiobraziliense.com.br\/aricunha\/wp-content\/uploads\/sites\/13\/2018\/04\/10012017_mandioca1_lgprado-550x365.jpg 550w, https:\/\/blogs.correiobraziliense.com.br\/aricunha\/wp-content\/uploads\/sites\/13\/2018\/04\/10012017_mandioca1_lgprado-230x153.jpg 230w\" sizes=\"auto, (max-width: 754px) 100vw, 754px\" \/><figcaption id=\"caption-attachment-10537\" class=\"wp-caption-text\">Foto: radios.ebc.com.br<\/figcaption><\/figure>\n<p style=\"text-align: justify\"><strong>HIST\u00d3RIA DE BRAS\u00cdLIA<\/strong><\/p>\n<p style=\"text-align: justify\">\u00c9 tempo do presidente sustar essa manobra infeliz e desleal para com a cidade. Um Minist\u00e9rio em instala\u00e7\u00f5es por provis\u00f3rias que sejam, fora da Esplanada dos Minist\u00e9rios, \u00e9 um absurdo. <strong>(Publicado em 18.10.1961)<\/strong><\/p>\n","protected":false},"excerpt":{"rendered":"<p>ARI CUNHA Visto, lido e ouvido Desde 1960 com Circe Cunha e Mamfil colunadoaricunha@gmail.com; \u00a0 \u00a0 \u00a0 \u00a0No que pese as a\u00e7\u00f5es sempre firmes da 2\u00aa Promotoria de Justi\u00e7a de Defesa de Sa\u00fade do Distrito Federal (Prosus), do Juiz titular da 7\u00aa Vara da Fazenda P\u00fablica e dos desembargadores do Tribunal de Justi\u00e7a do Distrito Federal e Territ\u00f3rios (TJDFT), na [&hellip;]<\/p>\n","protected":false},"author":34,"featured_media":10540,"comment_status":"open","ping_status":"open","sticky":false,"template":"","format":"standard","meta":{"footnotes":""},"categories":[23],"tags":[67],"class_list":["post-10536","post","type-post","status-publish","format-standard","has-post-thumbnail","hentry","category-integra","tag-brasilia-historiadebrasilia-aricunha-circecunha-mamfil"],"_links":{"self":[{"href":"https:\/\/blogs.correiobraziliense.com.br\/aricunha\/wp-json\/wp\/v2\/posts\/10536","targetHints":{"allow":["GET"]}}],"collection":[{"href":"https:\/\/blogs.correiobraziliense.com.br\/aricunha\/wp-json\/wp\/v2\/posts"}],"about":[{"href":"https:\/\/blogs.correiobraziliense.com.br\/aricunha\/wp-json\/wp\/v2\/types\/post"}],"author":[{"embeddable":true,"href":"https:\/\/blogs.correiobraziliense.com.br\/aricunha\/wp-json\/wp\/v2\/users\/34"}],"replies":[{"embeddable":true,"href":"https:\/\/blogs.correiobraziliense.com.br\/aricunha\/wp-json\/wp\/v2\/comments?post=10536"}],"version-history":[{"count":2,"href":"https:\/\/blogs.correiobraziliense.com.br\/aricunha\/wp-json\/wp\/v2\/posts\/10536\/revisions"}],"predecessor-version":[{"id":10541,"href":"https:\/\/blogs.correiobraziliense.com.br\/aricunha\/wp-json\/wp\/v2\/posts\/10536\/revisions\/10541"}],"wp:featuredmedia":[{"embeddable":true,"href":"https:\/\/blogs.correiobraziliense.com.br\/aricunha\/wp-json\/wp\/v2\/media\/10540"}],"wp:attachment":[{"href":"https:\/\/blogs.correiobraziliense.com.br\/aricunha\/wp-json\/wp\/v2\/media?parent=10536"}],"wp:term":[{"taxonomy":"category","embeddable":true,"href":"https:\/\/blogs.correiobraziliense.com.br\/aricunha\/wp-json\/wp\/v2\/categories?post=10536"},{"taxonomy":"post_tag","embeddable":true,"href":"https:\/\/blogs.correiobraziliense.com.br\/aricunha\/wp-json\/wp\/v2\/tags?post=10536"}],"curies":[{"name":"wp","href":"https:\/\/api.w.org\/{rel}","templated":true}]}}