{"id":10502,"date":"2018-04-13T22:45:58","date_gmt":"2018-04-14T01:45:58","guid":{"rendered":"https:\/\/blogs.correiobraziliense.com.br\/aricunha\/?p=10502"},"modified":"2018-04-13T22:45:58","modified_gmt":"2018-04-14T01:45:58","slug":"transporte-publico-antiquado-numa-cidade-moderna","status":"publish","type":"post","link":"https:\/\/blogs.correiobraziliense.com.br\/aricunha\/transporte-publico-antiquado-numa-cidade-moderna\/","title":{"rendered":"Transporte p\u00fablico antiquado numa cidade moderna"},"content":{"rendered":"<p style=\"text-align: justify\">ARI CUNHA<\/p>\n<p style=\"text-align: justify\">Visto, lido e ouvido<\/p>\n<p style=\"text-align: justify\">Desde 1960<\/p>\n<p style=\"text-align: justify\">com Circe Cunha e Mamfil<\/p>\n<p style=\"text-align: justify\">colunadoaricunha@gmail.com;<\/p>\n<figure id=\"attachment_10504\" aria-describedby=\"caption-attachment-10504\" style=\"width: 818px\" class=\"wp-caption aligncenter\"><img loading=\"lazy\" decoding=\"async\" class=\" wp-image-10504\" src=\"https:\/\/blogs.correiobraziliense.com.br\/aricunha\/wp-content\/uploads\/sites\/13\/2018\/04\/\u00f4nibus.jpg\" alt=\"Foto: doplenario.com.br\" width=\"818\" height=\"367\" srcset=\"https:\/\/blogs.correiobraziliense.com.br\/aricunha\/wp-content\/uploads\/sites\/13\/2018\/04\/\u00f4nibus.jpg 640w, https:\/\/blogs.correiobraziliense.com.br\/aricunha\/wp-content\/uploads\/sites\/13\/2018\/04\/\u00f4nibus-300x135.jpg 300w, https:\/\/blogs.correiobraziliense.com.br\/aricunha\/wp-content\/uploads\/sites\/13\/2018\/04\/\u00f4nibus-350x157.jpg 350w, https:\/\/blogs.correiobraziliense.com.br\/aricunha\/wp-content\/uploads\/sites\/13\/2018\/04\/\u00f4nibus-550x247.jpg 550w, https:\/\/blogs.correiobraziliense.com.br\/aricunha\/wp-content\/uploads\/sites\/13\/2018\/04\/\u00f4nibus-230x103.jpg 230w\" sizes=\"auto, (max-width: 818px) 100vw, 818px\" \/><figcaption id=\"caption-attachment-10504\" class=\"wp-caption-text\">Foto: doplenario.com.br<\/figcaption><\/figure>\n<p style=\"text-align: justify\">\u00a0\u00a0\u00a0\u00a0\u00a0\u00a0 Com uma frota que j\u00e1 se aproxima dos 2 milh\u00f5es de ve\u00edculos, circulando diariamente por todo o Distrito Federal, ou um carro para cada 1,5 habitante, a quest\u00e3o da mobilidade urbana na capital vai caminhando rapidamente para o colapso, restando, cada vez mais, poucas alternativas para conter a satura\u00e7\u00e3o das vias.<\/p>\n<p style=\"text-align: justify\">\u00a0\u00a0\u00a0\u00a0\u00a0\u00a0\u00a0 O mais impressionante \u00e9 que a cidade foi concebida justamente numa \u00e9poca de grande expans\u00e3o e entusiasmo pelo advento da ind\u00fastria automobil\u00edstica, num per\u00edodo em que se acreditava que o carro representaria a grande conquista do homem moderno, capaz de proporcionar-lhe agilidade e independ\u00eancia, num mundo em que a velocidade e as m\u00e1quinas iriam libertar a sociedade de um passado lento e moroso.<\/p>\n<p style=\"text-align: justify\">\u00a0\u00a0\u00a0\u00a0\u00a0\u00a0\u00a0\u00a0 Com o tra\u00e7ado de suas vias retas e largas, Bras\u00edlia era o prot\u00f3tipo da cidade pensada para ser a capital onde os autom\u00f3veis poderiam literalmente voar de um extremo ao outro, em quest\u00f5es de minutos, sem impedimentos e com seguran\u00e7a. O problema com previs\u00f5es otimistas, num pa\u00eds conhecido pelos improvisos de \u00faltima hora, \u00e9 que a cada futuro que vai chegando, as expectativas simplesmente deixam de acontecer e, para contornar essas frustra\u00e7\u00f5es, v\u00e3o sendo feitos remendos sobre remendos, de modo a adiar, sine die, uma solu\u00e7\u00e3o definitiva e satisfat\u00f3ria.<\/p>\n<p style=\"text-align: justify\">\u00a0 \u00a0\u00a0\u00a0\u00a0\u00a0\u00a0Exemplo desses improvisos s\u00e3o as obras, sem fim, que acontecem no tra\u00e7ado das vias, com o alargamento das pistas, o encolhimento de cal\u00e7adas, a constru\u00e7\u00e3o apressada e com pouco planejamento de atalhos, viadutos, pontes, novos acessos, mudan\u00e7as de dire\u00e7\u00e3o nas vias e outras obras vi\u00e1rias que resolvem apenas problemas de momento, mas que em breve se mostram ainda mais danosas para a quest\u00e3o da mobilidade.<\/p>\n<p style=\"text-align: justify\">\u00a0\u00a0\u00a0\u00a0\u00a0\u00a0\u00a0 O pior nesses casos \u00e9 quando uma quest\u00e3o eminentemente t\u00e9cnica e delicada como essa, cai nas m\u00e3os de pol\u00edticos e se transforma em assunto de barganhas e quedas de bra\u00e7os in\u00fateis e, portanto, sem solu\u00e7\u00e3o minimamente adequada.<\/p>\n<figure id=\"attachment_10505\" aria-describedby=\"caption-attachment-10505\" style=\"width: 389px\" class=\"wp-caption alignleft\"><img loading=\"lazy\" decoding=\"async\" class=\" wp-image-10505\" src=\"https:\/\/blogs.correiobraziliense.com.br\/aricunha\/wp-content\/uploads\/sites\/13\/2018\/04\/engarrafamento2.jpg\" alt=\"Foto: ambientetransporte.blogspot.com.br\" width=\"389\" height=\"330\" srcset=\"https:\/\/blogs.correiobraziliense.com.br\/aricunha\/wp-content\/uploads\/sites\/13\/2018\/04\/engarrafamento2.jpg 489w, https:\/\/blogs.correiobraziliense.com.br\/aricunha\/wp-content\/uploads\/sites\/13\/2018\/04\/engarrafamento2-300x255.jpg 300w, https:\/\/blogs.correiobraziliense.com.br\/aricunha\/wp-content\/uploads\/sites\/13\/2018\/04\/engarrafamento2-350x297.jpg 350w, https:\/\/blogs.correiobraziliense.com.br\/aricunha\/wp-content\/uploads\/sites\/13\/2018\/04\/engarrafamento2-230x195.jpg 230w\" sizes=\"auto, (max-width: 389px) 100vw, 389px\" \/><figcaption id=\"caption-attachment-10505\" class=\"wp-caption-text\">Foto: ambientetransporte.blogspot.com.br<\/figcaption><\/figure>\n<p style=\"text-align: justify\">\u00a0\u00a0\u00a0\u00a0\u00a0\u00a0\u00a0As reten\u00e7\u00f5es e congestionamentos cada vez mais intensos, at\u00e9 fora das horas de pico, provocam preju\u00edzos de grande monta para a economia da cidade. Num ambiente de desordem como esse, os \u00fanicos beneficiados s\u00e3o os \u00f3rg\u00e3os arrecadadores de tr\u00e2nsito, incluindo a\u00ed os pardais, os donos de postos de combust\u00edvel, os servi\u00e7os de mec\u00e2nica, as revendedoras de autom\u00f3veis e os propriet\u00e1rios de transportes piratas.<\/p>\n<p style=\"text-align: justify\">\u00a0\u00a0\u00a0\u00a0\u00a0\u00a0\u00a0 A op\u00e7\u00e3o do brasiliense pela utiliza\u00e7\u00e3o di\u00e1ria do carro pr\u00f3prio, decorre, basicamente da precariedade geral dos transportes p\u00fablicos, que circulam lotados, em p\u00e9ssimas condi\u00e7\u00f5es de manuten\u00e7\u00e3o, sem o cumprimento de hor\u00e1rios fixos e ainda por cima sujeitos \u00e0 a\u00e7\u00e3o de criminosos que constantemente promovem assaltos \u00e0 passageiros, tanto nas paradas, como dentro dos ve\u00edculos. Em 2017 houve, em m\u00e9dia, oito assaltos a \u00f4nibus por dia. A situa\u00e7\u00e3o tem se tornado t\u00e3o corriqueira que os usu\u00e1rios do transporte p\u00fablico, passaram a adotar medidas pr\u00f3prias para minimizar os efeitos da criminalidade, como sair de casa sem celular, com pouqu\u00edssimo dinheiro e sem carregar objetos de valor.<\/p>\n<p style=\"text-align: justify\">\u00a0\u00a0\u00a0\u00a0\u00a0\u00a0\u00a0 Mesmo a Secretaria de Seguran\u00e7a, diante da viol\u00eancia no transporte p\u00fablico, pouco pode fazer. Apenas recomenda que os usu\u00e1rios de \u00f4nibus saiam de casa prevenidos e sem levar pertences de valor. A falta de uma fiscaliza\u00e7\u00e3o s\u00e9ria tem sido apontada por especialistas como o maior fator a comprometer o transporte popular. S\u00e3o quase 900 mil usu\u00e1rios que dependem de melhores pol\u00edticas p\u00fablicas de mobilidade.<\/p>\n<p style=\"text-align: justify\"><strong>A frase que n\u00e3o foi pronunciada:<\/strong><\/p>\n<p style=\"text-align: justify\">\u201c Est\u00e1 vendo alguma autoridade de Bras\u00edlia andando no transporte p\u00fablico? Ent\u00e3o ele n\u00e3o \u00e9 bom.\u201d<\/p>\n<p style=\"text-align: justify\">Algu\u00e9m do controle de qualidade<\/p>\n<p style=\"text-align: justify\"><strong>\u00a0<\/strong><\/p>\n<figure id=\"attachment_10503\" aria-describedby=\"caption-attachment-10503\" style=\"width: 591px\" class=\"wp-caption aligncenter\"><img loading=\"lazy\" decoding=\"async\" class=\" wp-image-10503\" src=\"https:\/\/blogs.correiobraziliense.com.br\/aricunha\/wp-content\/uploads\/sites\/13\/2018\/04\/image.jpg\" alt=\"Charge: hojeemdia.com.br\" width=\"591\" height=\"411\" srcset=\"https:\/\/blogs.correiobraziliense.com.br\/aricunha\/wp-content\/uploads\/sites\/13\/2018\/04\/image.jpg 490w, https:\/\/blogs.correiobraziliense.com.br\/aricunha\/wp-content\/uploads\/sites\/13\/2018\/04\/image-300x209.jpg 300w, https:\/\/blogs.correiobraziliense.com.br\/aricunha\/wp-content\/uploads\/sites\/13\/2018\/04\/image-350x244.jpg 350w, https:\/\/blogs.correiobraziliense.com.br\/aricunha\/wp-content\/uploads\/sites\/13\/2018\/04\/image-230x160.jpg 230w\" sizes=\"auto, (max-width: 591px) 100vw, 591px\" \/><figcaption id=\"caption-attachment-10503\" class=\"wp-caption-text\">Charge: hojeemdia.com.br<\/figcaption><\/figure>\n<p style=\"text-align: justify\"><strong>Feira dos Pa\u00edses<\/strong><\/p>\n<p style=\"text-align: justify\">Similar \u00e0 agricultura familiar, a exposi\u00e7\u00e3o que est\u00e1 no Shopping Iguatemi \u00e9 a forma de sobreviv\u00eancia de fam\u00edlias de v\u00e1rios pa\u00edses. At\u00e9 o dia 29, o brasiliense poder\u00e1 apreciar a cultura de v\u00e1rios continentes, desde bijuterias a artigos de decora\u00e7\u00e3o. A realizadora do evento \u00e9 Ana Carolina de Souza Ribeiro, da catarinense Novita Comunica\u00e7\u00e3o.<\/p>\n<p style=\"text-align: justify\"><img loading=\"lazy\" decoding=\"async\" class=\"size-full wp-image-10507 aligncenter\" src=\"https:\/\/blogs.correiobraziliense.com.br\/aricunha\/wp-content\/uploads\/sites\/13\/2018\/04\/28870032_1657296181004401_7655719792785476694_n.jpg\" alt=\"\" width=\"820\" height=\"312\" srcset=\"https:\/\/blogs.correiobraziliense.com.br\/aricunha\/wp-content\/uploads\/sites\/13\/2018\/04\/28870032_1657296181004401_7655719792785476694_n.jpg 820w, https:\/\/blogs.correiobraziliense.com.br\/aricunha\/wp-content\/uploads\/sites\/13\/2018\/04\/28870032_1657296181004401_7655719792785476694_n-300x114.jpg 300w, https:\/\/blogs.correiobraziliense.com.br\/aricunha\/wp-content\/uploads\/sites\/13\/2018\/04\/28870032_1657296181004401_7655719792785476694_n-768x292.jpg 768w, https:\/\/blogs.correiobraziliense.com.br\/aricunha\/wp-content\/uploads\/sites\/13\/2018\/04\/28870032_1657296181004401_7655719792785476694_n-350x133.jpg 350w, https:\/\/blogs.correiobraziliense.com.br\/aricunha\/wp-content\/uploads\/sites\/13\/2018\/04\/28870032_1657296181004401_7655719792785476694_n-550x209.jpg 550w, https:\/\/blogs.correiobraziliense.com.br\/aricunha\/wp-content\/uploads\/sites\/13\/2018\/04\/28870032_1657296181004401_7655719792785476694_n-230x88.jpg 230w\" sizes=\"auto, (max-width: 820px) 100vw, 820px\" \/><\/p>\n<p style=\"text-align: justify\">Link:\u00a0<a href=\"https:\/\/www.facebook.com\/FeiradosPaisesOficial\/\">https:\/\/www.facebook.com\/FeiradosPaisesOficial\/<\/a><\/p>\n<p style=\"text-align: justify\"><strong>Release<\/strong><\/p>\n<p style=\"text-align: justify\">Autor de um minucioso estudo publicado com diversas sugest\u00f5es para a reconstru\u00e7\u00e3o da pol\u00edtica brasileira, o senador Fernando Collor defende uma profunda reforma constitucional. O Congresso Nacional renovado precisa enxugar a Constitui\u00e7\u00e3o e tornar seu texto mais claro e arejado em nome da governabilidade e da seguran\u00e7a jur\u00eddica. Uma das ideias do senador \u00e9 a convoca\u00e7\u00e3o de uma nova assembleia constituinte, de prefer\u00eancia exclusiva e concomitante \u00e0 legislatura de 2022.\u00a0 O ponto de partida seria a retomada do debate para instituir o parlamentarismo e, consequentemente, promover a t\u00e3o sonhada reforma pol\u00edtica.<\/p>\n<p style=\"text-align: justify\"><strong>Milton Ramos<\/strong><\/p>\n<p style=\"text-align: justify\">Ana Cristina Ramos agradece a homenagem prestada a Milton Ramos, seu pai, na abertura da exposi\u00e7\u00e3o \u201cDesenhando para um Pal\u00e1cio \u2013 o Itamaraty e o design\u201d.<\/p>\n<p style=\"text-align: justify\"><strong>HIST\u00d3RIA DE BRAS\u00cdLIA<\/strong><\/p>\n<p style=\"text-align: justify\">Outro erro da nota, prova que o ministro n\u00e3o vai ao seu gabinete, quando diz que o Minist\u00e9rio ocupa apenas um andar na Esplanada. N\u00e3o \u00e9 verdade. Ocupa dois. <strong>(Publicado em 18.10.1961)<\/strong><\/p>\n","protected":false},"excerpt":{"rendered":"<p>ARI CUNHA Visto, lido e ouvido Desde 1960 com Circe Cunha e Mamfil colunadoaricunha@gmail.com; \u00a0\u00a0\u00a0\u00a0\u00a0\u00a0 Com uma frota que j\u00e1 se aproxima dos 2 milh\u00f5es de ve\u00edculos, circulando diariamente por todo o Distrito Federal, ou um carro para cada 1,5 habitante, a quest\u00e3o da mobilidade urbana na capital vai caminhando rapidamente para o colapso, restando, cada vez mais, poucas alternativas [&hellip;]<\/p>\n","protected":false},"author":34,"featured_media":10504,"comment_status":"open","ping_status":"open","sticky":false,"template":"","format":"standard","meta":{"footnotes":""},"categories":[23],"tags":[67],"class_list":["post-10502","post","type-post","status-publish","format-standard","has-post-thumbnail","hentry","category-integra","tag-brasilia-historiadebrasilia-aricunha-circecunha-mamfil"],"_links":{"self":[{"href":"https:\/\/blogs.correiobraziliense.com.br\/aricunha\/wp-json\/wp\/v2\/posts\/10502","targetHints":{"allow":["GET"]}}],"collection":[{"href":"https:\/\/blogs.correiobraziliense.com.br\/aricunha\/wp-json\/wp\/v2\/posts"}],"about":[{"href":"https:\/\/blogs.correiobraziliense.com.br\/aricunha\/wp-json\/wp\/v2\/types\/post"}],"author":[{"embeddable":true,"href":"https:\/\/blogs.correiobraziliense.com.br\/aricunha\/wp-json\/wp\/v2\/users\/34"}],"replies":[{"embeddable":true,"href":"https:\/\/blogs.correiobraziliense.com.br\/aricunha\/wp-json\/wp\/v2\/comments?post=10502"}],"version-history":[{"count":2,"href":"https:\/\/blogs.correiobraziliense.com.br\/aricunha\/wp-json\/wp\/v2\/posts\/10502\/revisions"}],"predecessor-version":[{"id":10508,"href":"https:\/\/blogs.correiobraziliense.com.br\/aricunha\/wp-json\/wp\/v2\/posts\/10502\/revisions\/10508"}],"wp:featuredmedia":[{"embeddable":true,"href":"https:\/\/blogs.correiobraziliense.com.br\/aricunha\/wp-json\/wp\/v2\/media\/10504"}],"wp:attachment":[{"href":"https:\/\/blogs.correiobraziliense.com.br\/aricunha\/wp-json\/wp\/v2\/media?parent=10502"}],"wp:term":[{"taxonomy":"category","embeddable":true,"href":"https:\/\/blogs.correiobraziliense.com.br\/aricunha\/wp-json\/wp\/v2\/categories?post=10502"},{"taxonomy":"post_tag","embeddable":true,"href":"https:\/\/blogs.correiobraziliense.com.br\/aricunha\/wp-json\/wp\/v2\/tags?post=10502"}],"curies":[{"name":"wp","href":"https:\/\/api.w.org\/{rel}","templated":true}]}}