{"id":10452,"date":"2018-04-07T11:40:28","date_gmt":"2018-04-07T14:40:28","guid":{"rendered":"https:\/\/blogs.correiobraziliense.com.br\/aricunha\/?p=10452"},"modified":"2018-04-09T19:19:57","modified_gmt":"2018-04-09T22:19:57","slug":"lula-se-apresentara-policia-federal-apos-missa","status":"publish","type":"post","link":"https:\/\/blogs.correiobraziliense.com.br\/aricunha\/lula-se-apresentara-policia-federal-apos-missa\/","title":{"rendered":"Portal Vermelho informa: Lula se apresentar\u00e1 \u00e0 Pol\u00edcia Federal ap\u00f3s a missa"},"content":{"rendered":"<p style=\"text-align: justify\">ARI CUNHA<\/p>\n<p style=\"text-align: justify\">Visto, lido e ouvido<\/p>\n<p style=\"text-align: justify\">Desde 1960<\/p>\n<p style=\"text-align: justify\">com Circe Cunha e Mamfil<\/p>\n<p style=\"text-align: justify\">colunadoaricunha@gmail.com;<\/p>\n<div class=\"\">\n<header class=\"single-header\">\n<p style=\"text-align: right\">Dia: 07\/04\/2018 \u00e0s 10:56:18<\/p>\n<div align=\"right\"><a><img decoding=\"async\" src=\"http:\/\/vermelho.org.br\/img\/fonte_mais.jpg\" alt=\"\" border=\"0\" \/><\/a>\u00a0<a><img decoding=\"async\" src=\"http:\/\/vermelho.org.br\/img\/fonte_menos.jpg\" alt=\"\" border=\"0\" \/><\/a><\/div>\n<\/header>\n<\/div>\n<h2 class=\"single-subtitle\" style=\"text-align: center\">O ex-presidente Luiz In\u00e1cio Lula da Silva dever\u00e1 ser conduzido \u00e0 sede da Pol\u00edcia Federal em S\u00e3o Paulo neste s\u00e1bado (7), depois da missa em homenagem a Dona Marisa Let\u00edcia, realizada pela manh\u00e3 no Sindicato dos Metal\u00fargicos do ABC. A informa\u00e7\u00e3o foi confirmada pelo l\u00edder do Movimento Sem Terra, Jo\u00e3o Pedro St\u00e9dile, que anunciou a instala\u00e7\u00e3o de um acampamento permanente ao redor da Pol\u00edcia Federal em Curitiba.<\/h2>\n<div class=\"box-imagem-direita\">\n<p><a href=\"http:\/\/www.vermelho.org.br\/admin\/arquivos\/biblioteca\/lula117982.jpg\" rel=\"shadowbox[gb]\"><img loading=\"lazy\" decoding=\"async\" class=\"aligncenter\" title=\"\u00a0\" src=\"http:\/\/www.vermelho.org.br\/admin\/arquivos\/biblioteca\/lula117982.jpg\" alt=\"\u00a0\" width=\"556\" height=\"370\" \/><\/a><\/p>\n<\/div>\n<div id=\"txt_home\" class=\"htmlchars\">\n<p style=\"text-align: justify\">\u00a0 \u00a0 \u00a0 \u00a0 \u00a0 \u00a0Durante toda a madrugada, os advogados de defesa negociaram com a Pol\u00edcia Federal. De acordo com St\u00e9dile, com o objetivo de preservar Lula para o que ele chamou de \u201cbatalha final\u201d, a decis\u00e3o foi a de que o petista se entregar\u00e1 neste s\u00e1bado, como forma de impedir que o juiz S\u00e9rgio Moro decretasse uma pris\u00e3o preventiva contra ele. A expectativa, afirmou, \u00e9 de que Lula fique preso por um curto per\u00edodo, at\u00e9 que sejam julgados os habeas corpus que garantiriam a sua liberdade, na semana que vem.<\/p>\n<p style=\"text-align: justify\">\u00a0 \u00a0 \u00a0 \u00a0 \u201cO objetivo principal da burguesia agora \u00e9 capturar o Lula. Nosso objetivo \u00e9 preserv\u00e1-lo para a vit\u00f3ria final. Ent\u00e3o, nesse momento, do ponto de vista da estrat\u00e9gia judicial, para preservar o Lula, \u00e9 melhor que ele se entregue agora e saia em uma semana, que correr o risco de decretarem pris\u00e3o preventiva, que \u00e9 uma pris\u00e3o que o juiz decreta e, por 80 dias, n\u00e3o h\u00e1 condi\u00e7\u00f5es de habeas corpus\u201d, afirmou.<\/p>\n<p style=\"text-align: justify\">\u00a0 \u00a0 \u00a0 \u00a0 \u00a0De acordo com ele, j\u00e1 havia articula\u00e7\u00f5es por parte do juiz S\u00e9rgio Moro nesse sentido. \u201cCorr\u00edamos o risco de Moro decretar a pris\u00e3o preventiva e eles inutilizarem o Lula por 80 dias, tirando ele da luta de classes. Preferimos recuar um passo, ele se apresentar com todas as garantias\u201d, disse.<\/p>\n<p style=\"text-align: justify\">\u00a0 \u00a0 \u00a0 \u00a0 \u00a0 \u00a0St\u00e9dile anunciou que a resist\u00eancia, contudo, n\u00e3o cessar\u00e1. \u201cVamos montar acampamento permante em curitiba, ao redor da PF, onde eles est\u00e3o garantindo um apartamento com condi\u00e7\u00f5es de dignidade para Lula. Ficaremos l\u00e1 e esperamos, at\u00e9 o fim de semana que vem, resgat\u00e1-lo de novo para o povo, seguindo as caravanas pelo pa\u00eds. A milit\u00e2ncoa tem que entender essa jogadas. Aqui n\u00e3o basta dar murro em ponta de faca, tem que saber onde recuar e onde avan\u00e7ar\u201d, defendeu.<\/p>\n<p style=\"text-align: justify\">Do Portal Vermelho<\/p>\n<\/div>\n","protected":false},"excerpt":{"rendered":"<p>ARI CUNHA Visto, lido e ouvido Desde 1960 com Circe Cunha e Mamfil colunadoaricunha@gmail.com; Dia: 07\/04\/2018 \u00e0s 10:56:18 \u00a0 O ex-presidente Luiz In\u00e1cio Lula da Silva dever\u00e1 ser conduzido \u00e0 sede da Pol\u00edcia Federal em S\u00e3o Paulo neste s\u00e1bado (7), depois da missa em homenagem a Dona Marisa Let\u00edcia, realizada pela manh\u00e3 no Sindicato dos Metal\u00fargicos do ABC. A informa\u00e7\u00e3o [&hellip;]<\/p>\n","protected":false},"author":34,"featured_media":10456,"comment_status":"open","ping_status":"open","sticky":false,"template":"","format":"standard","meta":{"footnotes":""},"categories":[23],"tags":[67],"class_list":["post-10452","post","type-post","status-publish","format-standard","has-post-thumbnail","hentry","category-integra","tag-brasilia-historiadebrasilia-aricunha-circecunha-mamfil"],"_links":{"self":[{"href":"https:\/\/blogs.correiobraziliense.com.br\/aricunha\/wp-json\/wp\/v2\/posts\/10452","targetHints":{"allow":["GET"]}}],"collection":[{"href":"https:\/\/blogs.correiobraziliense.com.br\/aricunha\/wp-json\/wp\/v2\/posts"}],"about":[{"href":"https:\/\/blogs.correiobraziliense.com.br\/aricunha\/wp-json\/wp\/v2\/types\/post"}],"author":[{"embeddable":true,"href":"https:\/\/blogs.correiobraziliense.com.br\/aricunha\/wp-json\/wp\/v2\/users\/34"}],"replies":[{"embeddable":true,"href":"https:\/\/blogs.correiobraziliense.com.br\/aricunha\/wp-json\/wp\/v2\/comments?post=10452"}],"version-history":[{"count":3,"href":"https:\/\/blogs.correiobraziliense.com.br\/aricunha\/wp-json\/wp\/v2\/posts\/10452\/revisions"}],"predecessor-version":[{"id":10457,"href":"https:\/\/blogs.correiobraziliense.com.br\/aricunha\/wp-json\/wp\/v2\/posts\/10452\/revisions\/10457"}],"wp:featuredmedia":[{"embeddable":true,"href":"https:\/\/blogs.correiobraziliense.com.br\/aricunha\/wp-json\/wp\/v2\/media\/10456"}],"wp:attachment":[{"href":"https:\/\/blogs.correiobraziliense.com.br\/aricunha\/wp-json\/wp\/v2\/media?parent=10452"}],"wp:term":[{"taxonomy":"category","embeddable":true,"href":"https:\/\/blogs.correiobraziliense.com.br\/aricunha\/wp-json\/wp\/v2\/categories?post=10452"},{"taxonomy":"post_tag","embeddable":true,"href":"https:\/\/blogs.correiobraziliense.com.br\/aricunha\/wp-json\/wp\/v2\/tags?post=10452"}],"curies":[{"name":"wp","href":"https:\/\/api.w.org\/{rel}","templated":true}]}}