{"id":10433,"date":"2018-04-08T05:00:01","date_gmt":"2018-04-08T08:00:01","guid":{"rendered":"https:\/\/blogs.correiobraziliense.com.br\/aricunha\/?p=10433"},"modified":"2018-04-09T19:56:16","modified_gmt":"2018-04-09T22:56:16","slug":"o-brasil-vai-ser-um-pais-para-amadores-da-etica","status":"publish","type":"post","link":"https:\/\/blogs.correiobraziliense.com.br\/aricunha\/o-brasil-vai-ser-um-pais-para-amadores-da-etica\/","title":{"rendered":"O Brasil vai ser um pa\u00eds para amadores.  Da \u00e9tica."},"content":{"rendered":"<p style=\"text-align: justify\">ARI CUNHA<\/p>\n<p style=\"text-align: justify\">Visto, lido e ouvido<\/p>\n<p style=\"text-align: justify\">Desde 1960<\/p>\n<p style=\"text-align: justify\">com Circe Cunha e Mamfil<\/p>\n<p style=\"text-align: justify\">colunadoaricunha@gmail.com;<\/p>\n<figure id=\"attachment_10443\" aria-describedby=\"caption-attachment-10443\" style=\"width: 639px\" class=\"wp-caption aligncenter\"><img loading=\"lazy\" decoding=\"async\" class=\" wp-image-10443\" src=\"https:\/\/blogs.correiobraziliense.com.br\/aricunha\/wp-content\/uploads\/sites\/13\/2018\/04\/metamorfose1.jpg\" alt=\"Charge: geografiaem360graus.blogspot.com.br (C\u00edcero)\" width=\"639\" height=\"479\" srcset=\"https:\/\/blogs.correiobraziliense.com.br\/aricunha\/wp-content\/uploads\/sites\/13\/2018\/04\/metamorfose1.jpg 480w, https:\/\/blogs.correiobraziliense.com.br\/aricunha\/wp-content\/uploads\/sites\/13\/2018\/04\/metamorfose1-300x225.jpg 300w, https:\/\/blogs.correiobraziliense.com.br\/aricunha\/wp-content\/uploads\/sites\/13\/2018\/04\/metamorfose1-350x263.jpg 350w, https:\/\/blogs.correiobraziliense.com.br\/aricunha\/wp-content\/uploads\/sites\/13\/2018\/04\/metamorfose1-230x173.jpg 230w\" sizes=\"auto, (max-width: 639px) 100vw, 639px\" \/><figcaption id=\"caption-attachment-10443\" class=\"wp-caption-text\">Charge: geografiaem360graus.blogspot.com.br (C\u00edcero)<\/figcaption><\/figure>\n<p style=\"text-align: justify\">\u00a0\u00a0\u00a0\u00a0\u00a0\u00a0\u00a0\u00a0 Por raz\u00f5es que escapam \u00e0 compreens\u00e3o e ao senso comum, quis o destino que a proclama\u00e7\u00e3o da Rep\u00fablica no Brasil, em 1889, introduzisse por aqui um novo sistema\u00a0 de governo, sem, no entanto, abolir completamente o anterior (monarquia), criando, a exemplo da jabuticaba, um modelo nosso, muito pr\u00f3prio, em que o presidencialismo seria doravante exercido por uma esp\u00e9cie de monarca sem coroa, mas com poderes claramente absolutos e no qual a antiga nobreza parasit\u00e1ria fosse substitu\u00edda por uma classe pol\u00edtica exploradora, composta, na sua grande maioria, por indiv\u00edduos de alto poder econ\u00f4mico e pouca imagina\u00e7\u00e3o.<\/p>\n<p style=\"text-align: justify\">\u00a0 \u00a0 \u00a0 \u00a0Quanto aos antigos privil\u00e9gios, que eram o alvo inicial dos republicanos, esses permaneceram n\u00e3o s\u00f3 inalterados, como em muitos casos foram ampliados ainda mais, criando uma esp\u00e9cie de presidencialismo absolutista em que o presidente, seu entorno imediato, bem como todos aqueles que ocupam altas fun\u00e7\u00f5es de Estado, nos 3 Poderes, passaram a integrar uma elite blindada contra a realidade em volta.<\/p>\n<p style=\"text-align: justify\">\u00a0 \u00a0\u00a0\u00a0\u00a0\u00a0\u00a0\u00a0Para manter o status quo, numa situa\u00e7\u00e3o t\u00e3o sui generis, foi criada, inclusive, cortes e leis especiais para julgar essa nova nobreza. Em outras palavras, introduziu-se, entre n\u00f3s, apenas mudan\u00e7as de nomenclaturas gen\u00e9ricas, sem, contudo, alterar o conte\u00fado do sistema de governo. N\u00e3o \u00e9 por outra raz\u00e3o que, desde aquela \u00e9poca, assistimos a um suceder de crises institucionais, por mais que continuemos, a cada nova crise, a reformar continuamente nossa Carta Magna.<\/p>\n<p style=\"text-align: justify\">\u00a0 \u00a0 \u00a0 \u00a0A cada novo ciclo de crises, novas oportunidades se abriram para reformular esta situa\u00e7\u00e3o e todas elas foram miseravelmente desperdi\u00e7adas, abrindo espa\u00e7o para novas crises, num ciclo sem fim.<\/p>\n<p style=\"text-align: justify\">\u00a0 \u00a0 \u00a0 \u00a0Com a chegada dos Partido do Trabalhadores ao poder, finalmente se vislumbrou a oportunidade de encerrar esse longo per\u00edodo de crise por meio de um ajuste hist\u00f3rico que poria fim \u00e0s desigualdades, abrindo espa\u00e7o para uma refunda\u00e7\u00e3o da Rep\u00fablica, nos moldes em que ela \u00e9 apresentada na teoria.<\/p>\n<p style=\"text-align: justify\">\u00a0 \u00a0 \u00a0N\u00e3o foi preciso nem uma d\u00e9cada para perceber que com esses novos personagens o pa\u00eds n\u00e3o iria reajustar nenhum processo hist\u00f3rico, como ainda iria se embrenhar por meandros percorridos pelo mau-caratismo e que acabou por nos conduzir para a maior crise econ\u00f4mica, social e pol\u00edtica de toda a nossa hist\u00f3ria desse pa\u00eds.<\/p>\n<p>\u00a0\u00a0\u00a0\u00a0\u00a0\u00a0\u00a0 \u00a0Para piorar uma situa\u00e7\u00e3o, que em si j\u00e1 \u00e9 calamitosa, ainda assistimos ao lento desmanche \u00e9tico e pol\u00edtico de um vice-presidente, enredado numa trama tecida por si e pelos seus homens de confian\u00e7a.<\/p>\n<p>Para salvar a pr\u00f3pria pele n\u00e3o tem poupado nada. Come\u00e7a a perder a dignidade.<\/p>\n<p style=\"text-align: justify\"><strong>A frase que n\u00e3o foi pronunciada:<\/strong><\/p>\n<p style=\"text-align: justify\">\u201cFalta abolir a escravid\u00e3o que a ignor\u00e2ncia imp\u00f5e.\u201d<\/p>\n<p style=\"text-align: justify\">Rui Barbosa em 2018<\/p>\n<p style=\"text-align: justify\"><strong>Historinha<\/strong><\/p>\n<p style=\"text-align: justify\">\u00c0 espera de Lula, o advogado de Lula trouxe \u00e0 baila a hist\u00f3ria de La Fontaine: o lobo e cordeiro cuja moral \u00e9: \u201cOnde a lei n\u00e3o existe, ao que parece, a raz\u00e3o do mais forte prevalece.\u201d<\/p>\n<figure id=\"attachment_10436\" aria-describedby=\"caption-attachment-10436\" style=\"width: 479px\" class=\"wp-caption aligncenter\"><img loading=\"lazy\" decoding=\"async\" class=\"size-full wp-image-10436\" src=\"https:\/\/blogs.correiobraziliense.com.br\/aricunha\/wp-content\/uploads\/sites\/13\/2018\/04\/799313_3.jpg\" alt=\"Imagem: godofredofrancaleiloes.com.br\" width=\"479\" height=\"600\" srcset=\"https:\/\/blogs.correiobraziliense.com.br\/aricunha\/wp-content\/uploads\/sites\/13\/2018\/04\/799313_3.jpg 479w, https:\/\/blogs.correiobraziliense.com.br\/aricunha\/wp-content\/uploads\/sites\/13\/2018\/04\/799313_3-240x300.jpg 240w, https:\/\/blogs.correiobraziliense.com.br\/aricunha\/wp-content\/uploads\/sites\/13\/2018\/04\/799313_3-279x350.jpg 279w, https:\/\/blogs.correiobraziliense.com.br\/aricunha\/wp-content\/uploads\/sites\/13\/2018\/04\/799313_3-230x288.jpg 230w\" sizes=\"auto, (max-width: 479px) 100vw, 479px\" \/><figcaption id=\"caption-attachment-10436\" class=\"wp-caption-text\">Imagem: godofredofrancaleiloes.com.br<\/figcaption><\/figure>\n<p style=\"text-align: justify\"><strong>A volta do mundo<\/strong><\/p>\n<p style=\"text-align: justify\">Petistas insistiram que colocassem no T\u00fanel do Tempo do Senado, onde est\u00e3o os ex-presidentes, o registro do impeachment do Collor. Passados anos, ningu\u00e9m insistiu na mesma iniciativa em rela\u00e7\u00e3o a ex-presidente Dilma. Mas uma imagem editada, criada, est\u00e1 correndo v\u00e1rios aplicativos. N\u00e3o perdoaram. Veja no blog do Ari Cunha.<\/p>\n<p style=\"text-align: justify\"><img loading=\"lazy\" decoding=\"async\" class=\" wp-image-10437 aligncenter\" src=\"https:\/\/blogs.correiobraziliense.com.br\/aricunha\/wp-content\/uploads\/sites\/13\/2018\/04\/WhatsApp-Image-2018-04-06-at-16.46.50.jpeg\" alt=\"\" width=\"550\" height=\"559\" srcset=\"https:\/\/blogs.correiobraziliense.com.br\/aricunha\/wp-content\/uploads\/sites\/13\/2018\/04\/WhatsApp-Image-2018-04-06-at-16.46.50.jpeg 1260w, https:\/\/blogs.correiobraziliense.com.br\/aricunha\/wp-content\/uploads\/sites\/13\/2018\/04\/WhatsApp-Image-2018-04-06-at-16.46.50-295x300.jpeg 295w, https:\/\/blogs.correiobraziliense.com.br\/aricunha\/wp-content\/uploads\/sites\/13\/2018\/04\/WhatsApp-Image-2018-04-06-at-16.46.50-768x780.jpeg 768w, https:\/\/blogs.correiobraziliense.com.br\/aricunha\/wp-content\/uploads\/sites\/13\/2018\/04\/WhatsApp-Image-2018-04-06-at-16.46.50-1008x1024.jpeg 1008w, https:\/\/blogs.correiobraziliense.com.br\/aricunha\/wp-content\/uploads\/sites\/13\/2018\/04\/WhatsApp-Image-2018-04-06-at-16.46.50-345x350.jpeg 345w, https:\/\/blogs.correiobraziliense.com.br\/aricunha\/wp-content\/uploads\/sites\/13\/2018\/04\/WhatsApp-Image-2018-04-06-at-16.46.50-550x559.jpeg 550w, https:\/\/blogs.correiobraziliense.com.br\/aricunha\/wp-content\/uploads\/sites\/13\/2018\/04\/WhatsApp-Image-2018-04-06-at-16.46.50-230x234.jpeg 230w\" sizes=\"auto, (max-width: 550px) 100vw, 550px\" \/><\/p>\n<p style=\"text-align: justify\"><strong>Tens\u00e3o<\/strong><\/p>\n<p style=\"text-align: justify\">Eug\u00eanio Arag\u00e3o, Dalmo Dallari e Bandeira de Mello s\u00e3o un\u00e2nimes em afirmar que ordem de Moro veio antes da hora. Por essa eles n\u00e3o esperavam. Cada conselho dado ao ex-presidente vai repercutir na pena. Muita calma nessa hora.<\/p>\n<figure id=\"attachment_10444\" aria-describedby=\"caption-attachment-10444\" style=\"width: 385px\" class=\"wp-caption aligncenter\"><img loading=\"lazy\" decoding=\"async\" class=\"size-full wp-image-10444\" src=\"https:\/\/blogs.correiobraziliense.com.br\/aricunha\/wp-content\/uploads\/sites\/13\/2018\/04\/cartoon-charge-lula-chiquinho-dedos-do-lula.jpg\" alt=\"Charge: ibamendes.com (Quinho)\" width=\"385\" height=\"477\" srcset=\"https:\/\/blogs.correiobraziliense.com.br\/aricunha\/wp-content\/uploads\/sites\/13\/2018\/04\/cartoon-charge-lula-chiquinho-dedos-do-lula.jpg 385w, https:\/\/blogs.correiobraziliense.com.br\/aricunha\/wp-content\/uploads\/sites\/13\/2018\/04\/cartoon-charge-lula-chiquinho-dedos-do-lula-242x300.jpg 242w, https:\/\/blogs.correiobraziliense.com.br\/aricunha\/wp-content\/uploads\/sites\/13\/2018\/04\/cartoon-charge-lula-chiquinho-dedos-do-lula-282x350.jpg 282w, https:\/\/blogs.correiobraziliense.com.br\/aricunha\/wp-content\/uploads\/sites\/13\/2018\/04\/cartoon-charge-lula-chiquinho-dedos-do-lula-230x285.jpg 230w\" sizes=\"auto, (max-width: 385px) 100vw, 385px\" \/><figcaption id=\"caption-attachment-10444\" class=\"wp-caption-text\">Charge: ibamendes.com (Quinho)<\/figcaption><\/figure>\n<p style=\"text-align: justify\"><strong>Leitores confusos<\/strong><\/p>\n<p style=\"text-align: justify\">Vai entender. O New York Times posta uma foto em frente ao Sindicato de S\u00e3o Bernardo onde os manifestantes s\u00e3o fotografados mostrando o polegar e indicador em forma de L. Nos Estados Unidos \u00e9 a mesma coisa que dizer: looser ou perdedor! Os leitores v\u00e3o ficar confusos j\u00e1 que a mat\u00e9ria \u00e9 favor\u00e1vel ao Mr. Da Silva.<\/p>\n<p><img loading=\"lazy\" decoding=\"async\" class=\" wp-image-10438 aligncenter\" src=\"https:\/\/blogs.correiobraziliense.com.br\/aricunha\/wp-content\/uploads\/sites\/13\/2018\/04\/WhatsApp-Image-2018-04-06-at-17.24.35.jpeg\" alt=\"\" width=\"624\" height=\"351\" srcset=\"https:\/\/blogs.correiobraziliense.com.br\/aricunha\/wp-content\/uploads\/sites\/13\/2018\/04\/WhatsApp-Image-2018-04-06-at-17.24.35.jpeg 1280w, https:\/\/blogs.correiobraziliense.com.br\/aricunha\/wp-content\/uploads\/sites\/13\/2018\/04\/WhatsApp-Image-2018-04-06-at-17.24.35-300x169.jpeg 300w, https:\/\/blogs.correiobraziliense.com.br\/aricunha\/wp-content\/uploads\/sites\/13\/2018\/04\/WhatsApp-Image-2018-04-06-at-17.24.35-768x432.jpeg 768w, https:\/\/blogs.correiobraziliense.com.br\/aricunha\/wp-content\/uploads\/sites\/13\/2018\/04\/WhatsApp-Image-2018-04-06-at-17.24.35-1024x576.jpeg 1024w, https:\/\/blogs.correiobraziliense.com.br\/aricunha\/wp-content\/uploads\/sites\/13\/2018\/04\/WhatsApp-Image-2018-04-06-at-17.24.35-350x197.jpeg 350w, https:\/\/blogs.correiobraziliense.com.br\/aricunha\/wp-content\/uploads\/sites\/13\/2018\/04\/WhatsApp-Image-2018-04-06-at-17.24.35-550x309.jpeg 550w, https:\/\/blogs.correiobraziliense.com.br\/aricunha\/wp-content\/uploads\/sites\/13\/2018\/04\/WhatsApp-Image-2018-04-06-at-17.24.35-230x129.jpeg 230w\" sizes=\"auto, (max-width: 624px) 100vw, 624px\" \/><\/p>\n<p>&nbsp;<\/p>\n<p style=\"text-align: justify\"><strong>HIST\u00d3RIA DE BRAS\u00cdLIA<\/strong><\/p>\n<p style=\"text-align: justify\">O \u201cretornista\u201d Adauto L\u00facio Cardoso sugeriu 6 meses de Congresso no Rio, e 6 meses em Bras\u00edlia, mas esqueceu de que o Congresso para funcionar, precisa de funcion\u00e1rios, de arquivos, de in\u00fameras reparti\u00e7\u00f5es, enfim. <strong>(Publicado em 18.10.1961)<\/strong><\/p>\n","protected":false},"excerpt":{"rendered":"<p>ARI CUNHA Visto, lido e ouvido Desde 1960 com Circe Cunha e Mamfil colunadoaricunha@gmail.com; \u00a0\u00a0\u00a0\u00a0\u00a0\u00a0\u00a0\u00a0 Por raz\u00f5es que escapam \u00e0 compreens\u00e3o e ao senso comum, quis o destino que a proclama\u00e7\u00e3o da Rep\u00fablica no Brasil, em 1889, introduzisse por aqui um novo sistema\u00a0 de governo, sem, no entanto, abolir completamente o anterior (monarquia), criando, a exemplo da jabuticaba, um modelo [&hellip;]<\/p>\n","protected":false},"author":34,"featured_media":10443,"comment_status":"open","ping_status":"open","sticky":false,"template":"","format":"standard","meta":{"footnotes":""},"categories":[23],"tags":[67],"class_list":["post-10433","post","type-post","status-publish","format-standard","has-post-thumbnail","hentry","category-integra","tag-brasilia-historiadebrasilia-aricunha-circecunha-mamfil"],"_links":{"self":[{"href":"https:\/\/blogs.correiobraziliense.com.br\/aricunha\/wp-json\/wp\/v2\/posts\/10433","targetHints":{"allow":["GET"]}}],"collection":[{"href":"https:\/\/blogs.correiobraziliense.com.br\/aricunha\/wp-json\/wp\/v2\/posts"}],"about":[{"href":"https:\/\/blogs.correiobraziliense.com.br\/aricunha\/wp-json\/wp\/v2\/types\/post"}],"author":[{"embeddable":true,"href":"https:\/\/blogs.correiobraziliense.com.br\/aricunha\/wp-json\/wp\/v2\/users\/34"}],"replies":[{"embeddable":true,"href":"https:\/\/blogs.correiobraziliense.com.br\/aricunha\/wp-json\/wp\/v2\/comments?post=10433"}],"version-history":[{"count":8,"href":"https:\/\/blogs.correiobraziliense.com.br\/aricunha\/wp-json\/wp\/v2\/posts\/10433\/revisions"}],"predecessor-version":[{"id":10468,"href":"https:\/\/blogs.correiobraziliense.com.br\/aricunha\/wp-json\/wp\/v2\/posts\/10433\/revisions\/10468"}],"wp:featuredmedia":[{"embeddable":true,"href":"https:\/\/blogs.correiobraziliense.com.br\/aricunha\/wp-json\/wp\/v2\/media\/10443"}],"wp:attachment":[{"href":"https:\/\/blogs.correiobraziliense.com.br\/aricunha\/wp-json\/wp\/v2\/media?parent=10433"}],"wp:term":[{"taxonomy":"category","embeddable":true,"href":"https:\/\/blogs.correiobraziliense.com.br\/aricunha\/wp-json\/wp\/v2\/categories?post=10433"},{"taxonomy":"post_tag","embeddable":true,"href":"https:\/\/blogs.correiobraziliense.com.br\/aricunha\/wp-json\/wp\/v2\/tags?post=10433"}],"curies":[{"name":"wp","href":"https:\/\/api.w.org\/{rel}","templated":true}]}}