{"id":10403,"date":"2018-04-04T21:25:37","date_gmt":"2018-04-05T00:25:37","guid":{"rendered":"https:\/\/blogs.correiobraziliense.com.br\/aricunha\/?p=10403"},"modified":"2018-04-04T21:25:37","modified_gmt":"2018-04-05T00:25:37","slug":"verde-e-amarelo-de-brasil","status":"publish","type":"post","link":"https:\/\/blogs.correiobraziliense.com.br\/aricunha\/verde-e-amarelo-de-brasil\/","title":{"rendered":"Verde e amarelo de Brasil"},"content":{"rendered":"<p style=\"text-align: justify\">ARI CUNHA<\/p>\n<p style=\"text-align: justify\">Visto, lido e ouvido<\/p>\n<p style=\"text-align: justify\">Desde 1960<\/p>\n<p style=\"text-align: justify\">com Circe Cunha e Mamfil<\/p>\n<p style=\"text-align: justify\">colunadoaricunha@gmail.com;<\/p>\n<figure id=\"attachment_10405\" aria-describedby=\"caption-attachment-10405\" style=\"width: 821px\" class=\"wp-caption aligncenter\"><img loading=\"lazy\" decoding=\"async\" class=\" wp-image-10405\" src=\"https:\/\/blogs.correiobraziliense.com.br\/aricunha\/wp-content\/uploads\/sites\/13\/2018\/04\/Charge-24.03.2018.jpg\" alt=\"Charge: humorpolitico.com.br\" width=\"821\" height=\"586\" srcset=\"https:\/\/blogs.correiobraziliense.com.br\/aricunha\/wp-content\/uploads\/sites\/13\/2018\/04\/Charge-24.03.2018.jpg 580w, https:\/\/blogs.correiobraziliense.com.br\/aricunha\/wp-content\/uploads\/sites\/13\/2018\/04\/Charge-24.03.2018-300x214.jpg 300w, https:\/\/blogs.correiobraziliense.com.br\/aricunha\/wp-content\/uploads\/sites\/13\/2018\/04\/Charge-24.03.2018-350x250.jpg 350w, https:\/\/blogs.correiobraziliense.com.br\/aricunha\/wp-content\/uploads\/sites\/13\/2018\/04\/Charge-24.03.2018-550x393.jpg 550w, https:\/\/blogs.correiobraziliense.com.br\/aricunha\/wp-content\/uploads\/sites\/13\/2018\/04\/Charge-24.03.2018-230x164.jpg 230w\" sizes=\"auto, (max-width: 821px) 100vw, 821px\" \/><figcaption id=\"caption-attachment-10405\" class=\"wp-caption-text\">Charge: humorpolitico.com.br<\/figcaption><\/figure>\n<p style=\"text-align: justify\">\u00a0 \u00a0 \u00a0 \u00a0 \u00a0Uma coisa \u00e9 certa com o resultado de ontem: os perdedores nesse processo ser\u00e3o, pela ordem, a corte e o pr\u00f3prio Lula, ambos visivelmente desgastados e antipatizados pela opini\u00e3o p\u00fablica. Pelas demonstra\u00e7\u00f5es havidas em todo o pa\u00eds, ficou mais do que evidente que a parte da popula\u00e7\u00e3o que pedia a pris\u00e3o imediata do ex-presidente e a manuten\u00e7\u00e3o do entendimento da pris\u00e3o em 2\u00aa inst\u00e2ncia \u00e9 largamente majorit\u00e1ria.<\/p>\n<p style=\"text-align: justify\">\u00a0 \u00a0 \u00a0 \u00a0 \u00a0 Em todas as capitais onde houve manifesta\u00e7\u00e3o de rua, o verde-amarelo foi a cor predominante, o que, para bom entendedor, significa que os brasileiros, em sua maioria, apoiam os trabalhos de investiga\u00e7\u00e3o que v\u00eam sendo feitos por ju\u00edzes e promotores da 1\u00aa inst\u00e2ncia, mormente os relativos \u00e0 Opera\u00e7\u00e3o Lava Jato, que tem o juiz S\u00e9rgio Moro \u00e0 frente. Verde e amarelo de Brasil.<\/p>\n<p style=\"text-align: justify\">\u00a0 \u00a0 \u00a0 \u00a0 \u00a0 \u00a0Ali\u00e1s, com rela\u00e7\u00e3o a esse magistrado, o m\u00ednimo que se pode dizer \u00e9 que se trata de uma unanimidade nacional, que vem recebendo as mais enf\u00e1ticas manifesta\u00e7\u00f5es de apoio, sendo aplaudido, de p\u00e9, por onde se apresenta. Nesse sentido, n\u00e3o h\u00e1 como n\u00e3o reconhecer que toda essa aura que parece emanar dele decorre, justamente, do apoio massivo que tem recebido da opini\u00e3o p\u00fablica. Em sentido contr\u00e1rio, o que se tem observado ultimamente \u00e9 a hostilidade crescente da popula\u00e7\u00e3o com rela\u00e7\u00e3o n\u00e3o s\u00f3 a figura do ex-presidente, mas a todos os pol\u00edticos envolvidos em casos de corrup\u00e7\u00e3o.<\/p>\n<p style=\"text-align: justify\">\u00a0 \u00a0 \u00a0 \u00a0 Nesse mesmo rol de desaprova\u00e7\u00e3o geral aparecem agora tamb\u00e9m alguns dos ministros do STF, sobretudo aqueles que t\u00eam demonstrado um comportamento mais benevolente com os ex-presidentes e staff petistas. Subestimar ou mesmo desdenhar a for\u00e7a onipotente da opini\u00e3o p\u00fablica, justamente num momento de grande tens\u00e3o, \u00e9, para dizer o m\u00ednimo, perigoso. Nessas horas, em que o poder de inflama\u00e7\u00e3o geral parece atingir seu ponto m\u00e1ximo, inclusive com declara\u00e7\u00f5es l\u00edmpidas e certeiras vindas diretamente da caserna, todo o cuidado \u00e9 recomendado.<\/p>\n<p style=\"text-align: justify\">\u00a0 \u00a0 \u00a0 \u00a0 \u00a0 \u00a0Para os historiadores e cientistas sociais, a gravidade do momento revela, entre outras coisas, que a Rep\u00fablica, conforme foi estruturada ap\u00f3s o retorno da democracia h\u00e1 trinta anos, vive seu momento de estertor m\u00e1ximo. A tentativa derradeira de estabelecer agora um ponto de inflex\u00e3o a todo o processo de investiga\u00e7\u00f5es, condena\u00e7\u00f5es e pris\u00f5es, promovendo uma anistia geral e irrestrita aos pol\u00edticos e empres\u00e1rios implicados nos rumorosos casos de corrup\u00e7\u00e3o, parece t\u00e3o evidente como eminente. Mesmo assim, o campo pol\u00edtico, maldi\u00e7\u00e3o das institui\u00e7\u00f5es democr\u00e1ticas, ser\u00e1 abordado de forma diferente. Em primeiro lugar, em termos pr\u00e1ticos, \u00e9 preciso uma ampla auditoria internacional nas urnas eletr\u00f4nicas do pa\u00eds para evitar estragos maiores.<\/p>\n<p style=\"text-align: justify\">\u00a0 \u00a0 \u00a0 \u00a0 \u00a0 \u00a0 Nossa realidade \u00e9 assim. Cheia de entrelinhas tecidas com a di\u00e1fana da ilus\u00e3o. H\u00e1 ent\u00e3o, a necessidade de uma estrat\u00e9gia m\u00ednima que traga resultados limpos, onde o povo tome as r\u00e9deas na declara\u00e7\u00e3o genu\u00edna da vontade de eleger a pessoa certa. \u201c N\u00f3s, o povo\u201d funciona melhor do que \u201cN\u00f3s, os representantes do povo.\u201d<\/p>\n<p style=\"text-align: justify\">\u00a0 \u00a0 \u00a0 \u00a0 Ningu\u00e9m, com o m\u00ednimo de discernimento, tolera mais a costura de redes das narrativas sem fim, em que ululam ao mesmo tempo a destrui\u00e7\u00e3o das oposi\u00e7\u00f5es e a compra massiva de pol\u00edticos. Dessa vez, de forma industrial, seguindo os par\u00e2metros da esquerda de estandardiza\u00e7\u00e3o das vontades.<\/p>\n<p style=\"text-align: justify\">\u00a0 \u00a0 \u00a0 Com a m\u00e1quina do Estado nas m\u00e3os erradas, crescem interesses pessoais, vaidades, mentiras, subornos, amea\u00e7as, apropria\u00e7\u00e3o ind\u00e9bita dos votos, resumidamente. Ningu\u00e9m, que ama o Brasil, tolera mais o n\u00f3s contra eles, os n\u00fameros positivos produzidos nos est\u00fadios da Elizabeth Arden da economia governo. Chega do festival de malas de dinheiro que ainda voam de um lado para outro, principalmente em dire\u00e7\u00e3o \u00e0 para\u00edsos fiscais, do staff que amealha centenas de milh\u00f5es, das contas de campanhas devidamente lavadas e branqueadas no TSE e das dela\u00e7\u00f5es, feitas na emin\u00eancia da pris\u00e3o.<\/p>\n<p style=\"text-align: justify\">\u00a0 \u00a0 \u00a0 \u00a0 \u00a0 \u00a0O fio da espada da justi\u00e7a enfim veio \u00e0 baila. \u00c9 esse o pa\u00eds que temos e \u00e9 esse o destino que tra\u00e7amos. Ontem foi dada a primeira senha para a deflagra\u00e7\u00e3o de um novo pa\u00eds. Nunca mais o Brasil ser\u00e1 o mesmo.<\/p>\n<p style=\"text-align: justify\"><strong>A frase que foi pronunciada:<\/strong><\/p>\n<p style=\"text-align: justify\">\u201cO correr da vida embrulha tudo. A vida \u00e9 assim: esquenta e esfria, aperta e da\u00ed afrouxa, sossega e depois desinquieta. O que ela quer da gente \u00e9 coragem.\u201d<\/p>\n<p style=\"text-align: justify\">Guimar\u00e3es Rosa<\/p>\n<p style=\"text-align: justify\"><strong>Release<\/strong><\/p>\n<p style=\"text-align: justify\">O combate \u00e0 corrup\u00e7\u00e3o no Brasil foi tema central do 2\u00ba Congresso Internacional e 7\u00ba dos Auditores do TCU, que est\u00e3o sendo realizados at\u00e9 6\u00aa feira em Fortaleza O congresso \u00e9 promovido pela Auditar \u2013 Uni\u00e3o dos Auditores do Tribunal de Contas da Uni\u00e3o, presidida por Paulo Martins. Al\u00e9m da corrup\u00e7\u00e3o, tamb\u00e9m ser\u00e3o debatidos assuntos ligados \u00e0 seguran\u00e7a p\u00fablica, infraestrutura, previd\u00eancia, governan\u00e7a, representa\u00e7\u00e3o pol\u00edtica e o papel do TCU no momento atual e no futuro.<\/p>\n<figure id=\"attachment_10407\" aria-describedby=\"caption-attachment-10407\" style=\"width: 827px\" class=\"wp-caption aligncenter\"><img loading=\"lazy\" decoding=\"async\" class=\" wp-image-10407\" src=\"https:\/\/blogs.correiobraziliense.com.br\/aricunha\/wp-content\/uploads\/sites\/13\/2018\/04\/Capturar.jpg\" alt=\"Imagem: sindilegis.org.br\" width=\"827\" height=\"209\" srcset=\"https:\/\/blogs.correiobraziliense.com.br\/aricunha\/wp-content\/uploads\/sites\/13\/2018\/04\/Capturar.jpg 708w, https:\/\/blogs.correiobraziliense.com.br\/aricunha\/wp-content\/uploads\/sites\/13\/2018\/04\/Capturar-300x76.jpg 300w, https:\/\/blogs.correiobraziliense.com.br\/aricunha\/wp-content\/uploads\/sites\/13\/2018\/04\/Capturar-350x88.jpg 350w, https:\/\/blogs.correiobraziliense.com.br\/aricunha\/wp-content\/uploads\/sites\/13\/2018\/04\/Capturar-550x139.jpg 550w, https:\/\/blogs.correiobraziliense.com.br\/aricunha\/wp-content\/uploads\/sites\/13\/2018\/04\/Capturar-230x58.jpg 230w\" sizes=\"auto, (max-width: 827px) 100vw, 827px\" \/><figcaption id=\"caption-attachment-10407\" class=\"wp-caption-text\">Imagem: sindilegis.org.br<\/figcaption><\/figure>\n<p style=\"text-align: justify\">Link para programa\u00e7\u00e3o do evento:<\/p>\n<p style=\"text-align: justify\"><a href=\"http:\/\/www.oestadoce.com.br\/wp-content\/uploads\/2018\/04\/Programa%C3%A7%C3%A3o-Final-Congresso-dos-Auditores.pdf.pdf\">http:\/\/www.oestadoce.com.br\/wp-content\/uploads\/2018\/04\/Programa%C3%A7%C3%A3o-Final-Congresso-dos-Auditores.pdf.pdf<\/a><\/p>\n<p style=\"text-align: justify\"><strong>Expectativa<\/strong><\/p>\n<p style=\"text-align: justify\">Obras iniciadas para receber o hospital completo S\u00edrio Liban\u00eas, em Bras\u00edlia. A sede ser\u00e1 na L2.<\/p>\n<figure id=\"attachment_10408\" aria-describedby=\"caption-attachment-10408\" style=\"width: 600px\" class=\"wp-caption aligncenter\"><img loading=\"lazy\" decoding=\"async\" class=\"size-full wp-image-10408\" src=\"https:\/\/blogs.correiobraziliense.com.br\/aricunha\/wp-content\/uploads\/sites\/13\/2018\/04\/Hospital-S\u00edrio-Liban\u00eas-promove-Encontro-Nacional-de-M\u00e9dicos-do-Futuro.jpg\" alt=\"Foto: setorsaude.com.br\" width=\"600\" height=\"389\" srcset=\"https:\/\/blogs.correiobraziliense.com.br\/aricunha\/wp-content\/uploads\/sites\/13\/2018\/04\/Hospital-S\u00edrio-Liban\u00eas-promove-Encontro-Nacional-de-M\u00e9dicos-do-Futuro.jpg 600w, https:\/\/blogs.correiobraziliense.com.br\/aricunha\/wp-content\/uploads\/sites\/13\/2018\/04\/Hospital-S\u00edrio-Liban\u00eas-promove-Encontro-Nacional-de-M\u00e9dicos-do-Futuro-300x195.jpg 300w, https:\/\/blogs.correiobraziliense.com.br\/aricunha\/wp-content\/uploads\/sites\/13\/2018\/04\/Hospital-S\u00edrio-Liban\u00eas-promove-Encontro-Nacional-de-M\u00e9dicos-do-Futuro-350x227.jpg 350w, https:\/\/blogs.correiobraziliense.com.br\/aricunha\/wp-content\/uploads\/sites\/13\/2018\/04\/Hospital-S\u00edrio-Liban\u00eas-promove-Encontro-Nacional-de-M\u00e9dicos-do-Futuro-550x357.jpg 550w, https:\/\/blogs.correiobraziliense.com.br\/aricunha\/wp-content\/uploads\/sites\/13\/2018\/04\/Hospital-S\u00edrio-Liban\u00eas-promove-Encontro-Nacional-de-M\u00e9dicos-do-Futuro-230x149.jpg 230w\" sizes=\"auto, (max-width: 600px) 100vw, 600px\" \/><figcaption id=\"caption-attachment-10408\" class=\"wp-caption-text\">Foto: setorsaude.com.br<\/figcaption><\/figure>\n<p style=\"text-align: justify\"><strong>HIST\u00d3RIA DE BRAS\u00cdLIA<\/strong><\/p>\n<p style=\"text-align: justify\">O chapa 82, verde-amarelo, deve servir a algum vegetariano, porque eu nunca vi tanta verdura dentro de um carro s\u00f3&#8230; <strong>(Publicado em 18.10.1961)<\/strong><\/p>\n","protected":false},"excerpt":{"rendered":"<p>ARI CUNHA Visto, lido e ouvido Desde 1960 com Circe Cunha e Mamfil colunadoaricunha@gmail.com; \u00a0 \u00a0 \u00a0 \u00a0 \u00a0Uma coisa \u00e9 certa com o resultado de ontem: os perdedores nesse processo ser\u00e3o, pela ordem, a corte e o pr\u00f3prio Lula, ambos visivelmente desgastados e antipatizados pela opini\u00e3o p\u00fablica. Pelas demonstra\u00e7\u00f5es havidas em todo o pa\u00eds, ficou mais do que evidente [&hellip;]<\/p>\n","protected":false},"author":34,"featured_media":10405,"comment_status":"open","ping_status":"open","sticky":false,"template":"","format":"standard","meta":{"footnotes":""},"categories":[23],"tags":[67],"class_list":["post-10403","post","type-post","status-publish","format-standard","has-post-thumbnail","hentry","category-integra","tag-brasilia-historiadebrasilia-aricunha-circecunha-mamfil"],"_links":{"self":[{"href":"https:\/\/blogs.correiobraziliense.com.br\/aricunha\/wp-json\/wp\/v2\/posts\/10403","targetHints":{"allow":["GET"]}}],"collection":[{"href":"https:\/\/blogs.correiobraziliense.com.br\/aricunha\/wp-json\/wp\/v2\/posts"}],"about":[{"href":"https:\/\/blogs.correiobraziliense.com.br\/aricunha\/wp-json\/wp\/v2\/types\/post"}],"author":[{"embeddable":true,"href":"https:\/\/blogs.correiobraziliense.com.br\/aricunha\/wp-json\/wp\/v2\/users\/34"}],"replies":[{"embeddable":true,"href":"https:\/\/blogs.correiobraziliense.com.br\/aricunha\/wp-json\/wp\/v2\/comments?post=10403"}],"version-history":[{"count":2,"href":"https:\/\/blogs.correiobraziliense.com.br\/aricunha\/wp-json\/wp\/v2\/posts\/10403\/revisions"}],"predecessor-version":[{"id":10409,"href":"https:\/\/blogs.correiobraziliense.com.br\/aricunha\/wp-json\/wp\/v2\/posts\/10403\/revisions\/10409"}],"wp:featuredmedia":[{"embeddable":true,"href":"https:\/\/blogs.correiobraziliense.com.br\/aricunha\/wp-json\/wp\/v2\/media\/10405"}],"wp:attachment":[{"href":"https:\/\/blogs.correiobraziliense.com.br\/aricunha\/wp-json\/wp\/v2\/media?parent=10403"}],"wp:term":[{"taxonomy":"category","embeddable":true,"href":"https:\/\/blogs.correiobraziliense.com.br\/aricunha\/wp-json\/wp\/v2\/categories?post=10403"},{"taxonomy":"post_tag","embeddable":true,"href":"https:\/\/blogs.correiobraziliense.com.br\/aricunha\/wp-json\/wp\/v2\/tags?post=10403"}],"curies":[{"name":"wp","href":"https:\/\/api.w.org\/{rel}","templated":true}]}}