{"id":10361,"date":"2018-03-30T22:52:41","date_gmt":"2018-03-31T01:52:41","guid":{"rendered":"https:\/\/blogs.correiobraziliense.com.br\/aricunha\/?p=10361"},"modified":"2018-03-30T22:52:41","modified_gmt":"2018-03-31T01:52:41","slug":"e-o-minimo","status":"publish","type":"post","link":"https:\/\/blogs.correiobraziliense.com.br\/aricunha\/e-o-minimo\/","title":{"rendered":"\u00c9 o m\u00ednimo"},"content":{"rendered":"<p style=\"text-align: justify\">ARI CUNHA<\/p>\n<p style=\"text-align: justify\">Visto, lido e ouvido<\/p>\n<p style=\"text-align: justify\">Desde 1960<\/p>\n<p style=\"text-align: justify\">com Circe Cunha e Mamfil<\/p>\n<p style=\"text-align: justify\">colunadoaricunha@gmail.com;<\/p>\n<figure id=\"attachment_10362\" aria-describedby=\"caption-attachment-10362\" style=\"width: 625px\" class=\"wp-caption aligncenter\"><img loading=\"lazy\" decoding=\"async\" class=\" wp-image-10362\" src=\"https:\/\/blogs.correiobraziliense.com.br\/aricunha\/wp-content\/uploads\/sites\/13\/2018\/03\/charge-do-duke-no-jornal-o-tempo-de-bh-mg.jpg\" alt=\"Charge: linhaslivres.wordpress.com\" width=\"625\" height=\"371\" srcset=\"https:\/\/blogs.correiobraziliense.com.br\/aricunha\/wp-content\/uploads\/sites\/13\/2018\/03\/charge-do-duke-no-jornal-o-tempo-de-bh-mg.jpg 480w, https:\/\/blogs.correiobraziliense.com.br\/aricunha\/wp-content\/uploads\/sites\/13\/2018\/03\/charge-do-duke-no-jornal-o-tempo-de-bh-mg-300x178.jpg 300w, https:\/\/blogs.correiobraziliense.com.br\/aricunha\/wp-content\/uploads\/sites\/13\/2018\/03\/charge-do-duke-no-jornal-o-tempo-de-bh-mg-350x208.jpg 350w, https:\/\/blogs.correiobraziliense.com.br\/aricunha\/wp-content\/uploads\/sites\/13\/2018\/03\/charge-do-duke-no-jornal-o-tempo-de-bh-mg-230x137.jpg 230w\" sizes=\"auto, (max-width: 625px) 100vw, 625px\" \/><figcaption id=\"caption-attachment-10362\" class=\"wp-caption-text\">Charge: linhaslivres.wordpress.com<\/figcaption><\/figure>\n<p style=\"text-align: justify\">\u00a0 \u00a0 \u00a0 \u00a0Completamente indiferentes aos anseios da popula\u00e7\u00e3o e \u00e0 mudan\u00e7a dos ventos nesses tempos conturbados, os partidos pol\u00edticos e seus respectivos representantes v\u00e3o ensaiando a dan\u00e7a das cadeiras eleitorais. Pela movimenta\u00e7\u00e3o que se tem visto at\u00e9 aqui, o cen\u00e1rio para as disputas em Bras\u00edlia nesse ano \u00e9, para dizer o m\u00ednimo, desolador.<\/p>\n<p style=\"text-align: justify\">\u00a0\u00a0\u00a0\u00a0\u00a0\u00a0\u00a0 Nesse sentido, o agreste in\u00f3spito, em termos de candidatos, partidos e propostas que se abrem diante do eleitor, \u00e9 \u00e1rido e infecundo. O fato \u00e9 que parte da sociedade, cada vez mais informada e participativa, a mesma que vem acompanhando de perto o desmanche lento da rep\u00fablica, mudou mais r\u00e1pido e profundamente do que qualquer outro partido.<\/p>\n<p style=\"text-align: justify\">\u00a0 \u00a0 \u00a0As mais de trinta legendas pol\u00edticas que a\u00ed est\u00e3o, nem de longe, possuem identidade com eleitor m\u00e9dio da atualidade. Com rela\u00e7\u00e3o aos candidatos ent\u00e3o, essas diferen\u00e7as alcan\u00e7am escalas estelares. O que a sociedade quer e necessita, nenhuma das atuais legendas, e muito menos seus membros mais destacados, possuem condi\u00e7\u00e3o de atender e entregar.<\/p>\n<p style=\"text-align: justify\">\u00a0 \u00a0 \u00a0 \u00a0 Para os brasilienses, empurrados a for\u00e7a para dentro do labirinto lamacento da emancipa\u00e7\u00e3o pol\u00edtica, o desfile de candidatos e as articula\u00e7\u00f5es para a composi\u00e7\u00e3o das futuras chapas trazem os mesmos rostos manjados, numa reedi\u00e7\u00e3o dos mesmos erros e omiss\u00f5es do passado que levaram a cidade ao caos.<\/p>\n<p style=\"text-align: justify\">\u00a0 \u00a0 Para piorar uma situa\u00e7\u00e3o que j\u00e1 \u00e9 cr\u00edtica por seus v\u00edcios de origem, assiste-se agora aos lan\u00e7amentos de candidaturas dos chamados alien\u00edgenas, que transferiram seus t\u00edtulos para capital em busca de um cargo eletivo.<\/p>\n<p style=\"text-align: justify\">\u00a0 \u00a0 \u00a0Nesse universo autista em que se transformou a pol\u00edtica, o surgimento de nomes como Ricardo Berzoini, Ronaldinho Ga\u00facho, Brunny Gomes e outros forasteiros e oportunistas que buscam ser eleitos com os votos candangos, aparecem junto \u00e0s figuras do passado envoltas ainda na n\u00e9voa dos muitos esc\u00e2ndalos recentes, revelados pelas investiga\u00e7\u00f5es policiais em andamento.<\/p>\n<p style=\"text-align: justify\">\u00a0 \u00a0 \u00a0A reforma pol\u00edtica, que viria para atender as exig\u00eancias da sociedade, trazendo o voto distrital, cl\u00e1usula de barreira, e outras mudan\u00e7as fundamentais, ficou a meio caminho e acabou sendo confeccionada para atender mais aos donos de partido por verbas p\u00fablicas do que o desejo do eleitor.<\/p>\n<p style=\"text-align: justify\">\u00a0\u00a0\u00a0\u00a0\u00a0\u00a0\u00a0 \u00c9 nesse cen\u00e1rio de terra arrasada que os brasilienses assistem agora ao reaparecimento de nomes como Maria de Lourdes Abadia, Fillipelli, Eliana Pedrosa, Sandra Faraj, Celina Le\u00e3o e outras figuras de triste lembran\u00e7a que contribu\u00edram, cada um ao seu modo, para a entrada de Bras\u00edlia no extenso rol das capitais brasileiras envoltas em esc\u00e2ndalos e casos policiais de toda a ordem. Para os cidad\u00e3os de bem e em alerta permanente, \u00e9 preciso que esses e outros candidatos, antes de qualquer pretens\u00e3o eleitoral, mostrem as m\u00e3os limpas.<\/p>\n<p style=\"text-align: justify\"><strong>A frase que foi pronunciada:<\/strong><\/p>\n<p style=\"text-align: justify\">\u201cQuando o terror invade um povo, transforma muitas vezes um pusil\u00e2nime num her\u00f3i.\u201d\u00a0 Get\u00falio Vargas<\/p>\n<p style=\"text-align: justify\"><strong>Agenda<\/strong><\/p>\n<p style=\"text-align: justify\">Dia 5, professores tempor\u00e1rios ter\u00e3o reuni\u00e3o convocada pela diretoria do SINPRO. O encontro \u00e9 para esclarecer d\u00favidas sobre os direitos e interesses da categoria.<\/p>\n<p style=\"text-align: justify\"><strong>Verde<\/strong><\/p>\n<p style=\"text-align: justify\">Dicas assinadas por Henrique Martins Gianvecchio Carvalho, da Embrapa, s\u00e3o \u00f3timas para quem tem pouco espa\u00e7o para cultivar hortas. Na p\u00e1gina da empresa \u00e9 poss\u00edvel aprender tudo sobre o plantio das hortali\u00e7as em garrafas pet, pneus ou tubos de pvc.<\/p>\n<figure id=\"attachment_10363\" aria-describedby=\"caption-attachment-10363\" style=\"width: 439px\" class=\"wp-caption aligncenter\"><img loading=\"lazy\" decoding=\"async\" class=\" wp-image-10363\" src=\"https:\/\/blogs.correiobraziliense.com.br\/aricunha\/wp-content\/uploads\/sites\/13\/2018\/03\/81240560thumb.jpg\" alt=\"Foto: embrapa.br\" width=\"439\" height=\"292\" srcset=\"https:\/\/blogs.correiobraziliense.com.br\/aricunha\/wp-content\/uploads\/sites\/13\/2018\/03\/81240560thumb.jpg 307w, https:\/\/blogs.correiobraziliense.com.br\/aricunha\/wp-content\/uploads\/sites\/13\/2018\/03\/81240560thumb-300x199.jpg 300w, https:\/\/blogs.correiobraziliense.com.br\/aricunha\/wp-content\/uploads\/sites\/13\/2018\/03\/81240560thumb-230x153.jpg 230w\" sizes=\"auto, (max-width: 439px) 100vw, 439px\" \/><figcaption id=\"caption-attachment-10363\" class=\"wp-caption-text\">Foto: embrapa.br<\/figcaption><\/figure>\n<p style=\"text-align: justify\">Link para o site:<\/p>\n<p style=\"text-align: justify\"><a href=\"https:\/\/www.embrapa.br\/busca-geral\/-\/busca\/Henrique%20Martins%20Gianvecchio%20Carvalho?buscaPortal=Henrique+Martins+Gianvecchio+Carvalho\">https:\/\/www.embrapa.br\/busca-geral\/-\/busca\/Henrique%20Martins%20Gianvecchio%20Carvalho?buscaPortal=Henrique+Martins+Gianvecchio+Carvalho<\/a><\/p>\n<p style=\"text-align: justify\"><strong>Bom demais<\/strong><\/p>\n<p style=\"text-align: justify\">Perto da Funarte \u00e9 poss\u00edvel curtir um espa\u00e7o com boa comida, shows, discotecagem, tela de cinema ao ar livre, m\u00fasica, lan\u00e7amento de livros e at\u00e9 moda.<\/p>\n<p style=\"text-align: justify\"><strong>Novo<\/strong><\/p>\n<p style=\"text-align: justify\">Nomeado, j\u00e1 ocupando a nova sede, o novo presidente do Sindiatacadista, J\u00falio C\u00e9sar Itacaramby.<\/p>\n<p style=\"text-align: justify\"><strong>Agora vai<\/strong><\/p>\n<p style=\"text-align: justify\">Mais uma chamada p\u00fablica para receber propostas de ocupa\u00e7\u00e3o do Edif\u00edcio de Governan\u00e7a do Parque Tecnol\u00f3gico de Bras\u00edlia (BioTIC). A inten\u00e7\u00e3o \u00e9 que no espa\u00e7o sejam desenvolvidas pesquisas e projetos de inova\u00e7\u00e3o. Oito companhias relacionadas \u00e0 Tecnologia da Informa\u00e7\u00e3o, Comunica\u00e7\u00e3o e \u00e0 Biotecnologia.<\/p>\n<figure id=\"attachment_10364\" aria-describedby=\"caption-attachment-10364\" style=\"width: 1600px\" class=\"wp-caption aligncenter\"><img loading=\"lazy\" decoding=\"async\" class=\"size-full wp-image-10364\" src=\"https:\/\/blogs.correiobraziliense.com.br\/aricunha\/wp-content\/uploads\/sites\/13\/2018\/03\/luara-baggi-3-634aa8.jpg\" alt=\"Foto: gpsbrasilia.com.br\" width=\"1600\" height=\"1067\" srcset=\"https:\/\/blogs.correiobraziliense.com.br\/aricunha\/wp-content\/uploads\/sites\/13\/2018\/03\/luara-baggi-3-634aa8.jpg 1600w, https:\/\/blogs.correiobraziliense.com.br\/aricunha\/wp-content\/uploads\/sites\/13\/2018\/03\/luara-baggi-3-634aa8-300x200.jpg 300w, https:\/\/blogs.correiobraziliense.com.br\/aricunha\/wp-content\/uploads\/sites\/13\/2018\/03\/luara-baggi-3-634aa8-768x512.jpg 768w, https:\/\/blogs.correiobraziliense.com.br\/aricunha\/wp-content\/uploads\/sites\/13\/2018\/03\/luara-baggi-3-634aa8-1024x683.jpg 1024w, https:\/\/blogs.correiobraziliense.com.br\/aricunha\/wp-content\/uploads\/sites\/13\/2018\/03\/luara-baggi-3-634aa8-350x233.jpg 350w, https:\/\/blogs.correiobraziliense.com.br\/aricunha\/wp-content\/uploads\/sites\/13\/2018\/03\/luara-baggi-3-634aa8-1440x960.jpg 1440w, https:\/\/blogs.correiobraziliense.com.br\/aricunha\/wp-content\/uploads\/sites\/13\/2018\/03\/luara-baggi-3-634aa8-550x367.jpg 550w, https:\/\/blogs.correiobraziliense.com.br\/aricunha\/wp-content\/uploads\/sites\/13\/2018\/03\/luara-baggi-3-634aa8-230x153.jpg 230w\" sizes=\"auto, (max-width: 1600px) 100vw, 1600px\" \/><figcaption id=\"caption-attachment-10364\" class=\"wp-caption-text\">Foto: gpsbrasilia.com.br<\/figcaption><\/figure>\n<p style=\"text-align: justify\"><strong>Uma beleza<\/strong><\/p>\n<p style=\"text-align: justify\">Dia 6 deste m\u00eas come\u00e7a o 3\u00ba Nipo Festival 2018, no Clube Nipo de Bras\u00edlia. A simp\u00e1tica e competente comunidade japonesa cativou Bras\u00edlia com as festas que organiza.<\/p>\n<figure id=\"attachment_10365\" aria-describedby=\"caption-attachment-10365\" style=\"width: 600px\" class=\"wp-caption aligncenter\"><img loading=\"lazy\" decoding=\"async\" class=\"size-full wp-image-10365\" src=\"https:\/\/blogs.correiobraziliense.com.br\/aricunha\/wp-content\/uploads\/sites\/13\/2018\/03\/3o-nipo-festival-2018-clube-nipo-brasilia600x315.jpg\" alt=\"Imagem: nippobrasilia.com.br\" width=\"600\" height=\"315\" srcset=\"https:\/\/blogs.correiobraziliense.com.br\/aricunha\/wp-content\/uploads\/sites\/13\/2018\/03\/3o-nipo-festival-2018-clube-nipo-brasilia600x315.jpg 600w, https:\/\/blogs.correiobraziliense.com.br\/aricunha\/wp-content\/uploads\/sites\/13\/2018\/03\/3o-nipo-festival-2018-clube-nipo-brasilia600x315-300x158.jpg 300w, https:\/\/blogs.correiobraziliense.com.br\/aricunha\/wp-content\/uploads\/sites\/13\/2018\/03\/3o-nipo-festival-2018-clube-nipo-brasilia600x315-350x184.jpg 350w, https:\/\/blogs.correiobraziliense.com.br\/aricunha\/wp-content\/uploads\/sites\/13\/2018\/03\/3o-nipo-festival-2018-clube-nipo-brasilia600x315-550x289.jpg 550w, https:\/\/blogs.correiobraziliense.com.br\/aricunha\/wp-content\/uploads\/sites\/13\/2018\/03\/3o-nipo-festival-2018-clube-nipo-brasilia600x315-230x121.jpg 230w\" sizes=\"auto, (max-width: 600px) 100vw, 600px\" \/><figcaption id=\"caption-attachment-10365\" class=\"wp-caption-text\">Imagem: nippobrasilia.com.br<\/figcaption><\/figure>\n<p style=\"text-align: justify\"><strong>HIST\u00d3RIA DE BRAS\u00cdLIA<\/strong><\/p>\n<p style=\"text-align: justify\">Deduz-se, disto, que os particulares poder\u00e3o tamb\u00e9m fazer o mesmo, e os outros Institutos tamb\u00e9m. Cada pessoa, antes de ver sua comodidade, tem o dever de respeitar o direito alheio. <strong>(Publicado em 18.10.1961)<\/strong><\/p>\n","protected":false},"excerpt":{"rendered":"<p>ARI CUNHA Visto, lido e ouvido Desde 1960 com Circe Cunha e Mamfil colunadoaricunha@gmail.com; \u00a0 \u00a0 \u00a0 \u00a0Completamente indiferentes aos anseios da popula\u00e7\u00e3o e \u00e0 mudan\u00e7a dos ventos nesses tempos conturbados, os partidos pol\u00edticos e seus respectivos representantes v\u00e3o ensaiando a dan\u00e7a das cadeiras eleitorais. Pela movimenta\u00e7\u00e3o que se tem visto at\u00e9 aqui, o cen\u00e1rio para as disputas em Bras\u00edlia [&hellip;]<\/p>\n","protected":false},"author":34,"featured_media":10362,"comment_status":"open","ping_status":"open","sticky":false,"template":"","format":"standard","meta":{"footnotes":""},"categories":[23],"tags":[67],"class_list":["post-10361","post","type-post","status-publish","format-standard","has-post-thumbnail","hentry","category-integra","tag-brasilia-historiadebrasilia-aricunha-circecunha-mamfil"],"_links":{"self":[{"href":"https:\/\/blogs.correiobraziliense.com.br\/aricunha\/wp-json\/wp\/v2\/posts\/10361","targetHints":{"allow":["GET"]}}],"collection":[{"href":"https:\/\/blogs.correiobraziliense.com.br\/aricunha\/wp-json\/wp\/v2\/posts"}],"about":[{"href":"https:\/\/blogs.correiobraziliense.com.br\/aricunha\/wp-json\/wp\/v2\/types\/post"}],"author":[{"embeddable":true,"href":"https:\/\/blogs.correiobraziliense.com.br\/aricunha\/wp-json\/wp\/v2\/users\/34"}],"replies":[{"embeddable":true,"href":"https:\/\/blogs.correiobraziliense.com.br\/aricunha\/wp-json\/wp\/v2\/comments?post=10361"}],"version-history":[{"count":1,"href":"https:\/\/blogs.correiobraziliense.com.br\/aricunha\/wp-json\/wp\/v2\/posts\/10361\/revisions"}],"predecessor-version":[{"id":10368,"href":"https:\/\/blogs.correiobraziliense.com.br\/aricunha\/wp-json\/wp\/v2\/posts\/10361\/revisions\/10368"}],"wp:featuredmedia":[{"embeddable":true,"href":"https:\/\/blogs.correiobraziliense.com.br\/aricunha\/wp-json\/wp\/v2\/media\/10362"}],"wp:attachment":[{"href":"https:\/\/blogs.correiobraziliense.com.br\/aricunha\/wp-json\/wp\/v2\/media?parent=10361"}],"wp:term":[{"taxonomy":"category","embeddable":true,"href":"https:\/\/blogs.correiobraziliense.com.br\/aricunha\/wp-json\/wp\/v2\/categories?post=10361"},{"taxonomy":"post_tag","embeddable":true,"href":"https:\/\/blogs.correiobraziliense.com.br\/aricunha\/wp-json\/wp\/v2\/tags?post=10361"}],"curies":[{"name":"wp","href":"https:\/\/api.w.org\/{rel}","templated":true}]}}