{"id":10336,"date":"2018-03-30T13:32:09","date_gmt":"2018-03-30T16:32:09","guid":{"rendered":"https:\/\/blogs.correiobraziliense.com.br\/aricunha\/?p=10336"},"modified":"2018-03-30T12:26:06","modified_gmt":"2018-03-30T15:26:06","slug":"primeira-parte-da-historia","status":"publish","type":"post","link":"https:\/\/blogs.correiobraziliense.com.br\/aricunha\/primeira-parte-da-historia\/","title":{"rendered":"Primeira parte da Hist\u00f3ria"},"content":{"rendered":"<p style=\"text-align: justify\">ARI CUNHA<\/p>\n<p style=\"text-align: justify\">Visto, lido e ouvido<\/p>\n<p style=\"text-align: justify\">Desde 1960<\/p>\n<p style=\"text-align: justify\">com Circe Cunha e Mamfil<\/p>\n<p style=\"text-align: justify\">colunadoaricunha@gmail.com;<\/p>\n<figure id=\"attachment_10350\" aria-describedby=\"caption-attachment-10350\" style=\"width: 1070px\" class=\"wp-caption aligncenter\"><img loading=\"lazy\" decoding=\"async\" class=\"size-full wp-image-10350\" src=\"https:\/\/blogs.correiobraziliense.com.br\/aricunha\/wp-content\/uploads\/sites\/13\/2018\/03\/20180326183037723157o.jpeg\" alt=\"Foto: agendacapital.com.br\" width=\"1070\" height=\"715\" srcset=\"https:\/\/blogs.correiobraziliense.com.br\/aricunha\/wp-content\/uploads\/sites\/13\/2018\/03\/20180326183037723157o.jpeg 1070w, https:\/\/blogs.correiobraziliense.com.br\/aricunha\/wp-content\/uploads\/sites\/13\/2018\/03\/20180326183037723157o-300x200.jpeg 300w, https:\/\/blogs.correiobraziliense.com.br\/aricunha\/wp-content\/uploads\/sites\/13\/2018\/03\/20180326183037723157o-768x513.jpeg 768w, https:\/\/blogs.correiobraziliense.com.br\/aricunha\/wp-content\/uploads\/sites\/13\/2018\/03\/20180326183037723157o-1024x684.jpeg 1024w, https:\/\/blogs.correiobraziliense.com.br\/aricunha\/wp-content\/uploads\/sites\/13\/2018\/03\/20180326183037723157o-350x234.jpeg 350w, https:\/\/blogs.correiobraziliense.com.br\/aricunha\/wp-content\/uploads\/sites\/13\/2018\/03\/20180326183037723157o-550x368.jpeg 550w, https:\/\/blogs.correiobraziliense.com.br\/aricunha\/wp-content\/uploads\/sites\/13\/2018\/03\/20180326183037723157o-230x154.jpeg 230w\" sizes=\"auto, (max-width: 1070px) 100vw, 1070px\" \/><figcaption id=\"caption-attachment-10350\" class=\"wp-caption-text\">Foto: agendacapital.com.br<\/figcaption><\/figure>\n<p style=\"text-align: justify\">\u00a0 \u00a0 \u00a0 Com a instala\u00e7\u00e3o da chamada Loja da Corrup\u00e7\u00e3o no aeroporto de Bras\u00edlia, uma iniciativa da empresa norte americana Netflix para divulgar a s\u00e9rie O mecanismo, inspirado na Opera\u00e7\u00e3o Lava Jato, o que os brasileiros est\u00e3o tendo a oportunidade de aprender tamb\u00e9m \u00e9 que quanto maior o esc\u00e2ndalo, maior o lucro para aqueles que sabem explorar e transformar as mis\u00e9rias humanas em business.<\/p>\n<p style=\"text-align: justify\">\u00a0\u00a0\u00a0\u00a0\u00a0\u00a0\u00a0\u00a0 O problema com fic\u00e7\u00f5es, ainda por cima, apresentada em cap\u00edtulos, \u00e9 que a crueza do realismo fant\u00e1stico vivido pela na\u00e7\u00e3o desde 2005, supera, a cada momento, todo e qualquer conto de imagina\u00e7\u00e3o, mesmo os mais inspirados e surrealistas. O fato \u00e9 que, desde que vieram ao conhecimento do p\u00fablico, os esc\u00e2ndalos do mensal\u00e3o e do petrol\u00e3o n\u00e3o geram altos lucros apenas para os grandes escrit\u00f3rios de advocacias do pa\u00eds, mas t\u00eam servido, desde ent\u00e3o, como fonte de altos lucros para escritores, jornalistas, cineastas, roteiristas, compositores, historiadores e outros profissionais que encontraram nesses acontecimentos de nossa hist\u00f3ria atual uma mina valiosa e inspiradora a c\u00e9u aberto.<\/p>\n<p style=\"text-align: justify\">\u00a0\u00a0\u00a0\u00a0\u00a0\u00a0\u00a0\u00a0 Pelo volume de revela\u00e7\u00f5es que v\u00eam vindo \u00e0 luz e pelo o que est\u00e1 ainda por vir, h\u00e1 um farto material para o desenvolvimento de um oceano de enredos. Obviamente que nesse ciclo de ouro, repleto de hist\u00f3rias e de personagens t\u00edpicos e que vem gerando ocasi\u00f5es vantajosas para muitos, o outro lado da balan\u00e7a pende negativamente para a popula\u00e7\u00e3o que teve que arcar com preju\u00edzos fabulosos e que levar\u00e3o anos para serem quitados.<\/p>\n<figure id=\"attachment_10353\" aria-describedby=\"caption-attachment-10353\" style=\"width: 429px\" class=\"wp-caption alignleft\"><img loading=\"lazy\" decoding=\"async\" class=\" wp-image-10353\" src=\"https:\/\/blogs.correiobraziliense.com.br\/aricunha\/wp-content\/uploads\/sites\/13\/2018\/03\/256970663-netflix-loja-da-corrupcao.png\" alt=\"Foto: exame.abril.com.br (Netlflix\/Divulga\u00e7\u00e3o)\" width=\"429\" height=\"286\" srcset=\"https:\/\/blogs.correiobraziliense.com.br\/aricunha\/wp-content\/uploads\/sites\/13\/2018\/03\/256970663-netflix-loja-da-corrupcao.png 680w, https:\/\/blogs.correiobraziliense.com.br\/aricunha\/wp-content\/uploads\/sites\/13\/2018\/03\/256970663-netflix-loja-da-corrupcao-300x200.png 300w, https:\/\/blogs.correiobraziliense.com.br\/aricunha\/wp-content\/uploads\/sites\/13\/2018\/03\/256970663-netflix-loja-da-corrupcao-350x233.png 350w, https:\/\/blogs.correiobraziliense.com.br\/aricunha\/wp-content\/uploads\/sites\/13\/2018\/03\/256970663-netflix-loja-da-corrupcao-550x366.png 550w, https:\/\/blogs.correiobraziliense.com.br\/aricunha\/wp-content\/uploads\/sites\/13\/2018\/03\/256970663-netflix-loja-da-corrupcao-230x153.png 230w\" sizes=\"auto, (max-width: 429px) 100vw, 429px\" \/><figcaption id=\"caption-attachment-10353\" class=\"wp-caption-text\">Foto: exame.abril.com.br (Netlflix\/Divulga\u00e7\u00e3o)<\/figcaption><\/figure>\n<p style=\"text-align: justify\">\u00a0 \u00a0 Para os brasileiros que no futuro desejarem conhecer um pouco mais sobre esse per\u00edodo turbulento, restar\u00e3o uma boa quantidade livros e filmes, que poder\u00e3o ser obtidos mediante pagamento.<\/p>\n<p style=\"text-align: justify\">\u00a0\u00a0\u00a0\u00a0\u00a0\u00a0\u00a0\u00a0 A loja da corrup\u00e7\u00e3o, instalada na sala de entrada da capital, muito mais do que uma estrat\u00e9gia de marketing, exp\u00f5e, de modo simb\u00f3lico, um tempo e uma cidade marcados pela atua\u00e7\u00e3o da mais ampla e nefasta organiza\u00e7\u00e3o criminosa que j\u00e1 atuou no pa\u00eds.<\/p>\n<p style=\"text-align: justify\">\u00a0\u00a0\u00a0\u00a0\u00a0\u00a0\u00a0\u00a0 \u00c9 preciso, no entanto, que uma vez superada essa fase, logicamente com a condena\u00e7\u00e3o de todos os implicados, seja instalada, no mesmo espa\u00e7o privilegiado, um stand que mostre, de forma did\u00e1tica, como os brasileiros de bem, com apoio da popula\u00e7\u00e3o, conseguiram desmantelar esses grupos e suas ramifica\u00e7\u00f5es dentro do Estado. Isso \u00e9, se toda essa hist\u00f3ria tiver um final de acordo com o desejo da popula\u00e7\u00e3o.<\/p>\n<p style=\"text-align: justify\"><strong>A frase que foi pronunciada:<\/strong><\/p>\n<p style=\"text-align: justify\">\u201cAquilo a que chamamos hist\u00f3ria \u00e9 um esfor\u00e7o feito em favor dos outros, pago muito caro com o sofrimento dos homens.\u201d<\/p>\n<p style=\"text-align: justify\">Georges Mangakis<\/p>\n<p style=\"text-align: justify\"><strong>Mais essa<\/strong><\/p>\n<p style=\"text-align: justify\">Faculdade de Arquitetura e Urbanismo da UnB pede para que n\u00e3o alimentem os gatos e pombos da redondeza. Na verdade, as pulgas j\u00e1 est\u00e3o alojadas no departamento.<\/p>\n<figure id=\"attachment_10351\" aria-describedby=\"caption-attachment-10351\" style=\"width: 724px\" class=\"wp-caption aligncenter\"><img loading=\"lazy\" decoding=\"async\" class=\" wp-image-10351\" src=\"https:\/\/blogs.correiobraziliense.com.br\/aricunha\/wp-content\/uploads\/sites\/13\/2018\/03\/fau-3.jpg\" alt=\"Foto: g1.globo.com (Mateus Rodrigues\/G1)\" width=\"724\" height=\"453\" srcset=\"https:\/\/blogs.correiobraziliense.com.br\/aricunha\/wp-content\/uploads\/sites\/13\/2018\/03\/fau-3.jpg 1000w, https:\/\/blogs.correiobraziliense.com.br\/aricunha\/wp-content\/uploads\/sites\/13\/2018\/03\/fau-3-300x188.jpg 300w, https:\/\/blogs.correiobraziliense.com.br\/aricunha\/wp-content\/uploads\/sites\/13\/2018\/03\/fau-3-768x481.jpg 768w, https:\/\/blogs.correiobraziliense.com.br\/aricunha\/wp-content\/uploads\/sites\/13\/2018\/03\/fau-3-350x219.jpg 350w, https:\/\/blogs.correiobraziliense.com.br\/aricunha\/wp-content\/uploads\/sites\/13\/2018\/03\/fau-3-550x344.jpg 550w, https:\/\/blogs.correiobraziliense.com.br\/aricunha\/wp-content\/uploads\/sites\/13\/2018\/03\/fau-3-230x144.jpg 230w\" sizes=\"auto, (max-width: 724px) 100vw, 724px\" \/><figcaption id=\"caption-attachment-10351\" class=\"wp-caption-text\">Foto: g1.globo.com (Mateus Rodrigues\/G1)<\/figcaption><\/figure>\n<p style=\"text-align: justify\"><strong>Chega<\/strong><\/p>\n<p style=\"text-align: justify\">\u00c9 momento de parar. Em apenas dois anos o cerrado perdeu o equivalente a tr\u00eas vezes a \u00e1rea do DF. Estamos em quarto lugar no ranking de &#8216;\u00e1reas relativas devastadas&#8217;, segundo dados do Minist\u00e9rio do Meio Ambiente.<\/p>\n<figure id=\"attachment_10357\" aria-describedby=\"caption-attachment-10357\" style=\"width: 721px\" class=\"wp-caption aligncenter\"><img loading=\"lazy\" decoding=\"async\" class=\"size-full wp-image-10357\" src=\"https:\/\/blogs.correiobraziliense.com.br\/aricunha\/wp-content\/uploads\/sites\/13\/2018\/03\/01cid3f1-e1501544368517.jpg\" alt=\"Foto: jornaldebrasilia.com.br (Ariadne Mar\u00e7al)\" width=\"721\" height=\"481\" srcset=\"https:\/\/blogs.correiobraziliense.com.br\/aricunha\/wp-content\/uploads\/sites\/13\/2018\/03\/01cid3f1-e1501544368517.jpg 721w, https:\/\/blogs.correiobraziliense.com.br\/aricunha\/wp-content\/uploads\/sites\/13\/2018\/03\/01cid3f1-e1501544368517-300x200.jpg 300w, https:\/\/blogs.correiobraziliense.com.br\/aricunha\/wp-content\/uploads\/sites\/13\/2018\/03\/01cid3f1-e1501544368517-350x233.jpg 350w, https:\/\/blogs.correiobraziliense.com.br\/aricunha\/wp-content\/uploads\/sites\/13\/2018\/03\/01cid3f1-e1501544368517-550x367.jpg 550w, https:\/\/blogs.correiobraziliense.com.br\/aricunha\/wp-content\/uploads\/sites\/13\/2018\/03\/01cid3f1-e1501544368517-230x153.jpg 230w\" sizes=\"auto, (max-width: 721px) 100vw, 721px\" \/><figcaption id=\"caption-attachment-10357\" class=\"wp-caption-text\">Foto: jornaldebrasilia.com.br (Ariadne Mar\u00e7al)<\/figcaption><\/figure>\n<p style=\"text-align: justify\"><strong>Leitora<\/strong><\/p>\n<p style=\"text-align: justify\">Cena chocante no Eix\u00e3o Norte. O motorista deu um murro no rosto da mulher que estava ao lado. Parecia uma briga de casal. No susto, a \u00fanica a\u00e7\u00e3o foi gritar pela janela para denunciar o canalha. O fato foi vivenciado por uma leitora.<\/p>\n<p style=\"text-align: justify\"><strong>Arte<\/strong><\/p>\n<p style=\"text-align: justify\">Mundo das artes paga o pre\u00e7o da \u00e2nsia de arrecada\u00e7\u00e3o. Tarifas de importa\u00e7\u00e3o come\u00e7am a afetar exposi\u00e7\u00f5es, feiras, bales e orquestras que queiram se apresentar no Brasil.<\/p>\n<p style=\"text-align: justify\"><strong>Mal moderno<\/strong><\/p>\n<p style=\"text-align: justify\">Morte Inventada. Um document\u00e1rio chocante sobre aliena\u00e7\u00e3o parental, um problema que exige uma capacita\u00e7\u00e3o do corpo jur\u00eddico que ultrapassa, e muito, as letras da lei.<\/p>\n<p><a href=\"https:\/\/www.youtube.com\/watch?v=MauAOg4dIco\">https:\/\/www.youtube.com\/watch?v=MauAOg4dIco<\/a><\/p>\n<p style=\"text-align: justify\"><strong>Associados<\/strong><\/p>\n<p style=\"text-align: justify\">Museu de Bras\u00edlia e Arquivo P\u00fablico est\u00e3o com tudo pronto para uma exposi\u00e7\u00e3o das charges da d\u00e9cada de 1960 sobre a mudan\u00e7a da capital. Jomar Nickerson de Almeida, Superintendente do Arquivo P\u00fablico do DF, aguarda apenas a autoriza\u00e7\u00e3o autoral pelos Di\u00e1rios Associados.<\/p>\n<p style=\"text-align: justify\"><strong>HIST\u00d3RIA DE BRAS\u00cdLIA<\/strong><\/p>\n<p style=\"text-align: justify\">O caso do IAPFESP, \u00e9 flagrante. H\u00e1 constru\u00e7\u00f5es, no canteiro de obras, feitas de alvenaria h\u00e1 muito tempo, e a culpa \u00e9 da Delegacia do Instituto que n\u00e3o teve a autoridade suficiente, ou fez \u201cvista larga\u201d para essa infra\u00e7\u00e3o. <strong>(Publicado em 18.10.1961)<\/strong><\/p>\n<p>&nbsp;<\/p>\n","protected":false},"excerpt":{"rendered":"<p>ARI CUNHA Visto, lido e ouvido Desde 1960 com Circe Cunha e Mamfil colunadoaricunha@gmail.com; \u00a0 \u00a0 \u00a0 Com a instala\u00e7\u00e3o da chamada Loja da Corrup\u00e7\u00e3o no aeroporto de Bras\u00edlia, uma iniciativa da empresa norte americana Netflix para divulgar a s\u00e9rie O mecanismo, inspirado na Opera\u00e7\u00e3o Lava Jato, o que os brasileiros est\u00e3o tendo a oportunidade de aprender tamb\u00e9m \u00e9 que [&hellip;]<\/p>\n","protected":false},"author":34,"featured_media":10350,"comment_status":"open","ping_status":"open","sticky":false,"template":"","format":"standard","meta":{"footnotes":""},"categories":[23],"tags":[67],"class_list":["post-10336","post","type-post","status-publish","format-standard","has-post-thumbnail","hentry","category-integra","tag-brasilia-historiadebrasilia-aricunha-circecunha-mamfil"],"_links":{"self":[{"href":"https:\/\/blogs.correiobraziliense.com.br\/aricunha\/wp-json\/wp\/v2\/posts\/10336","targetHints":{"allow":["GET"]}}],"collection":[{"href":"https:\/\/blogs.correiobraziliense.com.br\/aricunha\/wp-json\/wp\/v2\/posts"}],"about":[{"href":"https:\/\/blogs.correiobraziliense.com.br\/aricunha\/wp-json\/wp\/v2\/types\/post"}],"author":[{"embeddable":true,"href":"https:\/\/blogs.correiobraziliense.com.br\/aricunha\/wp-json\/wp\/v2\/users\/34"}],"replies":[{"embeddable":true,"href":"https:\/\/blogs.correiobraziliense.com.br\/aricunha\/wp-json\/wp\/v2\/comments?post=10336"}],"version-history":[{"count":6,"href":"https:\/\/blogs.correiobraziliense.com.br\/aricunha\/wp-json\/wp\/v2\/posts\/10336\/revisions"}],"predecessor-version":[{"id":10360,"href":"https:\/\/blogs.correiobraziliense.com.br\/aricunha\/wp-json\/wp\/v2\/posts\/10336\/revisions\/10360"}],"wp:featuredmedia":[{"embeddable":true,"href":"https:\/\/blogs.correiobraziliense.com.br\/aricunha\/wp-json\/wp\/v2\/media\/10350"}],"wp:attachment":[{"href":"https:\/\/blogs.correiobraziliense.com.br\/aricunha\/wp-json\/wp\/v2\/media?parent=10336"}],"wp:term":[{"taxonomy":"category","embeddable":true,"href":"https:\/\/blogs.correiobraziliense.com.br\/aricunha\/wp-json\/wp\/v2\/categories?post=10336"},{"taxonomy":"post_tag","embeddable":true,"href":"https:\/\/blogs.correiobraziliense.com.br\/aricunha\/wp-json\/wp\/v2\/tags?post=10336"}],"curies":[{"name":"wp","href":"https:\/\/api.w.org\/{rel}","templated":true}]}}