{"id":10332,"date":"2018-03-29T02:18:39","date_gmt":"2018-03-29T05:18:39","guid":{"rendered":"https:\/\/blogs.correiobraziliense.com.br\/aricunha\/?p=10332"},"modified":"2018-03-29T18:41:41","modified_gmt":"2018-03-29T21:41:41","slug":"10332-2","status":"publish","type":"post","link":"https:\/\/blogs.correiobraziliense.com.br\/aricunha\/10332-2\/","title":{"rendered":"\u00c1gua e azeite"},"content":{"rendered":"<p style=\"text-align: justify\">ARI CUNHA<\/p>\n<p style=\"text-align: justify\">Visto, lido e ouvido<\/p>\n<p style=\"text-align: justify\">Desde 1960<\/p>\n<p style=\"text-align: justify\">com Circe Cunha e Mamfil<\/p>\n<p style=\"text-align: justify\">colunadoaricunha@gmail.com;<\/p>\n<figure id=\"attachment_10340\" aria-describedby=\"caption-attachment-10340\" style=\"width: 632px\" class=\"wp-caption aligncenter\"><img loading=\"lazy\" decoding=\"async\" class=\" wp-image-10340\" src=\"https:\/\/blogs.correiobraziliense.com.br\/aricunha\/wp-content\/uploads\/sites\/13\/2018\/03\/thomate.jpg\" alt=\"Charge: blogdotarso.com\" width=\"632\" height=\"420\" srcset=\"https:\/\/blogs.correiobraziliense.com.br\/aricunha\/wp-content\/uploads\/sites\/13\/2018\/03\/thomate.jpg 444w, https:\/\/blogs.correiobraziliense.com.br\/aricunha\/wp-content\/uploads\/sites\/13\/2018\/03\/thomate-300x199.jpg 300w, https:\/\/blogs.correiobraziliense.com.br\/aricunha\/wp-content\/uploads\/sites\/13\/2018\/03\/thomate-350x233.jpg 350w, https:\/\/blogs.correiobraziliense.com.br\/aricunha\/wp-content\/uploads\/sites\/13\/2018\/03\/thomate-230x153.jpg 230w\" sizes=\"auto, (max-width: 632px) 100vw, 632px\" \/><figcaption id=\"caption-attachment-10340\" class=\"wp-caption-text\">Charge: blogdotarso.com<\/figcaption><\/figure>\n<p style=\"text-align: justify\">\u00a0 \u00a0 \u00a0 \u00a0 \u00a0Bras\u00edlia faz mal ao Brasil. Por incr\u00edvel que pare\u00e7a, essa afirma\u00e7\u00e3o vem sendo feita com frequ\u00eancia cada vez maior pelos articulistas que cobrem os eventos pol\u00edticos na capital. Obviamente que a senten\u00e7a, ao generalizar um sentimento crescente da popula\u00e7\u00e3o em rela\u00e7\u00e3o \u00e0s atuais lideran\u00e7as com assento nos tr\u00eas Poderes, n\u00e3o devem ser estendidas \u00e0 cidade e principalmente aos brasilienses, que, como todo brasileiro, sofrem em un\u00edssono com a baix\u00edssima qualidade, at\u00e9 moral, de seus representantes, com rar\u00edssimas exce\u00e7\u00f5es.<\/p>\n<p style=\"text-align: justify\">\u00a0 \u00a0 \u00a0 \u00a0 \u00a0 De fato, desde que foi anunciada, de forma oficial, a transfer\u00eancia da capital do Rio de Janeiro para o Planalto Central, houve uma gritaria ensurdecedora contra essa mudan\u00e7a, vinda dos mais diversos setores da sociedade. Neste ponto \u00e9 preciso constatar que, sobre essas cr\u00edticas, ainda h\u00e1 uma lacuna muito grande a ser preenchida, e seria bom para a compreens\u00e3o de nossa hist\u00f3ria e daquele per\u00edodo, que pesquisadores viessem a compilar as centenas de artigos que foram publicados com cr\u00edticas \u2013 algumas com fundamento &#8211; a mudan\u00e7a da capital.<\/p>\n<p style=\"text-align: justify\">\u00a0 \u00a0 \u00a0 \u00a0 \u00a0 O fato \u00e9 que a transfer\u00eancia fez mal ao Rio de Janeiro, que perdeu parte de seu status, entrando num processo lento e gradual de decad\u00eancia e que hoje, passados mais de meio s\u00e9culo, parece experimentar seu ponto mais grave. \u00c9 claro que o problema maior n\u00e3o est\u00e1 no s\u00edtio onde a capital foi assentada fisicamente, muito menos na popula\u00e7\u00e3o que acorreu de todos os cantos do pa\u00eds para ajudar na constru\u00e7\u00e3o da cidade.<\/p>\n<p style=\"text-align: justify\">\u00a0 \u00a0 \u00a0 A Bras\u00edlia que parece fazer mal ao Brasil est\u00e1 delimitada \u00e0 Pra\u00e7a dos Tr\u00eas Poderes, mais precisamente incorporada na figura daquelas centenas de representantes dos estados da federa\u00e7\u00e3o que n\u00e3o t\u00eam honrado o mandato que receberam. Ressalte-se que esses personagens, que n\u00e3o t\u00eam dignificado as responsabilidades que lhes foram confiadas, foram devidamente designados pelo voto por seus eleitores, que, portanto, s\u00e3o fiadores legais de suas a\u00e7\u00f5es.<\/p>\n<p style=\"text-align: justify\">\u00a0 \u00a0 \u00a0 \u00a0 Na real, o que diferencia um pol\u00edtico de outro n\u00e3o s\u00e3o somente os atributos pessoais de cada um, mas, sobretudo, a qualidade do voto que o elegeu. Para votos inconsequentes, representantes idem. A Bras\u00edlia que faz mal ao Brasil, habitada por essas pragas apenas de ter\u00e7a a domingo, n\u00e3o conhece a cidade nem seus habitantes e t\u00e3o logo pode rumar para o aeroporto para retornar de onde veio, ao conv\u00edvio dos seus.<\/p>\n<p style=\"text-align: justify\">\u00a0 \u00a0 \u00a0 \u00a0A imagem da cidade e de seus moradores prescinde desse tipo de gente, inclusive dos representantes locais. Existe uma cidade que pulsa e \u00e9 verdadeira de um lado. E existem os pol\u00edticos de outro.<\/p>\n<p style=\"text-align: justify\">\u00a0 \u00a0 \u00a0 \u00a0 \u00a0 \u00c9 duro ter que constatar, mas em se tratando desses conturbados dias atuais \u00e9 poss\u00edvel afirmar que a popula\u00e7\u00e3o de bem forma um conjunto bem distinto dos pol\u00edticos. Tal como \u00e1gua e azeite, n\u00e3o se misturam.<\/p>\n<p style=\"text-align: justify\"><strong>A frase que foi pronunciada:<\/strong><\/p>\n<p style=\"text-align: justify\">\u201cA \u00fanica arma que deve ser usada em protesto \u00e0 pol\u00edtica \u00e9 o voto.\u201d<\/p>\n<p style=\"text-align: justify\">Ulisses Guimar\u00e3es, de onde estiver<strong>\u00a0<\/strong><\/p>\n<figure id=\"attachment_10344\" aria-describedby=\"caption-attachment-10344\" style=\"width: 259px\" class=\"wp-caption alignnone\"><img loading=\"lazy\" decoding=\"async\" class=\"size-full wp-image-10344\" src=\"https:\/\/blogs.correiobraziliense.com.br\/aricunha\/wp-content\/uploads\/sites\/13\/2018\/03\/download-2.jpg\" alt=\"Foto: nisiadigital.com.br\" width=\"259\" height=\"194\" srcset=\"https:\/\/blogs.correiobraziliense.com.br\/aricunha\/wp-content\/uploads\/sites\/13\/2018\/03\/download-2.jpg 259w, https:\/\/blogs.correiobraziliense.com.br\/aricunha\/wp-content\/uploads\/sites\/13\/2018\/03\/download-2-230x172.jpg 230w\" sizes=\"auto, (max-width: 259px) 100vw, 259px\" \/><figcaption id=\"caption-attachment-10344\" class=\"wp-caption-text\">Foto: nisiadigital.com.br<\/figcaption><\/figure>\n<p style=\"text-align: justify\"><strong>Alemanha<\/strong><\/p>\n<p style=\"text-align: justify\">V\u00e1rios jornais reportam o ataque a tiros ao \u00f4nibus da comitiva do ex-presidente Lula, no Paran\u00e1. Continua a ser noticiada a rejei\u00e7\u00e3o, pelo TRF-4, do recurso contra a condena\u00e7\u00e3o do ex-presidente Lula, bem\u00a0como protestos de seus cr\u00edticos e simpatizantes no sul do Brasil. Zeit\u00a0relata a\u00e7\u00e3o das For\u00e7as Armadas em favelas, no Rio e Janeiro. Tamb\u00e9m\u00a0s\u00e3o objeto de artigos o plano da Amazon de expandir no Brasil e fundir\u00a0com a Via Varejo, assim como a descoberta de aldeias pr\u00e9-colombianas\u00a0na Floresta Amaz\u00f4nica, no Mato Grosso.<\/p>\n<p style=\"text-align: justify\"><strong>De olho<\/strong><\/p>\n<p style=\"text-align: justify\">Destaca-se, na cobertura alem\u00e3, a discuss\u00e3o sobre a expuls\u00e3o de diplomatas russos em v\u00e1rios pa\u00edses e pela Otan. A chanceler, Angela Merkel, e o presidente norte-americano, Donald Trump, apoiaram, em telefonema, a a\u00e7\u00e3o coordenada em rea\u00e7\u00e3o ao envenenamento de um ex-agente russo na Inglaterra. Os dois l\u00edderes conversaram tamb\u00e9m sobre as rela\u00e7\u00f5es comerciais entre a UE e os EUA.<\/p>\n<p style=\"text-align: justify\"><strong>Aeroporto<\/strong><\/p>\n<p style=\"text-align: justify\">Em considera\u00e7\u00e3o com os idosos, os respons\u00e1veis pela cobran\u00e7a do estacionamento poderiam distribuir por todo o aeroporto os totens para pagamento. As distancias s\u00e3o longas e os aparelhos s\u00e3o poucos.<\/p>\n<figure id=\"attachment_10345\" aria-describedby=\"caption-attachment-10345\" style=\"width: 800px\" class=\"wp-caption aligncenter\"><img loading=\"lazy\" decoding=\"async\" class=\"size-full wp-image-10345\" src=\"https:\/\/blogs.correiobraziliense.com.br\/aricunha\/wp-content\/uploads\/sites\/13\/2018\/03\/1062.jpg\" alt=\"Foto: bsb.aero\" width=\"800\" height=\"661\" srcset=\"https:\/\/blogs.correiobraziliense.com.br\/aricunha\/wp-content\/uploads\/sites\/13\/2018\/03\/1062.jpg 800w, https:\/\/blogs.correiobraziliense.com.br\/aricunha\/wp-content\/uploads\/sites\/13\/2018\/03\/1062-300x248.jpg 300w, https:\/\/blogs.correiobraziliense.com.br\/aricunha\/wp-content\/uploads\/sites\/13\/2018\/03\/1062-768x635.jpg 768w, https:\/\/blogs.correiobraziliense.com.br\/aricunha\/wp-content\/uploads\/sites\/13\/2018\/03\/1062-350x289.jpg 350w, https:\/\/blogs.correiobraziliense.com.br\/aricunha\/wp-content\/uploads\/sites\/13\/2018\/03\/1062-550x454.jpg 550w, https:\/\/blogs.correiobraziliense.com.br\/aricunha\/wp-content\/uploads\/sites\/13\/2018\/03\/1062-230x190.jpg 230w\" sizes=\"auto, (max-width: 800px) 100vw, 800px\" \/><figcaption id=\"caption-attachment-10345\" class=\"wp-caption-text\">Foto: bsb.aero<\/figcaption><\/figure>\n<p style=\"text-align: justify\"><strong>Terr\u00edvel<\/strong><\/p>\n<p style=\"text-align: justify\">Por falar em aeroporto, houve um desentendimento entre motoristas com amea\u00e7as, chutes e tudo mais. Os motoristas de Bras\u00edlia n\u00e3o s\u00e3o mais os mesmos. Ou h\u00e1 uma campanha maci\u00e7a para devolver a paz no tr\u00e2nsito da cidade ou a urbanidade vai para o brejo.<\/p>\n<p style=\"text-align: justify\"><strong>HIST\u00d3RIA DE BRAS\u00cdLIA<\/strong><\/p>\n<p style=\"text-align: justify\">V\u00ea-se assim, que as reparti\u00e7\u00f5es p\u00fablicas s\u00e3o as principais infratoras do Plano de Bras\u00edlia. <strong>(Publicado em 18.10.1961)<\/strong><\/p>\n","protected":false},"excerpt":{"rendered":"<p>ARI CUNHA Visto, lido e ouvido Desde 1960 com Circe Cunha e Mamfil colunadoaricunha@gmail.com; \u00a0 \u00a0 \u00a0 \u00a0 \u00a0Bras\u00edlia faz mal ao Brasil. Por incr\u00edvel que pare\u00e7a, essa afirma\u00e7\u00e3o vem sendo feita com frequ\u00eancia cada vez maior pelos articulistas que cobrem os eventos pol\u00edticos na capital. Obviamente que a senten\u00e7a, ao generalizar um sentimento crescente da popula\u00e7\u00e3o em rela\u00e7\u00e3o \u00e0s [&hellip;]<\/p>\n","protected":false},"author":34,"featured_media":10340,"comment_status":"open","ping_status":"open","sticky":false,"template":"","format":"standard","meta":{"footnotes":""},"categories":[23],"tags":[67],"class_list":["post-10332","post","type-post","status-publish","format-standard","has-post-thumbnail","hentry","category-integra","tag-brasilia-historiadebrasilia-aricunha-circecunha-mamfil"],"_links":{"self":[{"href":"https:\/\/blogs.correiobraziliense.com.br\/aricunha\/wp-json\/wp\/v2\/posts\/10332","targetHints":{"allow":["GET"]}}],"collection":[{"href":"https:\/\/blogs.correiobraziliense.com.br\/aricunha\/wp-json\/wp\/v2\/posts"}],"about":[{"href":"https:\/\/blogs.correiobraziliense.com.br\/aricunha\/wp-json\/wp\/v2\/types\/post"}],"author":[{"embeddable":true,"href":"https:\/\/blogs.correiobraziliense.com.br\/aricunha\/wp-json\/wp\/v2\/users\/34"}],"replies":[{"embeddable":true,"href":"https:\/\/blogs.correiobraziliense.com.br\/aricunha\/wp-json\/wp\/v2\/comments?post=10332"}],"version-history":[{"count":9,"href":"https:\/\/blogs.correiobraziliense.com.br\/aricunha\/wp-json\/wp\/v2\/posts\/10332\/revisions"}],"predecessor-version":[{"id":10359,"href":"https:\/\/blogs.correiobraziliense.com.br\/aricunha\/wp-json\/wp\/v2\/posts\/10332\/revisions\/10359"}],"wp:featuredmedia":[{"embeddable":true,"href":"https:\/\/blogs.correiobraziliense.com.br\/aricunha\/wp-json\/wp\/v2\/media\/10340"}],"wp:attachment":[{"href":"https:\/\/blogs.correiobraziliense.com.br\/aricunha\/wp-json\/wp\/v2\/media?parent=10332"}],"wp:term":[{"taxonomy":"category","embeddable":true,"href":"https:\/\/blogs.correiobraziliense.com.br\/aricunha\/wp-json\/wp\/v2\/categories?post=10332"},{"taxonomy":"post_tag","embeddable":true,"href":"https:\/\/blogs.correiobraziliense.com.br\/aricunha\/wp-json\/wp\/v2\/tags?post=10332"}],"curies":[{"name":"wp","href":"https:\/\/api.w.org\/{rel}","templated":true}]}}