{"id":10323,"date":"2018-03-27T16:36:15","date_gmt":"2018-03-27T19:36:15","guid":{"rendered":"https:\/\/blogs.correiobraziliense.com.br\/aricunha\/?p=10323"},"modified":"2018-03-27T19:45:49","modified_gmt":"2018-03-27T22:45:49","slug":"emancipacao-que-prejudicou-capital","status":"publish","type":"post","link":"https:\/\/blogs.correiobraziliense.com.br\/aricunha\/emancipacao-que-prejudicou-capital\/","title":{"rendered":"Emancipa\u00e7\u00e3o que prejudicou a capital"},"content":{"rendered":"<p style=\"text-align: justify\">ARI CUNHA<\/p>\n<p style=\"text-align: justify\">Visto, lido e ouvido<\/p>\n<p style=\"text-align: justify\">Desde 1960<\/p>\n<p style=\"text-align: justify\">com Circe Cunha e Mamfil<\/p>\n<p style=\"text-align: justify\">colunadoaricunha@gmail.com;<\/p>\n<figure id=\"attachment_10328\" aria-describedby=\"caption-attachment-10328\" style=\"width: 661px\" class=\"wp-caption aligncenter\"><img loading=\"lazy\" decoding=\"async\" class=\" wp-image-10328\" src=\"https:\/\/blogs.correiobraziliense.com.br\/aricunha\/wp-content\/uploads\/sites\/13\/2018\/03\/Elefantes-branco-da-Copa-de-2014-por-Dum-580x402.jpg\" alt=\"Charge: humorpolitico.com.br\" width=\"661\" height=\"458\" srcset=\"https:\/\/blogs.correiobraziliense.com.br\/aricunha\/wp-content\/uploads\/sites\/13\/2018\/03\/Elefantes-branco-da-Copa-de-2014-por-Dum-580x402.jpg 580w, https:\/\/blogs.correiobraziliense.com.br\/aricunha\/wp-content\/uploads\/sites\/13\/2018\/03\/Elefantes-branco-da-Copa-de-2014-por-Dum-580x402-300x208.jpg 300w, https:\/\/blogs.correiobraziliense.com.br\/aricunha\/wp-content\/uploads\/sites\/13\/2018\/03\/Elefantes-branco-da-Copa-de-2014-por-Dum-580x402-350x243.jpg 350w, https:\/\/blogs.correiobraziliense.com.br\/aricunha\/wp-content\/uploads\/sites\/13\/2018\/03\/Elefantes-branco-da-Copa-de-2014-por-Dum-580x402-550x381.jpg 550w, https:\/\/blogs.correiobraziliense.com.br\/aricunha\/wp-content\/uploads\/sites\/13\/2018\/03\/Elefantes-branco-da-Copa-de-2014-por-Dum-580x402-230x159.jpg 230w\" sizes=\"auto, (max-width: 661px) 100vw, 661px\" \/><figcaption id=\"caption-attachment-10328\" class=\"wp-caption-text\">Charge: humorpolitico.com.br<\/figcaption><\/figure>\n<p style=\"text-align: justify\">\u00a0 \u00a0 \u00a0 \u00a0 \u00a0Quaisquer que sejam as solu\u00e7\u00f5es que venham a ser tomadas para resolver a quest\u00e3o da ociosidade do Est\u00e1dio Man\u00e9 Garrincha e do Centro de Conven\u00e7\u00f5es, quem ter\u00e1 que arcar com as despesas e os preju\u00edzos bilion\u00e1rios ser\u00e3o os brasilienses, assolados por d\u00e9cadas de governos corruptos, ineficientes e perdul\u00e1rios.<\/p>\n<p style=\"text-align: justify\">\u00a0\u00a0\u00a0\u00a0\u00a0\u00a0\u00a0\u00a0 Para os dois monstrengos de concreto bem no centro da capital, a solu\u00e7\u00e3o desesperada tem sido buscar, junto ao empresariado, quem se habilita a arrendar esses espa\u00e7os para eventos privados. Pelas tratativas que v\u00eam sendo feitas pelo GDF com alguns setores, h\u00e1 a possibilidade de o Man\u00e9 Garrincha vir a se transformar numa grande arena para shows e espet\u00e1culos, inclusive deixando de lado o futebol.<\/p>\n<p style=\"text-align: justify\">\u00a0 \u00a0 \u00a0 \u00a0O Centro de Conven\u00e7\u00f5es Ulysses Guimar\u00e3es teve sua concep\u00e7\u00e3o original, moderna e simples, deformada por reformas impensadas e milion\u00e1rias. Existe tamb\u00e9m, por parte do GDF, a busca desesperada por uma Parceria P\u00fablico-Privada para a concess\u00e3o do espa\u00e7o para a realiza\u00e7\u00e3o de uma multiplicidade de eventos privados. Dessa forma, os recursos p\u00fablicos sugados da popula\u00e7\u00e3o pela engenhosidade malandra dos seguidos governos locais, para a constru\u00e7\u00e3o de inutilidades, v\u00e3o sendo, pouco a pouco, disponibilizados para que empres\u00e1rios do show business, por um per\u00edodo n\u00e3o menor que duas d\u00e9cadas, venham a transformar o centro da cidade em verdadeira \u00e1rea para a realiza\u00e7\u00e3o de eventos festivos variados.<\/p>\n<p style=\"text-align: justify\">\u00a0 \u00a0 \u00a0 \u00a0 \u00a0A transforma\u00e7\u00e3o daquela importante \u00e1rea em setor de divers\u00f5es \u00e9, al\u00e9m de mais um legado da inc\u00faria criminosa de governos passados, um acinte contra os brasilienses que aos poucos v\u00e3o assistindo a transforma\u00e7\u00e3o de uma cidade planejada com esmero, em um grande parque de experimenta\u00e7\u00e3o de governos que v\u00e3o passando e deixando para tr\u00e1s um rastro de escombros e obras cujo o \u00fanico objetivo tem sido o de carrear fortunas para si e para seus grupos mais pr\u00f3ximos.<\/p>\n<p style=\"text-align: justify\">\u00a0 \u00a0 \u00a0 \u00a0 Diante de tanto descalabro, n\u00e3o ser\u00e1 surpresa se um dia o pobre do Man\u00e9 Garrincha, que tanta alegria deu ao povo, n\u00e3o vir a se transformar numa esp\u00e9cie de cabar\u00e9 gigante, fincado bem no cora\u00e7\u00e3o da capital. Por qualquer \u00e2ngulo que se analise, a emancipa\u00e7\u00e3o da capital s\u00f3 foi boa mesmo para os grupos pol\u00edticos e empres\u00e1rios locais. Para a popula\u00e7\u00e3o em geral, ficaram os preju\u00edzos sem fim, as obras sem finalidade e as solu\u00e7\u00f5es sem p\u00e9 nem cabe\u00e7a.<\/p>\n<p style=\"text-align: justify\"><strong>A frase que foi pronunciada:<\/strong><\/p>\n<p style=\"text-align: justify\">\u201cBasta premeditar um ato pun\u00edvel para ser pass\u00edvel de puni\u00e7\u00e3o.\u201d<\/p>\n<p style=\"text-align: justify\">L\u00facio Apuleio, s\u00e9culo II d.C.<\/p>\n<p style=\"text-align: justify\"><strong>O Alienista<\/strong><\/p>\n<p style=\"text-align: justify\">Boa not\u00edcia vinda da UnB. A Editora da Universidade de Bras\u00edlia est\u00e1 na \u00faltima semana de descontos. Obras da literatura nacional por apenas R$10. S\u00e3o mais de 400 t\u00edtulos com esse valor. \u00c9 poss\u00edvel escolher e comprar pelo portal\u00a0<a href=\"http:\/\/www.editora.unb.br\/\">http:\/\/www.editora.unb.br\/<\/a>.<\/p>\n<p style=\"text-align: justify\"><img loading=\"lazy\" decoding=\"async\" class=\"size-full wp-image-10329 aligncenter\" src=\"https:\/\/blogs.correiobraziliense.com.br\/aricunha\/wp-content\/uploads\/sites\/13\/2018\/03\/slider_voltaasaulas2018.png\" alt=\"\" width=\"1899\" height=\"421\" srcset=\"https:\/\/blogs.correiobraziliense.com.br\/aricunha\/wp-content\/uploads\/sites\/13\/2018\/03\/slider_voltaasaulas2018.png 1899w, https:\/\/blogs.correiobraziliense.com.br\/aricunha\/wp-content\/uploads\/sites\/13\/2018\/03\/slider_voltaasaulas2018-300x67.png 300w, https:\/\/blogs.correiobraziliense.com.br\/aricunha\/wp-content\/uploads\/sites\/13\/2018\/03\/slider_voltaasaulas2018-768x170.png 768w, https:\/\/blogs.correiobraziliense.com.br\/aricunha\/wp-content\/uploads\/sites\/13\/2018\/03\/slider_voltaasaulas2018-1024x227.png 1024w, https:\/\/blogs.correiobraziliense.com.br\/aricunha\/wp-content\/uploads\/sites\/13\/2018\/03\/slider_voltaasaulas2018-350x78.png 350w, https:\/\/blogs.correiobraziliense.com.br\/aricunha\/wp-content\/uploads\/sites\/13\/2018\/03\/slider_voltaasaulas2018-1440x319.png 1440w, https:\/\/blogs.correiobraziliense.com.br\/aricunha\/wp-content\/uploads\/sites\/13\/2018\/03\/slider_voltaasaulas2018-550x122.png 550w, https:\/\/blogs.correiobraziliense.com.br\/aricunha\/wp-content\/uploads\/sites\/13\/2018\/03\/slider_voltaasaulas2018-230x51.png 230w\" sizes=\"auto, (max-width: 1899px) 100vw, 1899px\" \/><\/p>\n<p style=\"text-align: justify\"><strong>Lucro<\/strong><\/p>\n<p style=\"text-align: justify\">O Bradesco teve lucro de R$ 14,65 bilh\u00f5es em 2017, o Ita\u00fa Unibanco registrou lucro l\u00edquido de R$ 23,96 bilh\u00f5es. O Santander lucrou R$ 7,99 bilh\u00f5es no ano passado. J\u00e1 o Banco do Brasil chegou a lucrar R$ 11 bilh\u00f5es tamb\u00e9m no ano passado. As quatro institui\u00e7\u00f5es financeiras t\u00eam a\u00e7\u00f5es listadas na Bovespa. Por \u00faltimo, a Caixa divulgou o lucro l\u00edquido cont\u00e1bil foi de R$ 12,5 bilh\u00f5es.<\/p>\n<p style=\"text-align: justify\"><strong>Fusco<\/strong><\/p>\n<p style=\"text-align: justify\">Paulo Henrique Teixeira, no portal tribut\u00e1rio, conclui sobre a diversidade tribut\u00e1ria. \u201cSe as empresas de servi\u00e7o \u2013 que s\u00e3o as maiores geradoras de empregos no pa\u00eds \u2013 tivessem a mesma oportunidade (igualdade\/isonomia) tribut\u00e1ria como a dos Bancos \u2013 al\u00edquotas do PIS, COFINS e ISS reduzidas, apresentariam melhor resultado, mais empregos, crescimento de renda do trabalhador, dentre outras situa\u00e7\u00f5es.\u201d<\/p>\n<p style=\"text-align: justify\"><strong>Arremate<\/strong><\/p>\n<p style=\"text-align: justify\">Diminuir os tributos para que as empresas de servi\u00e7os tenham condi\u00e7\u00f5es de contribuir mais com o crescimento do pa\u00eds em p\u00e9 de igualdade, oportunidade e competitividade com os bancos. Por que n\u00e3o?<\/p>\n<p style=\"text-align: justify\"><strong>S\u00e3o Jos\u00e9 do Rio Preto<\/strong><\/p>\n<p style=\"text-align: justify\">Na tela da TV, uma tabela com cavalinhos andando. Seis colunas e oito linhas. Um dos cavalos n\u00e3o tem uma perna. O jogo \u00e9 voc\u00ea ligar e dizer qual coluna e linha est\u00e1 o animal sem a perna. Com apelos como \u201cAcredite em voc\u00ea!\u201d, \u201cTome uma atitude!\u201d \u201cD\u00ea o seu melhor!\u201d, \u201cSe voc\u00ea desligar pode perder a chance de ganhar R$52.000!\u201d. Um leitor conta que seu filho ficou animado com o desafio, ligou para a televis\u00e3o e a conta veio mais de mil reais. Prato cheio para o Minist\u00e9rio P\u00fablico ou para quem quiser investigar o \u201cTop Game\u201d.<\/p>\n<p>https:\/\/www.youtube.com\/watch?v=7G9xaZal-pc<\/p>\n<p style=\"text-align: justify\"><strong>HIST\u00d3RIA DE BRAS\u00cdLIA<\/strong><\/p>\n<p style=\"text-align: justify\">A Pol\u00edcia est\u00e1 construindo um pr\u00e9dio fora do Plano Piloto, de alvenaria, com o t\u00edtulo de \u201cprovis\u00f3rio\u201d. Fica ao lado do Trevo do Cemit\u00e9rio, e ter\u00e1, ainda, um alojamento para 200 soldados. <strong>(Publicado em 18.10.1961)<\/strong><\/p>\n<p>&nbsp;<\/p>\n","protected":false},"excerpt":{"rendered":"<p>ARI CUNHA Visto, lido e ouvido Desde 1960 com Circe Cunha e Mamfil colunadoaricunha@gmail.com; \u00a0 \u00a0 \u00a0 \u00a0 \u00a0Quaisquer que sejam as solu\u00e7\u00f5es que venham a ser tomadas para resolver a quest\u00e3o da ociosidade do Est\u00e1dio Man\u00e9 Garrincha e do Centro de Conven\u00e7\u00f5es, quem ter\u00e1 que arcar com as despesas e os preju\u00edzos bilion\u00e1rios ser\u00e3o os brasilienses, assolados por d\u00e9cadas [&hellip;]<\/p>\n","protected":false},"author":34,"featured_media":10328,"comment_status":"open","ping_status":"open","sticky":false,"template":"","format":"standard","meta":{"footnotes":""},"categories":[23],"tags":[67],"class_list":["post-10323","post","type-post","status-publish","format-standard","has-post-thumbnail","hentry","category-integra","tag-brasilia-historiadebrasilia-aricunha-circecunha-mamfil"],"_links":{"self":[{"href":"https:\/\/blogs.correiobraziliense.com.br\/aricunha\/wp-json\/wp\/v2\/posts\/10323","targetHints":{"allow":["GET"]}}],"collection":[{"href":"https:\/\/blogs.correiobraziliense.com.br\/aricunha\/wp-json\/wp\/v2\/posts"}],"about":[{"href":"https:\/\/blogs.correiobraziliense.com.br\/aricunha\/wp-json\/wp\/v2\/types\/post"}],"author":[{"embeddable":true,"href":"https:\/\/blogs.correiobraziliense.com.br\/aricunha\/wp-json\/wp\/v2\/users\/34"}],"replies":[{"embeddable":true,"href":"https:\/\/blogs.correiobraziliense.com.br\/aricunha\/wp-json\/wp\/v2\/comments?post=10323"}],"version-history":[{"count":4,"href":"https:\/\/blogs.correiobraziliense.com.br\/aricunha\/wp-json\/wp\/v2\/posts\/10323\/revisions"}],"predecessor-version":[{"id":10330,"href":"https:\/\/blogs.correiobraziliense.com.br\/aricunha\/wp-json\/wp\/v2\/posts\/10323\/revisions\/10330"}],"wp:featuredmedia":[{"embeddable":true,"href":"https:\/\/blogs.correiobraziliense.com.br\/aricunha\/wp-json\/wp\/v2\/media\/10328"}],"wp:attachment":[{"href":"https:\/\/blogs.correiobraziliense.com.br\/aricunha\/wp-json\/wp\/v2\/media?parent=10323"}],"wp:term":[{"taxonomy":"category","embeddable":true,"href":"https:\/\/blogs.correiobraziliense.com.br\/aricunha\/wp-json\/wp\/v2\/categories?post=10323"},{"taxonomy":"post_tag","embeddable":true,"href":"https:\/\/blogs.correiobraziliense.com.br\/aricunha\/wp-json\/wp\/v2\/tags?post=10323"}],"curies":[{"name":"wp","href":"https:\/\/api.w.org\/{rel}","templated":true}]}}