{"id":10301,"date":"2018-03-26T10:34:46","date_gmt":"2018-03-26T13:34:46","guid":{"rendered":"https:\/\/blogs.correiobraziliense.com.br\/aricunha\/?p=10301"},"modified":"2018-03-26T21:43:12","modified_gmt":"2018-03-27T00:43:12","slug":"segundo-andar-do-stf-pega-fogo-literalmente","status":"publish","type":"post","link":"https:\/\/blogs.correiobraziliense.com.br\/aricunha\/segundo-andar-do-stf-pega-fogo-literalmente\/","title":{"rendered":"Segundo andar do STF pega fogo, literalmente."},"content":{"rendered":"<p style=\"text-align: justify\">ARI CUNHA<\/p>\n<p style=\"text-align: justify\">Visto, lido e ouvido<\/p>\n<p style=\"text-align: justify\">Desde 1960<\/p>\n<p style=\"text-align: justify\">com Circe Cunha e Mamfil<\/p>\n<p style=\"text-align: justify\">colunadoaricunha@gmail.com;<\/p>\n<p style=\"text-align: justify\">\n<p>At\u00e9 agora n\u00e3o se sabe a causa. N\u00e3o h\u00e1 v\u00edtimas. O pr\u00e9dio foi evacuado.<\/p>\n<p>Na p\u00e1gina do tribunal h\u00e1 uma mensagem<\/p>\n<p>&#8220;Conex\u00e3o perdida. Verifique se o Qlik Sense est\u00e1 funcionando corretamente.<\/p>\n<p><img loading=\"lazy\" decoding=\"async\" class=\"alignnone size-full wp-image-10305\" src=\"https:\/\/blogs.correiobraziliense.com.br\/aricunha\/wp-content\/uploads\/sites\/13\/2018\/03\/STF-1.jpg\" alt=\"STF\" width=\"1550\" height=\"711\" srcset=\"https:\/\/blogs.correiobraziliense.com.br\/aricunha\/wp-content\/uploads\/sites\/13\/2018\/03\/STF-1.jpg 1550w, https:\/\/blogs.correiobraziliense.com.br\/aricunha\/wp-content\/uploads\/sites\/13\/2018\/03\/STF-1-300x138.jpg 300w, https:\/\/blogs.correiobraziliense.com.br\/aricunha\/wp-content\/uploads\/sites\/13\/2018\/03\/STF-1-768x352.jpg 768w, https:\/\/blogs.correiobraziliense.com.br\/aricunha\/wp-content\/uploads\/sites\/13\/2018\/03\/STF-1-1024x470.jpg 1024w, https:\/\/blogs.correiobraziliense.com.br\/aricunha\/wp-content\/uploads\/sites\/13\/2018\/03\/STF-1-350x161.jpg 350w, https:\/\/blogs.correiobraziliense.com.br\/aricunha\/wp-content\/uploads\/sites\/13\/2018\/03\/STF-1-1440x661.jpg 1440w, https:\/\/blogs.correiobraziliense.com.br\/aricunha\/wp-content\/uploads\/sites\/13\/2018\/03\/STF-1-550x252.jpg 550w, https:\/\/blogs.correiobraziliense.com.br\/aricunha\/wp-content\/uploads\/sites\/13\/2018\/03\/STF-1-230x106.jpg 230w\" sizes=\"auto, (max-width: 1550px) 100vw, 1550px\" \/>Se a sess\u00e3o atingir o tempo limite por causa de inatividade, atualizar para continuar trabalhando.&#8221;<\/p>\n","protected":false},"excerpt":{"rendered":"<p>ARI CUNHA Visto, lido e ouvido Desde 1960 com Circe Cunha e Mamfil colunadoaricunha@gmail.com; At\u00e9 agora n\u00e3o se sabe a causa. N\u00e3o h\u00e1 v\u00edtimas. O pr\u00e9dio foi evacuado. Na p\u00e1gina do tribunal h\u00e1 uma mensagem &#8220;Conex\u00e3o perdida. Verifique se o Qlik Sense est\u00e1 funcionando corretamente. Se a sess\u00e3o atingir o tempo limite por causa de inatividade, atualizar para continuar trabalhando.&#8221;<\/p>\n","protected":false},"author":34,"featured_media":10305,"comment_status":"open","ping_status":"open","sticky":false,"template":"","format":"standard","meta":{"footnotes":""},"categories":[23],"tags":[67],"class_list":["post-10301","post","type-post","status-publish","format-standard","has-post-thumbnail","hentry","category-integra","tag-brasilia-historiadebrasilia-aricunha-circecunha-mamfil"],"_links":{"self":[{"href":"https:\/\/blogs.correiobraziliense.com.br\/aricunha\/wp-json\/wp\/v2\/posts\/10301","targetHints":{"allow":["GET"]}}],"collection":[{"href":"https:\/\/blogs.correiobraziliense.com.br\/aricunha\/wp-json\/wp\/v2\/posts"}],"about":[{"href":"https:\/\/blogs.correiobraziliense.com.br\/aricunha\/wp-json\/wp\/v2\/types\/post"}],"author":[{"embeddable":true,"href":"https:\/\/blogs.correiobraziliense.com.br\/aricunha\/wp-json\/wp\/v2\/users\/34"}],"replies":[{"embeddable":true,"href":"https:\/\/blogs.correiobraziliense.com.br\/aricunha\/wp-json\/wp\/v2\/comments?post=10301"}],"version-history":[{"count":4,"href":"https:\/\/blogs.correiobraziliense.com.br\/aricunha\/wp-json\/wp\/v2\/posts\/10301\/revisions"}],"predecessor-version":[{"id":10309,"href":"https:\/\/blogs.correiobraziliense.com.br\/aricunha\/wp-json\/wp\/v2\/posts\/10301\/revisions\/10309"}],"wp:featuredmedia":[{"embeddable":true,"href":"https:\/\/blogs.correiobraziliense.com.br\/aricunha\/wp-json\/wp\/v2\/media\/10305"}],"wp:attachment":[{"href":"https:\/\/blogs.correiobraziliense.com.br\/aricunha\/wp-json\/wp\/v2\/media?parent=10301"}],"wp:term":[{"taxonomy":"category","embeddable":true,"href":"https:\/\/blogs.correiobraziliense.com.br\/aricunha\/wp-json\/wp\/v2\/categories?post=10301"},{"taxonomy":"post_tag","embeddable":true,"href":"https:\/\/blogs.correiobraziliense.com.br\/aricunha\/wp-json\/wp\/v2\/tags?post=10301"}],"curies":[{"name":"wp","href":"https:\/\/api.w.org\/{rel}","templated":true}]}}