{"id":10281,"date":"2018-03-26T08:00:33","date_gmt":"2018-03-26T11:00:33","guid":{"rendered":"https:\/\/blogs.correiobraziliense.com.br\/aricunha\/?p=10281"},"modified":"2018-03-26T07:32:31","modified_gmt":"2018-03-26T10:32:31","slug":"ilusao-passageira","status":"publish","type":"post","link":"https:\/\/blogs.correiobraziliense.com.br\/aricunha\/ilusao-passageira\/","title":{"rendered":"Ilus\u00e3o passageira"},"content":{"rendered":"<p style=\"text-align: justify\">ARI CUNHA<\/p>\n<p style=\"text-align: justify\">Visto, lido e ouvido<\/p>\n<p style=\"text-align: justify\">Desde 1960<\/p>\n<p style=\"text-align: justify\">com Circe Cunha e Mamfil<\/p>\n<p style=\"text-align: justify\">colunadoaricunha@gmail.com;<\/p>\n<figure id=\"attachment_10289\" aria-describedby=\"caption-attachment-10289\" style=\"width: 580px\" class=\"wp-caption aligncenter\"><img loading=\"lazy\" decoding=\"async\" class=\"size-full wp-image-10289\" src=\"https:\/\/blogs.correiobraziliense.com.br\/aricunha\/wp-content\/uploads\/sites\/13\/2018\/03\/OLIVEIRA-280616-Face-580x373.jpg\" alt=\"Charge: tribunadainternet.com.br\" width=\"580\" height=\"373\" srcset=\"https:\/\/blogs.correiobraziliense.com.br\/aricunha\/wp-content\/uploads\/sites\/13\/2018\/03\/OLIVEIRA-280616-Face-580x373.jpg 580w, https:\/\/blogs.correiobraziliense.com.br\/aricunha\/wp-content\/uploads\/sites\/13\/2018\/03\/OLIVEIRA-280616-Face-580x373-300x193.jpg 300w, https:\/\/blogs.correiobraziliense.com.br\/aricunha\/wp-content\/uploads\/sites\/13\/2018\/03\/OLIVEIRA-280616-Face-580x373-350x225.jpg 350w, https:\/\/blogs.correiobraziliense.com.br\/aricunha\/wp-content\/uploads\/sites\/13\/2018\/03\/OLIVEIRA-280616-Face-580x373-550x354.jpg 550w, https:\/\/blogs.correiobraziliense.com.br\/aricunha\/wp-content\/uploads\/sites\/13\/2018\/03\/OLIVEIRA-280616-Face-580x373-230x148.jpg 230w\" sizes=\"auto, (max-width: 580px) 100vw, 580px\" \/><figcaption id=\"caption-attachment-10289\" class=\"wp-caption-text\">Charge: tribunadainternet.com.br<\/figcaption><\/figure>\n<p style=\"text-align: justify\">\u00a0\u00a0\u00a0\u00a0\u00a0\u00a0\u00a0 Enganam-se os pol\u00edticos que acreditam ainda, que a cada novo salvo-conduto obtido junto aos tribunais, em cada uma das tr\u00eas inst\u00e2ncias, aumentam, na mesma propor\u00e7\u00e3o, suas chances de escapar da justi\u00e7a e do julgamento popular. Pelo contr\u00e1rio, a cada drible dado nas cortes de justi\u00e7a, \u00e0 custa, \u00e9 \u00f3bvio, dos mais caros e requisitados escrit\u00f3rios de advocacia do pa\u00eds, mais e mais aumenta, no seio da popula\u00e7\u00e3o, o sentimento de contrariedade e de decep\u00e7\u00e3o com seus representantes.<\/p>\n<p style=\"text-align: justify\">\u00a0 \u00a0 \u00a0 \u00a0 Em muitos casos recentes, esses sentimentos t\u00eam sido elevados para n\u00edveis da ofensa e, n\u00e3o raro, para a viol\u00eancia contra esses privilegiados e imput\u00e1veis. Nesses casos, as m\u00eddias sociais t\u00eam papel importante, n\u00e3o importando se os fatos s\u00e3o inflados por elementos fict\u00edcios ou n\u00e3o. Para uma parte da popula\u00e7\u00e3o, existe mesmo at\u00e9 um sentimento de ca\u00e7a aos pol\u00edticos enrolados com a justi\u00e7a.<\/p>\n<p style=\"text-align: justify\">\u00a0 \u00a0 \u00a0 \u00a0 \u00a0 \u00a0 \u00a0Os \u00faltimos acontecimentos ocorridos na cidade de Bag\u00e9, envolvendo o ex-presidente Lula, d\u00e3o uma mostra do que est\u00e1 acontecendo e pode vir a ocorrer daqui para frente. A quest\u00e3o \u00e9 simples: a cada passo dado, por esses figur\u00f5es, para fora do alcance da lei, mais a popula\u00e7\u00e3o se aproxima e passa a cercar esses personagens.<\/p>\n<figure id=\"attachment_10290\" aria-describedby=\"caption-attachment-10290\" style=\"width: 339px\" class=\"wp-caption alignleft\"><img loading=\"lazy\" decoding=\"async\" class=\" wp-image-10290\" src=\"https:\/\/blogs.correiobraziliense.com.br\/aricunha\/wp-content\/uploads\/sites\/13\/2018\/03\/download-1.jpg\" alt=\"Charge: blogdomagno.com.br\" width=\"339\" height=\"326\" \/><figcaption id=\"caption-attachment-10290\" class=\"wp-caption-text\">Charge: blogdomagno.com.br<\/figcaption><\/figure>\n<p style=\"text-align: justify\">\u00a0 \u00a0 \u00a0 \u00a0A raz\u00e3o \u00e9 simples e antiga: os brasileiros, de um modo geral, passaram a repudiar manobras de todo o tipo, principalmente aquelas que visam conferir blindagem a determinados indiv\u00edduos. O al\u00edvio moment\u00e2neo dado por algumas decis\u00f5es da justi\u00e7a tem seu pre\u00e7o cobrado pelo cidad\u00e3o. N\u00e3o raro, esse pre\u00e7o \u00e9 alto e tem sido cobrado em todo e qualquer lugar p\u00fablico onde esses pol\u00edticos s\u00e3o flagrados em desfile.<\/p>\n<p style=\"text-align: justify\">\u00a0 \u00a0 \u00a0 Agress\u00f5es e xingamentos e, agora, agress\u00f5es f\u00edsicas, t\u00eam ocorrido com cada vez mais frequ\u00eancia. H\u00e1 um crescendo de insatisfa\u00e7\u00e3o geral, sintom\u00e1tico e preocupante, mas que acaba revelando o grau de satura\u00e7\u00e3o existente entre os cidad\u00e3os e as principais lideran\u00e7as pol\u00edticas do pa\u00eds. Acreditar, nessa altura dos acontecimentos, que atrav\u00e9s do processo eleitoral, pela depura\u00e7\u00e3o do voto popular, penalidades e il\u00edcitos sejam simplesmente perdoados ou extintos, \u00e9 uma tolice e uma temeridade.<\/p>\n<p style=\"text-align: justify\">\u00a0 \u00a0 \u00a0 \u00a0 \u00a0A nossa democracia vai, aos poucos, adquirindo caracter\u00edsticas muito peculiares. Uma delas, \u00e9 a transfer\u00eancia de sentimentos pessoais \u00e0s personagens p\u00fablicas, o que tem arrastado muitas manifesta\u00e7\u00f5es para o campo das emo\u00e7\u00f5es. O mais racional e l\u00f3gico, que seria afastar as chances desses pol\u00edticos de se reelegerem nas urnas, n\u00e3o \u00e9 ainda sequer cogitado. Muitos preferem odiar, agredir, ofender e manifestar sua raiva.<\/p>\n<p style=\"text-align: justify\">\u00a0 \u00a0 \u00a0 \u00a0 \u00a0 O homem cordial brasileiro entende que esse ainda \u00e9 o melhor caminho para se livrar de pessoas indesejadas. O voto e a experi\u00eancia mundial provam isso, que \u00e9 a melhor solu\u00e7\u00e3o e o melhor m\u00e9todo sanit\u00e1rio.<\/p>\n<p style=\"text-align: justify\"><strong>\u00a0<\/strong><\/p>\n<p style=\"text-align: justify\"><strong>A frase que foi pronunciada<\/strong>:<\/p>\n<p style=\"text-align: justify\">\u201cO c\u00e9rebro humano \u00e9 como um chap\u00e9u de chuva: funciona melhor quando aberto.\u201d<\/p>\n<p style=\"text-align: justify\">Walter Gropius<\/p>\n<figure id=\"attachment_10291\" aria-describedby=\"caption-attachment-10291\" style=\"width: 385px\" class=\"wp-caption aligncenter\"><img loading=\"lazy\" decoding=\"async\" class=\" wp-image-10291\" src=\"https:\/\/blogs.correiobraziliense.com.br\/aricunha\/wp-content\/uploads\/sites\/13\/2018\/03\/download-1-1.jpg\" alt=\"Imagem: resologics.com\" width=\"385\" height=\"440\" srcset=\"https:\/\/blogs.correiobraziliense.com.br\/aricunha\/wp-content\/uploads\/sites\/13\/2018\/03\/download-1-1.jpg 500w, https:\/\/blogs.correiobraziliense.com.br\/aricunha\/wp-content\/uploads\/sites\/13\/2018\/03\/download-1-1-263x300.jpg 263w, https:\/\/blogs.correiobraziliense.com.br\/aricunha\/wp-content\/uploads\/sites\/13\/2018\/03\/download-1-1-306x350.jpg 306w, https:\/\/blogs.correiobraziliense.com.br\/aricunha\/wp-content\/uploads\/sites\/13\/2018\/03\/download-1-1-230x263.jpg 230w\" sizes=\"auto, (max-width: 385px) 100vw, 385px\" \/><figcaption id=\"caption-attachment-10291\" class=\"wp-caption-text\">Imagem: resologics.com<\/figcaption><\/figure>\n<p style=\"text-align: justify\"><strong>Pelo povo<\/strong><\/p>\n<p style=\"text-align: justify\">Tramita no Senado o PLS 378\/2015, que pro\u00edbe duas cobran\u00e7as: a com assinatura b\u00e1sica e a com consumo m\u00ednimo. O consumidor s\u00f3 deve pagar o que efetivamente consome. \u00c9 obvio, mas n\u00e3o \u00e9 o que acontece. Mais uma vez o senador Reguffe age atendendo a expectativa popular. Realmente n\u00e3o \u00e9 justo, moral nem honesto que seja cobrado o que n\u00e3o \u00e9 consumido.<\/p>\n<p style=\"text-align: justify\"><strong>Pois \u00e9<\/strong><\/p>\n<p style=\"text-align: justify\">Lasier Martins, senador pelo Rio Grande do Sul, faz uma pergunta interessante sobre as urnas eletr\u00f4nicas. Diz o parlamentar: \u201cSe at\u00e9 o sistema do Google e da Nasa j\u00e1 foram invadidos, assim como h\u00e1 hackers invadindo sistemas banc\u00e1rios todos os dias, como pode ser garantida a seguran\u00e7a do voto exclusivamente eletr\u00f4nico?\u201d<\/p>\n<figure id=\"attachment_10288\" aria-describedby=\"caption-attachment-10288\" style=\"width: 620px\" class=\"wp-caption aligncenter\"><img loading=\"lazy\" decoding=\"async\" class=\"size-full wp-image-10288\" src=\"https:\/\/blogs.correiobraziliense.com.br\/aricunha\/wp-content\/uploads\/sites\/13\/2018\/03\/image.jpg\" alt=\"Charge: tribunadainternet.com.br\" width=\"620\" height=\"387\" srcset=\"https:\/\/blogs.correiobraziliense.com.br\/aricunha\/wp-content\/uploads\/sites\/13\/2018\/03\/image.jpg 620w, https:\/\/blogs.correiobraziliense.com.br\/aricunha\/wp-content\/uploads\/sites\/13\/2018\/03\/image-300x187.jpg 300w, https:\/\/blogs.correiobraziliense.com.br\/aricunha\/wp-content\/uploads\/sites\/13\/2018\/03\/image-350x218.jpg 350w, https:\/\/blogs.correiobraziliense.com.br\/aricunha\/wp-content\/uploads\/sites\/13\/2018\/03\/image-550x343.jpg 550w, https:\/\/blogs.correiobraziliense.com.br\/aricunha\/wp-content\/uploads\/sites\/13\/2018\/03\/image-230x144.jpg 230w\" sizes=\"auto, (max-width: 620px) 100vw, 620px\" \/><figcaption id=\"caption-attachment-10288\" class=\"wp-caption-text\">Charge: tribunadainternet.com.br<\/figcaption><\/figure>\n<p style=\"text-align: justify\"><strong>N\u00fameros<\/strong><\/p>\n<p style=\"text-align: justify\">Nosso pa\u00eds tem 473 mil urnas prontas para instalar a impressora de votos. No total, s\u00e3o 550 mil urnas. O problema \u00e9 justamente o m\u00f3dulo impressor que n\u00e3o existe.<\/p>\n<p style=\"text-align: justify\"><strong>Marcante<\/strong><\/p>\n<p style=\"text-align: justify\">Senador Magno Malta saiu com essa em uma reuni\u00e3o. Hoje eu estou assaltado pelo complexo de Suplicy: n\u00e3o sabe resumir nada.\u201d<\/p>\n<figure id=\"attachment_10287\" aria-describedby=\"caption-attachment-10287\" style=\"width: 860px\" class=\"wp-caption aligncenter\"><img loading=\"lazy\" decoding=\"async\" class=\"size-full wp-image-10287\" src=\"https:\/\/blogs.correiobraziliense.com.br\/aricunha\/wp-content\/uploads\/sites\/13\/2018\/03\/imagem_materia-1.jpg\" alt=\"Foto: senado.leg.br\" width=\"860\" height=\"570\" srcset=\"https:\/\/blogs.correiobraziliense.com.br\/aricunha\/wp-content\/uploads\/sites\/13\/2018\/03\/imagem_materia-1.jpg 860w, https:\/\/blogs.correiobraziliense.com.br\/aricunha\/wp-content\/uploads\/sites\/13\/2018\/03\/imagem_materia-1-300x199.jpg 300w, https:\/\/blogs.correiobraziliense.com.br\/aricunha\/wp-content\/uploads\/sites\/13\/2018\/03\/imagem_materia-1-768x509.jpg 768w, https:\/\/blogs.correiobraziliense.com.br\/aricunha\/wp-content\/uploads\/sites\/13\/2018\/03\/imagem_materia-1-350x232.jpg 350w, https:\/\/blogs.correiobraziliense.com.br\/aricunha\/wp-content\/uploads\/sites\/13\/2018\/03\/imagem_materia-1-550x365.jpg 550w, https:\/\/blogs.correiobraziliense.com.br\/aricunha\/wp-content\/uploads\/sites\/13\/2018\/03\/imagem_materia-1-230x152.jpg 230w\" sizes=\"auto, (max-width: 860px) 100vw, 860px\" \/><figcaption id=\"caption-attachment-10287\" class=\"wp-caption-text\">Foto: senado.leg.br<\/figcaption><\/figure>\n<p style=\"text-align: justify\"><strong>\u00c1timo<\/strong><\/p>\n<p style=\"text-align: justify\">Passageiros que aguardam o \u00f4nibus nas paradas entre o Varj\u00e3o e o Parano\u00e1 s\u00e3o assaltados constantemente. De carro ou moto, os ladr\u00f5es recolhem os pertences rapidamente e somem. Uma das paradas mais assaltadas fica na entrada da rua da Casa da Dinda, onde os trabalhadores tamb\u00e9m aguardam os filhos que chegam da escola.<\/p>\n<p style=\"text-align: justify\"><strong>HIST\u00d3RIA DE BRAS\u00cdLIA<\/strong><\/p>\n<p style=\"text-align: justify\">O seu candidato, entretanto, sr. Waldemar Alc\u00e2ntara, m\u00e9dico e presidente de um partido pol\u00edtico, est\u00e1 inteiramente fora de cogita\u00e7\u00e3o. N\u00e3o preencheu as condi\u00e7\u00f5es m\u00ednimas para o cargo.<strong> (Publicado em 18.10.1961)<\/strong><\/p>\n","protected":false},"excerpt":{"rendered":"<p>ARI CUNHA Visto, lido e ouvido Desde 1960 com Circe Cunha e Mamfil colunadoaricunha@gmail.com; \u00a0\u00a0\u00a0\u00a0\u00a0\u00a0\u00a0 Enganam-se os pol\u00edticos que acreditam ainda, que a cada novo salvo-conduto obtido junto aos tribunais, em cada uma das tr\u00eas inst\u00e2ncias, aumentam, na mesma propor\u00e7\u00e3o, suas chances de escapar da justi\u00e7a e do julgamento popular. Pelo contr\u00e1rio, a cada drible dado nas cortes de justi\u00e7a, [&hellip;]<\/p>\n","protected":false},"author":34,"featured_media":10289,"comment_status":"open","ping_status":"open","sticky":false,"template":"","format":"standard","meta":{"footnotes":""},"categories":[23],"tags":[67],"class_list":["post-10281","post","type-post","status-publish","format-standard","has-post-thumbnail","hentry","category-integra","tag-brasilia-historiadebrasilia-aricunha-circecunha-mamfil"],"_links":{"self":[{"href":"https:\/\/blogs.correiobraziliense.com.br\/aricunha\/wp-json\/wp\/v2\/posts\/10281","targetHints":{"allow":["GET"]}}],"collection":[{"href":"https:\/\/blogs.correiobraziliense.com.br\/aricunha\/wp-json\/wp\/v2\/posts"}],"about":[{"href":"https:\/\/blogs.correiobraziliense.com.br\/aricunha\/wp-json\/wp\/v2\/types\/post"}],"author":[{"embeddable":true,"href":"https:\/\/blogs.correiobraziliense.com.br\/aricunha\/wp-json\/wp\/v2\/users\/34"}],"replies":[{"embeddable":true,"href":"https:\/\/blogs.correiobraziliense.com.br\/aricunha\/wp-json\/wp\/v2\/comments?post=10281"}],"version-history":[{"count":4,"href":"https:\/\/blogs.correiobraziliense.com.br\/aricunha\/wp-json\/wp\/v2\/posts\/10281\/revisions"}],"predecessor-version":[{"id":10292,"href":"https:\/\/blogs.correiobraziliense.com.br\/aricunha\/wp-json\/wp\/v2\/posts\/10281\/revisions\/10292"}],"wp:featuredmedia":[{"embeddable":true,"href":"https:\/\/blogs.correiobraziliense.com.br\/aricunha\/wp-json\/wp\/v2\/media\/10289"}],"wp:attachment":[{"href":"https:\/\/blogs.correiobraziliense.com.br\/aricunha\/wp-json\/wp\/v2\/media?parent=10281"}],"wp:term":[{"taxonomy":"category","embeddable":true,"href":"https:\/\/blogs.correiobraziliense.com.br\/aricunha\/wp-json\/wp\/v2\/categories?post=10281"},{"taxonomy":"post_tag","embeddable":true,"href":"https:\/\/blogs.correiobraziliense.com.br\/aricunha\/wp-json\/wp\/v2\/tags?post=10281"}],"curies":[{"name":"wp","href":"https:\/\/api.w.org\/{rel}","templated":true}]}}