{"id":10279,"date":"2018-03-24T05:00:22","date_gmt":"2018-03-24T08:00:22","guid":{"rendered":"https:\/\/blogs.correiobraziliense.com.br\/aricunha\/?p=10279"},"modified":"2018-03-26T22:30:18","modified_gmt":"2018-03-27T01:30:18","slug":"quer-saber-seu-futuro-pesquise-antes-de-votar","status":"publish","type":"post","link":"https:\/\/blogs.correiobraziliense.com.br\/aricunha\/quer-saber-seu-futuro-pesquise-antes-de-votar\/","title":{"rendered":"Quer saber seu futuro? Pesquise antes de votar."},"content":{"rendered":"<p>ARI CUNHA<\/p>\n<p>Visto, lido e ouvido<\/p>\n<p>Desde 1960<\/p>\n<p>com Circe Cunha e Mamfil<\/p>\n<p>colunadoaricunha@gmail.com;<\/p>\n<figure id=\"attachment_10295\" aria-describedby=\"caption-attachment-10295\" style=\"width: 599px\" class=\"wp-caption aligncenter\"><img loading=\"lazy\" decoding=\"async\" class=\" wp-image-10295\" src=\"https:\/\/blogs.correiobraziliense.com.br\/aricunha\/wp-content\/uploads\/sites\/13\/2018\/03\/charge-dinheiro-publico.jpg\" alt=\"Charge: folhadapraia.com.br\" width=\"599\" height=\"389\" srcset=\"https:\/\/blogs.correiobraziliense.com.br\/aricunha\/wp-content\/uploads\/sites\/13\/2018\/03\/charge-dinheiro-publico.jpg 514w, https:\/\/blogs.correiobraziliense.com.br\/aricunha\/wp-content\/uploads\/sites\/13\/2018\/03\/charge-dinheiro-publico-300x195.jpg 300w, https:\/\/blogs.correiobraziliense.com.br\/aricunha\/wp-content\/uploads\/sites\/13\/2018\/03\/charge-dinheiro-publico-350x227.jpg 350w, https:\/\/blogs.correiobraziliense.com.br\/aricunha\/wp-content\/uploads\/sites\/13\/2018\/03\/charge-dinheiro-publico-230x149.jpg 230w\" sizes=\"auto, (max-width: 599px) 100vw, 599px\" \/><figcaption id=\"caption-attachment-10295\" class=\"wp-caption-text\">Charge: folhadapraia.com.br<\/figcaption><\/figure>\n<p style=\"text-align: justify\">\u00a0\u00a0\u00a0\u00a0\u00a0\u00a0\u00a0\u00a0\u00a0 \u00c9 preciso reconhecer um fato: de uma d\u00e9cada para c\u00e1, aprendemos muito mais sobre nossa rep\u00fablica e sobre o funcionamento cambaleante\u00a0de nossas institui\u00e7\u00f5es p\u00fablicas do que nos \u00faltimos cento vinte de nossa hist\u00f3ria. E isso se deve, al\u00e9m do esfor\u00e7o de muitos brasileiros em implantar processos de transpar\u00eancia na gest\u00e3o da m\u00e1quina administrativa, ao trabalho da imprensa, refor\u00e7ada hoje pela difus\u00e3o das m\u00eddias sociais.<\/p>\n<p style=\"text-align: justify\">\u00a0\u00a0\u00a0\u00a0\u00a0\u00a0\u00a0\u00a0\u00a0 Em se tratando de malversa\u00e7\u00e3o do dinheiro do pagador de impostos, o que temos aprendido at\u00e9 agora \u00e9 que a condi\u00e7\u00e3o essencial para o cometimento de seguidos atos de corrup\u00e7\u00e3o,\u00a0al\u00e9m da abstin\u00eancia total de princ\u00edpios \u00e9ticos, \u00e9 que haja, por parte dos envolvidos, o necess\u00e1rio sil\u00eancio obsequioso,\u00a0extraindo toda a verdade em torno do crime, escondendo o cad\u00e1ver e apagando rastros. Mas, nem sempre isso \u00e9 poss\u00edvel.<\/p>\n<p style=\"text-align: justify\">\u00a0\u00a0\u00a0\u00a0\u00a0\u00a0\u00a0\u00a0\u00a0 No nosso caso, em que a fic\u00e7\u00e3o tem ficado muito aqu\u00e9m da realidade cotidiana, esconder as provas de um il\u00edcito aos olhos da popula\u00e7\u00e3o brasiliense tem sido tarefa \u00e1rdua quando o que se tem em m\u00e3os \u00e9 uma verdadeira montanha cicl\u00f3pica.<\/p>\n<p style=\"text-align: justify\">\u00a0\u00a0\u00a0\u00a0\u00a0\u00a0\u00a0\u00a0\u00a0 Esse fato \u00e9 justamente o que ocorre com o est\u00e1dio Man\u00e9 Garrincha e com o Centro Administrativo (Centrad), chamado de Buritinga. Esconder esses genu\u00ednos elefantes brancos dos cidad\u00e3os, que juntos sorveram compulsoriamente R$ 3 bilh\u00f5es dos contribuintes, \u00e9 t\u00e3o in\u00fatil como dar-lhes utilidade apropriada \u00e0s reais necessidades da popula\u00e7\u00e3o. Obviamente que os recursos torrados de forma insana nesses monstrengos n\u00e3o retornar\u00e3o jamais aos cofres p\u00fablicos. Boa parte deles, inclusive, foi parar no fundo da algibeira de muitos gestores ladinos.<\/p>\n<figure id=\"attachment_10296\" aria-describedby=\"caption-attachment-10296\" style=\"width: 440px\" class=\"wp-caption alignleft\"><img loading=\"lazy\" decoding=\"async\" class=\" wp-image-10296\" src=\"https:\/\/blogs.correiobraziliense.com.br\/aricunha\/wp-content\/uploads\/sites\/13\/2018\/03\/dinheiro-p\u00fablico-ralo.png\" alt=\"Charge: folhapolitica.org\" width=\"440\" height=\"305\" srcset=\"https:\/\/blogs.correiobraziliense.com.br\/aricunha\/wp-content\/uploads\/sites\/13\/2018\/03\/dinheiro-p\u00fablico-ralo.png 640w, https:\/\/blogs.correiobraziliense.com.br\/aricunha\/wp-content\/uploads\/sites\/13\/2018\/03\/dinheiro-p\u00fablico-ralo-300x208.png 300w, https:\/\/blogs.correiobraziliense.com.br\/aricunha\/wp-content\/uploads\/sites\/13\/2018\/03\/dinheiro-p\u00fablico-ralo-350x243.png 350w, https:\/\/blogs.correiobraziliense.com.br\/aricunha\/wp-content\/uploads\/sites\/13\/2018\/03\/dinheiro-p\u00fablico-ralo-550x382.png 550w, https:\/\/blogs.correiobraziliense.com.br\/aricunha\/wp-content\/uploads\/sites\/13\/2018\/03\/dinheiro-p\u00fablico-ralo-230x160.png 230w\" sizes=\"auto, (max-width: 440px) 100vw, 440px\" \/><figcaption id=\"caption-attachment-10296\" class=\"wp-caption-text\">Charge: folhapolitica.org<\/figcaption><\/figure>\n<p style=\"text-align: justify\">\u00a0\u00a0\u00a0\u00a0\u00a0\u00a0\u00a0\u00a0\u00a0Aos contribuintes ficaram, al\u00e9m do presente de grego sem valia, os preju\u00edzos de monta. No caso do est\u00e1dio fantasma, com 72 mil cadeiras vermelhas, erguido a um custo astron\u00f4mico de R$ 1,6 bilh\u00e3o, o valor gasto de forma superfaturada daria para construir uma dezena de hospitais de ponta por todo o Distrito Federal.\u00a0 Evitaria tamb\u00e9m o preju\u00edzo anual de mais de R$ 6,4 milh\u00f5es com sua manuten\u00e7\u00e3o.<\/p>\n<p style=\"text-align: justify\">\u00a0\u00a0\u00a0\u00a0\u00a0\u00a0\u00a0\u00a0\u00a0 O est\u00e1dio, de longe o mais caro da Copa fat\u00eddica, \u00e9 hoje um estorvo que o governo se esfor\u00e7a, ao limite, para empurrar para a iniciativa privada e um marco em concreto armado \u00e0 desgovernan\u00e7a e ao mau uso do dinheiro p\u00fablico. Com sua arquitetura pouco inspirada e desrespeitosa ao entorno imediato, o est\u00e1dio obsoleto restar\u00e1 como uma lembran\u00e7a ruim, usando indecorosamente o nome de Garrincha, o anjo das pernas tortas.<\/p>\n<p style=\"text-align: justify\">\u00a0\u00a0\u00a0\u00a0\u00a0\u00a0\u00a0\u00a0\u00a0 Tamb\u00e9m o Buritinga, um gigante\u00a0in\u00fatil que ocupa um terreno de 182 mil metros quadrados, constru\u00eddo para abrigar mais de 13 mil servidores do GDF e que sozinho consumiu mais de R$ 1 bilh\u00e3o, entrou na mira das preocupa\u00e7\u00f5es do atual governo, que j\u00e1 estuda a possibilidade de anular todo o acordo com a concession\u00e1ria da obra.<\/p>\n<p style=\"text-align: justify\">\u00a0 \u00a0 \u00a0 \u00a0 \u00a0Pelo andamento do processo, n\u00e3o ser\u00e1 surpresa que\u00a0venha ser descartado\u00a0tamb\u00e9m, vindo a se juntar ao conjunto de obras desnecess\u00e1rias e suspeitas, cuja a finalidade maior sempre foi carrear recursos p\u00fablicos para os mesmos grupos pol\u00edticos que h\u00e1 d\u00e9cadas infelicitam e desconsideram a popula\u00e7\u00e3o. Os mesmos que agora ensaiam voltar ao Buriti, repaginados.<\/p>\n<p style=\"text-align: justify\"><strong>A frase que foi pronunciada:<\/strong><\/p>\n<p style=\"text-align: justify\">\u201cNasci para vencer tr\u00eas males extremos: a tirania, os sofismas e a hipocrisia.\u201d<\/p>\n<p style=\"text-align: justify\">Giovanni Domenico Campanella, Paris 1689<\/p>\n<p style=\"text-align: justify\"><strong>Fim da Nota Legal?<\/strong><\/p>\n<p style=\"text-align: justify\">Onde foram parar os cr\u00e9ditos do Nota Legal ningu\u00e9m sabe. Nenhuma nota consta no sistema e as reclama\u00e7\u00f5es feitas n\u00e3o s\u00e3o consideradas. \u00c9 o que parece j\u00e1 que o contribuinte fica sem retorno \u00e0s solicita\u00e7\u00f5es.<\/p>\n<p style=\"text-align: justify\"><strong>\u00a0<\/strong><\/p>\n<figure id=\"attachment_10298\" aria-describedby=\"caption-attachment-10298\" style=\"width: 396px\" class=\"wp-caption aligncenter\"><img loading=\"lazy\" decoding=\"async\" class=\" wp-image-10298\" src=\"https:\/\/blogs.correiobraziliense.com.br\/aricunha\/wp-content\/uploads\/sites\/13\/2018\/03\/rest.jpg\" alt=\"Charge: escolhasfinanceiras.com.br\" width=\"396\" height=\"264\" srcset=\"https:\/\/blogs.correiobraziliense.com.br\/aricunha\/wp-content\/uploads\/sites\/13\/2018\/03\/rest.jpg 300w, https:\/\/blogs.correiobraziliense.com.br\/aricunha\/wp-content\/uploads\/sites\/13\/2018\/03\/rest-230x153.jpg 230w\" sizes=\"auto, (max-width: 396px) 100vw, 396px\" \/><figcaption id=\"caption-attachment-10298\" class=\"wp-caption-text\">Charge: escolhasfinanceiras.com.br<\/figcaption><\/figure>\n<p style=\"text-align: justify\"><strong>Descaso total<\/strong><\/p>\n<p style=\"text-align: justify\">Depois do \u00faltimo lan\u00e7amento no IPVA e IPTU o saldo continua zerado e praticamente todas as notas consultadas precisam ser reclamadas. O novo sistema de notas fiscais com QRCODE permite que o contribuinte consulte a exist\u00eancia e a veracidade da nota acessando o site da fazenda do GDF. \u00c9 estranho porque, ao consultar, o contribuinte verifica que a nota existe, est\u00e1 no sistema, mas os cr\u00e9ditos que revertem ao cidad\u00e3o n\u00e3o aparecem. Para onde foram?<\/p>\n<p style=\"text-align: justify\"><strong>Consome dor<\/strong><\/p>\n<p style=\"text-align: justify\">\u00c9 uma pena! Ao reconhecer tanta coisa estranha, o cidad\u00e3o obviamente passa a ver o programa e a Fazenda com desconfian\u00e7a e acha que de nada adianta persistir nas reclama\u00e7\u00f5es, porque aparentemente os cr\u00e9ditos a que tem direito foram \u201cabduzidos\u201d pelos sistemas recheados de problemas.<\/p>\n<p style=\"text-align: justify\"><strong>Anti-Midas<\/strong><\/p>\n<p style=\"text-align: justify\">Vamos ver se os leitores nos contam se o Nota Sa\u00fade Legal, tamb\u00e9m criado pelo ent\u00e3o deputado Reguffe, funciona. Queira Deus que a C\u00e2mara Legislativa n\u00e3o toque nesse programa.<\/p>\n<p style=\"text-align: justify\"><strong>HIST\u00d3RIA DE BRAS\u00cdLIA<\/strong><\/p>\n<p style=\"text-align: justify\">Estar\u00e1 novamente hoje em Bras\u00edlia o governador Parsifal Barroso, do Cear\u00e1. \u00c9 a sexta vez que vem ao Distrito Federal, tratar da nomea\u00e7\u00e3o do novo presidente do Banco do Nordeste. <strong>(Publicado em 18.10.1961)<\/strong><\/p>\n","protected":false},"excerpt":{"rendered":"<p>ARI CUNHA Visto, lido e ouvido Desde 1960 com Circe Cunha e Mamfil colunadoaricunha@gmail.com; \u00a0\u00a0\u00a0\u00a0\u00a0\u00a0\u00a0\u00a0\u00a0 \u00c9 preciso reconhecer um fato: de uma d\u00e9cada para c\u00e1, aprendemos muito mais sobre nossa rep\u00fablica e sobre o funcionamento cambaleante\u00a0de nossas institui\u00e7\u00f5es p\u00fablicas do que nos \u00faltimos cento vinte de nossa hist\u00f3ria. E isso se deve, al\u00e9m do esfor\u00e7o de muitos brasileiros em implantar [&hellip;]<\/p>\n","protected":false},"author":34,"featured_media":10295,"comment_status":"open","ping_status":"open","sticky":false,"template":"","format":"standard","meta":{"footnotes":""},"categories":[23],"tags":[67],"class_list":["post-10279","post","type-post","status-publish","format-standard","has-post-thumbnail","hentry","category-integra","tag-brasilia-historiadebrasilia-aricunha-circecunha-mamfil"],"_links":{"self":[{"href":"https:\/\/blogs.correiobraziliense.com.br\/aricunha\/wp-json\/wp\/v2\/posts\/10279","targetHints":{"allow":["GET"]}}],"collection":[{"href":"https:\/\/blogs.correiobraziliense.com.br\/aricunha\/wp-json\/wp\/v2\/posts"}],"about":[{"href":"https:\/\/blogs.correiobraziliense.com.br\/aricunha\/wp-json\/wp\/v2\/types\/post"}],"author":[{"embeddable":true,"href":"https:\/\/blogs.correiobraziliense.com.br\/aricunha\/wp-json\/wp\/v2\/users\/34"}],"replies":[{"embeddable":true,"href":"https:\/\/blogs.correiobraziliense.com.br\/aricunha\/wp-json\/wp\/v2\/comments?post=10279"}],"version-history":[{"count":7,"href":"https:\/\/blogs.correiobraziliense.com.br\/aricunha\/wp-json\/wp\/v2\/posts\/10279\/revisions"}],"predecessor-version":[{"id":10318,"href":"https:\/\/blogs.correiobraziliense.com.br\/aricunha\/wp-json\/wp\/v2\/posts\/10279\/revisions\/10318"}],"wp:featuredmedia":[{"embeddable":true,"href":"https:\/\/blogs.correiobraziliense.com.br\/aricunha\/wp-json\/wp\/v2\/media\/10295"}],"wp:attachment":[{"href":"https:\/\/blogs.correiobraziliense.com.br\/aricunha\/wp-json\/wp\/v2\/media?parent=10279"}],"wp:term":[{"taxonomy":"category","embeddable":true,"href":"https:\/\/blogs.correiobraziliense.com.br\/aricunha\/wp-json\/wp\/v2\/categories?post=10279"},{"taxonomy":"post_tag","embeddable":true,"href":"https:\/\/blogs.correiobraziliense.com.br\/aricunha\/wp-json\/wp\/v2\/tags?post=10279"}],"curies":[{"name":"wp","href":"https:\/\/api.w.org\/{rel}","templated":true}]}}