{"id":10260,"date":"2018-03-23T14:16:08","date_gmt":"2018-03-23T17:16:08","guid":{"rendered":"https:\/\/blogs.correiobraziliense.com.br\/aricunha\/?p=10260"},"modified":"2018-03-23T17:05:14","modified_gmt":"2018-03-23T20:05:14","slug":"10260-2","status":"publish","type":"post","link":"https:\/\/blogs.correiobraziliense.com.br\/aricunha\/10260-2\/","title":{"rendered":"\u00c0 sombra do Estado"},"content":{"rendered":"<p>ARI CUNHA<\/p>\n<p>Visto, lido e ouvido<\/p>\n<p>Desde 1960<\/p>\n<p>com Circe Cunha e Mamfil<\/p>\n<p>colunadoaricunha@gmail.com;<\/p>\n<figure id=\"attachment_10271\" aria-describedby=\"caption-attachment-10271\" style=\"width: 493px\" class=\"wp-caption aligncenter\"><img loading=\"lazy\" decoding=\"async\" class=\"size-full wp-image-10271\" src=\"https:\/\/blogs.correiobraziliense.com.br\/aricunha\/wp-content\/uploads\/sites\/13\/2018\/03\/charge-brasil-de-todos.jpg\" alt=\"Charge: blogdozeca100.blogspot.com.br\" width=\"493\" height=\"362\" srcset=\"https:\/\/blogs.correiobraziliense.com.br\/aricunha\/wp-content\/uploads\/sites\/13\/2018\/03\/charge-brasil-de-todos.jpg 493w, https:\/\/blogs.correiobraziliense.com.br\/aricunha\/wp-content\/uploads\/sites\/13\/2018\/03\/charge-brasil-de-todos-300x220.jpg 300w, https:\/\/blogs.correiobraziliense.com.br\/aricunha\/wp-content\/uploads\/sites\/13\/2018\/03\/charge-brasil-de-todos-350x257.jpg 350w, https:\/\/blogs.correiobraziliense.com.br\/aricunha\/wp-content\/uploads\/sites\/13\/2018\/03\/charge-brasil-de-todos-230x169.jpg 230w\" sizes=\"auto, (max-width: 493px) 100vw, 493px\" \/><figcaption id=\"caption-attachment-10271\" class=\"wp-caption-text\">Charge: blogdozeca100.blogspot.com.br<\/figcaption><\/figure>\n<p style=\"text-align: justify\">\u00a0 \u00a0 \u00a0 \u00a0 \u00a0 \u00a0 Em qualquer rela\u00e7\u00e3o que se organize para elencar os principais fatores que contribuem hoje, efetivamente para a forma\u00e7\u00e3o do chamado Custo Brasil, ao lado de elementos como as p\u00e9ssimas infraestruturas e um emaranhado de impostos e tributos ir\u00e3o aparecer, tamb\u00e9m no topo da lista, o sofr\u00edvel quadro partid\u00e1rio. S\u00e3o dezenas de legendas de aluguel, repletas de pol\u00edticos das mais diversas tend\u00eancias, mas que, ao fim ao cabo, buscam, por meio da representa\u00e7\u00e3o popular, imiscuir-se na administra\u00e7\u00e3o p\u00fablica apenas para obten\u00e7\u00e3o de lucros f\u00e1ceis e r\u00e1pidos para si e membros de seu grupo.<\/p>\n<p style=\"text-align: justify\">\u00a0 \u00a0 \u00a0 \u00a0 \u00a0 \u00a0 \u00a0Em outras palavras, os preju\u00edzos advindos da baix\u00edssima qualidade de nossos representantes junto ao Estado, contribuem, cada um ao seu modo, para solapar os pilares do desenvolvimento nacional, corroendo sua sustenta\u00e7\u00e3o e provocando uma fadiga generalizada em todo o sistema.<\/p>\n<p style=\"text-align: justify\">\u00a0\u00a0\u00a0\u00a0\u00a0\u00a0\u00a0\u00a0\u00a0\u00a0 A guisa de exemplo, ao relacionar a elevada corrup\u00e7\u00e3o administrativa p\u00fablica como um dos elementos que concorrem para o Custo Brasil, a primeira leitura que se pode inferir dessa afirma\u00e7\u00e3o \u00e9 que as indica\u00e7\u00f5es partid\u00e1rias, para o preenchimento dos mais altos cargos de gest\u00e3o administrativa do Estado est\u00e3o enfeixadas nas m\u00e3os dos partidos pol\u00edticos, mormente de suas lideran\u00e7as, que indicam esses nomes, dentro do conceito de m\u00e3o dupla de loteamento pol\u00edtico da m\u00e1quina em troca de apoio ao governo de plant\u00e3o.<\/p>\n<figure id=\"attachment_10272\" aria-describedby=\"caption-attachment-10272\" style=\"width: 444px\" class=\"wp-caption alignleft\"><img loading=\"lazy\" decoding=\"async\" class=\" wp-image-10272\" src=\"https:\/\/blogs.correiobraziliense.com.br\/aricunha\/wp-content\/uploads\/sites\/13\/2018\/03\/Base-aliada-charge.jpg\" alt=\"Charge: odireito-oavesso.blogspot.com.br\" width=\"444\" height=\"369\" srcset=\"https:\/\/blogs.correiobraziliense.com.br\/aricunha\/wp-content\/uploads\/sites\/13\/2018\/03\/Base-aliada-charge.jpg 345w, https:\/\/blogs.correiobraziliense.com.br\/aricunha\/wp-content\/uploads\/sites\/13\/2018\/03\/Base-aliada-charge-300x250.jpg 300w, https:\/\/blogs.correiobraziliense.com.br\/aricunha\/wp-content\/uploads\/sites\/13\/2018\/03\/Base-aliada-charge-230x191.jpg 230w\" sizes=\"auto, (max-width: 444px) 100vw, 444px\" \/><figcaption id=\"caption-attachment-10272\" class=\"wp-caption-text\">Charge: odireito-oavesso.blogspot.com.br<\/figcaption><\/figure>\n<p style=\"text-align: justify\">\u00a0\u00a0\u00a0\u00a0\u00a0\u00a0\u00a0\u00a0\u00a0Apenas por essa caracter\u00edstica, muito peculiar \u00e0 nossa cultura, ao qual estudiosos denominam presidencialismo de coaliz\u00e3o, d\u00e1 para entender n\u00e3o s\u00f3 os entraves antepostos \u00e0 administra\u00e7\u00e3o do Estado, mas explica por que muitos desses nomes, invariavelmente, acabam estampados nas manchetes dos jornais.<\/p>\n<p style=\"text-align: justify\">\u00a0\u00a0\u00a0\u00a0\u00a0\u00a0\u00a0\u00a0\u00a0 Nesse sentido, em qualquer dire\u00e7\u00e3o que se analise os elementos do Custo Brasil, l\u00e1 estar\u00e1 expl\u00edcito ou n\u00e3o o elemento pol\u00edtico, encrustado e parasit\u00e1rio, concorrendo para sua desvirtua\u00e7\u00e3o. O d\u00e9ficit p\u00fablico elevado, a burocracia excessiva, a carteliza\u00e7\u00e3o da economia, a alta carga tribut\u00e1ria ou os custos trabalhistas, todos eles, respons\u00e1veis pelo nosso atraso secular, possuem n\u00e3o s\u00f3 sustenta\u00e7\u00e3o direta do mundo pol\u00edtico, mas subsistem gra\u00e7as \u00e0 indiferen\u00e7a com que encaram esses problemas.<\/p>\n<p style=\"text-align: justify\">\u00a0\u00a0\u00a0\u00a0\u00a0\u00a0\u00a0\u00a0\u00a0 Mesmo nos elementos como a legisla\u00e7\u00e3o fiscal complexa, a inseguran\u00e7a jur\u00eddica, o alto custo dos insumos como a energia, podem ser encontrados a digital impressa da pol\u00edtica nacional. Isso sem falar na baixa qualidade educacional e a falta de m\u00e3o de obra qualificada, todas decorrentes da pouca ou nenhuma vontade por parte das principais lideran\u00e7as pol\u00edticas do pa\u00eds em mudar esse quadro desolador.<\/p>\n<p style=\"text-align: justify\">\u00a0\u00a0\u00a0\u00a0\u00a0\u00a0\u00a0\u00a0\u00a0 O fato mais aterrador \u00e9 que existe um diagn\u00f3stico preciso e antigo das causas que induzem o Custo Brasil. O que parece n\u00e3o existir s\u00e3o atores com atributos \u00e0 altura do desafio para mudar esse estado de coisas. Na realidade a retirada desses empecilhos para o pa\u00eds deslanchar colocaria em xeque a pr\u00f3pria exist\u00eancia de grande parte de nossa classe pol\u00edtica, abrigada a s\u00e9culos \u00e0 sombra frondosa de um Estado rendido.<\/p>\n<p style=\"text-align: justify\"><strong>Frase que foi pronunciada:<\/strong><\/p>\n<p style=\"text-align: justify\">&#8220;Lamentavelmente, Lula se corrompeu. Embora a defesa insista no ato de of\u00edcio para configura\u00e7\u00e3o do crime de corrup\u00e7\u00e3o, vale lembrar que essa quest\u00e3o j\u00e1 foi superada pelo Supremo Tribunal Federal no julgamento do\u00a0Mensal\u00e3o.&#8221;<\/p>\n<p style=\"text-align: justify\">Procurador Mauricio Gerum, do Minist\u00e9rio P\u00fablico Federal (MPF)<\/p>\n<figure id=\"attachment_10266\" aria-describedby=\"caption-attachment-10266\" style=\"width: 1043px\" class=\"wp-caption aligncenter\"><img loading=\"lazy\" decoding=\"async\" class=\"size-full wp-image-10266\" src=\"https:\/\/blogs.correiobraziliense.com.br\/aricunha\/wp-content\/uploads\/sites\/13\/2018\/03\/Lula.jpg\" alt=\"Foto: folhapolitica.org\" width=\"1043\" height=\"579\" srcset=\"https:\/\/blogs.correiobraziliense.com.br\/aricunha\/wp-content\/uploads\/sites\/13\/2018\/03\/Lula.jpg 1043w, https:\/\/blogs.correiobraziliense.com.br\/aricunha\/wp-content\/uploads\/sites\/13\/2018\/03\/Lula-300x167.jpg 300w, https:\/\/blogs.correiobraziliense.com.br\/aricunha\/wp-content\/uploads\/sites\/13\/2018\/03\/Lula-768x426.jpg 768w, https:\/\/blogs.correiobraziliense.com.br\/aricunha\/wp-content\/uploads\/sites\/13\/2018\/03\/Lula-1024x568.jpg 1024w, https:\/\/blogs.correiobraziliense.com.br\/aricunha\/wp-content\/uploads\/sites\/13\/2018\/03\/Lula-350x194.jpg 350w, https:\/\/blogs.correiobraziliense.com.br\/aricunha\/wp-content\/uploads\/sites\/13\/2018\/03\/Lula-550x305.jpg 550w, https:\/\/blogs.correiobraziliense.com.br\/aricunha\/wp-content\/uploads\/sites\/13\/2018\/03\/Lula-230x128.jpg 230w\" sizes=\"auto, (max-width: 1043px) 100vw, 1043px\" \/><figcaption id=\"caption-attachment-10266\" class=\"wp-caption-text\">Foto: folhapolitica.org<\/figcaption><\/figure>\n<p style=\"text-align: justify\"><strong>Ryben\u00e1<\/strong><\/p>\n<p style=\"text-align: justify\">No portal da UniCEUB, o internauta surdo pode compreender as informa\u00e7\u00f5es pelo Ryben\u00e1. Essa solu\u00e7\u00e3o foi criada em 2003 pelo DFJUG &#8211; Grupo de Usu\u00e1rios Java do DF, em parceria com o Instituto CTS. A ideia era criar um celular para surdos. Nem sempre quem n\u00e3o ouve sabe ler. O natural \u00e9 a linguagem de sinais.<\/p>\n<figure id=\"attachment_10268\" aria-describedby=\"caption-attachment-10268\" style=\"width: 450px\" class=\"wp-caption aligncenter\"><img loading=\"lazy\" decoding=\"async\" class=\" wp-image-10268\" src=\"https:\/\/blogs.correiobraziliense.com.br\/aricunha\/wp-content\/uploads\/sites\/13\/2018\/03\/sobre03.png\" alt=\"Foto: rybena.com.br\" width=\"450\" height=\"325\" srcset=\"https:\/\/blogs.correiobraziliense.com.br\/aricunha\/wp-content\/uploads\/sites\/13\/2018\/03\/sobre03.png 350w, https:\/\/blogs.correiobraziliense.com.br\/aricunha\/wp-content\/uploads\/sites\/13\/2018\/03\/sobre03-300x217.png 300w, https:\/\/blogs.correiobraziliense.com.br\/aricunha\/wp-content\/uploads\/sites\/13\/2018\/03\/sobre03-230x166.png 230w\" sizes=\"auto, (max-width: 450px) 100vw, 450px\" \/><figcaption id=\"caption-attachment-10268\" class=\"wp-caption-text\">Foto: rybena.com.br<\/figcaption><\/figure>\n<p style=\"text-align: justify\"><strong>Modernidade<\/strong><\/p>\n<p style=\"text-align: justify\">Novidade em Nagasaki, a cidade da bomba at\u00f4mica. Os idosos do local deram um jeitinho para driblar a solid\u00e3o. Com os filhos sempre ocupados lutando pela sobreviv\u00eancia, casas sempre vazias, resolveram praticar atos il\u00edcitos para ir para a cadeia. L\u00e1 recebem alimenta\u00e7\u00e3o balanceada, ficam em um ambiente seguro, agrad\u00e1vel, t\u00eam atendimento pr\u00f3prio para a idade e fazem novas amizades.<\/p>\n<p style=\"text-align: justify\"><strong>Muito bom<\/strong><\/p>\n<p style=\"text-align: justify\">Chico Sant\u2019Anna \u00e9 administrador de um grupo no Whatsapp com v\u00e1rios jornalistas da cidade. As pautas batem de m\u00e3o e m\u00e3o e a velocidade das not\u00edcias \u00e9 incr\u00edvel. Inscritas as mais variadas m\u00eddias como: Radar Santa Maria, Blog do Merc\u00faccio, Not\u00edcias da Ceil\u00e2ndia, Gama, Guar\u00e1.<\/p>\n<p style=\"text-align: justify\"><strong>L\u00e1stima<\/strong><\/p>\n<p style=\"text-align: justify\">Um cart\u00e3o de Natal postado no dia 5 de dezembro em Connecticut chegou no dia 21 de mar\u00e7o no destino em Bras\u00edlia. Correios, quem te viu e quem te v\u00ea.<\/p>\n<figure id=\"attachment_10267\" aria-describedby=\"caption-attachment-10267\" style=\"width: 480px\" class=\"wp-caption aligncenter\"><img loading=\"lazy\" decoding=\"async\" class=\"size-full wp-image-10267\" src=\"https:\/\/blogs.correiobraziliense.com.br\/aricunha\/wp-content\/uploads\/sites\/13\/2018\/03\/charge-correios.jpg\" alt=\"Charge: estevesporai.blogspot.com.br\" width=\"480\" height=\"316\" srcset=\"https:\/\/blogs.correiobraziliense.com.br\/aricunha\/wp-content\/uploads\/sites\/13\/2018\/03\/charge-correios.jpg 480w, https:\/\/blogs.correiobraziliense.com.br\/aricunha\/wp-content\/uploads\/sites\/13\/2018\/03\/charge-correios-300x198.jpg 300w, https:\/\/blogs.correiobraziliense.com.br\/aricunha\/wp-content\/uploads\/sites\/13\/2018\/03\/charge-correios-350x230.jpg 350w, https:\/\/blogs.correiobraziliense.com.br\/aricunha\/wp-content\/uploads\/sites\/13\/2018\/03\/charge-correios-230x151.jpg 230w\" sizes=\"auto, (max-width: 480px) 100vw, 480px\" \/><figcaption id=\"caption-attachment-10267\" class=\"wp-caption-text\">Charge: estevesporai.blogspot.com.br<\/figcaption><\/figure>\n<p style=\"text-align: justify\"><strong>\u00a0<\/strong><\/p>\n<p style=\"text-align: justify\"><strong>Interventor<\/strong><\/p>\n<p style=\"text-align: justify\">Nomeado pelo Papa Francisco como administrador apost\u00f3lico da Diocese de Formosa (GO), o arcebispo de Uberaba (MG), dom Paulo Mendes Peixoto, est\u00e1 em Bras\u00edlia. J\u00e1 repetia o fil\u00f3sofo de Mondubim: Deus inventou a f\u00e9 e os homens a religi\u00e3o.<\/p>\n<p style=\"text-align: justify\"><strong>HIST\u00d3RIA DE BRAS\u00cdLIA <\/strong><\/p>\n<p style=\"text-align: justify\">Carta an\u00f4nima do Senado fala no concurso que deveria se realizar naquela casa do Congresso. Carta an\u00f4nima, eu jogo na cesta. Quem n\u00e3o tem coragem de dizer o que v\u00ea de errado, que fique calado. Volte, querendo, mas em forma de gente. <strong>(Publicado em 17.10.1961).<\/strong><\/p>\n","protected":false},"excerpt":{"rendered":"<p>ARI CUNHA Visto, lido e ouvido Desde 1960 com Circe Cunha e Mamfil colunadoaricunha@gmail.com; \u00a0 \u00a0 \u00a0 \u00a0 \u00a0 \u00a0 Em qualquer rela\u00e7\u00e3o que se organize para elencar os principais fatores que contribuem hoje, efetivamente para a forma\u00e7\u00e3o do chamado Custo Brasil, ao lado de elementos como as p\u00e9ssimas infraestruturas e um emaranhado de impostos e tributos ir\u00e3o aparecer, tamb\u00e9m [&hellip;]<\/p>\n","protected":false},"author":34,"featured_media":10272,"comment_status":"open","ping_status":"open","sticky":false,"template":"","format":"standard","meta":{"footnotes":""},"categories":[23],"tags":[67],"class_list":["post-10260","post","type-post","status-publish","format-standard","has-post-thumbnail","hentry","category-integra","tag-brasilia-historiadebrasilia-aricunha-circecunha-mamfil"],"_links":{"self":[{"href":"https:\/\/blogs.correiobraziliense.com.br\/aricunha\/wp-json\/wp\/v2\/posts\/10260","targetHints":{"allow":["GET"]}}],"collection":[{"href":"https:\/\/blogs.correiobraziliense.com.br\/aricunha\/wp-json\/wp\/v2\/posts"}],"about":[{"href":"https:\/\/blogs.correiobraziliense.com.br\/aricunha\/wp-json\/wp\/v2\/types\/post"}],"author":[{"embeddable":true,"href":"https:\/\/blogs.correiobraziliense.com.br\/aricunha\/wp-json\/wp\/v2\/users\/34"}],"replies":[{"embeddable":true,"href":"https:\/\/blogs.correiobraziliense.com.br\/aricunha\/wp-json\/wp\/v2\/comments?post=10260"}],"version-history":[{"count":13,"href":"https:\/\/blogs.correiobraziliense.com.br\/aricunha\/wp-json\/wp\/v2\/posts\/10260\/revisions"}],"predecessor-version":[{"id":10283,"href":"https:\/\/blogs.correiobraziliense.com.br\/aricunha\/wp-json\/wp\/v2\/posts\/10260\/revisions\/10283"}],"wp:featuredmedia":[{"embeddable":true,"href":"https:\/\/blogs.correiobraziliense.com.br\/aricunha\/wp-json\/wp\/v2\/media\/10272"}],"wp:attachment":[{"href":"https:\/\/blogs.correiobraziliense.com.br\/aricunha\/wp-json\/wp\/v2\/media?parent=10260"}],"wp:term":[{"taxonomy":"category","embeddable":true,"href":"https:\/\/blogs.correiobraziliense.com.br\/aricunha\/wp-json\/wp\/v2\/categories?post=10260"},{"taxonomy":"post_tag","embeddable":true,"href":"https:\/\/blogs.correiobraziliense.com.br\/aricunha\/wp-json\/wp\/v2\/tags?post=10260"}],"curies":[{"name":"wp","href":"https:\/\/api.w.org\/{rel}","templated":true}]}}