{"id":10245,"date":"2018-03-21T17:16:34","date_gmt":"2018-03-21T20:16:34","guid":{"rendered":"https:\/\/blogs.correiobraziliense.com.br\/aricunha\/?p=10245"},"modified":"2018-03-21T22:46:47","modified_gmt":"2018-03-22T01:46:47","slug":"sem-compromisso-com-o-planejamento-da-cidade","status":"publish","type":"post","link":"https:\/\/blogs.correiobraziliense.com.br\/aricunha\/sem-compromisso-com-o-planejamento-da-cidade\/","title":{"rendered":"Sem compromisso com o planejamento da cidade"},"content":{"rendered":"<p>ARI CUNHA<\/p>\n<p>Visto, lido e ouvido<\/p>\n<p>Desde 1960<\/p>\n<p>colunadoaricunha@gmail.com;<\/p>\n<p>com Circe Cunha e Mamfil<\/p>\n<figure id=\"attachment_10255\" aria-describedby=\"caption-attachment-10255\" style=\"width: 1200px\" class=\"wp-caption aligncenter\"><img loading=\"lazy\" decoding=\"async\" class=\"size-full wp-image-10255\" src=\"https:\/\/blogs.correiobraziliense.com.br\/aricunha\/wp-content\/uploads\/sites\/13\/2018\/03\/21cid2f1_1200x800.jpg\" alt=\"Foto: jornaldebrasilia.com.br (Rafaela Felicciano\/Cedoc)\" width=\"1200\" height=\"800\" srcset=\"https:\/\/blogs.correiobraziliense.com.br\/aricunha\/wp-content\/uploads\/sites\/13\/2018\/03\/21cid2f1_1200x800.jpg 1200w, https:\/\/blogs.correiobraziliense.com.br\/aricunha\/wp-content\/uploads\/sites\/13\/2018\/03\/21cid2f1_1200x800-300x200.jpg 300w, https:\/\/blogs.correiobraziliense.com.br\/aricunha\/wp-content\/uploads\/sites\/13\/2018\/03\/21cid2f1_1200x800-768x512.jpg 768w, https:\/\/blogs.correiobraziliense.com.br\/aricunha\/wp-content\/uploads\/sites\/13\/2018\/03\/21cid2f1_1200x800-1024x683.jpg 1024w, https:\/\/blogs.correiobraziliense.com.br\/aricunha\/wp-content\/uploads\/sites\/13\/2018\/03\/21cid2f1_1200x800-350x233.jpg 350w, https:\/\/blogs.correiobraziliense.com.br\/aricunha\/wp-content\/uploads\/sites\/13\/2018\/03\/21cid2f1_1200x800-550x367.jpg 550w, https:\/\/blogs.correiobraziliense.com.br\/aricunha\/wp-content\/uploads\/sites\/13\/2018\/03\/21cid2f1_1200x800-230x153.jpg 230w\" sizes=\"auto, (max-width: 1200px) 100vw, 1200px\" \/><figcaption id=\"caption-attachment-10255\" class=\"wp-caption-text\">Foto: jornaldebrasilia.com.br (Rafaela Felicciano\/Cedoc)<\/figcaption><\/figure>\n<p style=\"text-align: justify\">\u00a0 \u00a0 \u00a0 \u00a0 \u00a0 \u00a0N\u00e3o \u00e9 por acaso que as consequ\u00eancias mais vis\u00edveis e nefastas, advindas com a a\u00e7odada e suspeita emancipa\u00e7\u00e3o pol\u00edtica da capital, recaem invariavelmente sobre quest\u00f5es urbanas, mais precisamente sobre o parcelamento e aliena\u00e7\u00e3o de terras p\u00fablicas no Distrito Federal.<\/p>\n<p style=\"text-align: justify\">\u00a0\u00a0\u00a0\u00a0\u00a0\u00a0\u00a0\u00a0 Por tr\u00e1s da proposta que brandia a maioridade pol\u00edtica de Bras\u00edlia, se escondiam, naquela ocasi\u00e3o, e ainda se amoitam hoje, as mais vivaldinas inten\u00e7\u00f5es, centradas unicamente na valoriza\u00e7\u00e3o estratosf\u00e9rica e artificial dos terrenos centrais da cidade, transformados em moedas de troca no toma l\u00e1, d\u00e1 c\u00e1, da pol\u00edtica nanica local. Em outras palavras, a emancipa\u00e7\u00e3o do DF foi feita sob medida para caber, dentro dela, especuladores, invasores, grileiros, empreiteiros gananciosos, pol\u00edticos sem lastro \u00e9tico e outros aventureiros.<\/p>\n<p style=\"text-align: justify\">\u00a0\u00a0\u00a0\u00a0\u00a0\u00a0\u00a0\u00a0 Ao longo desse tempo, cada um, ao seu modo, cuidou de jogar sua p\u00e1 de cal no planejamento urbano, tomado, desde logo, como empecilho t\u00e9cnico \u00e0s ambi\u00e7\u00f5es desmedidas. Com a decis\u00e3o tomada agora pelos 20 desembargadores do Conselho Especial do Tribunal de Justi\u00e7a do Distrito Federal, favorecendo, em definitivo, a expans\u00e3o das quadras 500 do Setor Sudoeste, mais um cap\u00edtulo desse lento processo de desfigura\u00e7\u00e3o da capital vai se desdobrando diante de todos. Com a libra\u00e7\u00e3o dessa \u00e1rea central, dezenas de novos pr\u00e9dios, de seis pavimentos, com quadras comerciais, abrigando aproximadamente mais 3 mil moradores, ir\u00e3o adensar ainda mais aquele bairro, ocasionando um conjunto problemas que, obviamente, s\u00f3 ser\u00e3o resolvidos a posteriori, quando a situa\u00e7\u00e3o for de fato consumada e irrevers\u00edvel.<\/p>\n<p style=\"text-align: justify\">\u00a0\u00a0\u00a0\u00a0\u00a0\u00a0\u00a0\u00a0 Estranha que, em quest\u00f5es delicadas como essa, tenha sido um \u00f3rg\u00e3o do Judici\u00e1rio o foro escolhido para firmar o estabelecimento de um gigantesco conjunto habitacional, quando o bom senso indica que essa medida deveria ser decidida por urbanistas, arquitetos e especialistas em quest\u00f5es urbanas, a quem competiria analisar e aprovar o assentamento de novas popula\u00e7\u00f5es em \u00e1reas j\u00e1 densas e repletas de problemas de infraestrutura, que, desde a sua origem, foram sequer sanadas \u00e0 contento. Para aqueles que vieram para essa capital, n\u00e3o em busca de lugar para si a para sua fam\u00edlia, mas para fazer fortuna f\u00e1cil e r\u00e1pida, esse pode parecer um problema menor e sem import\u00e2ncia, afinal a maioria das cidades do pa\u00eds sabe sequer o que significa planejamento urbano. Mas para aqueles que vieram construir essa cidade, a desfigura\u00e7\u00e3o paulatina da capital j\u00e1 atingiu as raias do absurdo e deve cessar de imediato, ao menos em nome do futuro.<\/p>\n<p style=\"text-align: justify\"><strong>A frase que n\u00e3o foi pronunciada:<\/strong><\/p>\n<p style=\"text-align: justify\">\u201cA \u00e2nsia dos brasileiros n\u00e3o \u00e9 s\u00f3 pela pris\u00e3o dos corruptos. \u00c9 pela volta do que foi retirado dos cofres p\u00fablicos e a boa gest\u00e3o dos recursos.\u201d<\/p>\n<p style=\"text-align: justify\"><strong>\u00a0<\/strong><\/p>\n<p style=\"text-align: justify\"><strong>Leitor<\/strong><\/p>\n<p style=\"text-align: justify\">A CLDF finge ignorar que a escala de decib\u00e9is \u00e9 logar\u00edtmica, e, portanto, passar o n\u00edvel de ru\u00eddo de 55 para 65 db ser\u00e1 muito mais do que 20 %, ser\u00e1 algo como dobrar a intensidade de ru\u00eddo. As pessoas precisam ter direito ao descanso, para estudar, trabalhar, fazer cirurgias e pilotar avi\u00f5es, devidamente descansados no outro dia. Isto tamb\u00e9m \u00e9 cultura. Ali\u00e1s, esta mudan\u00e7a, al\u00e9m de favorecer o tr\u00e1fico de drogas nas festas rave, \u00e9 contra os estudos da ABNT, em sua norma NBR 10.152, afirma o leitor Jos\u00e9 Rabelo. Veja no Blog do Ari Cunha as normas para ru\u00eddo descritas pela ABNT.<\/p>\n<p style=\"text-align: justify\"><img loading=\"lazy\" decoding=\"async\" class=\"size-full wp-image-10249 aligncenter\" src=\"https:\/\/blogs.correiobraziliense.com.br\/aricunha\/wp-content\/uploads\/sites\/13\/2018\/03\/Norma-ABNT.jpg\" alt=\"Norma ABNT\" width=\"511\" height=\"661\" srcset=\"https:\/\/blogs.correiobraziliense.com.br\/aricunha\/wp-content\/uploads\/sites\/13\/2018\/03\/Norma-ABNT.jpg 511w, https:\/\/blogs.correiobraziliense.com.br\/aricunha\/wp-content\/uploads\/sites\/13\/2018\/03\/Norma-ABNT-232x300.jpg 232w, https:\/\/blogs.correiobraziliense.com.br\/aricunha\/wp-content\/uploads\/sites\/13\/2018\/03\/Norma-ABNT-271x350.jpg 271w, https:\/\/blogs.correiobraziliense.com.br\/aricunha\/wp-content\/uploads\/sites\/13\/2018\/03\/Norma-ABNT-230x298.jpg 230w\" sizes=\"auto, (max-width: 511px) 100vw, 511px\" \/><\/p>\n<p style=\"text-align: justify\">Link para normas ABNT:\u00a0<a href=\"http:\/\/www.joaopessoa.pb.gov.br\/portal\/wp-content\/uploads\/2015\/02\/NBR_10152-1987-Conforto-Ac_stico.pdf\">http:\/\/www.joaopessoa.pb.gov.br\/portal\/wp-content\/uploads\/2015\/02\/NBR_10152-1987-Conforto-Ac_stico.pdf<\/a><\/p>\n<p style=\"text-align: justify\"><strong>Prata da casa<\/strong><\/p>\n<p style=\"text-align: justify\">O sabor que os brasilienses amam agora est\u00e1 ultrapassando as fronteiras do Centro-Oeste. O Caf\u00e9 do S\u00edtio chegou\u00a0a\u00a0Tocantins. Al\u00e9m de Palmas, outros munic\u00edpios no interior do estado passam a receber o caf\u00e9 fabricado aqui no DF. E os planos est\u00e3o cada vez maiores! A empresa ainda est\u00e1 investindo em automa\u00e7\u00e3o e aumento da quantidade de equipamentos de estocagem e transportadores de caf\u00e9, entre outras a\u00e7\u00f5es.<\/p>\n<figure id=\"attachment_10251\" aria-describedby=\"caption-attachment-10251\" style=\"width: 950px\" class=\"wp-caption aligncenter\"><img loading=\"lazy\" decoding=\"async\" class=\"size-full wp-image-10251\" src=\"https:\/\/blogs.correiobraziliense.com.br\/aricunha\/wp-content\/uploads\/sites\/13\/2018\/03\/CafedoSitio.jpg\" alt=\"Foto: dicasdacapital.com.br\" width=\"950\" height=\"796\" srcset=\"https:\/\/blogs.correiobraziliense.com.br\/aricunha\/wp-content\/uploads\/sites\/13\/2018\/03\/CafedoSitio.jpg 950w, https:\/\/blogs.correiobraziliense.com.br\/aricunha\/wp-content\/uploads\/sites\/13\/2018\/03\/CafedoSitio-300x251.jpg 300w, https:\/\/blogs.correiobraziliense.com.br\/aricunha\/wp-content\/uploads\/sites\/13\/2018\/03\/CafedoSitio-768x644.jpg 768w, https:\/\/blogs.correiobraziliense.com.br\/aricunha\/wp-content\/uploads\/sites\/13\/2018\/03\/CafedoSitio-350x293.jpg 350w, https:\/\/blogs.correiobraziliense.com.br\/aricunha\/wp-content\/uploads\/sites\/13\/2018\/03\/CafedoSitio-550x461.jpg 550w, https:\/\/blogs.correiobraziliense.com.br\/aricunha\/wp-content\/uploads\/sites\/13\/2018\/03\/CafedoSitio-230x193.jpg 230w\" sizes=\"auto, (max-width: 950px) 100vw, 950px\" \/><figcaption id=\"caption-attachment-10251\" class=\"wp-caption-text\">Foto: dicasdacapital.com.br<\/figcaption><\/figure>\n<p style=\"text-align: justify\"><strong>Anvisa<\/strong><\/p>\n<p style=\"text-align: justify\">Com a aproxima\u00e7\u00e3o da Semana Santa, a Anvisa lembra pontos importantes na escolha dos peixes que ir\u00e3o resguardar os consumidores de qualquer problema na sa\u00fade: o local e a higiene onde o peixe \u00e9 vendido precisam ser observados; se os peixes est\u00e3o acondicionados corretamente na temperatura certa; se a origem do pescado \u00e9 segura e se o r\u00f3tulo traz o nome, endere\u00e7o do fabricante, validade e selo do servi\u00e7o de inspe\u00e7\u00e3o municipal, estadual ou federal (SIF). Indica a Ag\u00eancia Nacional de Vigil\u00e2ncia Sanit\u00e1ria (Anvisa).<\/p>\n<p>&nbsp;<\/p>\n<p>&nbsp;<\/p>\n<figure id=\"attachment_10252\" aria-describedby=\"caption-attachment-10252\" style=\"width: 643px\" class=\"wp-caption aligncenter\"><img loading=\"lazy\" decoding=\"async\" class=\"size-full wp-image-10252\" src=\"https:\/\/blogs.correiobraziliense.com.br\/aricunha\/wp-content\/uploads\/sites\/13\/2018\/03\/Capturar-1-1.jpg\" alt=\"Foto: anvisa.gov.br\" width=\"643\" height=\"447\" srcset=\"https:\/\/blogs.correiobraziliense.com.br\/aricunha\/wp-content\/uploads\/sites\/13\/2018\/03\/Capturar-1-1.jpg 643w, https:\/\/blogs.correiobraziliense.com.br\/aricunha\/wp-content\/uploads\/sites\/13\/2018\/03\/Capturar-1-1-300x209.jpg 300w, https:\/\/blogs.correiobraziliense.com.br\/aricunha\/wp-content\/uploads\/sites\/13\/2018\/03\/Capturar-1-1-350x243.jpg 350w, https:\/\/blogs.correiobraziliense.com.br\/aricunha\/wp-content\/uploads\/sites\/13\/2018\/03\/Capturar-1-1-550x382.jpg 550w, https:\/\/blogs.correiobraziliense.com.br\/aricunha\/wp-content\/uploads\/sites\/13\/2018\/03\/Capturar-1-1-230x160.jpg 230w\" sizes=\"auto, (max-width: 643px) 100vw, 643px\" \/><figcaption id=\"caption-attachment-10252\" class=\"wp-caption-text\">Foto: anvisa.gov.br<\/figcaption><\/figure>\n<figure id=\"attachment_10253\" aria-describedby=\"caption-attachment-10253\" style=\"width: 639px\" class=\"wp-caption aligncenter\"><img loading=\"lazy\" decoding=\"async\" class=\" wp-image-10253\" src=\"https:\/\/blogs.correiobraziliense.com.br\/aricunha\/wp-content\/uploads\/sites\/13\/2018\/03\/Capturar-2.jpg\" alt=\"Foto: anvisa.gov.br\" width=\"639\" height=\"443\" srcset=\"https:\/\/blogs.correiobraziliense.com.br\/aricunha\/wp-content\/uploads\/sites\/13\/2018\/03\/Capturar-2.jpg 580w, https:\/\/blogs.correiobraziliense.com.br\/aricunha\/wp-content\/uploads\/sites\/13\/2018\/03\/Capturar-2-300x208.jpg 300w, https:\/\/blogs.correiobraziliense.com.br\/aricunha\/wp-content\/uploads\/sites\/13\/2018\/03\/Capturar-2-350x243.jpg 350w, https:\/\/blogs.correiobraziliense.com.br\/aricunha\/wp-content\/uploads\/sites\/13\/2018\/03\/Capturar-2-550x381.jpg 550w, https:\/\/blogs.correiobraziliense.com.br\/aricunha\/wp-content\/uploads\/sites\/13\/2018\/03\/Capturar-2-230x159.jpg 230w\" sizes=\"auto, (max-width: 639px) 100vw, 639px\" \/><figcaption id=\"caption-attachment-10253\" class=\"wp-caption-text\">Foto: anvisa.gov.br<\/figcaption><\/figure>\n<p style=\"text-align: justify\"><strong>HIST\u00d3RIA DE BRAS\u00cdLIA <\/strong><\/p>\n<p style=\"text-align: justify\">Como o percurso normalmente \u00e9 pequeno, as empresas particulares e oficiais bem que podiam deixar de cobrar passagens para as crian\u00e7as no hor\u00e1rio escolar. <strong>(Publicado em 17.10.1961)<\/strong><\/p>\n<p>&nbsp;<\/p>\n<p>&nbsp;<\/p>\n","protected":false},"excerpt":{"rendered":"<p>ARI CUNHA Visto, lido e ouvido Desde 1960 colunadoaricunha@gmail.com; com Circe Cunha e Mamfil \u00a0 \u00a0 \u00a0 \u00a0 \u00a0 \u00a0N\u00e3o \u00e9 por acaso que as consequ\u00eancias mais vis\u00edveis e nefastas, advindas com a a\u00e7odada e suspeita emancipa\u00e7\u00e3o pol\u00edtica da capital, recaem invariavelmente sobre quest\u00f5es urbanas, mais precisamente sobre o parcelamento e aliena\u00e7\u00e3o de terras p\u00fablicas no Distrito Federal. \u00a0\u00a0\u00a0\u00a0\u00a0\u00a0\u00a0\u00a0 Por [&hellip;]<\/p>\n","protected":false},"author":34,"featured_media":10255,"comment_status":"open","ping_status":"open","sticky":false,"template":"","format":"standard","meta":{"footnotes":""},"categories":[23],"tags":[67],"class_list":["post-10245","post","type-post","status-publish","format-standard","has-post-thumbnail","hentry","category-integra","tag-brasilia-historiadebrasilia-aricunha-circecunha-mamfil"],"_links":{"self":[{"href":"https:\/\/blogs.correiobraziliense.com.br\/aricunha\/wp-json\/wp\/v2\/posts\/10245","targetHints":{"allow":["GET"]}}],"collection":[{"href":"https:\/\/blogs.correiobraziliense.com.br\/aricunha\/wp-json\/wp\/v2\/posts"}],"about":[{"href":"https:\/\/blogs.correiobraziliense.com.br\/aricunha\/wp-json\/wp\/v2\/types\/post"}],"author":[{"embeddable":true,"href":"https:\/\/blogs.correiobraziliense.com.br\/aricunha\/wp-json\/wp\/v2\/users\/34"}],"replies":[{"embeddable":true,"href":"https:\/\/blogs.correiobraziliense.com.br\/aricunha\/wp-json\/wp\/v2\/comments?post=10245"}],"version-history":[{"count":5,"href":"https:\/\/blogs.correiobraziliense.com.br\/aricunha\/wp-json\/wp\/v2\/posts\/10245\/revisions"}],"predecessor-version":[{"id":10256,"href":"https:\/\/blogs.correiobraziliense.com.br\/aricunha\/wp-json\/wp\/v2\/posts\/10245\/revisions\/10256"}],"wp:featuredmedia":[{"embeddable":true,"href":"https:\/\/blogs.correiobraziliense.com.br\/aricunha\/wp-json\/wp\/v2\/media\/10255"}],"wp:attachment":[{"href":"https:\/\/blogs.correiobraziliense.com.br\/aricunha\/wp-json\/wp\/v2\/media?parent=10245"}],"wp:term":[{"taxonomy":"category","embeddable":true,"href":"https:\/\/blogs.correiobraziliense.com.br\/aricunha\/wp-json\/wp\/v2\/categories?post=10245"},{"taxonomy":"post_tag","embeddable":true,"href":"https:\/\/blogs.correiobraziliense.com.br\/aricunha\/wp-json\/wp\/v2\/tags?post=10245"}],"curies":[{"name":"wp","href":"https:\/\/api.w.org\/{rel}","templated":true}]}}