{"id":10237,"date":"2018-03-20T10:30:15","date_gmt":"2018-03-20T13:30:15","guid":{"rendered":"https:\/\/blogs.correiobraziliense.com.br\/aricunha\/?p=10237"},"modified":"2018-03-21T22:52:38","modified_gmt":"2018-03-22T01:52:38","slug":"o-vento-foi-plantado-colheita-da-tempestade-se-aproxima","status":"publish","type":"post","link":"https:\/\/blogs.correiobraziliense.com.br\/aricunha\/o-vento-foi-plantado-colheita-da-tempestade-se-aproxima\/","title":{"rendered":"O vento foi plantado. A colheita da tempestade se aproxima."},"content":{"rendered":"<p>ARI CUNHA<\/p>\n<p>Visto, lido e ouvido<\/p>\n<p>Desde 1960<\/p>\n<p>colunadoaricunha@gmail.com;<\/p>\n<p>com Circe Cunha e Mamfil<\/p>\n<p>https:\/\/www.youtube.com\/watch?v=34rgFKfb60E<\/p>\n<p style=\"text-align: justify\">\u00a0\u00a0\u00a0\u00a0\u00a0\u00a0\u00a0\u00a0 Vergonha (para aqueles que de fato sentem) talvez seja a palavra que melhor expresse a sensa\u00e7\u00e3o provocada pela visita do ex-presidente Lula e sua trupe a cidade fronteiri\u00e7a ga\u00facha de Bag\u00e9. Mais do que palavras, os diversos v\u00eddeos postados na rede falam por si. Enxotado por uma multid\u00e3o de pequenos agricultores que gritava enfurecida palavras de ordem, exigindo sua pris\u00e3o imediata, Lula, no seu torpor, talvez n\u00e3o tenha se dado conta ainda, mas seus dias de fausto parecem ir se dissolvendo diante de todos.<\/p>\n<p style=\"text-align: justify\">\u00a0\u00a0\u00a0\u00a0\u00a0\u00a0\u00a0\u00a0 A corre\u00e7\u00e3o de percurso, que poderia ser adotada nos distantes dias daquele junho de 2005, quando estourou o esc\u00e2ndalo do mensal\u00e3o, n\u00e3o foi feito. O navio partid\u00e1rio, que nos melhores tempos petistas chegou a ser um verdadeiro transatl\u00e2ntico, pelo tamanho e variedade da tripula\u00e7\u00e3o a bordo, vai hoje indo a pique juntamente com seu comandante, indiferente ao mar revolto que se forma em torno.<\/p>\n<figure id=\"attachment_10243\" aria-describedby=\"caption-attachment-10243\" style=\"width: 408px\" class=\"wp-caption alignleft\"><img loading=\"lazy\" decoding=\"async\" class=\" wp-image-10243\" src=\"https:\/\/blogs.correiobraziliense.com.br\/aricunha\/wp-content\/uploads\/sites\/13\/2018\/03\/1_000_12t5t6-3386857.jpg\" alt=\"Foto: jornalvs.com.br\" width=\"408\" height=\"287\" srcset=\"https:\/\/blogs.correiobraziliense.com.br\/aricunha\/wp-content\/uploads\/sites\/13\/2018\/03\/1_000_12t5t6-3386857.jpg 500w, https:\/\/blogs.correiobraziliense.com.br\/aricunha\/wp-content\/uploads\/sites\/13\/2018\/03\/1_000_12t5t6-3386857-300x211.jpg 300w, https:\/\/blogs.correiobraziliense.com.br\/aricunha\/wp-content\/uploads\/sites\/13\/2018\/03\/1_000_12t5t6-3386857-350x246.jpg 350w, https:\/\/blogs.correiobraziliense.com.br\/aricunha\/wp-content\/uploads\/sites\/13\/2018\/03\/1_000_12t5t6-3386857-230x162.jpg 230w\" sizes=\"auto, (max-width: 408px) 100vw, 408px\" \/><figcaption id=\"caption-attachment-10243\" class=\"wp-caption-text\">Foto: jornalvs.com.br<\/figcaption><\/figure>\n<p style=\"text-align: justify\">\u00a0\u00a0\u00a0\u00a0\u00a0\u00a0\u00a0\u00a0Por quest\u00f5es que s\u00f3 o personalismo esclarece, a sa\u00edda de Lula do cen\u00e1rio pol\u00edtico retira a escada do partido, que passa a vagar solto no ar, como uma legenda nanica. Sem o lulismo, constru\u00eddo com o dinheiro farto do marketing pol\u00edtico nos tempos de gl\u00f3ria, o petismo vai de encontro a seu ocaso. Um bageense, perguntado sobre o epis\u00f3dio constrangedor de ver uma cidade escorra\u00e7ando um ex-presidente, resumiu a situa\u00e7\u00e3o com a frase: \u201cj\u00e1 que as autoridades n\u00e3o retiram um condenado em segunda inst\u00e2ncia pela justi\u00e7a de circula\u00e7\u00e3o, cabe aos cidad\u00e3os de bem e indignados fazer esse trabalho.\u201d\u00a0 Encurralado dentro da Universidade Federal do Pampa (Unipampa), onde os convidados aguardavam seu discurso, foi necess\u00e1rio a interven\u00e7\u00e3o das for\u00e7as de pol\u00edcia para retirar o palestrante em seguran\u00e7a, amea\u00e7ado pela multid\u00e3o que havia fechado as principais sa\u00eddas da cidade.<\/p>\n<p style=\"text-align: justify\">\u00a0\u00a0\u00a0\u00a0\u00a0\u00a0\u00a0\u00a0 Situa\u00e7\u00f5es vexat\u00f3rias como essa decorrem justamente de iniciativas propostas l\u00e1 atr\u00e1s, quando, do alto de sua popularidade, Lula pregava frequentemente a ciz\u00e2nia nos seus discursos como o mote \u201cnos contra eles\u201d. Hoje n\u00e3o faz diferente, classificando de direita e de fascistas, todos aqueles que n\u00e3o comungam com sua cartilha. Especialistas nessas confus\u00f5es garantem que a recep\u00e7\u00e3o hostil em Bag\u00e9 ir\u00e1 se repetir em outros cantos do pa\u00eds por onde a caravana passar.<\/p>\n<p style=\"text-align: justify\">\u00a0\u00a0\u00a0\u00a0\u00a0\u00a0\u00a0\u00a0 Pelo tamanho da confus\u00e3o naquela terra de agricultores, d\u00e1 para prever que a safra que Lula est\u00e1 colhendo agora com as m\u00e3os, corresponde, exatamente, \u00e0quela que plantou com os p\u00e9s.<\/p>\n<p style=\"text-align: justify\"><strong>A frase que foi pronunciada:<\/strong><\/p>\n<p style=\"text-align: justify\">\u201cNunca ouvi falar de nenhum outro pa\u00eds onde ju\u00edzes ou parlamentares tenham feito uso de sua posi\u00e7\u00e3o a este n\u00edvel, para beneficiar a si pr\u00f3prios e enriquecer.\u201d<\/p>\n<p style=\"text-align: justify\">G\u00f6ran Lambertz, da Suprema Corte sueca.<\/p>\n<figure id=\"attachment_10209\" aria-describedby=\"caption-attachment-10209\" style=\"width: 500px\" class=\"wp-caption aligncenter\"><img loading=\"lazy\" decoding=\"async\" class=\"size-full wp-image-10209\" src=\"https:\/\/blogs.correiobraziliense.com.br\/aricunha\/wp-content\/uploads\/sites\/13\/2018\/03\/charge-auxilio-moradia.jpg\" alt=\"Charge: acaopopular.net\" width=\"500\" height=\"351\" srcset=\"https:\/\/blogs.correiobraziliense.com.br\/aricunha\/wp-content\/uploads\/sites\/13\/2018\/03\/charge-auxilio-moradia.jpg 500w, https:\/\/blogs.correiobraziliense.com.br\/aricunha\/wp-content\/uploads\/sites\/13\/2018\/03\/charge-auxilio-moradia-300x211.jpg 300w, https:\/\/blogs.correiobraziliense.com.br\/aricunha\/wp-content\/uploads\/sites\/13\/2018\/03\/charge-auxilio-moradia-350x246.jpg 350w, https:\/\/blogs.correiobraziliense.com.br\/aricunha\/wp-content\/uploads\/sites\/13\/2018\/03\/charge-auxilio-moradia-230x161.jpg 230w\" sizes=\"auto, (max-width: 500px) 100vw, 500px\" \/><figcaption id=\"caption-attachment-10209\" class=\"wp-caption-text\">Charge: acaopopular.net<\/figcaption><\/figure>\n<p style=\"text-align: justify\"><strong>Outro n\u00edvel<\/strong><\/p>\n<p style=\"text-align: justify\">S\u00e3o muitas as reclama\u00e7\u00f5es sobre o atendimento m\u00e9dico particular em Bras\u00edlia. O alto pre\u00e7o das consultas, atrasos no atendimento e, principalmente, a falta de aten\u00e7\u00e3o com o paciente. Exce\u00e7\u00e3o para essa regra \u00e9 o Dr. Edson Saraiva. Al\u00e9m de o paciente ser ouvido, h\u00e1 sempre um tempo reservado para responder as d\u00favidas por e-mail.<\/p>\n<p style=\"text-align: justify\"><strong>Receita<\/strong><\/p>\n<p style=\"text-align: justify\">Deltan Dallagnol d\u00e1 o recado. Avisa que o per\u00edodo ap\u00f3s as elei\u00e7\u00f5es tamb\u00e9m promete ser conturbado, com o risco de pol\u00edticos aprovarem uma anistia de \u00faltima hora. Contudo, o maior desafio ao povo brasileiro \u00e9 escolher deputados federais e senadores que estejam comprometidos com a mudan\u00e7a desse quadro. Ap\u00f3s quatro anos, o voto consciente \u00e9 nossa melhor chance de virar o jogo contra a corrup\u00e7\u00e3o.<\/p>\n<figure id=\"attachment_10207\" aria-describedby=\"caption-attachment-10207\" style=\"width: 550px\" class=\"wp-caption aligncenter\"><img loading=\"lazy\" decoding=\"async\" class=\"size-full wp-image-10207\" src=\"https:\/\/blogs.correiobraziliense.com.br\/aricunha\/wp-content\/uploads\/sites\/13\/2018\/03\/charge_genildo_votar_certo.jpg\" alt=\"Charge: avozdocidadao.com.br\" width=\"550\" height=\"462\" srcset=\"https:\/\/blogs.correiobraziliense.com.br\/aricunha\/wp-content\/uploads\/sites\/13\/2018\/03\/charge_genildo_votar_certo.jpg 550w, https:\/\/blogs.correiobraziliense.com.br\/aricunha\/wp-content\/uploads\/sites\/13\/2018\/03\/charge_genildo_votar_certo-300x252.jpg 300w, https:\/\/blogs.correiobraziliense.com.br\/aricunha\/wp-content\/uploads\/sites\/13\/2018\/03\/charge_genildo_votar_certo-350x294.jpg 350w, https:\/\/blogs.correiobraziliense.com.br\/aricunha\/wp-content\/uploads\/sites\/13\/2018\/03\/charge_genildo_votar_certo-230x193.jpg 230w\" sizes=\"auto, (max-width: 550px) 100vw, 550px\" \/><figcaption id=\"caption-attachment-10207\" class=\"wp-caption-text\">Charge: avozdocidadao.com.br<\/figcaption><\/figure>\n<p style=\"text-align: justify\"><strong>Eneida Orbage<\/strong><\/p>\n<p style=\"text-align: justify\">A editora Trampolim caprichou na capa do livro Vida de Delegada. Um batom e uma bala de revolver, quase no mesmo formato. A imagem descortina a experi\u00eancia de 12 delegadas da PCDF. Dra. Eneida foi uma excelente delegada no Lago Norte. S\u00e3o hist\u00f3rias cativantes contadas numa linguagem fluente. Bom livro para ler no fim de semana.<\/p>\n<figure id=\"attachment_10242\" aria-describedby=\"caption-attachment-10242\" style=\"width: 460px\" class=\"wp-caption aligncenter\"><img loading=\"lazy\" decoding=\"async\" class=\"size-full wp-image-10242\" src=\"https:\/\/blogs.correiobraziliense.com.br\/aricunha\/wp-content\/uploads\/sites\/13\/2018\/03\/Vida-de-delegada-460x691.jpg\" alt=\"Foto: carpediem.com.br\" width=\"460\" height=\"691\" srcset=\"https:\/\/blogs.correiobraziliense.com.br\/aricunha\/wp-content\/uploads\/sites\/13\/2018\/03\/Vida-de-delegada-460x691.jpg 460w, https:\/\/blogs.correiobraziliense.com.br\/aricunha\/wp-content\/uploads\/sites\/13\/2018\/03\/Vida-de-delegada-460x691-200x300.jpg 200w, https:\/\/blogs.correiobraziliense.com.br\/aricunha\/wp-content\/uploads\/sites\/13\/2018\/03\/Vida-de-delegada-460x691-233x350.jpg 233w, https:\/\/blogs.correiobraziliense.com.br\/aricunha\/wp-content\/uploads\/sites\/13\/2018\/03\/Vida-de-delegada-460x691-230x346.jpg 230w\" sizes=\"auto, (max-width: 460px) 100vw, 460px\" \/><figcaption id=\"caption-attachment-10242\" class=\"wp-caption-text\">Foto: carpediem.com.br<\/figcaption><\/figure>\n<p style=\"text-align: justify\"><strong>Nota de pesar<\/strong><\/p>\n<p style=\"text-align: justify\">In\u00eas Lobo, ex-presidente da Casa do Candango, faleceu. Hoje, no obitu\u00e1rio do Correio Braziliense, vai ser divulgado o detalhe da missa. Nossos sentimentos \u00e0 fam\u00edlia pela perda irrepar\u00e1vel. Dona In\u00eas era daquelas amigas com quem podia se contar a qualquer momento. Uma pessoa rara.<\/p>\n<p style=\"text-align: justify\"><strong>HIST\u00d3RIA DE BRAS\u00cdLIA<\/strong><\/p>\n<p style=\"text-align: justify\">As crian\u00e7as em Taguatinga enfrentam tremendas dificuldades, pela falta de transporte para as escolas. Ademais, n\u00e3o desfrutam de abatimento, o que \u00e9 concedido em todas as cidades. <strong>(Publicado em 17.10.1961)<\/strong><\/p>\n<p>&nbsp;<\/p>\n","protected":false},"excerpt":{"rendered":"<p>ARI CUNHA Visto, lido e ouvido Desde 1960 colunadoaricunha@gmail.com; com Circe Cunha e Mamfil https:\/\/www.youtube.com\/watch?v=34rgFKfb60E \u00a0\u00a0\u00a0\u00a0\u00a0\u00a0\u00a0\u00a0 Vergonha (para aqueles que de fato sentem) talvez seja a palavra que melhor expresse a sensa\u00e7\u00e3o provocada pela visita do ex-presidente Lula e sua trupe a cidade fronteiri\u00e7a ga\u00facha de Bag\u00e9. Mais do que palavras, os diversos v\u00eddeos postados na rede falam por si. [&hellip;]<\/p>\n","protected":false},"author":34,"featured_media":10243,"comment_status":"open","ping_status":"open","sticky":false,"template":"","format":"standard","meta":{"footnotes":""},"categories":[23],"tags":[67],"class_list":["post-10237","post","type-post","status-publish","format-standard","has-post-thumbnail","hentry","category-integra","tag-brasilia-historiadebrasilia-aricunha-circecunha-mamfil"],"_links":{"self":[{"href":"https:\/\/blogs.correiobraziliense.com.br\/aricunha\/wp-json\/wp\/v2\/posts\/10237","targetHints":{"allow":["GET"]}}],"collection":[{"href":"https:\/\/blogs.correiobraziliense.com.br\/aricunha\/wp-json\/wp\/v2\/posts"}],"about":[{"href":"https:\/\/blogs.correiobraziliense.com.br\/aricunha\/wp-json\/wp\/v2\/types\/post"}],"author":[{"embeddable":true,"href":"https:\/\/blogs.correiobraziliense.com.br\/aricunha\/wp-json\/wp\/v2\/users\/34"}],"replies":[{"embeddable":true,"href":"https:\/\/blogs.correiobraziliense.com.br\/aricunha\/wp-json\/wp\/v2\/comments?post=10237"}],"version-history":[{"count":5,"href":"https:\/\/blogs.correiobraziliense.com.br\/aricunha\/wp-json\/wp\/v2\/posts\/10237\/revisions"}],"predecessor-version":[{"id":10257,"href":"https:\/\/blogs.correiobraziliense.com.br\/aricunha\/wp-json\/wp\/v2\/posts\/10237\/revisions\/10257"}],"wp:featuredmedia":[{"embeddable":true,"href":"https:\/\/blogs.correiobraziliense.com.br\/aricunha\/wp-json\/wp\/v2\/media\/10243"}],"wp:attachment":[{"href":"https:\/\/blogs.correiobraziliense.com.br\/aricunha\/wp-json\/wp\/v2\/media?parent=10237"}],"wp:term":[{"taxonomy":"category","embeddable":true,"href":"https:\/\/blogs.correiobraziliense.com.br\/aricunha\/wp-json\/wp\/v2\/categories?post=10237"},{"taxonomy":"post_tag","embeddable":true,"href":"https:\/\/blogs.correiobraziliense.com.br\/aricunha\/wp-json\/wp\/v2\/tags?post=10237"}],"curies":[{"name":"wp","href":"https:\/\/api.w.org\/{rel}","templated":true}]}}