{"id":10230,"date":"2018-03-20T09:38:11","date_gmt":"2018-03-20T12:38:11","guid":{"rendered":"https:\/\/blogs.correiobraziliense.com.br\/aricunha\/?p=10230"},"modified":"2018-03-21T22:54:38","modified_gmt":"2018-03-22T01:54:38","slug":"hoje-cezar-motta-lanca-livro-hoje-no-iguatemi","status":"publish","type":"post","link":"https:\/\/blogs.correiobraziliense.com.br\/aricunha\/hoje-cezar-motta-lanca-livro-hoje-no-iguatemi\/","title":{"rendered":"Hoje! Cezar Motta lan\u00e7a livro no Iguatemi"},"content":{"rendered":"<p style=\"text-align: justify\">O livro conta a trajet\u00f3ria do Jornal do Brasil, da funda\u00e7\u00e3o, em 1891, at\u00e9 o fim da fase impressa, em 2010.\u00a0 As rela\u00e7\u00f5es com os governos, o apogeu entre o fim dos anos 50 e o ano 2000, quando sucumbiu a uma crise financeira que se arrastava h\u00e1 20 anos.\u00a0 As grandes reportagens, os grandes nomes.<\/p>\n<p style=\"text-align: justify\"><img loading=\"lazy\" decoding=\"async\" class=\"alignnone size-full wp-image-10231\" src=\"https:\/\/blogs.correiobraziliense.com.br\/aricunha\/wp-content\/uploads\/sites\/13\/2018\/03\/Ate-A-Ultima-Pagina_v1-5.jpg\" alt=\"Ate A Ultima Pagina_v1 (5)\" width=\"840\" height=\"600\" srcset=\"https:\/\/blogs.correiobraziliense.com.br\/aricunha\/wp-content\/uploads\/sites\/13\/2018\/03\/Ate-A-Ultima-Pagina_v1-5.jpg 840w, https:\/\/blogs.correiobraziliense.com.br\/aricunha\/wp-content\/uploads\/sites\/13\/2018\/03\/Ate-A-Ultima-Pagina_v1-5-300x214.jpg 300w, https:\/\/blogs.correiobraziliense.com.br\/aricunha\/wp-content\/uploads\/sites\/13\/2018\/03\/Ate-A-Ultima-Pagina_v1-5-768x549.jpg 768w, https:\/\/blogs.correiobraziliense.com.br\/aricunha\/wp-content\/uploads\/sites\/13\/2018\/03\/Ate-A-Ultima-Pagina_v1-5-350x250.jpg 350w, https:\/\/blogs.correiobraziliense.com.br\/aricunha\/wp-content\/uploads\/sites\/13\/2018\/03\/Ate-A-Ultima-Pagina_v1-5-550x393.jpg 550w, https:\/\/blogs.correiobraziliense.com.br\/aricunha\/wp-content\/uploads\/sites\/13\/2018\/03\/Ate-A-Ultima-Pagina_v1-5-230x164.jpg 230w\" sizes=\"auto, (max-width: 840px) 100vw, 840px\" \/><\/p>\n","protected":false},"excerpt":{"rendered":"<p>O livro conta a trajet\u00f3ria do Jornal do Brasil, da funda\u00e7\u00e3o, em 1891, at\u00e9 o fim da fase impressa, em 2010.\u00a0 As rela\u00e7\u00f5es com os governos, o apogeu entre o fim dos anos 50 e o ano 2000, quando sucumbiu a uma crise financeira que se arrastava h\u00e1 20 anos.\u00a0 As grandes reportagens, os grandes nomes.<\/p>\n","protected":false},"author":34,"featured_media":10231,"comment_status":"open","ping_status":"open","sticky":false,"template":"","format":"standard","meta":{"footnotes":""},"categories":[23],"tags":[67],"class_list":["post-10230","post","type-post","status-publish","format-standard","has-post-thumbnail","hentry","category-integra","tag-brasilia-historiadebrasilia-aricunha-circecunha-mamfil"],"_links":{"self":[{"href":"https:\/\/blogs.correiobraziliense.com.br\/aricunha\/wp-json\/wp\/v2\/posts\/10230","targetHints":{"allow":["GET"]}}],"collection":[{"href":"https:\/\/blogs.correiobraziliense.com.br\/aricunha\/wp-json\/wp\/v2\/posts"}],"about":[{"href":"https:\/\/blogs.correiobraziliense.com.br\/aricunha\/wp-json\/wp\/v2\/types\/post"}],"author":[{"embeddable":true,"href":"https:\/\/blogs.correiobraziliense.com.br\/aricunha\/wp-json\/wp\/v2\/users\/34"}],"replies":[{"embeddable":true,"href":"https:\/\/blogs.correiobraziliense.com.br\/aricunha\/wp-json\/wp\/v2\/comments?post=10230"}],"version-history":[{"count":4,"href":"https:\/\/blogs.correiobraziliense.com.br\/aricunha\/wp-json\/wp\/v2\/posts\/10230\/revisions"}],"predecessor-version":[{"id":10259,"href":"https:\/\/blogs.correiobraziliense.com.br\/aricunha\/wp-json\/wp\/v2\/posts\/10230\/revisions\/10259"}],"wp:featuredmedia":[{"embeddable":true,"href":"https:\/\/blogs.correiobraziliense.com.br\/aricunha\/wp-json\/wp\/v2\/media\/10231"}],"wp:attachment":[{"href":"https:\/\/blogs.correiobraziliense.com.br\/aricunha\/wp-json\/wp\/v2\/media?parent=10230"}],"wp:term":[{"taxonomy":"category","embeddable":true,"href":"https:\/\/blogs.correiobraziliense.com.br\/aricunha\/wp-json\/wp\/v2\/categories?post=10230"},{"taxonomy":"post_tag","embeddable":true,"href":"https:\/\/blogs.correiobraziliense.com.br\/aricunha\/wp-json\/wp\/v2\/tags?post=10230"}],"curies":[{"name":"wp","href":"https:\/\/api.w.org\/{rel}","templated":true}]}}