{"id":10218,"date":"2018-03-19T16:38:19","date_gmt":"2018-03-19T19:38:19","guid":{"rendered":"https:\/\/blogs.correiobraziliense.com.br\/aricunha\/?p=10218"},"modified":"2018-03-19T22:37:09","modified_gmt":"2018-03-20T01:37:09","slug":"laboratorio-dolorido-na-cidade-colorida","status":"publish","type":"post","link":"https:\/\/blogs.correiobraziliense.com.br\/aricunha\/laboratorio-dolorido-na-cidade-colorida\/","title":{"rendered":"Laborat\u00f3rio dolorido na cidade colorida"},"content":{"rendered":"<p style=\"text-align: justify\">ARI CUNHA<\/p>\n<p style=\"text-align: justify\">Visto, lido e ouvido<\/p>\n<p style=\"text-align: justify\">Desde 1960<\/p>\n<p style=\"text-align: justify\">colunadoaricunha@gmail.com;<\/p>\n<p style=\"text-align: justify\">com Circe Cunha e Mamfil<\/p>\n<figure id=\"attachment_10222\" aria-describedby=\"caption-attachment-10222\" style=\"width: 626px\" class=\"wp-caption aligncenter\"><img loading=\"lazy\" decoding=\"async\" class=\" wp-image-10222\" src=\"https:\/\/blogs.correiobraziliense.com.br\/aricunha\/wp-content\/uploads\/sites\/13\/2018\/03\/AUTO_pater.jpg\" alt=\"Charge: asmetro.org.br\" width=\"626\" height=\"462\" srcset=\"https:\/\/blogs.correiobraziliense.com.br\/aricunha\/wp-content\/uploads\/sites\/13\/2018\/03\/AUTO_pater.jpg 480w, https:\/\/blogs.correiobraziliense.com.br\/aricunha\/wp-content\/uploads\/sites\/13\/2018\/03\/AUTO_pater-300x221.jpg 300w, https:\/\/blogs.correiobraziliense.com.br\/aricunha\/wp-content\/uploads\/sites\/13\/2018\/03\/AUTO_pater-350x258.jpg 350w, https:\/\/blogs.correiobraziliense.com.br\/aricunha\/wp-content\/uploads\/sites\/13\/2018\/03\/AUTO_pater-230x170.jpg 230w\" sizes=\"auto, (max-width: 626px) 100vw, 626px\" \/><figcaption id=\"caption-attachment-10222\" class=\"wp-caption-text\">Charge: asmetro.org.br<\/figcaption><\/figure>\n<p style=\"text-align: justify\">\u00a0\u00a0\u00a0\u00a0\u00a0\u00a0\u00a0\u00a0 Especialistas em quest\u00f5es de seguran\u00e7a p\u00fablica apontam a cidade do Rio de Janeiro como o laborat\u00f3rio mais bem montado para se entender, ao vivo, o fen\u00f4meno da viol\u00eancia que assola igualmente todo o pa\u00eds. Estudar, de perto, o desenrolar di\u00e1rio dos acontecimentos, entend\u00ea-los, desde sua origem, buscando para esse problema, se poss\u00edvel, o aux\u00edlio das mais diversas ci\u00eancias humanas, inclusive daquelas que explicam os fatores pol\u00edticos enredados nesses casos. Estas est\u00e3o entre as sugest\u00f5es para se ter, ao menos, algumas alternativas que apontem para uma sa\u00edda satisfat\u00f3ria que acabe ou diminua esse flagelo local e nacional. Num ponto, todos concordam: a quest\u00e3o \u00e9 premente e exige medidas urgentes e bem estruturadas.<\/p>\n<p style=\"text-align: justify\">\u00a0\u00a0\u00a0\u00a0\u00a0\u00a0\u00a0\u00a0 A interven\u00e7\u00e3o militar na \u00e1rea de seguran\u00e7a, medida que, por ter sido adotada com urg\u00eancia urgent\u00edssima, deixou de fora os requisitos necess\u00e1rios \u00e0 uma boa estrat\u00e9gia, inclusive de \u00e2mbito militar, agora amarga insana oposi\u00e7\u00e3o das mais diversas frentes, principalmente do pessoal ligado aos direitos humanos e aos movimentos sociais. Militares que agem em guerra agora s\u00e3o ref\u00e9ns dos direitos humanos que nunca s\u00e3o das v\u00edtimas.<\/p>\n<p style=\"text-align: justify\">\u00a0\u00a0\u00a0\u00a0\u00a0\u00a0\u00a0\u00a0 Outra variante que jogou contra a interven\u00e7\u00e3o afoita \u00e9 que ela foi imposta sob as luzes de um ano eleitoral dos mais dif\u00edceis das \u00faltimas d\u00e9cadas, com a exacerba\u00e7\u00e3o desmedida dos \u00e2nimos e radicaliza\u00e7\u00e3o feroz de posi\u00e7\u00f5es.<\/p>\n<p style=\"text-align: justify\">\u00a0\u00a0\u00a0\u00a0\u00a0\u00a0\u00a0\u00a0 Para as esquerdas, esfriadas pela ducha de \u00e1gua fria das opera\u00e7\u00f5es da Pol\u00edcia Federal e do Minist\u00e9rio P\u00fablico, o aparecimento s\u00fabito dos militares nas \u00e1reas conflagradas do Rio de Janeiro trouxe n\u00e3o s\u00f3 um novo alento para algumas bandeiras desse campo, mas tem servido para incentivar e lan\u00e7ar as comunidades mais carentes na linha de frente contra os militares, apontados, nesses epis\u00f3dios, como obedientes defensores da direita e dos seus privil\u00e9gios.<\/p>\n<p style=\"text-align: justify\">\u00a0\u00a0\u00a0\u00a0\u00a0\u00a0\u00a0\u00a0 Trata-se aqui da mais irrespons\u00e1vel das acusa\u00e7\u00f5es, e que pode gerar consequ\u00eancias ainda mais danosas para esse dolorido processo. Esse tipo de oportunismo pol\u00edtico, que no passado uniu nas mesmas celas bandidos comuns e presos contra o regime, acabou favorecendo o aparecimento justamente do crime organizado, que hoje infelicita o pa\u00eds de Norte a Sul.<\/p>\n<p style=\"text-align: justify\">\u00a0\u00a0\u00a0\u00a0\u00a0\u00a0\u00a0\u00a0 Ao lan\u00e7ar comunidades inteiras contra os \u00f3rg\u00e3os de seguran\u00e7a, o que esses novos atores pol\u00edticos est\u00e3o fazendo agora \u00e9 repetir aqueles feitos danosos \u00e0 sociedade no passado, com outros ingredientes ainda mais perigosos e que podem resultar num estado de confronto aberto semelhante ao ocorrido em outras cidades do Continente.<\/p>\n<p style=\"text-align: justify\">\u00a0\u00a0\u00a0\u00a0\u00a0\u00a0\u00a0\u00a0 \u00c9 preciso entender que chegar as elei\u00e7\u00f5es com esse tipo de bandeira, jogando com a vida das pessoas, com o futuro da cidade e do pa\u00eds, \u00e9 demais para qualquer partido pol\u00edtico, mesmo esses que parecem ter perdido a cabe\u00e7a e a raz\u00e3o.<\/p>\n<p style=\"text-align: justify\"><strong>A frase que foi pronunciada:<\/strong><\/p>\n<p style=\"text-align: justify\">\u201cN\u00e3o h\u00e1 nenhuma coisa que tenha um pontinho de viol\u00eancia. &#8216;Cidade de Deus&#8217; \u00e9 um pontinho de viol\u00eancia? \u00c9 a realidade, \u00e9 a vida real, est\u00e1 na condi\u00e7\u00e3o humana.\u201d<\/p>\n<p style=\"text-align: justify\">Martin Scorsese<\/p>\n<p style=\"text-align: justify\"><strong>F\u00f3rum<\/strong><\/p>\n<p style=\"text-align: justify\">Vila cidad\u00e3 e a feira do F\u00f3rum da \u00c1gua atra\u00edram 15 mil pessoas. Aprender enquanto brinca \u00e9 o segredo para a meninada querer estar presente. Sarney Filho, ministro do Meio Ambiente, est\u00e1 bem animado com a troca de experi\u00eancias internacionais sobre a \u00e1gua. S\u00e3o muitas as novidades vi\u00e1veis para o Brasil adotar.<\/p>\n<figure id=\"attachment_10223\" aria-describedby=\"caption-attachment-10223\" style=\"width: 1080px\" class=\"wp-caption aligncenter\"><img loading=\"lazy\" decoding=\"async\" class=\"size-full wp-image-10223\" src=\"https:\/\/blogs.correiobraziliense.com.br\/aricunha\/wp-content\/uploads\/sites\/13\/2018\/03\/1112586-wdol_abr20180317_0793_1.jpg\" alt=\"Foto: agenciabrasil.ebc.com.br (Wilson Dias\/Ag\u00eancia Brasil)\" width=\"1080\" height=\"720\" srcset=\"https:\/\/blogs.correiobraziliense.com.br\/aricunha\/wp-content\/uploads\/sites\/13\/2018\/03\/1112586-wdol_abr20180317_0793_1.jpg 1080w, https:\/\/blogs.correiobraziliense.com.br\/aricunha\/wp-content\/uploads\/sites\/13\/2018\/03\/1112586-wdol_abr20180317_0793_1-300x200.jpg 300w, https:\/\/blogs.correiobraziliense.com.br\/aricunha\/wp-content\/uploads\/sites\/13\/2018\/03\/1112586-wdol_abr20180317_0793_1-768x512.jpg 768w, https:\/\/blogs.correiobraziliense.com.br\/aricunha\/wp-content\/uploads\/sites\/13\/2018\/03\/1112586-wdol_abr20180317_0793_1-1024x683.jpg 1024w, https:\/\/blogs.correiobraziliense.com.br\/aricunha\/wp-content\/uploads\/sites\/13\/2018\/03\/1112586-wdol_abr20180317_0793_1-350x233.jpg 350w, https:\/\/blogs.correiobraziliense.com.br\/aricunha\/wp-content\/uploads\/sites\/13\/2018\/03\/1112586-wdol_abr20180317_0793_1-550x367.jpg 550w, https:\/\/blogs.correiobraziliense.com.br\/aricunha\/wp-content\/uploads\/sites\/13\/2018\/03\/1112586-wdol_abr20180317_0793_1-230x153.jpg 230w\" sizes=\"auto, (max-width: 1080px) 100vw, 1080px\" \/><figcaption id=\"caption-attachment-10223\" class=\"wp-caption-text\">Foto: agenciabrasil.ebc.com.br (Wilson Dias\/Ag\u00eancia Brasil)<\/figcaption><\/figure>\n<figure id=\"attachment_10224\" aria-describedby=\"caption-attachment-10224\" style=\"width: 1080px\" class=\"wp-caption aligncenter\"><img loading=\"lazy\" decoding=\"async\" class=\"size-full wp-image-10224\" src=\"https:\/\/blogs.correiobraziliense.com.br\/aricunha\/wp-content\/uploads\/sites\/13\/2018\/03\/1112597-wdol_abr20180317_0791_1.jpg\" alt=\"Foto: agenciabrasil.ebc.com.br (Wilson Dias\/Ag\u00eancia Brasil)\" width=\"1080\" height=\"720\" srcset=\"https:\/\/blogs.correiobraziliense.com.br\/aricunha\/wp-content\/uploads\/sites\/13\/2018\/03\/1112597-wdol_abr20180317_0791_1.jpg 1080w, https:\/\/blogs.correiobraziliense.com.br\/aricunha\/wp-content\/uploads\/sites\/13\/2018\/03\/1112597-wdol_abr20180317_0791_1-300x200.jpg 300w, https:\/\/blogs.correiobraziliense.com.br\/aricunha\/wp-content\/uploads\/sites\/13\/2018\/03\/1112597-wdol_abr20180317_0791_1-768x512.jpg 768w, https:\/\/blogs.correiobraziliense.com.br\/aricunha\/wp-content\/uploads\/sites\/13\/2018\/03\/1112597-wdol_abr20180317_0791_1-1024x683.jpg 1024w, https:\/\/blogs.correiobraziliense.com.br\/aricunha\/wp-content\/uploads\/sites\/13\/2018\/03\/1112597-wdol_abr20180317_0791_1-350x233.jpg 350w, https:\/\/blogs.correiobraziliense.com.br\/aricunha\/wp-content\/uploads\/sites\/13\/2018\/03\/1112597-wdol_abr20180317_0791_1-550x367.jpg 550w, https:\/\/blogs.correiobraziliense.com.br\/aricunha\/wp-content\/uploads\/sites\/13\/2018\/03\/1112597-wdol_abr20180317_0791_1-230x153.jpg 230w\" sizes=\"auto, (max-width: 1080px) 100vw, 1080px\" \/><figcaption id=\"caption-attachment-10224\" class=\"wp-caption-text\">Foto: agenciabrasil.ebc.com.br (Wilson Dias\/Ag\u00eancia Brasil)<\/figcaption><\/figure>\n<p style=\"text-align: justify\"><strong>Novidade<\/strong><\/p>\n<p style=\"text-align: justify\">Tamb\u00e9m o F\u00f3rum Alternativo da \u00c1gua marcar\u00e1 presen\u00e7a no Pavilh\u00e3o de Exposi\u00e7\u00f5es do Parque da Cidade para discutir temas como acesso \u00e0 \u00e1gua, mudan\u00e7as clim\u00e1ticas, sa\u00fade e seguran\u00e7a alimentar, impacto das crises h\u00eddricas e desastres ambientais.<\/p>\n<figure id=\"attachment_10225\" aria-describedby=\"caption-attachment-10225\" style=\"width: 549px\" class=\"wp-caption aligncenter\"><img loading=\"lazy\" decoding=\"async\" class=\" wp-image-10225\" src=\"https:\/\/blogs.correiobraziliense.com.br\/aricunha\/wp-content\/uploads\/sites\/13\/2018\/03\/712f4c6e9632828d6374bcbdf12e1057.png\" alt=\"Imagem: contrafbrasil.org.br\" width=\"549\" height=\"366\" srcset=\"https:\/\/blogs.correiobraziliense.com.br\/aricunha\/wp-content\/uploads\/sites\/13\/2018\/03\/712f4c6e9632828d6374bcbdf12e1057.png 600w, https:\/\/blogs.correiobraziliense.com.br\/aricunha\/wp-content\/uploads\/sites\/13\/2018\/03\/712f4c6e9632828d6374bcbdf12e1057-300x200.png 300w, https:\/\/blogs.correiobraziliense.com.br\/aricunha\/wp-content\/uploads\/sites\/13\/2018\/03\/712f4c6e9632828d6374bcbdf12e1057-350x233.png 350w, https:\/\/blogs.correiobraziliense.com.br\/aricunha\/wp-content\/uploads\/sites\/13\/2018\/03\/712f4c6e9632828d6374bcbdf12e1057-550x367.png 550w, https:\/\/blogs.correiobraziliense.com.br\/aricunha\/wp-content\/uploads\/sites\/13\/2018\/03\/712f4c6e9632828d6374bcbdf12e1057-230x153.png 230w\" sizes=\"auto, (max-width: 549px) 100vw, 549px\" \/><figcaption id=\"caption-attachment-10225\" class=\"wp-caption-text\">Imagem: contrafbrasil.org.br<\/figcaption><\/figure>\n<p style=\"text-align: justify\"><strong>Convergir<\/strong><\/p>\n<p style=\"text-align: justify\">Volta novamente a discuss\u00e3o sobre a cria\u00e7\u00e3o do Sistema \u00danico de Seguran\u00e7a P\u00fablica. O assunto voltou \u00e0 pauta da C\u00e2mara dos Deputados. N\u00e3o se sabe se por causa das elei\u00e7\u00f5es ou por vontade de melhorar a situa\u00e7\u00e3o ca\u00f3tica. Certo \u00e9 que h\u00e1 d\u00e9cadas o assunto nunca vingou. Projetos de Lei flutuam no ar enquanto tiros acertam a popula\u00e7\u00e3o.<\/p>\n<figure id=\"attachment_10227\" aria-describedby=\"caption-attachment-10227\" style=\"width: 549px\" class=\"wp-caption aligncenter\"><img loading=\"lazy\" decoding=\"async\" class=\" wp-image-10227\" src=\"https:\/\/blogs.correiobraziliense.com.br\/aricunha\/wp-content\/uploads\/sites\/13\/2018\/03\/CHARGE-Olha-a-bala-por-Ivan-Cabral.jpg\" alt=\"Charge: brasilsoberanoelivre.blogspot.com.br\" width=\"549\" height=\"394\" srcset=\"https:\/\/blogs.correiobraziliense.com.br\/aricunha\/wp-content\/uploads\/sites\/13\/2018\/03\/CHARGE-Olha-a-bala-por-Ivan-Cabral.jpg 500w, https:\/\/blogs.correiobraziliense.com.br\/aricunha\/wp-content\/uploads\/sites\/13\/2018\/03\/CHARGE-Olha-a-bala-por-Ivan-Cabral-300x215.jpg 300w, https:\/\/blogs.correiobraziliense.com.br\/aricunha\/wp-content\/uploads\/sites\/13\/2018\/03\/CHARGE-Olha-a-bala-por-Ivan-Cabral-350x251.jpg 350w, https:\/\/blogs.correiobraziliense.com.br\/aricunha\/wp-content\/uploads\/sites\/13\/2018\/03\/CHARGE-Olha-a-bala-por-Ivan-Cabral-230x165.jpg 230w\" sizes=\"auto, (max-width: 549px) 100vw, 549px\" \/><figcaption id=\"caption-attachment-10227\" class=\"wp-caption-text\">Charge: brasilsoberanoelivre.blogspot.com.br<\/figcaption><\/figure>\n<p style=\"text-align: justify\"><strong>Para agir<\/strong><\/p>\n<p style=\"text-align: justify\">A proposta do Sistema \u00danico de Seguran\u00e7a P\u00fablica, al\u00e9m de focar na integra\u00e7\u00e3o dos dados, tem como objetivo a conson\u00e2ncia estrat\u00e9gica entre os \u00f3rg\u00e3os de seguran\u00e7a p\u00fablica. Seria o ideal, se n\u00e3o houvesse parte podre na ma\u00e7\u00e3 e interc\u00e2mbio de conhecimentos t\u00e9cnicos e cient\u00edficos.<\/p>\n<figure id=\"attachment_10226\" aria-describedby=\"caption-attachment-10226\" style=\"width: 600px\" class=\"wp-caption aligncenter\"><img loading=\"lazy\" decoding=\"async\" class=\"wp-image-10226 size-full\" src=\"https:\/\/blogs.correiobraziliense.com.br\/aricunha\/wp-content\/uploads\/sites\/13\/2018\/03\/camara-e1521233334308.jpg\" alt=\"\" width=\"600\" height=\"393\" srcset=\"https:\/\/blogs.correiobraziliense.com.br\/aricunha\/wp-content\/uploads\/sites\/13\/2018\/03\/camara-e1521233334308.jpg 600w, https:\/\/blogs.correiobraziliense.com.br\/aricunha\/wp-content\/uploads\/sites\/13\/2018\/03\/camara-e1521233334308-300x197.jpg 300w, https:\/\/blogs.correiobraziliense.com.br\/aricunha\/wp-content\/uploads\/sites\/13\/2018\/03\/camara-e1521233334308-350x229.jpg 350w, https:\/\/blogs.correiobraziliense.com.br\/aricunha\/wp-content\/uploads\/sites\/13\/2018\/03\/camara-e1521233334308-550x360.jpg 550w, https:\/\/blogs.correiobraziliense.com.br\/aricunha\/wp-content\/uploads\/sites\/13\/2018\/03\/camara-e1521233334308-230x151.jpg 230w\" sizes=\"auto, (max-width: 600px) 100vw, 600px\" \/><figcaption id=\"caption-attachment-10226\" class=\"wp-caption-text\">Foto: painelpolitico.com<\/figcaption><\/figure>\n<p style=\"text-align: justify\"><strong>HIST\u00d3RIA DE BRAS\u00cdLIA<\/strong><\/p>\n<p style=\"text-align: justify\">O emboloramento mental em que se encontram os altos funcion\u00e1rios residentes no Rio, seria uma raz\u00e3o para que o cel. Dagoberto tivesse escrit\u00f3rio em Bras\u00edlia, onde o DCT poderia fazer uma experi\u00eancia piloto de um servi\u00e7o bem feito. <strong>(Publicado em 17.10.1961)<\/strong><\/p>\n","protected":false},"excerpt":{"rendered":"<p>ARI CUNHA Visto, lido e ouvido Desde 1960 colunadoaricunha@gmail.com; com Circe Cunha e Mamfil \u00a0\u00a0\u00a0\u00a0\u00a0\u00a0\u00a0\u00a0 Especialistas em quest\u00f5es de seguran\u00e7a p\u00fablica apontam a cidade do Rio de Janeiro como o laborat\u00f3rio mais bem montado para se entender, ao vivo, o fen\u00f4meno da viol\u00eancia que assola igualmente todo o pa\u00eds. Estudar, de perto, o desenrolar di\u00e1rio dos acontecimentos, entend\u00ea-los, desde sua [&hellip;]<\/p>\n","protected":false},"author":34,"featured_media":10222,"comment_status":"open","ping_status":"open","sticky":false,"template":"","format":"standard","meta":{"footnotes":""},"categories":[23],"tags":[67],"class_list":["post-10218","post","type-post","status-publish","format-standard","has-post-thumbnail","hentry","category-integra","tag-brasilia-historiadebrasilia-aricunha-circecunha-mamfil"],"_links":{"self":[{"href":"https:\/\/blogs.correiobraziliense.com.br\/aricunha\/wp-json\/wp\/v2\/posts\/10218","targetHints":{"allow":["GET"]}}],"collection":[{"href":"https:\/\/blogs.correiobraziliense.com.br\/aricunha\/wp-json\/wp\/v2\/posts"}],"about":[{"href":"https:\/\/blogs.correiobraziliense.com.br\/aricunha\/wp-json\/wp\/v2\/types\/post"}],"author":[{"embeddable":true,"href":"https:\/\/blogs.correiobraziliense.com.br\/aricunha\/wp-json\/wp\/v2\/users\/34"}],"replies":[{"embeddable":true,"href":"https:\/\/blogs.correiobraziliense.com.br\/aricunha\/wp-json\/wp\/v2\/comments?post=10218"}],"version-history":[{"count":4,"href":"https:\/\/blogs.correiobraziliense.com.br\/aricunha\/wp-json\/wp\/v2\/posts\/10218\/revisions"}],"predecessor-version":[{"id":10228,"href":"https:\/\/blogs.correiobraziliense.com.br\/aricunha\/wp-json\/wp\/v2\/posts\/10218\/revisions\/10228"}],"wp:featuredmedia":[{"embeddable":true,"href":"https:\/\/blogs.correiobraziliense.com.br\/aricunha\/wp-json\/wp\/v2\/media\/10222"}],"wp:attachment":[{"href":"https:\/\/blogs.correiobraziliense.com.br\/aricunha\/wp-json\/wp\/v2\/media?parent=10218"}],"wp:term":[{"taxonomy":"category","embeddable":true,"href":"https:\/\/blogs.correiobraziliense.com.br\/aricunha\/wp-json\/wp\/v2\/categories?post=10218"},{"taxonomy":"post_tag","embeddable":true,"href":"https:\/\/blogs.correiobraziliense.com.br\/aricunha\/wp-json\/wp\/v2\/tags?post=10218"}],"curies":[{"name":"wp","href":"https:\/\/api.w.org\/{rel}","templated":true}]}}