{"id":10202,"date":"2018-03-17T02:00:41","date_gmt":"2018-03-17T05:00:41","guid":{"rendered":"https:\/\/blogs.correiobraziliense.com.br\/aricunha\/?p=10202"},"modified":"2018-03-17T23:39:25","modified_gmt":"2018-03-18T02:39:25","slug":"10202-2","status":"publish","type":"post","link":"https:\/\/blogs.correiobraziliense.com.br\/aricunha\/10202-2\/","title":{"rendered":"Dislexia dos \u00f3rg\u00e3os da administra\u00e7\u00e3o p\u00fablica"},"content":{"rendered":"<p style=\"text-align: justify\">ARI CUNHA<\/p>\n<p style=\"text-align: justify\">Visto, lido e ouvido<\/p>\n<p style=\"text-align: justify\">Desde 1960<\/p>\n<p style=\"text-align: justify\">colunadoaricunha@gmail.com;<\/p>\n<p style=\"text-align: justify\">com Circe Cunha e Mamfil<\/p>\n<figure id=\"attachment_10209\" aria-describedby=\"caption-attachment-10209\" style=\"width: 500px\" class=\"wp-caption aligncenter\"><img loading=\"lazy\" decoding=\"async\" class=\"size-full wp-image-10209\" src=\"https:\/\/blogs.correiobraziliense.com.br\/aricunha\/wp-content\/uploads\/sites\/13\/2018\/03\/charge-auxilio-moradia.jpg\" alt=\"Charge: acaopopular.net\" width=\"500\" height=\"351\" srcset=\"https:\/\/blogs.correiobraziliense.com.br\/aricunha\/wp-content\/uploads\/sites\/13\/2018\/03\/charge-auxilio-moradia.jpg 500w, https:\/\/blogs.correiobraziliense.com.br\/aricunha\/wp-content\/uploads\/sites\/13\/2018\/03\/charge-auxilio-moradia-300x211.jpg 300w, https:\/\/blogs.correiobraziliense.com.br\/aricunha\/wp-content\/uploads\/sites\/13\/2018\/03\/charge-auxilio-moradia-350x246.jpg 350w, https:\/\/blogs.correiobraziliense.com.br\/aricunha\/wp-content\/uploads\/sites\/13\/2018\/03\/charge-auxilio-moradia-230x161.jpg 230w\" sizes=\"auto, (max-width: 500px) 100vw, 500px\" \/><figcaption id=\"caption-attachment-10209\" class=\"wp-caption-text\">Charge: acaopopular.net<\/figcaption><\/figure>\n<p style=\"text-align: justify\">\u00a0 \u00a0 \u00a0 \u00a0 \u00a0 Quando o assunto \u00e9 o gasto p\u00fablico com a m\u00e1quina administrativa do Estado, a primeira constata\u00e7\u00e3o que surge \u00e9 que, de todas as variantes desse tema, a aus\u00eancia de bom senso tem sido, desde sempre, a quest\u00e3o principal. Para onde quer que o cidad\u00e3o volte o olhar, o que se divisa \u00e9 a utiliza\u00e7\u00e3o perdul\u00e1ria dos recursos do contribuinte para a manuten\u00e7\u00e3o de uma superestrutura de gest\u00e3o, nos tr\u00eas Poderes e nos n\u00edveis municipal, estadual e federal.<\/p>\n<p style=\"text-align: justify\">\u00a0 \u00a0 Gastos com verba indenizat\u00f3ria, que s\u00f3 para ficar dentro dos limites do Distrito Federal, sorvem compulsoriamente do contribuinte a f\u00e1bula de R$ 300 milh\u00f5es a cada legislatura e que, n\u00e3o rendem, absolutamente nenhum benef\u00edcio direto ao brasiliense. Que interesse, t\u00e3o premente, teria o cidad\u00e3o da capital em custear aluguel e manuten\u00e7\u00e3o de carros e escrit\u00f3rios pol\u00edticos, a compra de combust\u00edvel, a divulga\u00e7\u00e3o da atividade parlamentar, a contrata\u00e7\u00e3o de consultorias especializadas entre outros gastos mirabolantes, destinando para isso, a cada um dos 24 distritais, o valor mensal de penduricalhos mais R$ 25,3 mil?<\/p>\n<p style=\"text-align: justify\">\u00a0\u00a0\u00a0\u00a0\u00a0\u00a0\u00a0\u00a0 O eleitor j\u00e1 sabe que, nesse caso e em outros semelhantes que envolvem recursos extraordin\u00e1rios, a pr\u00f3pria Casa n\u00e3o ir\u00e1 se mexer e o melhor \u00e9 transformar logo a proposta, por uma C\u00e2mara Legislativa mais barata, em projeto de iniciativa popular.<\/p>\n<p style=\"text-align: justify\">\u00a0\u00a0\u00a0\u00a0\u00a0\u00a0\u00a0\u00a0 Esse tipo de gasto, adotado tanto pelo Congresso Nacional, como pela totalidade das assembleias estaduais, consome, a cada m\u00eas, recursos preciosos e necess\u00e1rios que poderiam acudir diversas \u00e1reas sociais. Por uma dessas raz\u00f5es irrazo\u00e1veis, pr\u00f3prias de nossa cultura administrativa e governamental, grande parte dos \u00f3rg\u00e3os de gest\u00e3o ostentam or\u00e7amentos que v\u00e3o muito al\u00e9m daqueles destinados \u00e0 sobreviv\u00eancia dessas pr\u00f3prias comunidades.<\/p>\n<p style=\"text-align: justify\">\u00a0 \u00a0 \u00a0 \u00a0 \u00a0O absurdo que faz com que esses diversos organismos da administra\u00e7\u00e3o p\u00fablica se transformem em verdadeiros Estados dentro do Estado, dificulta n\u00e3o s\u00f3 o controle desses gastos, criando castas insustent\u00e1veis no funcionalismo, mas, sobretudo desvia, de sua finalidade prec\u00edpua, o dinheiro do cidad\u00e3o, retirando-lhe as condi\u00e7\u00f5es m\u00ednimas \u00e0 uma vida com dignidade.<\/p>\n<p style=\"text-align: justify\">\u00a0\u00a0\u00a0\u00a0\u00a0\u00a0\u00a0\u00a0 A paralisa\u00e7\u00e3o dos ju\u00edzes federais, prontamente apoiada por entidades como a Ajufe, Anamatra, ANPR, ANPT, entre outras, deixou patente o alto grau de dislexia que parece acompanhar a administra\u00e7\u00e3o p\u00fablica, que dificulta essa categoria de compreender e fazer uma leitura mais precisa da realidade atual do pa\u00eds e exp\u00f5e uma situa\u00e7\u00e3o que, para a grande maioria dos cidad\u00e3os, j\u00e1 ultrapassou \u00e0s raias do aceit\u00e1vel.<\/p>\n<p style=\"text-align: justify\">\u00a0\u00a0\u00a0\u00a0\u00a0\u00a0\u00a0\u00a0 Querer impor, pela for\u00e7a coercitiva de um movimento paredista, que penduricalhos como o famigerado aux\u00edlio-moradia, inclusive para a imensa maioria que possui casa pr\u00f3pria, \u00e9 de uma falta de sensibilidade s\u00f3 n\u00e3o maior do que uma falta de civismo e senso do momento em que passa o Brasil. Falar em dignidade remunerat\u00f3ria para uma categoria que recebe o teto dos proventos, s\u00f3 n\u00e3o soa mais fant\u00e1stico por que estamos num pa\u00eds chamado Brasil.<\/p>\n<p style=\"text-align: justify\"><strong>A frase que foi pronunciada<\/strong><\/p>\n<p><em>\u201cUm minuto de sil\u00eancio por Marielle.\u201d<\/em><br \/>\nVoc\u00ea e eu<\/p>\n<figure id=\"attachment_10200\" aria-describedby=\"caption-attachment-10200\" style=\"width: 400px\" class=\"wp-caption aligncenter\"><img loading=\"lazy\" decoding=\"async\" class=\"size-full wp-image-10200\" src=\"https:\/\/blogs.correiobraziliense.com.br\/aricunha\/wp-content\/uploads\/sites\/13\/2018\/03\/Brasil-de-Luto-por-Sponholz.jpg\" alt=\"Charge: humorpolitico.com.br\" width=\"400\" height=\"433\" srcset=\"https:\/\/blogs.correiobraziliense.com.br\/aricunha\/wp-content\/uploads\/sites\/13\/2018\/03\/Brasil-de-Luto-por-Sponholz.jpg 400w, https:\/\/blogs.correiobraziliense.com.br\/aricunha\/wp-content\/uploads\/sites\/13\/2018\/03\/Brasil-de-Luto-por-Sponholz-277x300.jpg 277w, https:\/\/blogs.correiobraziliense.com.br\/aricunha\/wp-content\/uploads\/sites\/13\/2018\/03\/Brasil-de-Luto-por-Sponholz-323x350.jpg 323w, https:\/\/blogs.correiobraziliense.com.br\/aricunha\/wp-content\/uploads\/sites\/13\/2018\/03\/Brasil-de-Luto-por-Sponholz-230x249.jpg 230w\" sizes=\"auto, (max-width: 400px) 100vw, 400px\" \/><figcaption id=\"caption-attachment-10200\" class=\"wp-caption-text\">Charge: humorpolitico.com.br<\/figcaption><\/figure>\n<p><strong>Outdoors<\/strong><\/p>\n<p><em>No lugar de ser apenas um ve\u00edculo para frases in\u00fateis, os pain\u00e9is de avisos pela cidade deveriam servir de alerta sobre crian\u00e7as perdidas, por exemplo. Outros pa\u00edses utilizam esse recurso contando com a participa\u00e7\u00e3o maci\u00e7a da popula\u00e7\u00e3o. Fica a ideia.<\/em><\/p>\n<p><strong>Hist\u00f3ria de Bras\u00edlia<\/strong><br \/>\nJ\u00e1 come\u00e7aram a ser entregues as persianas dos apartamentos do IAPC na Asa Sul. Isso porque os da Asa Norte j\u00e1 foram entregues com persianas. (<strong>Publicado em 17\/10\/1961<\/strong>)<\/p>\n","protected":false},"excerpt":{"rendered":"<p>ARI CUNHA Visto, lido e ouvido Desde 1960 colunadoaricunha@gmail.com; com Circe Cunha e Mamfil \u00a0 \u00a0 \u00a0 \u00a0 \u00a0 Quando o assunto \u00e9 o gasto p\u00fablico com a m\u00e1quina administrativa do Estado, a primeira constata\u00e7\u00e3o que surge \u00e9 que, de todas as variantes desse tema, a aus\u00eancia de bom senso tem sido, desde sempre, a quest\u00e3o principal. Para onde quer [&hellip;]<\/p>\n","protected":false},"author":34,"featured_media":10209,"comment_status":"open","ping_status":"open","sticky":false,"template":"","format":"standard","meta":{"footnotes":""},"categories":[23],"tags":[67],"class_list":["post-10202","post","type-post","status-publish","format-standard","has-post-thumbnail","hentry","category-integra","tag-brasilia-historiadebrasilia-aricunha-circecunha-mamfil"],"_links":{"self":[{"href":"https:\/\/blogs.correiobraziliense.com.br\/aricunha\/wp-json\/wp\/v2\/posts\/10202","targetHints":{"allow":["GET"]}}],"collection":[{"href":"https:\/\/blogs.correiobraziliense.com.br\/aricunha\/wp-json\/wp\/v2\/posts"}],"about":[{"href":"https:\/\/blogs.correiobraziliense.com.br\/aricunha\/wp-json\/wp\/v2\/types\/post"}],"author":[{"embeddable":true,"href":"https:\/\/blogs.correiobraziliense.com.br\/aricunha\/wp-json\/wp\/v2\/users\/34"}],"replies":[{"embeddable":true,"href":"https:\/\/blogs.correiobraziliense.com.br\/aricunha\/wp-json\/wp\/v2\/comments?post=10202"}],"version-history":[{"count":7,"href":"https:\/\/blogs.correiobraziliense.com.br\/aricunha\/wp-json\/wp\/v2\/posts\/10202\/revisions"}],"predecessor-version":[{"id":10213,"href":"https:\/\/blogs.correiobraziliense.com.br\/aricunha\/wp-json\/wp\/v2\/posts\/10202\/revisions\/10213"}],"wp:featuredmedia":[{"embeddable":true,"href":"https:\/\/blogs.correiobraziliense.com.br\/aricunha\/wp-json\/wp\/v2\/media\/10209"}],"wp:attachment":[{"href":"https:\/\/blogs.correiobraziliense.com.br\/aricunha\/wp-json\/wp\/v2\/media?parent=10202"}],"wp:term":[{"taxonomy":"category","embeddable":true,"href":"https:\/\/blogs.correiobraziliense.com.br\/aricunha\/wp-json\/wp\/v2\/categories?post=10202"},{"taxonomy":"post_tag","embeddable":true,"href":"https:\/\/blogs.correiobraziliense.com.br\/aricunha\/wp-json\/wp\/v2\/tags?post=10202"}],"curies":[{"name":"wp","href":"https:\/\/api.w.org\/{rel}","templated":true}]}}