{"id":10194,"date":"2018-03-18T04:00:33","date_gmt":"2018-03-18T07:00:33","guid":{"rendered":"https:\/\/blogs.correiobraziliense.com.br\/aricunha\/?p=10194"},"modified":"2018-03-19T06:17:33","modified_gmt":"2018-03-19T09:17:33","slug":"barbarie-nossa-de-cada-dia","status":"publish","type":"post","link":"https:\/\/blogs.correiobraziliense.com.br\/aricunha\/barbarie-nossa-de-cada-dia\/","title":{"rendered":"A barb\u00e1rie nossa de cada dia"},"content":{"rendered":"<p style=\"text-align: justify\">ARI CUNHA<\/p>\n<p style=\"text-align: justify\">Visto, lido e ouvido<\/p>\n<p style=\"text-align: justify\">Desde 1960<\/p>\n<p style=\"text-align: justify\">colunadoaricunha@gmail.com;<\/p>\n<p style=\"text-align: justify\">com Circe Cunha e Mamfil<\/p>\n<figure style=\"width: 800px\" class=\"wp-caption aligncenter\"><img loading=\"lazy\" decoding=\"async\" class=\"size-full wp-image-10196\" src=\"https:\/\/blogs.correiobraziliense.com.br\/aricunha\/wp-content\/uploads\/sites\/13\/2018\/03\/1241117_352082.jpg\" alt=\"Foto: domtotal.com - C\u00e2mara realiza sess\u00e3o solene em homenagem \u00e0 Marielle Franco, executada no Rio (Marcelo Camargo\/Ag\u00eancia Brasil)\" width=\"800\" height=\"533\" srcset=\"https:\/\/blogs.correiobraziliense.com.br\/aricunha\/wp-content\/uploads\/sites\/13\/2018\/03\/1241117_352082.jpg 800w, https:\/\/blogs.correiobraziliense.com.br\/aricunha\/wp-content\/uploads\/sites\/13\/2018\/03\/1241117_352082-300x200.jpg 300w, https:\/\/blogs.correiobraziliense.com.br\/aricunha\/wp-content\/uploads\/sites\/13\/2018\/03\/1241117_352082-768x512.jpg 768w, https:\/\/blogs.correiobraziliense.com.br\/aricunha\/wp-content\/uploads\/sites\/13\/2018\/03\/1241117_352082-350x233.jpg 350w, https:\/\/blogs.correiobraziliense.com.br\/aricunha\/wp-content\/uploads\/sites\/13\/2018\/03\/1241117_352082-550x366.jpg 550w, https:\/\/blogs.correiobraziliense.com.br\/aricunha\/wp-content\/uploads\/sites\/13\/2018\/03\/1241117_352082-230x153.jpg 230w\" sizes=\"auto, (max-width: 800px) 100vw, 800px\" \/><figcaption class=\"wp-caption-text\">Foto: domtotal.com <br \/> C\u00e2mara realiza sess\u00e3o solene em homenagem \u00e0 Marielle Franco, executada no Rio (Marcelo Camargo\/Ag\u00eancia Brasil)<\/figcaption><\/figure>\n<p style=\"text-align: justify\">\u00a0\u00a0\u00a0\u00a0\u00a0\u00a0\u00a0\u00a0 Desmobilizada pela imposi\u00e7\u00e3o dos fatos e da \u00e9tica, a esquerda, ou pelo menos o que parece ter sobrado dela, encontrou agora no cad\u00e1ver da vereadora do PSol, Marielle Franco, mais um palanque de onde pode esbravejar contra a interven\u00e7\u00e3o militar na \u00e1rea de seguran\u00e7a do Rio de Janeiro, j\u00e1 transformada, desde o primeiro momento, em bandeira de muitos oportunistas contra quaisquer a\u00e7\u00f5es do Estado, sejam elas corretas ou n\u00e3o.<\/p>\n<p style=\"text-align: justify\">\u00a0\u00a0\u00a0\u00a0\u00a0\u00a0\u00a0\u00a0 A quest\u00e3o central aqui \u00e9 aproveitar qualquer boia flutuadora para manter essa turma respirando na linha d\u2019\u00e1gua. Pelo o que se tem ouvido, visto e lido at\u00e9 aqui, nos diversos discursos que ganharam vida com o crime hediondo, o tiro que ceivou a vida da parlamentar partiu da linha de frente dos interventores fardados.<\/p>\n<p style=\"text-align: justify\">\u00a0\u00a0\u00a0\u00a0\u00a0\u00a0\u00a0\u00a0 Deputada por Bras\u00edlia, que tem chamado a aten\u00e7\u00e3o mais por seus discursos panflet\u00e1rios e sem l\u00f3gica do que pela atua\u00e7\u00e3o profissional equilibrada em favor dos brasilienses, n\u00e3o perdeu a oportunidade, com a plateia formada, afirmou, sem constrangimento: \u201celes apontaram os fuzis para Marielle Franco\u201d, numa clara alus\u00e3o aos militares.<\/p>\n<p style=\"text-align: justify\">\u00a0\u00a0\u00a0\u00a0\u00a0\u00a0\u00a0\u00a0 Obviamente que quando os verdadeiros culpados vierem a lume, ser\u00e1 preciso buscar, em nossas trag\u00e9dias di\u00e1rias, novos culpados pelo naufr\u00e1gio moral das esquerdas. De certo que a situa\u00e7\u00e3o de extrema viol\u00eancia, diuturnamente experimentada pela popula\u00e7\u00e3o do Rio de Janeiro, ainda est\u00e1 longe de ser resolvida, e n\u00e3o se podendo descartar o recrudescimento das a\u00e7\u00f5es militares, t\u00e3o logo comecem a tombar os primeiros recrutas fardados, v\u00edtimas de emboscadas e outras armadilhas montadas pela bandidagem.<\/p>\n<p style=\"text-align: justify\">\u00a0\u00a0\u00a0\u00a0\u00a0\u00a0\u00a0\u00a0 Enquanto se buscam os respons\u00e1veis onde, de antem\u00e3o, j\u00e1 se sabe, n\u00e3o estar\u00e3o, as for\u00e7as do crime organizado, formado falanges que englobam traficantes, mil\u00edcias, contrabandistas, organiza\u00e7\u00f5es e cart\u00e9is do crime, espalhados por todo o pa\u00eds e pelas fronteiras, prosseguem e intensificam a cada dia suas a\u00e7\u00f5es vis.<\/p>\n<p style=\"text-align: justify\">\u00a0\u00a0\u00a0\u00a0\u00a0\u00a0\u00a0\u00a0 Agem, favorecidos tanto pelo v\u00e1cuo de rea\u00e7\u00f5es mais duras por parte do Estado, como pelo conluio silencioso de muitas autoridades. Nessa guerra insana, em que at\u00e9 ideologias pol\u00edticas s\u00e3o lan\u00e7adas, sem pudor, no campo de batalha, o inimigo real se fortalece com a cis\u00e3o de todos e prossegue avan\u00e7ando. A execu\u00e7\u00e3o de um pol\u00edtico, em pleno exerc\u00edcio do poder e de posse de mais de 40 mil votos, exp\u00f5e e estende esse atentado para al\u00e9m das ocorr\u00eancias formais da pol\u00edcia e passa a exigir uma investiga\u00e7\u00e3o federal que, pelo menos, esclare\u00e7a se esse crime representa ou n\u00e3o uma escalada desses grupos de bandidos rumo ao controle de parte do Estado. Caso essa hip\u00f3tese venha a se confirmar, n\u00e3o ser\u00e1 exagero dizer que estamos entrando em outro patamar de conflito que pode nos igualar \u00e0 pa\u00edses do Continente, envoltos em longos conflitos com grupos guerrilheiros.<\/p>\n<p style=\"text-align: justify\">\u00a0\u00a0\u00a0\u00a0\u00a0\u00a0\u00a0\u00a0 Em texto claro e incisivo, Fernando Gomide, da Associa\u00e7\u00e3o Brasiliense de Amparo ao Fibroc\u00edstico, aborda os epis\u00f3dios de manifesta\u00e7\u00f5es contaminadas pela divis\u00e3o pol\u00edtico-ideol\u00f3gica que tem dominado o pa\u00eds. Al\u00e9m de muitos outros aspectos, que merecem uma an\u00e1lise muito mais profunda, Gomide aborda os direitos humanos, um tema absolutamente relevante, que tem uma imagem distorcida pela maioria das pessoas, sendo essa desinforma\u00e7\u00e3o explorada pol\u00edtica e eleitoralmente.<\/p>\n<p style=\"text-align: justify\">\u00a0\u00a0\u00a0\u00a0\u00a0\u00a0\u00a0\u00a0 Os direitos humanos, defende Gomide, n\u00e3o podem ser capturados nem pela direita nem pela esquerda. S\u00e3o na realidade uma conquista, um processo marcado por avan\u00e7os hist\u00f3ricos na evolu\u00e7\u00e3o de todas as sociedades, a constru\u00e7\u00e3o da consci\u00eancia coletiva na luta pela liberdade e da dignidade como valores inalien\u00e1veis da humanidade. Assim, neles est\u00e3o englobados n\u00e3o apenas &#8220;os direitos dos bandidos&#8221; como querem fazer crer alguns, seja por ignor\u00e2ncia seja por oportunismo. S\u00e3o humanos n\u00e3o apenas o direito de n\u00e3o ser torturado ou morto, seja qual for o crime supostamente cometido, mas tamb\u00e9m \u00e9 direito humano o acesso \u00e0 sa\u00fade, a educa\u00e7\u00e3o, a moradia e ao trabalho digno.<\/p>\n<p style=\"text-align: justify\">\u00a0\u00a0\u00a0\u00a0\u00a0\u00a0\u00a0\u00a0 \u00c9 sintom\u00e1tico e tamb\u00e9m preocupante o conceito de direitos humanos a ativistas de esquerda. Essa impress\u00e3o ajuda a construir o estere\u00f3tipo igualmente equivocado de que a direita \u00e9 representada por uma gente elitista insens\u00edvel e que s\u00f3 pensa no pr\u00f3prio umbigo.<\/p>\n<p style=\"text-align: justify\">\u00a0\u00a0\u00a0\u00a0\u00a0\u00a0\u00a0\u00a0 O fato \u00e9 que a viola\u00e7\u00e3o a estes direitos, continua Gomide em sua missiva, especialmente tortura e assassinatos, acontecem com devastadora frequ\u00eancia entre a popula\u00e7\u00e3o mais pobre. Marielle, moradora da Favela da Mar\u00e9, foi apenas uma das milhares de pessoas que convivem diariamente com essa realidade.<\/p>\n<p style=\"text-align: justify\">\u00a0\u00a0\u00a0\u00a0\u00a0\u00a0\u00a0\u00a0 Enquanto isso, outra parcela da popula\u00e7\u00e3o, pressionada pelo medo da viol\u00eancia que a cada dia chega mais perto de sua sala de estar, prefere a solu\u00e7\u00e3o mais f\u00e1cil: a de que bandido bom \u00e9 o bandido morto.\u00a0&#8220;Que nos inspire n\u00e3o apenas no combate ao crime e \u00e0 viol\u00eancia, mas \u00e0 compreens\u00e3o dos perigos do caminho que estamos trilhando, nos tornando uma sociedade cada vez mais dividida e intolerante&#8221;. Termina Gomide em sua correspond\u00eancia sintonizada com esta coluna.<\/p>\n<p style=\"text-align: justify\"><strong>A frase que foi pronunciada:<\/strong><\/p>\n<p style=\"text-align: justify\">\u201cNunca ouvi falar de nenhum outro pa\u00eds onde ju\u00edzes ou parlamentares tenham feito uso de sua posi\u00e7\u00e3o a este n\u00edvel, para beneficiar a si pr\u00f3prios e enriquecer.\u201d<\/p>\n<p style=\"text-align: justify\">G\u00f6ran Lambertz, da Suprema Corte sueca.<\/p>\n<p style=\"text-align: justify\"><strong>FMA<\/strong><\/p>\n<p style=\"text-align: justify\">Hoje come\u00e7a em Bras\u00edlia o 8\u00ba F\u00f3rum Mundial da \u00c1gua (FMA). O evento \u00e9 organizado pelo Conselho Mundial da \u00c1gua. As expectativas s\u00e3o altas. Esperam-se 40 mil visitantes e sete mil congressistas de diversos pa\u00edses. Veja a programa\u00e7\u00e3o completa buscando no Google, Blog do Ari Cunha.<\/p>\n<p style=\"text-align: justify\"><img loading=\"lazy\" decoding=\"async\" class=\"size-full wp-image-10206 aligncenter\" src=\"https:\/\/blogs.correiobraziliense.com.br\/aricunha\/wp-content\/uploads\/sites\/13\/2018\/03\/Capturar-1.jpg\" alt=\"\" width=\"284\" height=\"269\" srcset=\"https:\/\/blogs.correiobraziliense.com.br\/aricunha\/wp-content\/uploads\/sites\/13\/2018\/03\/Capturar-1.jpg 284w, https:\/\/blogs.correiobraziliense.com.br\/aricunha\/wp-content\/uploads\/sites\/13\/2018\/03\/Capturar-1-230x218.jpg 230w\" sizes=\"auto, (max-width: 284px) 100vw, 284px\" \/><\/p>\n<p style=\"text-align: justify\">Link para o site:\u00a0<a href=\"http:\/\/www.worldwaterforum8.org\/\">http:\/\/www.worldwaterforum8.org\/<\/a><\/p>\n<p style=\"text-align: justify\"><strong>Leitor<\/strong><\/p>\n<p style=\"text-align: justify\">Hermes Albuquerque registra seu apre\u00e7o e apoio total \u00e0 ministra C\u00e1rmen Lucia. Diz na mensagem: Presidente do Superior Tribunal Federal, Sr.\u00aa Carmen L\u00facia, Vossa excel\u00eancia tem apoio irrestrito de 90% dos brasileiros. Sua firme posi\u00e7\u00e3o nos honra. Que seus advers\u00e1rios tenham em mente que &#8220;Guerreiros s\u00f3 se curvam para cumprimentar&#8221;.<\/p>\n<p style=\"text-align: justify\"><strong>Receita<\/strong><\/p>\n<p style=\"text-align: justify\">Deltan Dallagnol d\u00e1 o recado. Avisa que o per\u00edodo ap\u00f3s as elei\u00e7\u00f5es tamb\u00e9m promete ser conturbado, com o risco de pol\u00edticos aprovarem uma anistia de \u00faltima hora. Contudo, o maior desafio ao povo brasileiro \u00e9 escolher deputados federais e senadores que estejam comprometidos com a mudan\u00e7a desse quadro. Ap\u00f3s quatro anos, o voto consciente \u00e9 nossa melhor chance de virar o jogo contra a corrup\u00e7\u00e3o.<\/p>\n<figure id=\"attachment_10207\" aria-describedby=\"caption-attachment-10207\" style=\"width: 419px\" class=\"wp-caption aligncenter\"><img loading=\"lazy\" decoding=\"async\" class=\" wp-image-10207\" src=\"https:\/\/blogs.correiobraziliense.com.br\/aricunha\/wp-content\/uploads\/sites\/13\/2018\/03\/charge_genildo_votar_certo.jpg\" alt=\"Charge: avozdocidadao.com.br\" width=\"419\" height=\"352\" srcset=\"https:\/\/blogs.correiobraziliense.com.br\/aricunha\/wp-content\/uploads\/sites\/13\/2018\/03\/charge_genildo_votar_certo.jpg 550w, https:\/\/blogs.correiobraziliense.com.br\/aricunha\/wp-content\/uploads\/sites\/13\/2018\/03\/charge_genildo_votar_certo-300x252.jpg 300w, https:\/\/blogs.correiobraziliense.com.br\/aricunha\/wp-content\/uploads\/sites\/13\/2018\/03\/charge_genildo_votar_certo-350x294.jpg 350w, https:\/\/blogs.correiobraziliense.com.br\/aricunha\/wp-content\/uploads\/sites\/13\/2018\/03\/charge_genildo_votar_certo-230x193.jpg 230w\" sizes=\"auto, (max-width: 419px) 100vw, 419px\" \/><figcaption id=\"caption-attachment-10207\" class=\"wp-caption-text\">Charge: avozdocidadao.com.br<\/figcaption><\/figure>\n<p style=\"text-align: justify\"><strong>Sem prote\u00e7\u00e3o<\/strong><br \/>\nUm posto policial inaugurando no CA do Lago Norte, com pompa e circunst\u00e2ncia, n\u00e3o\u00a0 foi capaz de capturar os ladr\u00f5es que assaltavam a QL 1 na sexta-feira. H\u00e1 4 minutos do local, os policiais s\u00f3 apareceram 40 minutos depois.<\/p>\n<p style=\"text-align: justify\"><strong>Pior<\/strong><\/p>\n<p style=\"text-align: justify\">Moradores lembram como era dif\u00edcil o atendimento no Hospital do Gama e pensam que eram felizes e n\u00e3o sabiam. Agora, se quiserem ser atendidos precisam despencar para o Goi\u00e1s.<\/p>\n<p style=\"text-align: justify\"><strong>HIST\u00d3RIA DE BRAS\u00cdLIA<\/strong><\/p>\n<p style=\"text-align: justify\">A not\u00edcia confirmando a nomea\u00e7\u00e3o do cel. Dagoberto Rodrigues para a dire\u00e7\u00e3o geral do DCT \u00e9 uma esperan\u00e7a de melhor organiza\u00e7\u00e3o para a mais desmoralizada reparti\u00e7\u00e3o do Brasil. <strong>(Publicado em 17.10.1961)<\/strong><\/p>\n<p style=\"text-align: justify\">\n","protected":false},"excerpt":{"rendered":"<p>ARI CUNHA Visto, lido e ouvido Desde 1960 colunadoaricunha@gmail.com; com Circe Cunha e Mamfil \u00a0\u00a0\u00a0\u00a0\u00a0\u00a0\u00a0\u00a0 Desmobilizada pela imposi\u00e7\u00e3o dos fatos e da \u00e9tica, a esquerda, ou pelo menos o que parece ter sobrado dela, encontrou agora no cad\u00e1ver da vereadora do PSol, Marielle Franco, mais um palanque de onde pode esbravejar contra a interven\u00e7\u00e3o militar na \u00e1rea de seguran\u00e7a do [&hellip;]<\/p>\n","protected":false},"author":34,"featured_media":10196,"comment_status":"open","ping_status":"open","sticky":false,"template":"","format":"standard","meta":{"footnotes":""},"categories":[23],"tags":[67],"class_list":["post-10194","post","type-post","status-publish","format-standard","has-post-thumbnail","hentry","category-integra","tag-brasilia-historiadebrasilia-aricunha-circecunha-mamfil"],"_links":{"self":[{"href":"https:\/\/blogs.correiobraziliense.com.br\/aricunha\/wp-json\/wp\/v2\/posts\/10194","targetHints":{"allow":["GET"]}}],"collection":[{"href":"https:\/\/blogs.correiobraziliense.com.br\/aricunha\/wp-json\/wp\/v2\/posts"}],"about":[{"href":"https:\/\/blogs.correiobraziliense.com.br\/aricunha\/wp-json\/wp\/v2\/types\/post"}],"author":[{"embeddable":true,"href":"https:\/\/blogs.correiobraziliense.com.br\/aricunha\/wp-json\/wp\/v2\/users\/34"}],"replies":[{"embeddable":true,"href":"https:\/\/blogs.correiobraziliense.com.br\/aricunha\/wp-json\/wp\/v2\/comments?post=10194"}],"version-history":[{"count":8,"href":"https:\/\/blogs.correiobraziliense.com.br\/aricunha\/wp-json\/wp\/v2\/posts\/10194\/revisions"}],"predecessor-version":[{"id":10197,"href":"https:\/\/blogs.correiobraziliense.com.br\/aricunha\/wp-json\/wp\/v2\/posts\/10194\/revisions\/10197"}],"wp:featuredmedia":[{"embeddable":true,"href":"https:\/\/blogs.correiobraziliense.com.br\/aricunha\/wp-json\/wp\/v2\/media\/10196"}],"wp:attachment":[{"href":"https:\/\/blogs.correiobraziliense.com.br\/aricunha\/wp-json\/wp\/v2\/media?parent=10194"}],"wp:term":[{"taxonomy":"category","embeddable":true,"href":"https:\/\/blogs.correiobraziliense.com.br\/aricunha\/wp-json\/wp\/v2\/categories?post=10194"},{"taxonomy":"post_tag","embeddable":true,"href":"https:\/\/blogs.correiobraziliense.com.br\/aricunha\/wp-json\/wp\/v2\/tags?post=10194"}],"curies":[{"name":"wp","href":"https:\/\/api.w.org\/{rel}","templated":true}]}}