{"id":10181,"date":"2018-03-15T21:00:06","date_gmt":"2018-03-16T00:00:06","guid":{"rendered":"https:\/\/blogs.correiobraziliense.com.br\/aricunha\/?p=10181"},"modified":"2018-03-15T23:55:02","modified_gmt":"2018-03-16T02:55:02","slug":"unb","status":"publish","type":"post","link":"https:\/\/blogs.correiobraziliense.com.br\/aricunha\/unb\/","title":{"rendered":"A bandeira nacional como fronteira"},"content":{"rendered":"<p style=\"text-align: left\">ARI CUNHA<\/p>\n<p>Visto, lido e ouvido<\/p>\n<p>Desde 1960<\/p>\n<p>colunadoaricunha@gmail.com;<\/p>\n<p>com Circe Cunha e Mamfil<\/p>\n<figure id=\"attachment_10190\" aria-describedby=\"caption-attachment-10190\" style=\"width: 878px\" class=\"wp-caption aligncenter\"><img loading=\"lazy\" decoding=\"async\" class=\"size-full wp-image-10190\" src=\"https:\/\/blogs.correiobraziliense.com.br\/aricunha\/wp-content\/uploads\/sites\/13\/2018\/03\/pra-frente-que-tal.jpg\" alt=\"Charge: consciencia.blog.br\" width=\"878\" height=\"600\" srcset=\"https:\/\/blogs.correiobraziliense.com.br\/aricunha\/wp-content\/uploads\/sites\/13\/2018\/03\/pra-frente-que-tal.jpg 878w, https:\/\/blogs.correiobraziliense.com.br\/aricunha\/wp-content\/uploads\/sites\/13\/2018\/03\/pra-frente-que-tal-300x205.jpg 300w, https:\/\/blogs.correiobraziliense.com.br\/aricunha\/wp-content\/uploads\/sites\/13\/2018\/03\/pra-frente-que-tal-768x525.jpg 768w, https:\/\/blogs.correiobraziliense.com.br\/aricunha\/wp-content\/uploads\/sites\/13\/2018\/03\/pra-frente-que-tal-350x239.jpg 350w, https:\/\/blogs.correiobraziliense.com.br\/aricunha\/wp-content\/uploads\/sites\/13\/2018\/03\/pra-frente-que-tal-550x376.jpg 550w, https:\/\/blogs.correiobraziliense.com.br\/aricunha\/wp-content\/uploads\/sites\/13\/2018\/03\/pra-frente-que-tal-230x157.jpg 230w\" sizes=\"auto, (max-width: 878px) 100vw, 878px\" \/><figcaption id=\"caption-attachment-10190\" class=\"wp-caption-text\">Charge: consciencia.blog.br<\/figcaption><\/figure>\n<p style=\"text-align: justify;padding-left: 240px\">\u201cRecebe o afeto que se encerra em nosso peito juvenil\/ Querido s\u00edmbolo da terra\/ Da amada terra do Brasil\u201d<\/p>\n<p style=\"padding-left: 240px;text-align: right\">Hino \u00e0 Bandeira<\/p>\n<p style=\"text-align: justify\">\u00a0\u00a0\u00a0\u00a0\u00a0\u00a0\u00a0 Quem circula pela Universidade de Bras\u00edlia j\u00e1 pode ter avistado a figura de um jovem solit\u00e1rio de cabelos longos que todos os dias pela manh\u00e3 corta, a passos r\u00e1pidos o Minhoc\u00e3o, de uma ponta a outra, com o corpo completamente envolto pela bandeira nacional. Incrivelmente, nesses tempos de desaven\u00e7as e incertezas, a passagem desse personagem pelas depend\u00eancias da UnB tem gerado um misto de admira\u00e7\u00e3o e revolta.<\/p>\n<p style=\"text-align: justify\">\u00a0\u00a0\u00a0\u00a0\u00a0\u00a0\u00a0 Recebido com palmas por uns e vaias por outros, o figurante segue imp\u00e1vido seu trajeto, como um meteoro, vestido com o l\u00e1baro estrelado que vai oscilando ao vento, de um lado para o outro, feito uma capa voadora de algum super-her\u00f3i.<\/p>\n<p style=\"text-align: justify\">\u00a0\u00a0\u00a0\u00a0\u00a0\u00a0\u00a0 Fossem tempos de conc\u00f3rdias, esse personagem matinal seria encarado apenas como um tipo ex\u00f3tico, metido dentro de um figurino do seu agrado. Mas, infelizmente, n\u00e3o \u00e9 o que ocorre hoje. A simples presen\u00e7a da bandeira nacional, passando em revoada pela universidade, parece ter adquirido agora um novo e triste contexto.<\/p>\n<p style=\"text-align: justify\">\u00a0\u00a0\u00a0\u00a0\u00a0\u00a0\u00a0 Para aqueles que vaiam sua passagem, o pavilh\u00e3o passou a simbolizar os valores da direita, a quem acusa de haver destru\u00eddo o sonho de introduzir no pa\u00eds, o socialismo do s\u00e9culo XXI nos mesmos moldes empregados na Venezuela e outros pa\u00edses do Continente. Para esses, a bandeira simboliza e se liga ao per\u00edodo militar e aos princ\u00edpios em voga naquela \u00e9poca, como patriotismo e nacionalismo.<\/p>\n<p style=\"text-align: justify\">\u00a0\u00a0\u00a0\u00a0\u00a0\u00a0\u00a0 Para os que aplaudem, a bandeira nacional marca um momento em que os brasileiros despertaram de um pesadelo e sa\u00edram, em massa, \u00e0s ruas em 2013, absolutamente contr\u00e1rios ao modelo de Estado e principalmente contra a classe pol\u00edtica, apontada como respons\u00e1vel direta pela crise \u00e9tica. Para esses, a bandeira simboliza o fim de um sonho e o in\u00edcio de outro, marcado por um pa\u00eds onde a justi\u00e7a n\u00e3o se intimide frente aos poderosos. O Brasil da meritocracia, do fim dos privil\u00e9gios, \u00e0 Leste e \u00e0 Oeste.<\/p>\n<p style=\"text-align: justify\">\u00a0\u00a0\u00a0\u00a0\u00a0\u00a0\u00a0 Ocorre que a fronteira artificial, que parece ter sido tra\u00e7ada pelo simples desfilar do pavilh\u00e3o auriverde pela universidade, n\u00e3o faz sentido algum do ponto de vista da na\u00e7\u00e3o, que s\u00f3 pode existir na coes\u00e3o. A divis\u00e3o de um pa\u00eds e de seu povo interessa apenas \u00e0s antigas lideran\u00e7as pol\u00edticas, que perderam a raz\u00e3o dos dois lados do front.<\/p>\n<p style=\"text-align: justify\"><strong>A frase que foi pronunciada:<\/strong><\/p>\n<p style=\"text-align: justify\">\u201cO problema essencial da educa\u00e7\u00e3o \u00e9 dar o exemplo.\u201d<\/p>\n<p style=\"text-align: justify\">Turgot, economista e estadista franc\u00eas<\/p>\n<p style=\"text-align: justify\"><strong>300%<\/strong><\/p>\n<p style=\"text-align: justify\">Presidente do Senado, Eun\u00edcio Oliveira, d\u00e1 a bandeirada para a cria\u00e7\u00e3o de CPI que investigar\u00e1 juros extorsivos dos cart\u00f5es de cr\u00e9dito. O requerimento foi redigido pelo senador Ata\u00eddes Oliveira que quer saber a raz\u00e3o dos cart\u00f5es cobrarem juros sobre juros, o que leva a suspeitas de que seja extors\u00e3o ao consumidor e enriquecimento il\u00edcito. O mais interessante \u00e9 que os bancos n\u00e3o tomam conhecimento do que os cart\u00f5es aprontam.<\/p>\n<figure id=\"attachment_10185\" aria-describedby=\"caption-attachment-10185\" style=\"width: 400px\" class=\"wp-caption aligncenter\"><img loading=\"lazy\" decoding=\"async\" class=\"size-full wp-image-10185\" src=\"https:\/\/blogs.correiobraziliense.com.br\/aricunha\/wp-content\/uploads\/sites\/13\/2018\/03\/cartao-de-credito-e-juros.jpg\" alt=\"Charge: economiaclara.wordpress.com\" width=\"400\" height=\"310\" srcset=\"https:\/\/blogs.correiobraziliense.com.br\/aricunha\/wp-content\/uploads\/sites\/13\/2018\/03\/cartao-de-credito-e-juros.jpg 400w, https:\/\/blogs.correiobraziliense.com.br\/aricunha\/wp-content\/uploads\/sites\/13\/2018\/03\/cartao-de-credito-e-juros-300x233.jpg 300w, https:\/\/blogs.correiobraziliense.com.br\/aricunha\/wp-content\/uploads\/sites\/13\/2018\/03\/cartao-de-credito-e-juros-350x271.jpg 350w, https:\/\/blogs.correiobraziliense.com.br\/aricunha\/wp-content\/uploads\/sites\/13\/2018\/03\/cartao-de-credito-e-juros-230x178.jpg 230w\" sizes=\"auto, (max-width: 400px) 100vw, 400px\" \/><figcaption id=\"caption-attachment-10185\" class=\"wp-caption-text\">Charge: economiaclara.wordpress.com<\/figcaption><\/figure>\n<p style=\"text-align: justify\"><strong>Mais uma<\/strong><\/p>\n<p style=\"text-align: justify\">\u00c9 fato. Se seu cart\u00e3o vence no domingo, dia 18 de mar\u00e7o, o dinheiro sair\u00e1 da sua conta na sexta-feira. Isso pode Arnaldo?<\/p>\n<figure id=\"attachment_10186\" aria-describedby=\"caption-attachment-10186\" style=\"width: 394px\" class=\"wp-caption aligncenter\"><img loading=\"lazy\" decoding=\"async\" class=\" wp-image-10186\" src=\"https:\/\/blogs.correiobraziliense.com.br\/aricunha\/wp-content\/uploads\/sites\/13\/2018\/03\/charge_bancos_BC1.jpg\" alt=\"Charge: bancariosirece.com.br\" width=\"394\" height=\"274\" srcset=\"https:\/\/blogs.correiobraziliense.com.br\/aricunha\/wp-content\/uploads\/sites\/13\/2018\/03\/charge_bancos_BC1.jpg 1000w, https:\/\/blogs.correiobraziliense.com.br\/aricunha\/wp-content\/uploads\/sites\/13\/2018\/03\/charge_bancos_BC1-300x209.jpg 300w, https:\/\/blogs.correiobraziliense.com.br\/aricunha\/wp-content\/uploads\/sites\/13\/2018\/03\/charge_bancos_BC1-768x535.jpg 768w, https:\/\/blogs.correiobraziliense.com.br\/aricunha\/wp-content\/uploads\/sites\/13\/2018\/03\/charge_bancos_BC1-350x244.jpg 350w, https:\/\/blogs.correiobraziliense.com.br\/aricunha\/wp-content\/uploads\/sites\/13\/2018\/03\/charge_bancos_BC1-550x383.jpg 550w, https:\/\/blogs.correiobraziliense.com.br\/aricunha\/wp-content\/uploads\/sites\/13\/2018\/03\/charge_bancos_BC1-230x160.jpg 230w\" sizes=\"auto, (max-width: 394px) 100vw, 394px\" \/><figcaption id=\"caption-attachment-10186\" class=\"wp-caption-text\">Charge: bancariosirece.com.br<\/figcaption><\/figure>\n<p style=\"text-align: justify\"><strong>Regra do jogo<\/strong><\/p>\n<p style=\"text-align: justify\">Ent\u00e3o uma empresa p\u00fablica federal, que det\u00e9m o monop\u00f3lio do servi\u00e7o, resolve entregar correspond\u00eancias em dias alternados. A Caesb, tamb\u00e9m monop\u00f3lio, resolve alternar os dias de distribui\u00e7\u00e3o de \u00e1gua. O que o consumidor quer saber \u00e9 quando v\u00e3o deixar que os contribuintes escolham o dia de pagar os impostos? Equidade j\u00e1!<\/p>\n<p style=\"text-align: justify\"><strong>Nota zero<\/strong><\/p>\n<p style=\"text-align: justify\">Saudades do tempo em que o Col\u00e9gio Objetivo monitorava a \u00e1gua de Bras\u00edlia. Tinha qualidade reconhecida e atestada. Um cidad\u00e3o, que paga R$600 por m\u00eas para a Caesb, postou no WhatsApp a qualidade da \u00e1gua que chega na casa dele. Assistam o v\u00eddeo no Blog do Ari Cunha.<\/p>\n<figure id=\"attachment_10187\" aria-describedby=\"caption-attachment-10187\" style=\"width: 460px\" class=\"wp-caption aligncenter\"><img loading=\"lazy\" decoding=\"async\" class=\"wp-image-10187\" src=\"https:\/\/blogs.correiobraziliense.com.br\/aricunha\/wp-content\/uploads\/sites\/13\/2018\/03\/WhatsApp-Image-2018-03-15-at-15.36.45-1.jpeg\" alt=\"\" width=\"460\" height=\"614\" srcset=\"https:\/\/blogs.correiobraziliense.com.br\/aricunha\/wp-content\/uploads\/sites\/13\/2018\/03\/WhatsApp-Image-2018-03-15-at-15.36.45-1.jpeg 774w, https:\/\/blogs.correiobraziliense.com.br\/aricunha\/wp-content\/uploads\/sites\/13\/2018\/03\/WhatsApp-Image-2018-03-15-at-15.36.45-1-225x300.jpeg 225w, https:\/\/blogs.correiobraziliense.com.br\/aricunha\/wp-content\/uploads\/sites\/13\/2018\/03\/WhatsApp-Image-2018-03-15-at-15.36.45-1-768x1024.jpeg 768w, https:\/\/blogs.correiobraziliense.com.br\/aricunha\/wp-content\/uploads\/sites\/13\/2018\/03\/WhatsApp-Image-2018-03-15-at-15.36.45-1-263x350.jpeg 263w, https:\/\/blogs.correiobraziliense.com.br\/aricunha\/wp-content\/uploads\/sites\/13\/2018\/03\/WhatsApp-Image-2018-03-15-at-15.36.45-1-550x733.jpeg 550w, https:\/\/blogs.correiobraziliense.com.br\/aricunha\/wp-content\/uploads\/sites\/13\/2018\/03\/WhatsApp-Image-2018-03-15-at-15.36.45-1-230x307.jpeg 230w\" sizes=\"auto, (max-width: 460px) 100vw, 460px\" \/><figcaption id=\"caption-attachment-10187\" class=\"wp-caption-text\">Foto: enviada por WhatsApp<\/figcaption><\/figure>\n<p>https:\/\/www.youtube.com\/watch?v=MBz8BZq2hOk<\/p>\n<p style=\"text-align: justify\"><strong>V\u00ea se cola<\/strong><\/p>\n<p style=\"text-align: justify\">Enquanto o governador Rodrigo Rollemberg anuncia milhares de nomea\u00e7\u00f5es, o GDF vai aos poucos passando para os cidad\u00e3os servi\u00e7os que deveriam ser feitos por esses funcion\u00e1rios. Ao denunciar um lixo no terreno vizinho, o cidad\u00e3o \u00e9 quem tem que informar todos os \u00f3rg\u00e3os, registrar a ocorr\u00eancia e cobrar a solu\u00e7\u00e3o. Com tantos funcion\u00e1rios, o GDF deveria cumprir suas obriga\u00e7\u00f5es e atender de forma digna quem paga os impostos.<\/p>\n<p style=\"text-align: justify\"><strong>\u00a0<\/strong><\/p>\n<p style=\"text-align: justify\"><strong>HIST\u00d3RIA DE BRAS\u00cdLIA<\/strong><\/p>\n<p style=\"text-align: justify\">\u00c9 preciso ter respeito pelo que foi feito, pelo que j\u00e1 foi realizado. Ao inv\u00e9s dessas campanhas improdutivas, que desmoralizam o Parlamento, hoje em t\u00e3o boa posi\u00e7\u00e3o diante do povo, o que devia haver era colabora\u00e7\u00e3o e menos interesse pessoal. <strong>(Publicado em 17.10.1961)<\/strong><\/p>\n","protected":false},"excerpt":{"rendered":"<p>ARI CUNHA Visto, lido e ouvido Desde 1960 colunadoaricunha@gmail.com; com Circe Cunha e Mamfil \u201cRecebe o afeto que se encerra em nosso peito juvenil\/ Querido s\u00edmbolo da terra\/ Da amada terra do Brasil\u201d Hino \u00e0 Bandeira \u00a0\u00a0\u00a0\u00a0\u00a0\u00a0\u00a0 Quem circula pela Universidade de Bras\u00edlia j\u00e1 pode ter avistado a figura de um jovem solit\u00e1rio de cabelos longos que todos os dias [&hellip;]<\/p>\n","protected":false},"author":34,"featured_media":10190,"comment_status":"open","ping_status":"open","sticky":false,"template":"","format":"standard","meta":{"footnotes":""},"categories":[23],"tags":[67],"class_list":["post-10181","post","type-post","status-publish","format-standard","has-post-thumbnail","hentry","category-integra","tag-brasilia-historiadebrasilia-aricunha-circecunha-mamfil"],"_links":{"self":[{"href":"https:\/\/blogs.correiobraziliense.com.br\/aricunha\/wp-json\/wp\/v2\/posts\/10181","targetHints":{"allow":["GET"]}}],"collection":[{"href":"https:\/\/blogs.correiobraziliense.com.br\/aricunha\/wp-json\/wp\/v2\/posts"}],"about":[{"href":"https:\/\/blogs.correiobraziliense.com.br\/aricunha\/wp-json\/wp\/v2\/types\/post"}],"author":[{"embeddable":true,"href":"https:\/\/blogs.correiobraziliense.com.br\/aricunha\/wp-json\/wp\/v2\/users\/34"}],"replies":[{"embeddable":true,"href":"https:\/\/blogs.correiobraziliense.com.br\/aricunha\/wp-json\/wp\/v2\/comments?post=10181"}],"version-history":[{"count":6,"href":"https:\/\/blogs.correiobraziliense.com.br\/aricunha\/wp-json\/wp\/v2\/posts\/10181\/revisions"}],"predecessor-version":[{"id":10193,"href":"https:\/\/blogs.correiobraziliense.com.br\/aricunha\/wp-json\/wp\/v2\/posts\/10181\/revisions\/10193"}],"wp:featuredmedia":[{"embeddable":true,"href":"https:\/\/blogs.correiobraziliense.com.br\/aricunha\/wp-json\/wp\/v2\/media\/10190"}],"wp:attachment":[{"href":"https:\/\/blogs.correiobraziliense.com.br\/aricunha\/wp-json\/wp\/v2\/media?parent=10181"}],"wp:term":[{"taxonomy":"category","embeddable":true,"href":"https:\/\/blogs.correiobraziliense.com.br\/aricunha\/wp-json\/wp\/v2\/categories?post=10181"},{"taxonomy":"post_tag","embeddable":true,"href":"https:\/\/blogs.correiobraziliense.com.br\/aricunha\/wp-json\/wp\/v2\/tags?post=10181"}],"curies":[{"name":"wp","href":"https:\/\/api.w.org\/{rel}","templated":true}]}}